{"id":987,"date":"2021-09-03T13:42:35","date_gmt":"2021-09-03T16:42:35","guid":{"rendered":"https:\/\/www.encontrafeiradesantana.com.br\/sobre\/?p=987"},"modified":"2021-09-03T13:42:35","modified_gmt":"2021-09-03T16:42:35","slug":"museu-regional-de-arte-feira-de-santana","status":"publish","type":"post","link":"https:\/\/www.encontrafeiradesantana.com.br\/sobre\/museu-regional-de-arte-feira-de-santana\/","title":{"rendered":"Museu Regional de Arte Feira de Santana"},"content":{"rendered":"<div class=\"3f468104ad11f00a3c9ac948316f4265\" data-index=\"1\" style=\"float: none; margin:0px;\">\n<ins class=\"adsbygoogle\"\r\n     style=\"display:block\"\r\n     data-ad-client=\"ca-pub-8585364105181520\"\r\n     data-ad-slot=\"8789329856\"\r\n     data-ad-format=\"auto\"\r\n     data-full-width-responsive=\"true\"><\/ins>\r\n<script>\r\n     (adsbygoogle = window.adsbygoogle || []).push({});\r\n<\/script>\r\n\n<\/div>\n<p>O <strong>Museu Regional de Arte Feira de Santana<\/strong>, primeira institui\u00e7\u00e3o museol\u00f3gica de Feira de Santana, foi criado em 26 de mar\u00e7o de 1967, e integra, desde 1995, o Centro Universit\u00e1rio de Cultura e Arte (CUCA), da Universidade Estadual de Feira de Santana.<\/p>\n<p>O MRA \u00e9 reconhecidamente um dos museus mais importantes do estado da Bahia por reunir um rico e peculiar acervo de artes visuais, que conta com as cole\u00e7\u00f5es de arte modernista brasileira, de arte Nipo-brasileira, de arte Nainf, da singular cole\u00e7\u00e3o de artistas modernos ingleses, al\u00e9m de trabalhos contempor\u00e2neos de renomados artistas brasileiros, baianos e feirenses.<\/p>\n<p><img loading=\"lazy\" decoding=\"async\" class=\"alignnone wp-image-974 size-full\" title=\"Museu Regional de Arte Feira de Santana\" src=\"https:\/\/www.encontrafeiradesantana.com.br\/sobre\/wp-content\/uploads\/2021\/08\/museus-geral-1.gif\" alt=\"Museu Regional de Arte Feira de Santana\" width=\"680\" height=\"189\" \/><br \/>\nNesse sentido a sua atual designa\u00e7\u00e3o de museu regional n\u00e3o pretende refletir o perfil de uma institui\u00e7\u00e3o de arte exclusivamente da regi\u00e3o, mas sim de um museu voltado para a sua regi\u00e3o, o territ\u00f3rio de identidade Portal do Sert\u00e3o. E como tal, o MRA pretende atuar como espa\u00e7o de natureza museol\u00f3gica e de educa\u00e7\u00e3o informal.<\/p>\n<p>Por sua vincula\u00e7\u00e3o com a UEFS o museu privilegia ainda o desenvolvimento de a\u00e7\u00f5es e atividades de extens\u00e3o e pesquisa, que buscam preservar a mem\u00f3ria e o patrim\u00f4nio sociocultural representados pelo seu acervo, assim como pela rela\u00e7\u00e3o estabelecida com o seu p\u00fablico e sua hist\u00f3ria, atuando com base nos princ\u00edpios da universalidade do acesso, do respeito e da valoriza\u00e7\u00e3o \u00e0 diversidade cultural para promo\u00e7\u00e3o da cidadania.<\/p>\n<h2>Hist\u00f3ria dos Museus<\/h2>\n<p>Apesar da origem cl\u00e1ssica da palavra museu \u2013 do grego mouseion \u2013 a origem dos museus como locais de preserva\u00e7\u00e3o de objetos com finalidade cultural \u00e9 muito mais antiga. Desde tempos remotos o homem se dedica a colecionar objetos, pelos mais diferentes motivos. No Paleol\u00edtico os homens primitivos j\u00e1 reuniam v\u00e1rios tipos de artefatos, como o provam achados em tumbas.<\/p>\n<p>Na Gr\u00e9cia Antiga o museu era um templo das musas, divindades que presidiam a poesia, a m\u00fasica, a orat\u00f3ria, a hist\u00f3ria, a trag\u00e9dia, a com\u00e9dia, a dan\u00e7a e a astronomia. Esses templos, bem como os de outras divindades, recebiam muitas oferendas em objetos preciosos ou ex\u00f3ticos, que podiam ser exibidos ao p\u00fablico mediante o pagamento de uma pequena taxa. Em Atenas se tornou afamada a cole\u00e7\u00e3o de pinturas que era exposta nas escadarias da Acr\u00f3pole no s\u00e9culo V a.C. Os romanos expunham cole\u00e7\u00f5es p\u00fablicas nos f\u00f3runs, jardins p\u00fablicos, templos, teatros e termas, muitas vezes reunidas como botins de guerra. No oriente, onde o culto \u00e0 personalidade de reis e her\u00f3is era forte, objetos hist\u00f3ricos foram coletados com a fun\u00e7\u00e3o de preserva\u00e7\u00e3o da mem\u00f3ria e dos feitos gloriosos desses personagens. Dos museus da Antiguidade, o mais famoso foi o criado em Alexandria por Ptolomeu S\u00f3ter em torno do s\u00e9culo III a.C., que continha est\u00e1tuas de fil\u00f3sofos, objetos astron\u00f4micos e cir\u00fargicos e um parque zoobot\u00e2nico, embora a institui\u00e7\u00e3o fosse primariamente uma academia de filosofia, e mais tarde incorporasse uma enorme cole\u00e7\u00e3o de obras escritas, formando-se a c\u00e9lebre Biblioteca de Alexandria.<\/p>\n<p>Ao longo da Idade M\u00e9dia a no\u00e7\u00e3o de museu quase desapareceu, mas o colecionismo continuou vivo. Por um lado os acervos de preciosidades eram considerados patrim\u00f4nio de reserva a ser convertido em divisas em caso de necessidade, para financiamento de guerras ou outras atividades estatais; outras cole\u00e7\u00f5es se formaram com objetos ligados ao culto crist\u00e3o, acumulando-se em catedrais e mosteiros quantidades de rel\u00edquias de santos, manuscritos iluminados e aparatos lit\u00fargicos em metais e pedras preciosas. No Renascimento, com a recupera\u00e7\u00e3o dos ideais cl\u00e1ssicos e a consolida\u00e7\u00e3o da humanismo, ressurgiu o colecionismo privado atrav\u00e9s de grandes banqueiros e comerciantes, integrantes da burguesia em ascens\u00e3o, que financiavam uma grande produ\u00e7\u00e3o de arte profana e ornamental e se dedicavam \u00e0 procura de rel\u00edquias da Antiguidade.<\/p>\n<h3>Acervo<\/h3>\n<p>A cria\u00e7\u00e3o e manuten\u00e7\u00e3o de um acervo museol\u00f3gico \u00e9 uma tarefa trabalhosa, dispendiosa, complexa e ainda em processo de estudo e aperfei\u00e7oamento. Muitas quest\u00f5es fundamentais ainda est\u00e3o sendo discutidas pelos especialistas, e em muitas delas ainda n\u00e3o se formaram consensos ou regulamenta\u00e7\u00f5es definitivas. Todo esse campo est\u00e1 em r\u00e1pida expans\u00e3o e cont\u00ednua transforma\u00e7\u00e3o. O acervo representa o n\u00facleo vital de todo museu, e em torno do qual giram todas as suas outras atividades. O acervo idealmente \u00e9 gerido por um curador, ou por uma equipe de curadores, que tem a fun\u00e7\u00e3o de manter organizada e em bom estado a cole\u00e7\u00e3o em seus dep\u00f3sitos, define conceitualmente e organiza as exposi\u00e7\u00f5es ao p\u00fablico, e supervisiona as atividades de documenta\u00e7\u00e3o e pesquisa te\u00f3rica sobre a cole\u00e7\u00e3o a fim de produzir novo conhecimento. O curador tamb\u00e9m tem um papel decisivo nos processos de aquisi\u00e7\u00e3o e descarte de pe\u00e7as. O curador \u00e9 o respons\u00e1vel pela gest\u00e3o do acervo segundo o que foi definido no Plano Diretor do museu, que conta com uma se\u00e7\u00e3o especialmente dedicada \u00e0 Pol\u00edtica de Acervo, como est\u00e1 previsto no C\u00f3digo de \u00c9tica para Museus.<\/p>\n<h3>Vagas Museu Regional de Arte Feira de Santana \u2013 Trabalhe Conosco<\/h3>\n<p>Atitude, responsabilidade, resili\u00eancia, criatividade, comprometimento para resultado, e saber trabalhar em equipe s\u00e3o algumas compet\u00eancias necess\u00e1rias para fazer parte do time. Se voc\u00ea tem esse perfil e est\u00e1 em busca de oportunidades em uma empresa l\u00edder de mercado\u00a0<em>envie agora mesmo seu curr\u00edculo<\/em> para o Museu Regional de Arter Feira de Santana.<\/p>\n<h3>Hor\u00e1rio de Funcionamento Museu Regional de Arte Feira de Santana<\/h3>\n<ul>\n<li>Segunda a Sexta das 08h \u00e0s 17h<\/li>\n<\/ul>\n<h3>Onde fica, Endere\u00e7o e Telefone Museu Regional de Arte Feira de Santana<\/h3>\n<ul>\n<li>Rua Conselheiro Franco, 66 &#8211; Centro &#8211; Feira de Santana &#8211; BA<\/li>\n<li>Telefone: (75) 3221-9611<\/li>\n<\/ul>\n<h4>Mapa de localiza\u00e7\u00e3o<\/h4>\n<a class=\"wp-colorbox-iframe\" href=\"https:\/\/www.google.com\/maps\/embed?pb=!1m14!1m8!1m3!1d15595.461766404682!2d-38.9681103!3d-12.2573839!3m2!1i1024!2i768!4f13.1!3m3!1m2!1s0x00x61bc74e291c24b41!2sMuseuRegionaldeArte!5e0!3m2!1spt-BR!2sbr!4v1630687298350!5m2!1spt-BR!2sbr\"><img decoding=\"async\" src=\"http:\/\/www.encontrafeiradesantana.com.br\/imgs\/maps-post.png\"><\/a>\n\n<div style=\"font-size: 0px; height: 0px; line-height: 0px; margin: 0; padding: 0; clear: both;\"><\/div>","protected":false},"excerpt":{"rendered":"<p>O Museu Regional de Arte Feira de Santana, primeira institui\u00e7\u00e3o museol\u00f3gica de Feira de Santana, foi criado em 26 de mar\u00e7o de 1967, e integra, desde 1995, o Centro Universit\u00e1rio de Cultura e Arte (CUCA), da Universidade Estadual de Feira de Santana. O MRA \u00e9 reconhecidamente um dos museus mais importantes do estado da Bahia por reunir um rico e peculiar acervo de artes visuais, que conta com as cole\u00e7\u00f5es de arte modernista brasileira, de arte Nipo-brasileira, de arte Nainf, da singular cole\u00e7\u00e3o de artistas modernos ingleses, al\u00e9m de trabalhos contempor\u00e2neos de renomados artistas brasileiros, baianos e feirenses. Nesse sentido <\/p>\n","protected":false},"author":1,"featured_media":974,"comment_status":"open","ping_status":"closed","sticky":false,"template":"","format":"standard","meta":{"footnotes":""},"categories":[35],"tags":[],"class_list":["post-987","post","type-post","status-publish","format-standard","has-post-thumbnail","hentry","category-museus-feira-de-santana","has_thumb"],"aioseo_notices":[],"_links":{"self":[{"href":"https:\/\/www.encontrafeiradesantana.com.br\/sobre\/wp-json\/wp\/v2\/posts\/987","targetHints":{"allow":["GET"]}}],"collection":[{"href":"https:\/\/www.encontrafeiradesantana.com.br\/sobre\/wp-json\/wp\/v2\/posts"}],"about":[{"href":"https:\/\/www.encontrafeiradesantana.com.br\/sobre\/wp-json\/wp\/v2\/types\/post"}],"author":[{"embeddable":true,"href":"https:\/\/www.encontrafeiradesantana.com.br\/sobre\/wp-json\/wp\/v2\/users\/1"}],"replies":[{"embeddable":true,"href":"https:\/\/www.encontrafeiradesantana.com.br\/sobre\/wp-json\/wp\/v2\/comments?post=987"}],"version-history":[{"count":1,"href":"https:\/\/www.encontrafeiradesantana.com.br\/sobre\/wp-json\/wp\/v2\/posts\/987\/revisions"}],"predecessor-version":[{"id":989,"href":"https:\/\/www.encontrafeiradesantana.com.br\/sobre\/wp-json\/wp\/v2\/posts\/987\/revisions\/989"}],"wp:featuredmedia":[{"embeddable":true,"href":"https:\/\/www.encontrafeiradesantana.com.br\/sobre\/wp-json\/wp\/v2\/media\/974"}],"wp:attachment":[{"href":"https:\/\/www.encontrafeiradesantana.com.br\/sobre\/wp-json\/wp\/v2\/media?parent=987"}],"wp:term":[{"taxonomy":"category","embeddable":true,"href":"https:\/\/www.encontrafeiradesantana.com.br\/sobre\/wp-json\/wp\/v2\/categories?post=987"},{"taxonomy":"post_tag","embeddable":true,"href":"https:\/\/www.encontrafeiradesantana.com.br\/sobre\/wp-json\/wp\/v2\/tags?post=987"}],"curies":[{"name":"wp","href":"https:\/\/api.w.org\/{rel}","templated":true}]}}