{"id":969,"date":"2021-08-31T14:20:19","date_gmt":"2021-08-31T17:20:19","guid":{"rendered":"https:\/\/www.encontrafeiradesantana.com.br\/sobre\/?p=969"},"modified":"2021-08-31T14:21:25","modified_gmt":"2021-08-31T17:21:25","slug":"biblioteca-da-unef-feira-de-santana","status":"publish","type":"post","link":"https:\/\/www.encontrafeiradesantana.com.br\/sobre\/biblioteca-da-unef-feira-de-santana\/","title":{"rendered":"Biblioteca da Unef Feira de Santana"},"content":{"rendered":"<div class=\"3f468104ad11f00a3c9ac948316f4265\" data-index=\"1\" style=\"float: none; margin:0px;\">\n<ins class=\"adsbygoogle\"\r\n     style=\"display:block\"\r\n     data-ad-client=\"ca-pub-8585364105181520\"\r\n     data-ad-slot=\"8789329856\"\r\n     data-ad-format=\"auto\"\r\n     data-full-width-responsive=\"true\"><\/ins>\r\n<script>\r\n     (adsbygoogle = window.adsbygoogle || []).push({});\r\n<\/script>\r\n\n<\/div>\n<p>A <strong>Biblioteca da Unef Feira de Santana<\/strong> desempenha o papel de agente din\u00e2mico da educa\u00e7\u00e3o. Disp\u00f5e de estrutura condizente com os padr\u00f5es do MEC em rela\u00e7\u00e3o ao acervo, pessoal, equipamentos, e tecnologia favorecendo o acesso \u00e0 informa\u00e7\u00e3o.<\/p>\n<p>Atua como instrumento eficaz na din\u00e2mica da informa\u00e7\u00e3o, acompanhando a evolu\u00e7\u00e3o cultural, cient\u00edfica e tecnol\u00f3gica, de modo a prestar servi\u00e7os de qualidade \u00e0 comunidade.<\/p>\n<p><img loading=\"lazy\" decoding=\"async\" class=\"alignnone wp-image-957 size-full\" title=\"Biblioteca da Unef Feira de Santana\" src=\"https:\/\/www.encontrafeiradesantana.com.br\/sobre\/wp-content\/uploads\/2021\/08\/BIBLIOTECAS-OF.gif\" alt=\"Biblioteca da Unef Feira de Santana\" width=\"680\" height=\"189\" \/><\/p>\n<p>A Biblioteca \u00e9 parte essencial da FAESF\/UNEF e tem a finalidade de organizar e disseminar a informa\u00e7\u00e3o, aplicando atividades inerentes ao processo de ensino-aprendizagem bem com a din\u00e2mica e a atualiza\u00e7\u00e3o de informa\u00e7\u00f5es a serem observadas e geradas no desenvolvimento do ensino, da pesquisa de inicia\u00e7\u00e3o cient\u00edfica e da extens\u00e3o.<\/p>\n<p>A Biblioteca da Faculdade tem o seu acervo constitu\u00eddo de monografias (livros), peri\u00f3dicos especializados, nacionais e estrangeiros, obras de refer\u00eancia, materiais audiovisuais, bases de dados, folhetos, teses, disserta\u00e7\u00f5es. Obedece a uma pol\u00edtica de qualifica\u00e7\u00e3o e amplia\u00e7\u00e3o na ordem de 10% a cada semestre, a fim de acompanhar o n\u00edvel de implanta\u00e7\u00e3o do curso, \u00e0 demanda e atualiza\u00e7\u00e3o de literatura.<\/p>\n<p>O edif\u00edcio da Biblioteca abrange, atualmente, uma \u00e1rea f\u00edsica de 2.050m2 em dois pavimentos, com todos os recursos de acessibilidade, com 13 salas de estudos, al\u00e9m da ampla \u00e1rea paras realiza\u00e7\u00e3o de eventos de lan\u00e7amento de produ\u00e7\u00f5es cient\u00edficas, apresentando, assim, uma infraestrutura compat\u00edvel com as exig\u00eancias do Conselho Nacional de Educa\u00e7\u00e3o, Parecer 175\/96. Tem amplia\u00e7\u00e3o de acervo prevista para os pr\u00f3ximos anos a fim de atender \u00e0 implementa\u00e7\u00e3o de novos cursos, incluindo tamb\u00e9m a amplia\u00e7\u00e3o da biblioteca digital.<\/p>\n<h2>Bibliotecas Hoje<\/h2>\n<p><em>Hoje<\/em>\u00a0em dia, as bibliotecas n\u00e3o s\u00e3o somente guardi\u00e3s de livros, por\u00e9m, da mesma forma, de dicion\u00e1rios, enciclop\u00e9dias, monografias, manuais, documentos tridimensionais, almanaques, atlas, jornais, revistas, mapas, cartazes, manuscritos, filmes, discos, CDs, fitas, VHS, DVDs, BDs, ou bancos de dados (arquivos em PDF ou DOC), fotografias, telas e microfilmes. Revistas e jornais s\u00e3o classificados como material peri\u00f3dico, tamb\u00e9m s\u00e3o organizados e armazenados em uma se\u00e7\u00e3o da biblioteca denominada hemeroteca \u2013 espa\u00e7o pr\u00f3prio para este tipo de material informativo.<br \/>\nPor\u00e9m, o velho conceito de \u201cdep\u00f3sito de livros\u201d foi redefinido para \u201cambiente f\u00edsico ou virtual destinado \u00e0 cole\u00e7\u00e3o de informa\u00e7\u00f5es com a finalidade de auxiliar pesquisas e trabalhos escolares ou para praticar o h\u00e1bito de leitura, material este seja impressos em folhas de papel ou ainda digitalizadas e armazenadas em outros tipos de materiais, tais como CD, fitas, VHS, DVD ou bancos de dados (arquivos em PDF ou DOC).<\/p>\n<h3>Biblioteca da Unef Feira de Santana Acervo<\/h3>\n<p>A biblioteca da UNEF disp\u00f5e de um quantitativo 2.081 t\u00edtulos, no <em>acervo<\/em> f\u00edsico, distribu\u00eddos entre os 13.828 exemplares existentes. No ambiente, s\u00e3o 7 terminais para utiliza\u00e7\u00e3o dos alunos com acesso a internet e consulta ao acervo. A base de dados de peri\u00f3dicos, EBSCO, conta com de 5.625 t\u00edtulos multidisciplinares. A biblioteca virtual PEARSON possui 5.962 t\u00edtulos em formato PDF e Epub distribu\u00eddos em todas as \u00e1reas do conhecimento.<\/p>\n<h3>Vagas Biblioteca\u00a0da Unef\u00a0Feira de Santana \u2013 Trabalhe Conosco<\/h3>\n<p>Atitude, responsabilidade, resili\u00eancia, criatividade, comprometimento para resultado, e saber trabalhar em equipe s\u00e3o algumas compet\u00eancias necess\u00e1rias para fazer parte do time. Se voc\u00ea tem esse perfil e est\u00e1 em busca de oportunidades em uma empresa l\u00edder de mercado\u00a0<em>envie agora mesmo seu curr\u00edculo<\/em> para a Biblioteca da Unef Feira de Santana.<\/p>\n<h3>Hor\u00e1rio de Funcionamento Biblioteca da Unef Feira de Santana<\/h3>\n<ul>\n<li>Segunda a Sexta das 8h \u00e0s 18h<\/li>\n<\/ul>\n<h3>Onde fica, Endere\u00e7o e Telefone Biblioteca da Unef Feira de Santana<\/h3>\n<ul>\n<li>R. Exelcior, 30 &#8211; 35\u00ba BI &#8211; Feira de Santana &#8211; BA<\/li>\n<li>Telefone: (75) 2102-9500<\/li>\n<\/ul>\n<h4>Mapa de localiza\u00e7\u00e3o<\/h4>\n<a class=\"wp-colorbox-iframe\" href=\"https:\/\/www.google.com\/maps\/embed?pb=!1m14!1m8!1m3!1d15594.331324076711!2d-38.934138!3d-12.2764854!3m2!1i1024!2i768!4f13.1!3m3!1m2!1s0x00xe72c8bf09c242f42!2sBibliotecaUNEF!5e0!3m2!1spt-BR!2sbr!4v1630430325074!5m2!1spt-BR!2sbr\"><img decoding=\"async\" src=\"http:\/\/www.encontrafeiradesantana.com.br\/imgs\/maps-post.png\"><\/a>\n\n<div style=\"font-size: 0px; height: 0px; line-height: 0px; margin: 0; padding: 0; clear: both;\"><\/div>","protected":false},"excerpt":{"rendered":"<p>A Biblioteca da Unef Feira de Santana desempenha o papel de agente din\u00e2mico da educa\u00e7\u00e3o. Disp\u00f5e de estrutura condizente com os padr\u00f5es do MEC em rela\u00e7\u00e3o ao acervo, pessoal, equipamentos, e tecnologia favorecendo o acesso \u00e0 informa\u00e7\u00e3o. Atua como instrumento eficaz na din\u00e2mica da informa\u00e7\u00e3o, acompanhando a evolu\u00e7\u00e3o cultural, cient\u00edfica e tecnol\u00f3gica, de modo a prestar servi\u00e7os de qualidade \u00e0 comunidade. A Biblioteca \u00e9 parte essencial da FAESF\/UNEF e tem a finalidade de organizar e disseminar a informa\u00e7\u00e3o, aplicando atividades inerentes ao processo de ensino-aprendizagem bem com a din\u00e2mica e a atualiza\u00e7\u00e3o de informa\u00e7\u00f5es a serem observadas e geradas no <\/p>\n","protected":false},"author":1,"featured_media":957,"comment_status":"open","ping_status":"closed","sticky":false,"template":"","format":"standard","meta":{"footnotes":""},"categories":[34],"tags":[],"class_list":["post-969","post","type-post","status-publish","format-standard","has-post-thumbnail","hentry","category-bibliotecas-em-feira-de-santana","has_thumb"],"aioseo_notices":[],"_links":{"self":[{"href":"https:\/\/www.encontrafeiradesantana.com.br\/sobre\/wp-json\/wp\/v2\/posts\/969","targetHints":{"allow":["GET"]}}],"collection":[{"href":"https:\/\/www.encontrafeiradesantana.com.br\/sobre\/wp-json\/wp\/v2\/posts"}],"about":[{"href":"https:\/\/www.encontrafeiradesantana.com.br\/sobre\/wp-json\/wp\/v2\/types\/post"}],"author":[{"embeddable":true,"href":"https:\/\/www.encontrafeiradesantana.com.br\/sobre\/wp-json\/wp\/v2\/users\/1"}],"replies":[{"embeddable":true,"href":"https:\/\/www.encontrafeiradesantana.com.br\/sobre\/wp-json\/wp\/v2\/comments?post=969"}],"version-history":[{"count":2,"href":"https:\/\/www.encontrafeiradesantana.com.br\/sobre\/wp-json\/wp\/v2\/posts\/969\/revisions"}],"predecessor-version":[{"id":972,"href":"https:\/\/www.encontrafeiradesantana.com.br\/sobre\/wp-json\/wp\/v2\/posts\/969\/revisions\/972"}],"wp:featuredmedia":[{"embeddable":true,"href":"https:\/\/www.encontrafeiradesantana.com.br\/sobre\/wp-json\/wp\/v2\/media\/957"}],"wp:attachment":[{"href":"https:\/\/www.encontrafeiradesantana.com.br\/sobre\/wp-json\/wp\/v2\/media?parent=969"}],"wp:term":[{"taxonomy":"category","embeddable":true,"href":"https:\/\/www.encontrafeiradesantana.com.br\/sobre\/wp-json\/wp\/v2\/categories?post=969"},{"taxonomy":"post_tag","embeddable":true,"href":"https:\/\/www.encontrafeiradesantana.com.br\/sobre\/wp-json\/wp\/v2\/tags?post=969"}],"curies":[{"name":"wp","href":"https:\/\/api.w.org\/{rel}","templated":true}]}}