{"id":964,"date":"2021-08-31T13:54:54","date_gmt":"2021-08-31T16:54:54","guid":{"rendered":"https:\/\/www.encontrafeiradesantana.com.br\/sobre\/?p=964"},"modified":"2021-08-31T13:54:54","modified_gmt":"2021-08-31T16:54:54","slug":"biblioteca-setorial-pierre-klose-feira-de-santana","status":"publish","type":"post","link":"https:\/\/www.encontrafeiradesantana.com.br\/sobre\/biblioteca-setorial-pierre-klose-feira-de-santana\/","title":{"rendered":"Biblioteca Setorial Pierre Klose Feira de Santana"},"content":{"rendered":"<div class=\"3f468104ad11f00a3c9ac948316f4265\" data-index=\"1\" style=\"float: none; margin:0px;\">\n<ins class=\"adsbygoogle\"\r\n     style=\"display:block\"\r\n     data-ad-client=\"ca-pub-8585364105181520\"\r\n     data-ad-slot=\"8789329856\"\r\n     data-ad-format=\"auto\"\r\n     data-full-width-responsive=\"true\"><\/ins>\r\n<script>\r\n     (adsbygoogle = window.adsbygoogle || []).push({});\r\n<\/script>\r\n\n<\/div>\n<p>A implanta\u00e7\u00e3o da <strong>Biblioteca Setorial Pierre Klose Feira de Santana<\/strong> &#8211; BSPK foi de fundamental import\u00e2ncia, pois trata-se de uma biblioteca especializada em arte e cultura, aberta aos artistas e \u00e0s comunidades acad\u00eamica e local.<\/p>\n<p>A BSPK pertence ao Sistema Integrado de Bibliotecas da UEFS &#8211; SISBI-UEFS e oferece suporte informacional aos alunos e professores do curso de gradua\u00e7\u00e3o em M\u00fasica.\u00a0O acervo da Biblioteca Setorial Ernesto Sim\u00f5es Filho &#8211; BSES, ligado ao Museu Regional de Arte, est\u00e1 alocado na BSPK.<\/p>\n<p><img loading=\"lazy\" decoding=\"async\" class=\"alignnone wp-image-957 size-full\" title=\"Biblioteca Setorial Pierre Klose Feira de Santana\" src=\"https:\/\/www.encontrafeiradesantana.com.br\/sobre\/wp-content\/uploads\/2021\/08\/BIBLIOTECAS-OF.gif\" alt=\"Biblioteca Setorial Pierre Klose Feira de Santana\" width=\"680\" height=\"189\" \/><\/p>\n<h2>Bibliotecas Hoje<\/h2>\n<p><em>Hoje<\/em>\u00a0em dia, as bibliotecas n\u00e3o s\u00e3o somente guardi\u00e3s de livros, por\u00e9m, da mesma forma, de dicion\u00e1rios, enciclop\u00e9dias, monografias, manuais, documentos tridimensionais, almanaques, atlas, jornais, revistas, mapas, cartazes, manuscritos, filmes, discos, CDs, fitas, VHS, DVDs, BDs, ou bancos de dados (arquivos em PDF ou DOC), fotografias, telas e microfilmes. Revistas e jornais s\u00e3o classificados como material peri\u00f3dico, tamb\u00e9m s\u00e3o organizados e armazenados em uma se\u00e7\u00e3o da biblioteca denominada hemeroteca \u2013 espa\u00e7o pr\u00f3prio para este tipo de material informativo.<br \/>\nPor\u00e9m, o velho conceito de \u201cdep\u00f3sito de livros\u201d foi redefinido para \u201cambiente f\u00edsico ou virtual destinado \u00e0 cole\u00e7\u00e3o de informa\u00e7\u00f5es com a finalidade de auxiliar pesquisas e trabalhos escolares ou para praticar o h\u00e1bito de leitura, material este seja impressos em folhas de papel ou ainda digitalizadas e armazenadas em outros tipos de materiais, tais como CD, fitas, VHS, DVD ou bancos de dados (arquivos em PDF ou DOC).<\/p>\n<h3>Vagas Biblioteca Setorial Pierre Klose Feira de Santana \u2013 Trabalhe Conosco<\/h3>\n<p>Atitude, responsabilidade, resili\u00eancia, criatividade, comprometimento para resultado, e saber trabalhar em equipe s\u00e3o algumas compet\u00eancias necess\u00e1rias para fazer parte do time. Se voc\u00ea tem esse perfil e est\u00e1 em busca de oportunidades em uma empresa l\u00edder de mercado\u00a0<em>envie agora mesmo seu curr\u00edculo<\/em> para a Biblioteca Setorial Pierre Klose Feira de Santana.<\/p>\n<h3>Hor\u00e1rio de Funcionamento Biblioteca Setorial Pierre Klose Feira de Santana<\/h3>\n<ul>\n<li>Segunda a Sexta das 7h30 \u00e0s 22h45 \/ s\u00e1bado das 8h \u00e0s 11h45<\/li>\n<\/ul>\n<h3>Onde fica, Endere\u00e7o e Telefone Biblioteca Setorial Pierre Klose Feira de Santana<\/h3>\n<ul>\n<li>Rua Conselheiro Franco &#8211; Centro &#8211; Feira de Santana &#8211; BA<\/li>\n<li>Telefone: (75) 3161-3004<\/li>\n<\/ul>\n<h4>Mapa de localiza\u00e7\u00e3o<\/h4>\n<a class=\"wp-colorbox-iframe\" href=\"https:\/\/www.google.com\/maps\/embed?pb=!1m14!1m8!1m3!1d15595.75798126562!2d-38.9667635!3d-12.2523738!3m2!1i1024!2i768!4f13.1!3m3!1m2!1s0x00xc271947693ea121f!2sBibliotecaSetorialPierreKlose!5e0!3m2!1spt-BR!2sbr!4v1630428868365!5m2!1spt-BR!2sbr\"><img decoding=\"async\" src=\"http:\/\/www.encontrafeiradesantana.com.br\/imgs\/maps-post.png\"><\/a>\n\n<div style=\"font-size: 0px; height: 0px; line-height: 0px; margin: 0; padding: 0; clear: both;\"><\/div>","protected":false},"excerpt":{"rendered":"<p>A implanta\u00e7\u00e3o da Biblioteca Setorial Pierre Klose Feira de Santana &#8211; BSPK foi de fundamental import\u00e2ncia, pois trata-se de uma biblioteca especializada em arte e cultura, aberta aos artistas e \u00e0s comunidades acad\u00eamica e local. A BSPK pertence ao Sistema Integrado de Bibliotecas da UEFS &#8211; SISBI-UEFS e oferece suporte informacional aos alunos e professores do curso de gradua\u00e7\u00e3o em M\u00fasica.\u00a0O acervo da Biblioteca Setorial Ernesto Sim\u00f5es Filho &#8211; BSES, ligado ao Museu Regional de Arte, est\u00e1 alocado na BSPK. Bibliotecas Hoje Hoje\u00a0em dia, as bibliotecas n\u00e3o s\u00e3o somente guardi\u00e3s de livros, por\u00e9m, da mesma forma, de dicion\u00e1rios, enciclop\u00e9dias, monografias, <\/p>\n","protected":false},"author":1,"featured_media":957,"comment_status":"open","ping_status":"closed","sticky":false,"template":"","format":"standard","meta":{"footnotes":""},"categories":[34],"tags":[],"class_list":["post-964","post","type-post","status-publish","format-standard","has-post-thumbnail","hentry","category-bibliotecas-em-feira-de-santana","has_thumb"],"aioseo_notices":[],"_links":{"self":[{"href":"https:\/\/www.encontrafeiradesantana.com.br\/sobre\/wp-json\/wp\/v2\/posts\/964","targetHints":{"allow":["GET"]}}],"collection":[{"href":"https:\/\/www.encontrafeiradesantana.com.br\/sobre\/wp-json\/wp\/v2\/posts"}],"about":[{"href":"https:\/\/www.encontrafeiradesantana.com.br\/sobre\/wp-json\/wp\/v2\/types\/post"}],"author":[{"embeddable":true,"href":"https:\/\/www.encontrafeiradesantana.com.br\/sobre\/wp-json\/wp\/v2\/users\/1"}],"replies":[{"embeddable":true,"href":"https:\/\/www.encontrafeiradesantana.com.br\/sobre\/wp-json\/wp\/v2\/comments?post=964"}],"version-history":[{"count":1,"href":"https:\/\/www.encontrafeiradesantana.com.br\/sobre\/wp-json\/wp\/v2\/posts\/964\/revisions"}],"predecessor-version":[{"id":965,"href":"https:\/\/www.encontrafeiradesantana.com.br\/sobre\/wp-json\/wp\/v2\/posts\/964\/revisions\/965"}],"wp:featuredmedia":[{"embeddable":true,"href":"https:\/\/www.encontrafeiradesantana.com.br\/sobre\/wp-json\/wp\/v2\/media\/957"}],"wp:attachment":[{"href":"https:\/\/www.encontrafeiradesantana.com.br\/sobre\/wp-json\/wp\/v2\/media?parent=964"}],"wp:term":[{"taxonomy":"category","embeddable":true,"href":"https:\/\/www.encontrafeiradesantana.com.br\/sobre\/wp-json\/wp\/v2\/categories?post=964"},{"taxonomy":"post_tag","embeddable":true,"href":"https:\/\/www.encontrafeiradesantana.com.br\/sobre\/wp-json\/wp\/v2\/tags?post=964"}],"curies":[{"name":"wp","href":"https:\/\/api.w.org\/{rel}","templated":true}]}}