{"id":959,"date":"2021-08-31T13:42:37","date_gmt":"2021-08-31T16:42:37","guid":{"rendered":"https:\/\/www.encontrafeiradesantana.com.br\/sobre\/?p=959"},"modified":"2021-08-31T13:42:37","modified_gmt":"2021-08-31T16:42:37","slug":"biblioteca-publica-municipal-arnold-silva-feira-de-santana","status":"publish","type":"post","link":"https:\/\/www.encontrafeiradesantana.com.br\/sobre\/biblioteca-publica-municipal-arnold-silva-feira-de-santana\/","title":{"rendered":"Biblioteca P\u00fablica Municipal Arnold Silva Feira de Santana"},"content":{"rendered":"<div class=\"3f468104ad11f00a3c9ac948316f4265\" data-index=\"1\" style=\"float: none; margin:0px;\">\n<ins class=\"adsbygoogle\"\r\n     style=\"display:block\"\r\n     data-ad-client=\"ca-pub-8585364105181520\"\r\n     data-ad-slot=\"8789329856\"\r\n     data-ad-format=\"auto\"\r\n     data-full-width-responsive=\"true\"><\/ins>\r\n<script>\r\n     (adsbygoogle = window.adsbygoogle || []).push({});\r\n<\/script>\r\n\n<\/div>\n<p>A primeira Biblioteca Municipal de Feira de Santana foi fundada no dia 16 de janeiro de 1890. Funcionava num casar\u00e3o situado na atual Pra\u00e7a Jo\u00e3o Pedreira. D\u00e9cadas depois foi deslocada para um espa\u00e7o mais amplo na Rua Geminiano Costa, tamb\u00e9m no centro da cidade.<\/p>\n<p>Atrav\u00e9s da Resolu\u00e7\u00e3o da C\u00e2mara Municipal de Feira de Santana, publicada em 4 de dezembro de 1961, foi denominada a <strong>Biblioteca P\u00fablica Municipal Arnold Silva Feira de Santana<\/strong>, situada \u00e0 rua Geminiano Costa. O documento foi assinado na \u00e9poca pelo ent\u00e3o presidente em exerc\u00edcio da Casa da Cidadania, Alberto Oliveira. O equipamento foi inaugurado em 26 de abril de 1966 pelo ent\u00e3o prefeito Joselito Falc\u00e3o Amorim.<\/p>\n<p><img loading=\"lazy\" decoding=\"async\" class=\"alignnone wp-image-957 size-full\" title=\"Biblioteca P\u00fablica Municipal Arnold Silva Feira de Santana\" src=\"https:\/\/www.encontrafeiradesantana.com.br\/sobre\/wp-content\/uploads\/2021\/08\/BIBLIOTECAS-OF.gif\" alt=\"Biblioteca P\u00fablica Municipal Arnold Silva Feira de Santana\" width=\"680\" height=\"189\" \/><\/p>\n<p>Atualmente \u00e9 a maior biblioteca escolar municipal do estado e conta com um acervo de mais de 15 mil livros. \u00c9 aberta ao p\u00fablico com uma carga-hor\u00e1ria de 72 horas semanais, supera a m\u00e9dia nacional de funcionamento, que \u00e9 de 58h20min semanais, segundo pesquisa realizada pela Divis\u00e3o Municipal de Bibliotecas. O equipamento feirense registra cerca de 200 visitas di\u00e1rias.<\/p>\n<h2>Bibliotecas Hoje<\/h2>\n<p><em>Hoje<\/em>\u00a0em dia, as bibliotecas n\u00e3o s\u00e3o somente guardi\u00e3s de livros, por\u00e9m, da mesma forma, de dicion\u00e1rios, enciclop\u00e9dias, monografias, manuais, documentos tridimensionais, almanaques, atlas, jornais, revistas, mapas, cartazes, manuscritos, filmes, discos, CDs, fitas, VHS, DVDs, BDs, ou bancos de dados (arquivos em PDF ou DOC), fotografias, telas e microfilmes. Revistas e jornais s\u00e3o classificados como material peri\u00f3dico, tamb\u00e9m s\u00e3o organizados e armazenados em uma se\u00e7\u00e3o da biblioteca denominada hemeroteca \u2013 espa\u00e7o pr\u00f3prio para este tipo de material informativo.<br \/>\nPor\u00e9m, o velho conceito de \u201cdep\u00f3sito de livros\u201d foi redefinido para \u201cambiente f\u00edsico ou virtual destinado \u00e0 cole\u00e7\u00e3o de informa\u00e7\u00f5es com a finalidade de auxiliar pesquisas e trabalhos escolares ou para praticar o h\u00e1bito de leitura, material este seja impressos em folhas de papel ou ainda digitalizadas e armazenadas em outros tipos de materiais, tais como CD, fitas, VHS, DVD ou bancos de dados (arquivos em PDF ou DOC).<\/p>\n<h3>Vagas Biblioteca P\u00fablica Municipal Arnold Silva Feira de Santana \u2013 Trabalhe Conosco<\/h3>\n<p>Atitude, responsabilidade, resili\u00eancia, criatividade, comprometimento para resultado, e saber trabalhar em equipe s\u00e3o algumas compet\u00eancias necess\u00e1rias para fazer parte do time. Se voc\u00ea tem esse perfil e est\u00e1 em busca de oportunidades em uma empresa l\u00edder de mercado\u00a0<em>envie agora mesmo seu curr\u00edculo<\/em> para a Biblioteca P\u00fablica Municipal Arnold Silva Feira de Santana.<\/p>\n<h3>Hor\u00e1rio de Funcionamento Biblioteca P\u00fablica Municipal Arnold Silva Feira de Santana<\/h3>\n<ul>\n<li>Segunda a Sexta das 08h \u00e0s 20h \/ S\u00e1bado das 08h \u00e0s 17h<\/li>\n<\/ul>\n<h3>Onde fica, Endere\u00e7o e Telefone Biblioteca P\u00fablica Municipal Arnold Silva Feira de Santana<\/h3>\n<ul>\n<li>Rua Prof. Germiniano Costa, 153 &#8211; Feira de Santana &#8211; BA<\/li>\n<li>Telefone: (75) 3602-8635<\/li>\n<\/ul>\n<h4>Mapa de localiza\u00e7\u00e3o<\/h4>\n<a class=\"wp-colorbox-iframe\" href=\"https:\/\/www.google.com\/maps\/embed?pb=!1m18!1m12!1m3!1d3898.9641847195376!2d-38.96414438518549!3d-12.250702991331698!2m3!1f0!2f0!3f0!3m2!1i1024!2i768!4f13.1!3m3!1m2!1s0x714378c258c1bf70xfa63c32fa297893b!2sR.Prof.GeminianoCosta153-CentroFeiradeSantana-BA44001-120!5e0!3m2!1spt-BR!2sbr!4v1630428104500!5m2!1spt-BR!2sbr\"><img decoding=\"async\" src=\"http:\/\/www.encontrafeiradesantana.com.br\/imgs\/maps-post.png\"><\/a>\n\n<div style=\"font-size: 0px; height: 0px; line-height: 0px; margin: 0; padding: 0; clear: both;\"><\/div>","protected":false},"excerpt":{"rendered":"<p>A primeira Biblioteca Municipal de Feira de Santana foi fundada no dia 16 de janeiro de 1890. Funcionava num casar\u00e3o situado na atual Pra\u00e7a Jo\u00e3o Pedreira. D\u00e9cadas depois foi deslocada para um espa\u00e7o mais amplo na Rua Geminiano Costa, tamb\u00e9m no centro da cidade. Atrav\u00e9s da Resolu\u00e7\u00e3o da C\u00e2mara Municipal de Feira de Santana, publicada em 4 de dezembro de 1961, foi denominada a Biblioteca P\u00fablica Municipal Arnold Silva Feira de Santana, situada \u00e0 rua Geminiano Costa. O documento foi assinado na \u00e9poca pelo ent\u00e3o presidente em exerc\u00edcio da Casa da Cidadania, Alberto Oliveira. O equipamento foi inaugurado em 26 <\/p>\n","protected":false},"author":1,"featured_media":0,"comment_status":"open","ping_status":"closed","sticky":false,"template":"","format":"standard","meta":{"footnotes":""},"categories":[34],"tags":[],"class_list":["post-959","post","type-post","status-publish","format-standard","hentry","category-bibliotecas-em-feira-de-santana"],"aioseo_notices":[],"_links":{"self":[{"href":"https:\/\/www.encontrafeiradesantana.com.br\/sobre\/wp-json\/wp\/v2\/posts\/959","targetHints":{"allow":["GET"]}}],"collection":[{"href":"https:\/\/www.encontrafeiradesantana.com.br\/sobre\/wp-json\/wp\/v2\/posts"}],"about":[{"href":"https:\/\/www.encontrafeiradesantana.com.br\/sobre\/wp-json\/wp\/v2\/types\/post"}],"author":[{"embeddable":true,"href":"https:\/\/www.encontrafeiradesantana.com.br\/sobre\/wp-json\/wp\/v2\/users\/1"}],"replies":[{"embeddable":true,"href":"https:\/\/www.encontrafeiradesantana.com.br\/sobre\/wp-json\/wp\/v2\/comments?post=959"}],"version-history":[{"count":1,"href":"https:\/\/www.encontrafeiradesantana.com.br\/sobre\/wp-json\/wp\/v2\/posts\/959\/revisions"}],"predecessor-version":[{"id":960,"href":"https:\/\/www.encontrafeiradesantana.com.br\/sobre\/wp-json\/wp\/v2\/posts\/959\/revisions\/960"}],"wp:attachment":[{"href":"https:\/\/www.encontrafeiradesantana.com.br\/sobre\/wp-json\/wp\/v2\/media?parent=959"}],"wp:term":[{"taxonomy":"category","embeddable":true,"href":"https:\/\/www.encontrafeiradesantana.com.br\/sobre\/wp-json\/wp\/v2\/categories?post=959"},{"taxonomy":"post_tag","embeddable":true,"href":"https:\/\/www.encontrafeiradesantana.com.br\/sobre\/wp-json\/wp\/v2\/tags?post=959"}],"curies":[{"name":"wp","href":"https:\/\/api.w.org\/{rel}","templated":true}]}}