{"id":912,"date":"2021-08-30T05:06:56","date_gmt":"2021-08-30T08:06:56","guid":{"rendered":"https:\/\/www.encontrafeiradesantana.com.br\/sobre\/?p=912"},"modified":"2021-08-30T05:06:56","modified_gmt":"2021-08-30T08:06:56","slug":"uniao-medica-feira-de-santana","status":"publish","type":"post","link":"https:\/\/www.encontrafeiradesantana.com.br\/sobre\/uniao-medica-feira-de-santana\/","title":{"rendered":"Uni\u00e3o M\u00e9dica Feira de Santana"},"content":{"rendered":"<div class=\"3f468104ad11f00a3c9ac948316f4265\" data-index=\"1\" style=\"float: none; margin:0px;\">\n<ins class=\"adsbygoogle\"\r\n     style=\"display:block\"\r\n     data-ad-client=\"ca-pub-8585364105181520\"\r\n     data-ad-slot=\"8789329856\"\r\n     data-ad-format=\"auto\"\r\n     data-full-width-responsive=\"true\"><\/ins>\r\n<script>\r\n     (adsbygoogle = window.adsbygoogle || []).push({});\r\n<\/script>\r\n\n<\/div>\n<p>A hist\u00f3ria da <strong>Uni\u00e3o M\u00e9dica Feira de Santana<\/strong> \u00e9 feita por pessoas, para pessoas. Foi fundada em agosto de 2001 por m\u00e9dicos com mais de 20 anos de atua\u00e7\u00e3o na regi\u00e3o de Feira de Santana.<\/p>\n<p>Nascida com o objetivo de oferecer plano de sa\u00fade de qualidade para a popula\u00e7\u00e3o, a Uni\u00e3o M\u00e9dica est\u00e1 registrada na Ag\u00eancia Nacional de Sa\u00fade Suplementar (ANS) n. 41.458-1, contando com ampla rede assistencial, com um grande n\u00famero de credenciados, cl\u00ednicas e laborat\u00f3rios pr\u00f3prios promovendo um atendimento diferenciado. Hoje possui registro definitivo junto \u00e0 ANS.<\/p>\n<p><img loading=\"lazy\" decoding=\"async\" class=\"alignnone wp-image-771 size-full\" title=\"Uni\u00e3o M\u00e9dica Feira de Santana\" src=\"https:\/\/www.encontrafeiradesantana.com.br\/sobre\/wp-content\/uploads\/2021\/07\/UBS-ARACAJU.gif\" alt=\"Uni\u00e3o M\u00e9dica Feira de Santana\" width=\"680\" height=\"189\" \/><\/p>\n<h2>Uni\u00e3o M\u00e9dica Feira de Santana Boleto<\/h2>\n<p>Voc\u00ea poder\u00e1 acessar a 2\u00aa via do seu boleto de forma simples, e pr\u00e1tica, clique em<a href=\"https:\/\/www.uniaomedica.com.br\/2a-via-do-boleto\/\"> segunda via do boleto<\/a> e esse procedimento ir\u00e1 agilizar a impress\u00e3o do seu boleto com muita rapidez e seguran\u00e7a.Qualquer problema com boletos vencidos entrar em contato com a operadora pelos telefones (75) 3023-5005 ou (75) 3603-2281.<\/p>\n<h3>Uni\u00e3o M\u00e9dica Feira de Santana Agendamento<\/h3>\n<p>Voc\u00ea pode fazer o<em> agendamento da sua consulta<\/em> atrav\u00e9s do telefone abaixo.<\/p>\n<h3>Uni\u00e3o M\u00e9dica Feira de Santana Planos<\/h3>\n<p>Ter acesso \u00e0 assist\u00eancia \u00e0 sa\u00fade sempre que precisar \u00e9 fundamental quando se pensa em qualidade de vida. Por isso, ter um plano de sa\u00fade \u00e9 algo essencial nos dias de hoje. Se voc\u00ea se preocupa com a sua sa\u00fade e da sua fam\u00edlia, voc\u00ea est\u00e1 no lugar certo, a Uni\u00e3o M\u00e9dica \u00e9 o melhor<em> plano<\/em> de sa\u00fade para voc\u00ea e sua fam\u00edlia porque tem:<\/p>\n<ul>\n<li>As melhores parcerias em Feira de Santana e regi\u00e3o<\/li>\n<li>A melhor equipe de m\u00e9dicos do interior da Bahia<\/li>\n<li>A melhor rede integrada de atendimentos<\/li>\n<li>Os melhores pre\u00e7os do mercado<\/li>\n<\/ul>\n<h3>Vagas Uni\u00e3o M\u00e9dica Feira de Santana &#8211; Trabalhe Conosco<\/h3>\n<p>A Uni\u00e3o M\u00e9dica Feira de Santana disponibiliza<em> vagas de trabalho<\/em> durante todo ano. Para se informar sobre os processos seletivos e se candidatar as vagas acompanhe o site da empresa, onde \u00e9 poss\u00edvel se informar sobre vagas abertas, sal\u00e1rios e compet\u00eancias necess\u00e1rias para se candidatar ao processo.<\/p>\n<h3>Hor\u00e1rio de Funcionamento Uni\u00e3o M\u00e9dica em Feira de Santana<\/h3>\n<ul>\n<li><strong>Centro: <\/strong>Segunda a Sexta das 08h \u00e0s 18h<\/li>\n<li><strong>Kaililandia: <\/strong>Segunda a Sexta das 07h \u00e0s 18h<\/li>\n<li><strong>Ponto Central:<\/strong> Segunda a Sexta das 09h \u00e0s 17h \/ S\u00e1bado e Domingo 24 horas<\/li>\n<\/ul>\n<h3>Endere\u00e7o e Telefone Uni\u00e3o M\u00e9dica em Feira de Santana<\/h3>\n<ul>\n<li><strong>Centro:<\/strong> Rua Botic\u00e1rio Moncorvo, 753 &#8211; Telefone: (75) 3322-5757<\/li>\n<li><strong>Kaililandia:<\/strong> Pra\u00e7a Tertuliano Almeira, 05 &#8211; Telefone: (75) 3603-2250<\/li>\n<li><strong>Ponto Central:<\/strong> Rua Domingos Barbosa de Araujo, 940 &#8211; Telefone: (75) 3023-5005<\/li>\n<\/ul>\n<h4>Outras informa\u00e7\u00f5es e site<\/h4>\n<ul>\n<li>Mais informa\u00e7\u00f5es:\u00a0<a href=\"https:\/\/www.uniaomedica.com.br\/\" target=\"_blank\" rel=\"noopener\">www.uniaomedica.com.br<\/a><\/li>\n<\/ul>\n<h4>Mapa de localiza\u00e7\u00e3o Centro<\/h4>\n<a class=\"wp-colorbox-iframe\" href=\"https:\/\/www.google.com\/maps\/embed?pb=!1m18!1m12!1m3!1d3898.9205846579716!2d-38.95890578518536!3d-12.25365339132972!2m3!1f0!2f0!3f0!3m2!1i1024!2i768!4f13.1!3m3!1m2!1s0x714378ff3f95a6b0x7c2954c28d742057!2sR.BoticrioMoncorvo753-CentroFeiradeSantana-BA44001-304!5e0!3m2!1spt-BR!2sbr!4v1630310719646!5m2!1spt-BR!2sbr\"><img decoding=\"async\" src=\"http:\/\/www.encontrafeiradesantana.com.br\/imgs\/maps-post.png\"><\/a>\n\n<div style=\"font-size: 0px; height: 0px; line-height: 0px; margin: 0; padding: 0; clear: both;\"><\/div>","protected":false},"excerpt":{"rendered":"<p>A hist\u00f3ria da Uni\u00e3o M\u00e9dica Feira de Santana \u00e9 feita por pessoas, para pessoas. Foi fundada em agosto de 2001 por m\u00e9dicos com mais de 20 anos de atua\u00e7\u00e3o na regi\u00e3o de Feira de Santana. Nascida com o objetivo de oferecer plano de sa\u00fade de qualidade para a popula\u00e7\u00e3o, a Uni\u00e3o M\u00e9dica est\u00e1 registrada na Ag\u00eancia Nacional de Sa\u00fade Suplementar (ANS) n. 41.458-1, contando com ampla rede assistencial, com um grande n\u00famero de credenciados, cl\u00ednicas e laborat\u00f3rios pr\u00f3prios promovendo um atendimento diferenciado. Hoje possui registro definitivo junto \u00e0 ANS. Uni\u00e3o M\u00e9dica Feira de Santana Boleto Voc\u00ea poder\u00e1 acessar a 2\u00aa <\/p>\n","protected":false},"author":1,"featured_media":771,"comment_status":"open","ping_status":"closed","sticky":false,"template":"","format":"standard","meta":{"footnotes":""},"categories":[31],"tags":[],"class_list":["post-912","post","type-post","status-publish","format-standard","has-post-thumbnail","hentry","category-saude-em-feira-de-santana","has_thumb"],"aioseo_notices":[],"_links":{"self":[{"href":"https:\/\/www.encontrafeiradesantana.com.br\/sobre\/wp-json\/wp\/v2\/posts\/912","targetHints":{"allow":["GET"]}}],"collection":[{"href":"https:\/\/www.encontrafeiradesantana.com.br\/sobre\/wp-json\/wp\/v2\/posts"}],"about":[{"href":"https:\/\/www.encontrafeiradesantana.com.br\/sobre\/wp-json\/wp\/v2\/types\/post"}],"author":[{"embeddable":true,"href":"https:\/\/www.encontrafeiradesantana.com.br\/sobre\/wp-json\/wp\/v2\/users\/1"}],"replies":[{"embeddable":true,"href":"https:\/\/www.encontrafeiradesantana.com.br\/sobre\/wp-json\/wp\/v2\/comments?post=912"}],"version-history":[{"count":1,"href":"https:\/\/www.encontrafeiradesantana.com.br\/sobre\/wp-json\/wp\/v2\/posts\/912\/revisions"}],"predecessor-version":[{"id":913,"href":"https:\/\/www.encontrafeiradesantana.com.br\/sobre\/wp-json\/wp\/v2\/posts\/912\/revisions\/913"}],"wp:featuredmedia":[{"embeddable":true,"href":"https:\/\/www.encontrafeiradesantana.com.br\/sobre\/wp-json\/wp\/v2\/media\/771"}],"wp:attachment":[{"href":"https:\/\/www.encontrafeiradesantana.com.br\/sobre\/wp-json\/wp\/v2\/media?parent=912"}],"wp:term":[{"taxonomy":"category","embeddable":true,"href":"https:\/\/www.encontrafeiradesantana.com.br\/sobre\/wp-json\/wp\/v2\/categories?post=912"},{"taxonomy":"post_tag","embeddable":true,"href":"https:\/\/www.encontrafeiradesantana.com.br\/sobre\/wp-json\/wp\/v2\/tags?post=912"}],"curies":[{"name":"wp","href":"https:\/\/api.w.org\/{rel}","templated":true}]}}