{"id":905,"date":"2021-08-27T05:44:23","date_gmt":"2021-08-27T08:44:23","guid":{"rendered":"https:\/\/www.encontrafeiradesantana.com.br\/sobre\/?p=905"},"modified":"2021-08-27T05:44:23","modified_gmt":"2021-08-27T08:44:23","slug":"motopel-feira-de-santana","status":"publish","type":"post","link":"https:\/\/www.encontrafeiradesantana.com.br\/sobre\/motopel-feira-de-santana\/","title":{"rendered":"Motopel Feira de Santana"},"content":{"rendered":"<div class=\"3f468104ad11f00a3c9ac948316f4265\" data-index=\"1\" style=\"float: none; margin:0px;\">\n<ins class=\"adsbygoogle\"\r\n     style=\"display:block\"\r\n     data-ad-client=\"ca-pub-8585364105181520\"\r\n     data-ad-slot=\"8789329856\"\r\n     data-ad-format=\"auto\"\r\n     data-full-width-responsive=\"true\"><\/ins>\r\n<script>\r\n     (adsbygoogle = window.adsbygoogle || []).push({});\r\n<\/script>\r\n\n<\/div>\n<p>Criada em 02 de fevereiro de 1994, a <strong>Motopel Feira de Santana<\/strong> \u00e9 a maior representante da marca Honda no segmento de motocicletas do estado da Bahia.<\/p>\n<p>\u00c9 composto de 7 filiais distribu\u00eddas na regi\u00e3o do rec\u00f4ncavo baiano e duas matrizes, uma na cidade de Feira de Santana e outra em Alagoinhas, comercializa motos nacionais, importadas, quadriciclos, pe\u00e7as originais, no varejo e no atacado e acess\u00f3rios para moto e motociclistas, al\u00e9m de oferecer servi\u00e7os autorizados de manuten\u00e7\u00e3o.<\/p>\n<p><img loading=\"lazy\" decoding=\"async\" class=\"alignnone wp-image-907 size-full\" title=\"Motopel Feira de Santana\" src=\"https:\/\/www.encontrafeiradesantana.com.br\/sobre\/wp-content\/uploads\/2021\/08\/loja-honda.gif\" alt=\"Motopel Feira de Santana\" width=\"680\" height=\"189\" \/><\/p>\n<p>Atua com equipes internas e externas para dar atendimento diferenciado aos clientes que desejam adquirir seus produtos. Possui mais de 30 pontos de vendas nas cidades onde atua.<\/p>\n<h2>Motopel Feira de Santana Pre\u00e7os<\/h2>\n<p>Os\u00a0<em>pre\u00e7os<\/em>\u00a0variam de acordo com os pratos e bebidas escolhidas. Voc\u00ea pode consulta-los acessando o Facebook ou site do local.<\/p>\n<h3>Pe\u00e7as e Servi\u00e7os Motopel Feira de Santana<\/h3>\n<p>Na Concession\u00e1ria Honda voc\u00ea encontra todas as\u00a0<em>pe\u00e7a<\/em>s necess\u00e1rias para a manuten\u00e7\u00e3o do seu ve\u00edculo. Pelo site ou pelo telefone \u00e9 poss\u00edvel realizar agendamento de revis\u00e3o, consulta e compra de acess\u00f3rios, pe\u00e7as, pneus e realizar trabalhos de micro pintura e funilaria no seu ve\u00edculo.<\/p>\n<h3>Ve\u00edculos Seminovos Motopel Feira de Santana<\/h3>\n<p>A Concession\u00e1ria Honda tamb\u00e9m trabalha com\u00a0<em>ve\u00edculos seminovos<\/em>\u00a0de diversas marcas, para consultar estoque e valores entre em contato com a loja por telefone.<\/p>\n<h3>Vagas Motopel Feira de Santana \u2013 Trabalhe Conosco<\/h3>\n<p>A Motopel Feira de Santana disponibiliza <em>vagas de trabalho<\/em> durante todo ano. Para se informar sobre os processos seletivos e se candidatar as vagas acompanhe o site da empresa, onde \u00e9 poss\u00edvel se informar sobre vagas abertas, sal\u00e1rios e compet\u00eancias necess\u00e1rias para se candidatar ao processo.<\/p>\n<h3>Hor\u00e1rio de Funcionamento Motopel Feira de Santana<\/h3>\n<ul>\n<li><strong>Bras\u00edlia:<\/strong> Segunda a Sexta das 08h \u00e0s 19h \/\u00a0 S\u00e1bado das 08h \u00e0s 13h<\/li>\n<li><strong>Mangabeira:<\/strong> Segunda a Sexta das 08h \u00e0s 19h \/\u00a0 S\u00e1bado das 08h \u00e0s 13h<\/li>\n<li><strong>Ponto Central:<\/strong> Segunda a Sexta das 08h \u00e0s 19h \/\u00a0 S\u00e1bado das 08h \u00e0s 13h<\/li>\n<\/ul>\n<h3>Onde fica, Endere\u00e7o e Telefone Motopel Feira de Santana<\/h3>\n<ul>\n<li><strong>Bras\u00edlia:<\/strong> Av. Presidente Dutra, 1361 &#8211; Telefone: (75) 99878-8778<\/li>\n<li><strong>Mangabeira:<\/strong> Av. Francisco Fraga Maia, 4680 &#8211; Telefone: (75) 3229-8300<\/li>\n<li><strong>Ponto Central:<\/strong> Rua Turquia, 74 &#8211; Telefone: (75) 3616-3889<\/li>\n<\/ul>\n<h4>Outras informa\u00e7\u00f5es e site<\/h4>\n<ul>\n<li>Mais informa\u00e7\u00f5es:\u00a0<a href=\"https:\/\/www.motopel.com.br\/?playlist=751c0e3&amp;video=dffef66\" target=\"_blank\" rel=\"noopener\">www.motopel.com.br<\/a><\/li>\n<\/ul>\n<h4>Mapa de localiza\u00e7\u00e3o Bras\u00edlia<\/h4>\n<a class=\"wp-colorbox-iframe\" href=\"https:\/\/www.google.com\/maps\/embed?pb=!1m18!1m12!1m3!1d3898.8138447374704!2d-38.95488978518537!3d-12.260873491324938!2m3!1f0!2f0!3f0!3m2!1i1024!2i768!4f13.1!3m3!1m2!1s0x71437996bd45bf70x832e50919ffc7d90!2sAv.Pres.Dutra1361-BrasliaFeiradeSantana-BA44088-083!5e0!3m2!1spt-BR!2sbr!4v1630053772169!5m2!1spt-BR!2sbr\"><img decoding=\"async\" src=\"http:\/\/www.encontrafeiradesantana.com.br\/imgs\/maps-post.png\"><\/a>\n\n<div style=\"font-size: 0px; height: 0px; line-height: 0px; margin: 0; padding: 0; clear: both;\"><\/div>","protected":false},"excerpt":{"rendered":"<p>Criada em 02 de fevereiro de 1994, a Motopel Feira de Santana \u00e9 a maior representante da marca Honda no segmento de motocicletas do estado da Bahia. \u00c9 composto de 7 filiais distribu\u00eddas na regi\u00e3o do rec\u00f4ncavo baiano e duas matrizes, uma na cidade de Feira de Santana e outra em Alagoinhas, comercializa motos nacionais, importadas, quadriciclos, pe\u00e7as originais, no varejo e no atacado e acess\u00f3rios para moto e motociclistas, al\u00e9m de oferecer servi\u00e7os autorizados de manuten\u00e7\u00e3o. Atua com equipes internas e externas para dar atendimento diferenciado aos clientes que desejam adquirir seus produtos. Possui mais de 30 pontos de <\/p>\n","protected":false},"author":1,"featured_media":907,"comment_status":"open","ping_status":"closed","sticky":false,"template":"","format":"standard","meta":{"footnotes":""},"categories":[32],"tags":[],"class_list":["post-905","post","type-post","status-publish","format-standard","has-post-thumbnail","hentry","category-veiculos-em-feira-de-santana","has_thumb"],"aioseo_notices":[],"aioseo_head":"\n\t\t<!-- All in One SEO 5.0.0.1 - aioseo.com -->\n\t<meta name=\"description\" content=\"Veja sobre a ( Motopel em Feira de Santana) - Informa\u00e7\u00f5es, pre\u00e7os, pe\u00e7as e servi\u00e7os, seminovos, hor\u00e1rio de funcionamento, endere\u00e7o e telefone. CLIQUE AQUI!\" \/>\n\t<meta name=\"robots\" content=\"max-image-preview:large\" \/>\n\t<meta name=\"author\" content=\"Encontra Feira de Santana\"\/>\n\t<link rel=\"canonical\" href=\"https:\/\/www.encontrafeiradesantana.com.br\/sobre\/motopel-feira-de-santana\/\" \/>\n\t<meta name=\"generator\" content=\"All in One SEO (AIOSEO) 5.0.0.1\" \/>\n\t\t<meta property=\"og:locale\" content=\"pt_BR\" \/>\n\t\t<meta property=\"og:site_name\" content=\"Encontra Feira de Santana | Not\u00edcias, eventos, informa\u00e7\u00f5es e dicas na cidade Feira de Santana e regi\u00e3o.\" \/>\n\t\t<meta property=\"og:type\" content=\"article\" \/>\n\t\t<meta property=\"og:title\" content=\"Motopel Feira de Santana: Pre\u00e7os, Pe\u00e7as e Servi\u00e7os, Vagas\" \/>\n\t\t<meta property=\"og:description\" content=\"Veja sobre a ( Motopel em Feira de Santana) - Informa\u00e7\u00f5es, pre\u00e7os, pe\u00e7as e servi\u00e7os, seminovos, hor\u00e1rio de funcionamento, endere\u00e7o e telefone. CLIQUE AQUI!\" \/>\n\t\t<meta property=\"og:url\" content=\"https:\/\/www.encontrafeiradesantana.com.br\/sobre\/motopel-feira-de-santana\/\" \/>\n\t\t<meta property=\"article:published_time\" content=\"2021-08-27T08:44:23+00:00\" \/>\n\t\t<meta property=\"article:modified_time\" content=\"2021-08-27T08:44:23+00:00\" \/>\n\t\t<meta name=\"twitter:card\" content=\"summary\" \/>\n\t\t<meta name=\"twitter:title\" content=\"Motopel Feira de Santana: Pre\u00e7os, Pe\u00e7as e Servi\u00e7os, Vagas\" \/>\n\t\t<meta name=\"twitter:description\" content=\"Veja sobre a ( Motopel em Feira de Santana) - Informa\u00e7\u00f5es, pre\u00e7os, pe\u00e7as e servi\u00e7os, seminovos, hor\u00e1rio de funcionamento, endere\u00e7o e telefone. CLIQUE AQUI!\" \/>\n\t\t<script type=\"application\/ld+json\" class=\"aioseo-schema\">\n\t\t\t{\"@context\":\"https:\\\/\\\/schema.org\",\"@graph\":[{\"@type\":\"Article\",\"@id\":\"https:\\\/\\\/www.encontrafeiradesantana.com.br\\\/sobre\\\/motopel-feira-de-santana\\\/#article\",\"name\":\"Motopel Feira de Santana: Pre\\u00e7os, Pe\\u00e7as e Servi\\u00e7os, Vagas\",\"headline\":\"Motopel Feira de Santana\",\"author\":{\"@id\":\"https:\\\/\\\/www.encontrafeiradesantana.com.br\\\/sobre\\\/author\\\/efeiradesantana\\\/#author\"},\"publisher\":{\"@id\":\"https:\\\/\\\/www.encontrafeiradesantana.com.br\\\/sobre\\\/#organization\"},\"image\":{\"@type\":\"ImageObject\",\"url\":\"https:\\\/\\\/www.encontrafeiradesantana.com.br\\\/sobre\\\/wp-content\\\/uploads\\\/2021\\\/08\\\/loja-honda.gif\",\"width\":680,\"height\":189},\"datePublished\":\"2021-08-27T05:44:23-03:00\",\"dateModified\":\"2021-08-27T05:44:23-03:00\",\"inLanguage\":\"pt-BR\",\"mainEntityOfPage\":{\"@id\":\"https:\\\/\\\/www.encontrafeiradesantana.com.br\\\/sobre\\\/motopel-feira-de-santana\\\/#webpage\"},\"isPartOf\":{\"@id\":\"https:\\\/\\\/www.encontrafeiradesantana.com.br\\\/sobre\\\/motopel-feira-de-santana\\\/#webpage\"},\"articleSection\":\"Ve\\u00edculos Feira de Santana\"},{\"@type\":\"BreadcrumbList\",\"@id\":\"https:\\\/\\\/www.encontrafeiradesantana.com.br\\\/sobre\\\/motopel-feira-de-santana\\\/#breadcrumblist\",\"itemListElement\":[{\"@type\":\"ListItem\",\"@id\":\"https:\\\/\\\/www.encontrafeiradesantana.com.br\\\/sobre#listItem\",\"position\":1,\"name\":\"In\\u00edcio\",\"item\":\"https:\\\/\\\/www.encontrafeiradesantana.com.br\\\/sobre\",\"nextItem\":{\"@type\":\"ListItem\",\"@id\":\"https:\\\/\\\/www.encontrafeiradesantana.com.br\\\/sobre\\\/veiculos-em-feira-de-santana\\\/#listItem\",\"name\":\"Ve\\u00edculos Feira de Santana\"}},{\"@type\":\"ListItem\",\"@id\":\"https:\\\/\\\/www.encontrafeiradesantana.com.br\\\/sobre\\\/veiculos-em-feira-de-santana\\\/#listItem\",\"position\":2,\"name\":\"Ve\\u00edculos Feira de Santana\",\"item\":\"https:\\\/\\\/www.encontrafeiradesantana.com.br\\\/sobre\\\/veiculos-em-feira-de-santana\\\/\",\"nextItem\":{\"@type\":\"ListItem\",\"@id\":\"https:\\\/\\\/www.encontrafeiradesantana.com.br\\\/sobre\\\/motopel-feira-de-santana\\\/#listItem\",\"name\":\"Motopel Feira de Santana\"},\"previousItem\":{\"@type\":\"ListItem\",\"@id\":\"https:\\\/\\\/www.encontrafeiradesantana.com.br\\\/sobre#listItem\",\"name\":\"In\\u00edcio\"}},{\"@type\":\"ListItem\",\"@id\":\"https:\\\/\\\/www.encontrafeiradesantana.com.br\\\/sobre\\\/motopel-feira-de-santana\\\/#listItem\",\"position\":3,\"name\":\"Motopel Feira de Santana\",\"previousItem\":{\"@type\":\"ListItem\",\"@id\":\"https:\\\/\\\/www.encontrafeiradesantana.com.br\\\/sobre\\\/veiculos-em-feira-de-santana\\\/#listItem\",\"name\":\"Ve\\u00edculos Feira de Santana\"}}]},{\"@type\":\"Organization\",\"@id\":\"https:\\\/\\\/www.encontrafeiradesantana.com.br\\\/sobre\\\/#organization\",\"name\":\"Encontra Feira de Santana\",\"description\":\"Not\\u00edcias, eventos, informa\\u00e7\\u00f5es e dicas na cidade Feira de Santana e regi\\u00e3o.\",\"url\":\"https:\\\/\\\/www.encontrafeiradesantana.com.br\\\/sobre\\\/\"},{\"@type\":\"Person\",\"@id\":\"https:\\\/\\\/www.encontrafeiradesantana.com.br\\\/sobre\\\/author\\\/efeiradesantana\\\/#author\",\"url\":\"https:\\\/\\\/www.encontrafeiradesantana.com.br\\\/sobre\\\/author\\\/efeiradesantana\\\/\",\"name\":\"Encontra Feira de Santana\",\"image\":{\"@type\":\"ImageObject\",\"@id\":\"https:\\\/\\\/www.encontrafeiradesantana.com.br\\\/sobre\\\/motopel-feira-de-santana\\\/#authorImage\",\"url\":\"https:\\\/\\\/secure.gravatar.com\\\/avatar\\\/507340682b8270222e1f208e23198b6ae7e2c6a1033ae84e99bc6bce4f82a387?s=96&d=mm&r=g\",\"width\":96,\"height\":96,\"caption\":\"Encontra Feira de Santana\"}},{\"@type\":\"WebPage\",\"@id\":\"https:\\\/\\\/www.encontrafeiradesantana.com.br\\\/sobre\\\/motopel-feira-de-santana\\\/#webpage\",\"url\":\"https:\\\/\\\/www.encontrafeiradesantana.com.br\\\/sobre\\\/motopel-feira-de-santana\\\/\",\"name\":\"Motopel Feira de Santana: Pre\\u00e7os, Pe\\u00e7as e Servi\\u00e7os, Vagas\",\"description\":\"Veja sobre a ( Motopel em Feira de Santana) - Informa\\u00e7\\u00f5es, pre\\u00e7os, pe\\u00e7as e servi\\u00e7os, seminovos, hor\\u00e1rio de funcionamento, endere\\u00e7o e telefone. CLIQUE AQUI!\",\"inLanguage\":\"pt-BR\",\"isPartOf\":{\"@id\":\"https:\\\/\\\/www.encontrafeiradesantana.com.br\\\/sobre\\\/#website\"},\"breadcrumb\":{\"@id\":\"https:\\\/\\\/www.encontrafeiradesantana.com.br\\\/sobre\\\/motopel-feira-de-santana\\\/#breadcrumblist\"},\"author\":{\"@id\":\"https:\\\/\\\/www.encontrafeiradesantana.com.br\\\/sobre\\\/author\\\/efeiradesantana\\\/#author\"},\"creator\":{\"@id\":\"https:\\\/\\\/www.encontrafeiradesantana.com.br\\\/sobre\\\/author\\\/efeiradesantana\\\/#author\"},\"image\":{\"@type\":\"ImageObject\",\"url\":\"https:\\\/\\\/www.encontrafeiradesantana.com.br\\\/sobre\\\/wp-content\\\/uploads\\\/2021\\\/08\\\/loja-honda.gif\",\"@id\":\"https:\\\/\\\/www.encontrafeiradesantana.com.br\\\/sobre\\\/motopel-feira-de-santana\\\/#mainImage\",\"width\":680,\"height\":189},\"primaryImageOfPage\":{\"@id\":\"https:\\\/\\\/www.encontrafeiradesantana.com.br\\\/sobre\\\/motopel-feira-de-santana\\\/#mainImage\"},\"datePublished\":\"2021-08-27T05:44:23-03:00\",\"dateModified\":\"2021-08-27T05:44:23-03:00\"},{\"@type\":\"WebSite\",\"@id\":\"https:\\\/\\\/www.encontrafeiradesantana.com.br\\\/sobre\\\/#website\",\"url\":\"https:\\\/\\\/www.encontrafeiradesantana.com.br\\\/sobre\\\/\",\"name\":\"Encontra Feira de Santana\",\"description\":\"Not\\u00edcias, eventos, informa\\u00e7\\u00f5es e dicas na cidade Feira de Santana e regi\\u00e3o.\",\"inLanguage\":\"pt-BR\",\"publisher\":{\"@id\":\"https:\\\/\\\/www.encontrafeiradesantana.com.br\\\/sobre\\\/#organization\"}}]}\n\t\t<\/script>\n\t\t<!-- All in One SEO -->\n\n","aioseo_head_json":{"title":"Motopel Feira de Santana: Pre\u00e7os, Pe\u00e7as e Servi\u00e7os, Vagas","description":"Veja sobre a ( Motopel em Feira de Santana) - Informa\u00e7\u00f5es, pre\u00e7os, pe\u00e7as e servi\u00e7os, seminovos, hor\u00e1rio de funcionamento, endere\u00e7o e telefone. CLIQUE AQUI!","canonical_url":"https:\/\/www.encontrafeiradesantana.com.br\/sobre\/motopel-feira-de-santana\/","robots":"max-image-preview:large","keywords":"","webmasterTools":{"miscellaneous":""},"schema":{"@context":"https:\/\/schema.org","@graph":[{"@type":"Article","@id":"https:\/\/www.encontrafeiradesantana.com.br\/sobre\/motopel-feira-de-santana\/#article","name":"Motopel Feira de Santana: Pre\u00e7os, Pe\u00e7as e Servi\u00e7os, Vagas","headline":"Motopel Feira de Santana","author":{"@id":"https:\/\/www.encontrafeiradesantana.com.br\/sobre\/author\/efeiradesantana\/#author"},"publisher":{"@id":"https:\/\/www.encontrafeiradesantana.com.br\/sobre\/#organization"},"image":{"@type":"ImageObject","url":"https:\/\/www.encontrafeiradesantana.com.br\/sobre\/wp-content\/uploads\/2021\/08\/loja-honda.gif","width":680,"height":189},"datePublished":"2021-08-27T05:44:23-03:00","dateModified":"2021-08-27T05:44:23-03:00","inLanguage":"pt-BR","mainEntityOfPage":{"@id":"https:\/\/www.encontrafeiradesantana.com.br\/sobre\/motopel-feira-de-santana\/#webpage"},"isPartOf":{"@id":"https:\/\/www.encontrafeiradesantana.com.br\/sobre\/motopel-feira-de-santana\/#webpage"},"articleSection":"Ve\u00edculos Feira de Santana"},{"@type":"BreadcrumbList","@id":"https:\/\/www.encontrafeiradesantana.com.br\/sobre\/motopel-feira-de-santana\/#breadcrumblist","itemListElement":[{"@type":"ListItem","@id":"https:\/\/www.encontrafeiradesantana.com.br\/sobre#listItem","position":1,"name":"In\u00edcio","item":"https:\/\/www.encontrafeiradesantana.com.br\/sobre","nextItem":{"@type":"ListItem","@id":"https:\/\/www.encontrafeiradesantana.com.br\/sobre\/veiculos-em-feira-de-santana\/#listItem","name":"Ve\u00edculos Feira de Santana"}},{"@type":"ListItem","@id":"https:\/\/www.encontrafeiradesantana.com.br\/sobre\/veiculos-em-feira-de-santana\/#listItem","position":2,"name":"Ve\u00edculos Feira de Santana","item":"https:\/\/www.encontrafeiradesantana.com.br\/sobre\/veiculos-em-feira-de-santana\/","nextItem":{"@type":"ListItem","@id":"https:\/\/www.encontrafeiradesantana.com.br\/sobre\/motopel-feira-de-santana\/#listItem","name":"Motopel Feira de Santana"},"previousItem":{"@type":"ListItem","@id":"https:\/\/www.encontrafeiradesantana.com.br\/sobre#listItem","name":"In\u00edcio"}},{"@type":"ListItem","@id":"https:\/\/www.encontrafeiradesantana.com.br\/sobre\/motopel-feira-de-santana\/#listItem","position":3,"name":"Motopel Feira de Santana","previousItem":{"@type":"ListItem","@id":"https:\/\/www.encontrafeiradesantana.com.br\/sobre\/veiculos-em-feira-de-santana\/#listItem","name":"Ve\u00edculos Feira de Santana"}}]},{"@type":"Organization","@id":"https:\/\/www.encontrafeiradesantana.com.br\/sobre\/#organization","name":"Encontra Feira de Santana","description":"Not\u00edcias, eventos, informa\u00e7\u00f5es e dicas na cidade Feira de Santana e regi\u00e3o.","url":"https:\/\/www.encontrafeiradesantana.com.br\/sobre\/"},{"@type":"Person","@id":"https:\/\/www.encontrafeiradesantana.com.br\/sobre\/author\/efeiradesantana\/#author","url":"https:\/\/www.encontrafeiradesantana.com.br\/sobre\/author\/efeiradesantana\/","name":"Encontra Feira de Santana","image":{"@type":"ImageObject","@id":"https:\/\/www.encontrafeiradesantana.com.br\/sobre\/motopel-feira-de-santana\/#authorImage","url":"https:\/\/secure.gravatar.com\/avatar\/507340682b8270222e1f208e23198b6ae7e2c6a1033ae84e99bc6bce4f82a387?s=96&d=mm&r=g","width":96,"height":96,"caption":"Encontra Feira de Santana"}},{"@type":"WebPage","@id":"https:\/\/www.encontrafeiradesantana.com.br\/sobre\/motopel-feira-de-santana\/#webpage","url":"https:\/\/www.encontrafeiradesantana.com.br\/sobre\/motopel-feira-de-santana\/","name":"Motopel Feira de Santana: Pre\u00e7os, Pe\u00e7as e Servi\u00e7os, Vagas","description":"Veja sobre a ( Motopel em Feira de Santana) - Informa\u00e7\u00f5es, pre\u00e7os, pe\u00e7as e servi\u00e7os, seminovos, hor\u00e1rio de funcionamento, endere\u00e7o e telefone. CLIQUE AQUI!","inLanguage":"pt-BR","isPartOf":{"@id":"https:\/\/www.encontrafeiradesantana.com.br\/sobre\/#website"},"breadcrumb":{"@id":"https:\/\/www.encontrafeiradesantana.com.br\/sobre\/motopel-feira-de-santana\/#breadcrumblist"},"author":{"@id":"https:\/\/www.encontrafeiradesantana.com.br\/sobre\/author\/efeiradesantana\/#author"},"creator":{"@id":"https:\/\/www.encontrafeiradesantana.com.br\/sobre\/author\/efeiradesantana\/#author"},"image":{"@type":"ImageObject","url":"https:\/\/www.encontrafeiradesantana.com.br\/sobre\/wp-content\/uploads\/2021\/08\/loja-honda.gif","@id":"https:\/\/www.encontrafeiradesantana.com.br\/sobre\/motopel-feira-de-santana\/#mainImage","width":680,"height":189},"primaryImageOfPage":{"@id":"https:\/\/www.encontrafeiradesantana.com.br\/sobre\/motopel-feira-de-santana\/#mainImage"},"datePublished":"2021-08-27T05:44:23-03:00","dateModified":"2021-08-27T05:44:23-03:00"},{"@type":"WebSite","@id":"https:\/\/www.encontrafeiradesantana.com.br\/sobre\/#website","url":"https:\/\/www.encontrafeiradesantana.com.br\/sobre\/","name":"Encontra Feira de Santana","description":"Not\u00edcias, eventos, informa\u00e7\u00f5es e dicas na cidade Feira de Santana e regi\u00e3o.","inLanguage":"pt-BR","publisher":{"@id":"https:\/\/www.encontrafeiradesantana.com.br\/sobre\/#organization"}}]},"og:locale":"pt_BR","og:site_name":"Encontra Feira de Santana | Not\u00edcias, eventos, informa\u00e7\u00f5es e dicas na cidade Feira de Santana e regi\u00e3o.","og:type":"article","og:title":"Motopel Feira de Santana: Pre\u00e7os, Pe\u00e7as e Servi\u00e7os, Vagas","og:description":"Veja sobre a ( Motopel em Feira de Santana) - Informa\u00e7\u00f5es, pre\u00e7os, pe\u00e7as e servi\u00e7os, seminovos, hor\u00e1rio de funcionamento, endere\u00e7o e telefone. CLIQUE AQUI!","og:url":"https:\/\/www.encontrafeiradesantana.com.br\/sobre\/motopel-feira-de-santana\/","article:published_time":"2021-08-27T08:44:23+00:00","article:modified_time":"2021-08-27T08:44:23+00:00","twitter:card":"summary","twitter:title":"Motopel Feira de Santana: Pre\u00e7os, Pe\u00e7as e Servi\u00e7os, Vagas","twitter:description":"Veja sobre a ( Motopel em Feira de Santana) - Informa\u00e7\u00f5es, pre\u00e7os, pe\u00e7as e servi\u00e7os, seminovos, hor\u00e1rio de funcionamento, endere\u00e7o e telefone. CLIQUE AQUI!"},"aioseo_meta_data":{"post_id":"905","title":"Motopel Feira de Santana: Pre\u00e7os, Pe\u00e7as e Servi\u00e7os, Vagas","description":"Veja sobre a ( Motopel em Feira de Santana) - Informa\u00e7\u00f5es, pre\u00e7os, pe\u00e7as e servi\u00e7os, seminovos, hor\u00e1rio de funcionamento, endere\u00e7o e telefone. CLIQUE AQUI!","keywords":[],"keyphrases":{"focus":[],"additional":[]},"primary_term":null,"canonical_url":null,"og_title":null,"og_description":null,"og_object_type":"default","og_image_type":"default","og_image_url":null,"og_image_width":null,"og_image_height":null,"og_image_custom_url":null,"og_image_custom_fields":null,"og_video":"","og_custom_url":null,"og_article_section":null,"og_article_tags":[],"twitter_use_og":false,"twitter_card":"default","twitter_image_type":"default","twitter_image_url":null,"twitter_image_custom_url":null,"twitter_image_custom_fields":null,"twitter_title":null,"twitter_description":null,"schema":{"blockGraphs":[],"customGraphs":[],"default":{"data":{"Article":{"id":"#aioseo-article-63f61ff16d5ba","slug":"article","graphName":"Article","label":"Artigo","properties":{"type":"BlogPosting","name":"#post_title","headline":"#post_title","description":"#post_excerpt","image":"","keywords":"","author":{"name":"#author_name","url":"#author_url"},"dates":{"include":true,"datePublished":"","dateModified":""}}},"Course":[],"Dataset":[],"FAQPage":[],"Movie":[],"Person":[],"Product":[],"ProductReview":[],"Car":[],"Recipe":[],"Service":[],"SoftwareApplication":[],"WebPage":[]},"graphName":"Article","isEnabled":true},"graphs":[]},"schema_type":"default","schema_type_options":"{\"article\":{\"articleType\":\"BlogPosting\"},\"course\":{\"name\":\"\",\"description\":\"\",\"provider\":\"\"},\"faq\":{\"pages\":[]},\"product\":{\"reviews\":[]},\"recipe\":{\"ingredients\":[],\"instructions\":[],\"keywords\":[]},\"software\":{\"reviews\":[],\"operatingSystems\":[]},\"webPage\":{\"webPageType\":\"WebPage\"}}","pillar_content":false,"robots_default":true,"robots_noindex":false,"robots_noarchive":false,"robots_nosnippet":false,"robots_nofollow":false,"robots_noimageindex":false,"robots_noodp":false,"robots_notranslate":false,"robots_max_snippet":"-1","robots_max_videopreview":"-1","robots_max_imagepreview":"large","priority":null,"frequency":"default","local_seo":{"locations":{"business":{"name":"","businessType":"","image":"","areaServed":"","urls":{"website":"","aboutPage":"","contactPage":""},"address":{"streetLine1":"","streetLine2":"","zipCode":"","city":"","state":"","country":"","addressFormat":"#streetLineOne\n#streetLineTwo\n#city, #state #zipCode"},"contact":{"email":"","phone":"","phoneFormatted":"","fax":"","faxFormatted":""},"ids":{"vat":"","tax":"","chamberOfCommerce":""},"payment":{"priceRange":"","currenciesAccepted":"","methods":""}}},"openingHours":{"useDefaults":true,"show":true,"alwaysOpen":false,"use24hFormat":false,"timezone":"","labels":{"closed":"","alwaysOpen":""},"days":{"monday":{"open24h":false,"closed":false,"openTime":"09:00","closeTime":"17:00"},"tuesday":{"open24h":false,"closed":false,"openTime":"09:00","closeTime":"17:00"},"wednesday":{"open24h":false,"closed":false,"openTime":"09:00","closeTime":"17:00"},"thursday":{"open24h":false,"closed":false,"openTime":"09:00","closeTime":"17:00"},"friday":{"open24h":false,"closed":false,"openTime":"09:00","closeTime":"17:00"},"saturday":{"open24h":false,"closed":false,"openTime":"09:00","closeTime":"17:00"},"sunday":{"open24h":false,"closed":false,"openTime":"09:00","closeTime":"17:00"}}}},"breadcrumb_settings":null,"limit_modified_date":false,"ai":null,"created":"2021-08-27 08:24:50","updated":"2025-09-22 17:53:28","focus_keyword":null,"additional_keywords":null,"truseo_locale":null,"seo_analyzer_scan_date":null},"aioseo_breadcrumb":"<div class=\"aioseo-breadcrumbs\"><span class=\"aioseo-breadcrumb\">\n\t\t\t<a href=\"https:\/\/www.encontrafeiradesantana.com.br\/sobre\" title=\"In\u00edcio\">In\u00edcio<\/a>\n\t\t<\/span><span class=\"aioseo-breadcrumb-separator\">&raquo;<\/span><span class=\"aioseo-breadcrumb\">\n\t\t\t<a href=\"https:\/\/www.encontrafeiradesantana.com.br\/sobre\/veiculos-em-feira-de-santana\/\" title=\"Ve\u00edculos Feira de Santana\">Ve\u00edculos Feira de Santana<\/a>\n\t\t<\/span><span class=\"aioseo-breadcrumb-separator\">&raquo;<\/span><span class=\"aioseo-breadcrumb\">\n\t\t\tMotopel Feira de Santana\n\t\t<\/span><\/div>","aioseo_breadcrumb_json":[{"label":"In\u00edcio","link":"https:\/\/www.encontrafeiradesantana.com.br\/sobre"},{"label":"Ve\u00edculos Feira de Santana","link":"https:\/\/www.encontrafeiradesantana.com.br\/sobre\/veiculos-em-feira-de-santana\/"},{"label":"Motopel Feira de Santana","link":"https:\/\/www.encontrafeiradesantana.com.br\/sobre\/motopel-feira-de-santana\/"}],"_links":{"self":[{"href":"https:\/\/www.encontrafeiradesantana.com.br\/sobre\/wp-json\/wp\/v2\/posts\/905","targetHints":{"allow":["GET"]}}],"collection":[{"href":"https:\/\/www.encontrafeiradesantana.com.br\/sobre\/wp-json\/wp\/v2\/posts"}],"about":[{"href":"https:\/\/www.encontrafeiradesantana.com.br\/sobre\/wp-json\/wp\/v2\/types\/post"}],"author":[{"embeddable":true,"href":"https:\/\/www.encontrafeiradesantana.com.br\/sobre\/wp-json\/wp\/v2\/users\/1"}],"replies":[{"embeddable":true,"href":"https:\/\/www.encontrafeiradesantana.com.br\/sobre\/wp-json\/wp\/v2\/comments?post=905"}],"version-history":[{"count":1,"href":"https:\/\/www.encontrafeiradesantana.com.br\/sobre\/wp-json\/wp\/v2\/posts\/905\/revisions"}],"predecessor-version":[{"id":908,"href":"https:\/\/www.encontrafeiradesantana.com.br\/sobre\/wp-json\/wp\/v2\/posts\/905\/revisions\/908"}],"wp:featuredmedia":[{"embeddable":true,"href":"https:\/\/www.encontrafeiradesantana.com.br\/sobre\/wp-json\/wp\/v2\/media\/907"}],"wp:attachment":[{"href":"https:\/\/www.encontrafeiradesantana.com.br\/sobre\/wp-json\/wp\/v2\/media?parent=905"}],"wp:term":[{"taxonomy":"category","embeddable":true,"href":"https:\/\/www.encontrafeiradesantana.com.br\/sobre\/wp-json\/wp\/v2\/categories?post=905"},{"taxonomy":"post_tag","embeddable":true,"href":"https:\/\/www.encontrafeiradesantana.com.br\/sobre\/wp-json\/wp\/v2\/tags?post=905"}],"curies":[{"name":"wp","href":"https:\/\/api.w.org\/{rel}","templated":true}]}}