{"id":872,"date":"2021-08-26T07:42:11","date_gmt":"2021-08-26T10:42:11","guid":{"rendered":"https:\/\/www.encontrafeiradesantana.com.br\/sobre\/?p=872"},"modified":"2021-08-26T07:42:11","modified_gmt":"2021-08-26T10:42:11","slug":"sine-feira-de-santana","status":"publish","type":"post","link":"https:\/\/www.encontrafeiradesantana.com.br\/sobre\/sine-feira-de-santana\/","title":{"rendered":"Sine Feira de Santana"},"content":{"rendered":"<div class=\"3f468104ad11f00a3c9ac948316f4265\" data-index=\"1\" style=\"float: none; margin:0px;\">\n<ins class=\"adsbygoogle\"\r\n     style=\"display:block\"\r\n     data-ad-client=\"ca-pub-8585364105181520\"\r\n     data-ad-slot=\"8789329856\"\r\n     data-ad-format=\"auto\"\r\n     data-full-width-responsive=\"true\"><\/ins>\r\n<script>\r\n     (adsbygoogle = window.adsbygoogle || []).push({});\r\n<\/script>\r\n\n<\/div>\n<p>O\u00a0<strong>Sine Feira de Santana<\/strong>\u00a0proporciona servi\u00e7os gratuitos \u00e0 popula\u00e7\u00e3o, visando melhorar as condi\u00e7\u00f5es de coloca\u00e7\u00e3o, perman\u00eancia ou recoloca\u00e7\u00e3o do trabalhador ao mercado de trabalho.<\/p>\n<p>O Sine\u00a0desempenha sua fun\u00e7\u00e3o nas seguintes \u00e1reas: Cadastro dos Trabalhadores; Orienta\u00e7\u00e3o aos Trabalhadores; Intermedia\u00e7\u00e3o de M\u00e3o-de-Obra; Pessoas com Defici\u00eancia; Qualifica\u00e7\u00e3o Profissional; Telecentro; Seguro-Desemprego Formal; Seguro-Desemprego do Pescador Artesanal e Emiss\u00e3o de CTPS.<\/p>\n<p><img loading=\"lazy\" decoding=\"async\" class=\"alignnone wp-image-873 size-full\" title=\"Sine Feira de Santana\" src=\"https:\/\/www.encontrafeiradesantana.com.br\/sobre\/wp-content\/uploads\/2021\/08\/cpet-santos-1.gif\" alt=\"Sine Feira de Santana\" width=\"680\" height=\"189\" \/><\/p>\n<h2>Sine Feira de Santana Vagas<\/h2>\n<p>Acesse o site cadastre seu curr\u00edculo, pesquise e encontre\u00a0<em>vagas<\/em>\u00a0de acordo com o seu perfil.\u00a0Ao se candidatar, seu curr\u00edculo \u00e9 enviado diretamente ao empregador.<\/p>\n<h3>Sine Feira de Santana Primeiro Emprego<\/h3>\n<p>O Sine oferece vagas trabalho para pessoas sem experi\u00eancia profissional ou que procuram o primeiro emprego.\u00a0A n\u00e3o obrigatoriedade da experi\u00eancia profissional foi colocada pelos pr\u00f3prios empregadores, que t\u00eam parceria com a Setrab para dar oportunidade aos jovens que procuram o\u00a0primeiro emprego.<\/p>\n<h3>Sine Feira de Santana Carteira de Trabalho<\/h3>\n<p>Documentos necess\u00e1rios para emiss\u00e3o da\u00a0<em>Carteira de Trabalho<\/em><\/p>\n<p>1\u00aa via<\/p>\n<ul>\n<li>CPF (ou espelho do CPF);<\/li>\n<li>Comprovante de resid\u00eancia;<\/li>\n<li>Carteira de Identidade; ou<\/li>\n<li>Certid\u00e3o de Nascimento; ou<\/li>\n<li>Certid\u00e3o de Casamento; ou<\/li>\n<li>Certificado de Reservista; ou<\/li>\n<li>Certificado de Dispensa de Incorpora\u00e7\u00e3o; ou<\/li>\n<li>Qualquer documento oficial de identifica\u00e7\u00e3o que contenha todos os dados necess\u00e1rios ao preenchimento da qualifica\u00e7\u00e3o civil na CTPS.<\/li>\n<li>N\u00e3o ser\u00e3o aceitos xerox de documentos.<\/li>\n<\/ul>\n<p>2\u00aa via<\/p>\n<ul>\n<li>CPF (ou espelho do CPF);<\/li>\n<li>Comprovante de resid\u00eancia;<\/li>\n<li>Documento de Identifica\u00e7\u00e3o (n\u00e3o ser\u00e3o aceitos xerox de documentos);<\/li>\n<li>CTPS anterior ou Ficha de Registro de Empregado ou Termo de Rescis\u00e3o Contratual ou Extrato do FGTS. (para comprova\u00e7\u00e3o do N\u00ba da CTPS anterior);<\/li>\n<li>No caso de perda, roubo ou extravio, apresentar Boletim de Ocorr\u00eancia Policial.<\/li>\n<\/ul>\n<h3>Sine Feira de Santana Cadastro<\/h3>\n<p>Para concorrer \u00e0s vagas de emprego intermediadas pela Secretaria de Trabalho\/Sine \u00e9 necess\u00e1rio realizar o cadastro do trabalhador, que consiste na elabora\u00e7\u00e3o de um perfil de trabalhador baseado nas experi\u00eancias profissionais adquiridas, qualifica\u00e7\u00f5es j\u00e1 realizadas, al\u00e9m de informa\u00e7\u00f5es pessoais.<br \/>\n<ins class=\"adsbygoogle\" data-ad-format=\"autorelaxed\" data-ad-client=\"ca-pub-6414922941841817\" data-ad-slot=\"5727871924\" data-adsbygoogle-status=\"done\" data-ad-status=\"filled\"><ins id=\"aswift_4_expand\" tabindex=\"0\" title=\"Advertisement\" aria-label=\"Advertisement\"><ins id=\"aswift_4_anchor\"><\/ins><\/ins><\/ins><\/p>\n<p>O\u00a0\u00a0cadastro\u00a0pode ser feito atrav\u00e9s da internet, mas \u00e9 necess\u00e1rio validar as informa\u00e7\u00f5es que foram prestadas pelo Trabalhador no sistema.<\/p>\n<p>Essa valida\u00e7\u00e3o poder\u00e1 ser feita em qualquer ag\u00eancia do Sine a qualquer momento, inclusive quando o Trabalhador for receber a carta de encaminhamento para a vaga a que pretende concorrer.<\/p>\n<p>Para a valida\u00e7\u00e3o das informa\u00e7\u00f5es do seu\u00a0cadastro\u00a0feito na internet, dirija-se ao Sine, munido dos seguintes documentos:<\/p>\n<ul>\n<li>Carteira de Trabalho;<\/li>\n<li>Identidade;<\/li>\n<li>CPF;<\/li>\n<li>Certificado de Escolaridade;<\/li>\n<li>Certificados de cursos de Qualifica\u00e7\u00e3o Profissional e\/ou Especializa\u00e7\u00f5es.<\/li>\n<li>Todos os documentos dever\u00e3o ser originais e n\u00e3o c\u00f3pias.<\/li>\n<\/ul>\n<h3>Hor\u00e1rio de Funcionamento Sine em Feira de Santana<\/h3>\n<ul>\n<li>Segunda a Sexta das 07 \u00e0s 15h30<\/li>\n<\/ul>\n<h3>Endere\u00e7o e Telefone Sine em Feira de Santana<\/h3>\n<ul>\n<li>R. Castro Alves, 894 &#8211; Serraria Brasil &#8211; Feira de Santana &#8211; BA<\/li>\n<li>Telefone: (75) 3603-2000<\/li>\n<\/ul>\n<h4>Outras informa\u00e7\u00f5es e site<\/h4>\n<ul>\n<li>Mais informa\u00e7\u00f5es:\u00a0<a href=\"http:\/\/www.sine.com.br\/\" target=\"_blank\" rel=\"noopener noreferrer\">www.sine.com.br<\/a><\/li>\n<\/ul>\n<h4>Mapa de localiza\u00e7\u00e3o<\/h4>\n<a class=\"wp-colorbox-iframe\" href=\"https:\/\/www.google.com\/maps\/embed?pb=!1m18!1m12!1m3!1d3898.853395445355!2d-38.9638723851853!3d-12.258198691326713!2m3!1f0!2f0!3f0!3m2!1i1024!2i768!4f13.1!3m3!1m2!1s0x71437909158aef50xb15446e94ee97a51!2sR.CastroAlves894-SerrariaBrasilFeiradeSantana-BA44003-201!5e0!3m2!1spt-BR!2sbr!4v1629974462408!5m2!1spt-BR!2sbr\"><img decoding=\"async\" src=\"http:\/\/www.encontrafeiradesantana.com.br\/imgs\/maps-post.png\"><\/a>\n\n<div style=\"font-size: 0px; height: 0px; line-height: 0px; margin: 0; padding: 0; clear: both;\"><\/div>","protected":false},"excerpt":{"rendered":"<p>O\u00a0Sine Feira de Santana\u00a0proporciona servi\u00e7os gratuitos \u00e0 popula\u00e7\u00e3o, visando melhorar as condi\u00e7\u00f5es de coloca\u00e7\u00e3o, perman\u00eancia ou recoloca\u00e7\u00e3o do trabalhador ao mercado de trabalho. O Sine\u00a0desempenha sua fun\u00e7\u00e3o nas seguintes \u00e1reas: Cadastro dos Trabalhadores; Orienta\u00e7\u00e3o aos Trabalhadores; Intermedia\u00e7\u00e3o de M\u00e3o-de-Obra; Pessoas com Defici\u00eancia; Qualifica\u00e7\u00e3o Profissional; Telecentro; Seguro-Desemprego Formal; Seguro-Desemprego do Pescador Artesanal e Emiss\u00e3o de CTPS. Sine Feira de Santana Vagas Acesse o site cadastre seu curr\u00edculo, pesquise e encontre\u00a0vagas\u00a0de acordo com o seu perfil.\u00a0Ao se candidatar, seu curr\u00edculo \u00e9 enviado diretamente ao empregador. Sine Feira de Santana Primeiro Emprego O Sine oferece vagas trabalho para pessoas sem experi\u00eancia profissional ou <\/p>\n","protected":false},"author":1,"featured_media":873,"comment_status":"open","ping_status":"closed","sticky":false,"template":"","format":"standard","meta":{"footnotes":""},"categories":[4],"tags":[],"class_list":["post-872","post","type-post","status-publish","format-standard","has-post-thumbnail","hentry","category-empregos-em-feira-de-santana","has_thumb"],"aioseo_notices":[],"_links":{"self":[{"href":"https:\/\/www.encontrafeiradesantana.com.br\/sobre\/wp-json\/wp\/v2\/posts\/872","targetHints":{"allow":["GET"]}}],"collection":[{"href":"https:\/\/www.encontrafeiradesantana.com.br\/sobre\/wp-json\/wp\/v2\/posts"}],"about":[{"href":"https:\/\/www.encontrafeiradesantana.com.br\/sobre\/wp-json\/wp\/v2\/types\/post"}],"author":[{"embeddable":true,"href":"https:\/\/www.encontrafeiradesantana.com.br\/sobre\/wp-json\/wp\/v2\/users\/1"}],"replies":[{"embeddable":true,"href":"https:\/\/www.encontrafeiradesantana.com.br\/sobre\/wp-json\/wp\/v2\/comments?post=872"}],"version-history":[{"count":1,"href":"https:\/\/www.encontrafeiradesantana.com.br\/sobre\/wp-json\/wp\/v2\/posts\/872\/revisions"}],"predecessor-version":[{"id":874,"href":"https:\/\/www.encontrafeiradesantana.com.br\/sobre\/wp-json\/wp\/v2\/posts\/872\/revisions\/874"}],"wp:featuredmedia":[{"embeddable":true,"href":"https:\/\/www.encontrafeiradesantana.com.br\/sobre\/wp-json\/wp\/v2\/media\/873"}],"wp:attachment":[{"href":"https:\/\/www.encontrafeiradesantana.com.br\/sobre\/wp-json\/wp\/v2\/media?parent=872"}],"wp:term":[{"taxonomy":"category","embeddable":true,"href":"https:\/\/www.encontrafeiradesantana.com.br\/sobre\/wp-json\/wp\/v2\/categories?post=872"},{"taxonomy":"post_tag","embeddable":true,"href":"https:\/\/www.encontrafeiradesantana.com.br\/sobre\/wp-json\/wp\/v2\/tags?post=872"}],"curies":[{"name":"wp","href":"https:\/\/api.w.org\/{rel}","templated":true}]}}