{"id":855,"date":"2021-08-25T09:05:07","date_gmt":"2021-08-25T12:05:07","guid":{"rendered":"https:\/\/www.encontrafeiradesantana.com.br\/sobre\/?p=855"},"modified":"2021-08-25T09:05:07","modified_gmt":"2021-08-25T12:05:07","slug":"outlet-feira-de-santana","status":"publish","type":"post","link":"https:\/\/www.encontrafeiradesantana.com.br\/sobre\/outlet-feira-de-santana\/","title":{"rendered":"Outlet Feira de Santana"},"content":{"rendered":"<div class=\"3f468104ad11f00a3c9ac948316f4265\" data-index=\"1\" style=\"float: none; margin:0px;\">\n<ins class=\"adsbygoogle\"\r\n     style=\"display:block\"\r\n     data-ad-client=\"ca-pub-8585364105181520\"\r\n     data-ad-slot=\"8789329856\"\r\n     data-ad-format=\"auto\"\r\n     data-full-width-responsive=\"true\"><\/ins>\r\n<script>\r\n     (adsbygoogle = window.adsbygoogle || []).push({});\r\n<\/script>\r\n\n<\/div>\n<p>A <strong>Outlet Feira de Santana<\/strong> conta com as melhores marcas do Brasil e do Mundo em um s\u00f3 lugar! O seu espa\u00e7o de compras em Feira de Santana, aonde voc\u00ea vai encontrar uma variedade de lojas com marcas nacionais e internacionais com desconto o ano todo.<\/p>\n<p>O empreendimento ainda conta com pra\u00e7a de alimenta\u00e7\u00e3o, estacionamento, parque de divers\u00f5es que traz \u00e0 Feira os moldes mundiais em compras.<\/p>\n<p><img loading=\"lazy\" decoding=\"async\" class=\"alignnone wp-image-856 size-full\" title=\"Outlet Feira de Santana\" src=\"https:\/\/www.encontrafeiradesantana.com.br\/sobre\/wp-content\/uploads\/2021\/08\/SHOPPING.gif\" alt=\"Outlet Feira de Santana\" width=\"680\" height=\"189\" \/><\/p>\n<h2>Outlet Feira de Santana Conceito<\/h2>\n<p>Utilizando um novo <em>conceito,<\/em> o formato outlet proporciona uma economia melhor para quem compra e mais vantagens para quem vende. S\u00e3o produtos de qualidade do jeito que voc\u00ea sempre quis e mais perto de voc\u00ea.\u00a0Calvin Klein, Polo Wear, Mahalo, Levi&#8217;s, Polishop e muitas outras lojas para voc\u00ea aproveitar!<\/p>\n<h3>Am\u00e9rica Outlet Feira de Santana Lojas<\/h3>\n<p>As <em>lojas<\/em> dispon\u00edveis na Am\u00e9rica Outlet s\u00e3o:<\/p>\n<ul>\n<li>Americanas<\/li>\n<li>Electrolux<\/li>\n<li>Fio de Ouro<\/li>\n<li>Levi\u00b4s<\/li>\n<li>Bunny\u00b4s<\/li>\n<li>Polo Wear<\/li>\n<li>Planet Girls<\/li>\n<li>Top Brands Fashion<\/li>\n<li>Stand Grill Gourmet<\/li>\n<li>Star<\/li>\n<li>Lupalina<\/li>\n<li>Inovathi<\/li>\n<li>We Like Fashion<\/li>\n<li>Colchoes Ortobom<\/li>\n<li>Star kids<\/li>\n<li>Mc DOnalds<\/li>\n<li>P\u00e9 de Suco<\/li>\n<li>Subway<\/li>\n<\/ul>\n<h3>Am\u00e9rica Outlet Feira de Santana Cinema<\/h3>\n<p>A Rede Cinescla iniciou suas atividades em 1980, com<em> cinemas<\/em> nos Estados do Rio de Janeiro e Minas Gerais. A partir de 1997, a rede passou a atuar exclusivamente em Shoppings Centers e, hoje, conta com quase 80 (oitenta) salas localizadas em 7 (sete) Estados Brasileiros.<\/p>\n<p><a href=\"https:\/\/www.encontrafeiradesantana.com.br\/sobre\/cinescla-feira-de-santana\/\"><strong>Cinescla Feira de Santana<\/strong><\/a>\u00a0\u00e9 um dos mais tradicionais grupos de cinemas do Brasil e mant\u00e9m uma pol\u00edtica de crescimento, com qualidade e efici\u00eancia em todos os seus complexos.<\/p>\n<h3>Vagas Am\u00e9rica Outlet Feira de Santana &#8211; Trabalhe Conosco<\/h3>\n<p>A Am\u00e9rica Outlet Feira de Santana disponibiliza<em> vagas de trabalho<\/em> durante todo ano. Para se informar sobre os processos seletivos e se candidatar as vagas acompanhe o site da empresa, onde \u00e9 poss\u00edvel se informar sobre vagas abertas, sal\u00e1rios e compet\u00eancias necess\u00e1rias para se candidatar ao processo.<\/p>\n<h3>Hor\u00e1rio de Funcionamento Am\u00e9rica Outlet em Feira de Santana<\/h3>\n<ul>\n<li>Segunda a S\u00e1bado das 10h \u00e0s 19h<\/li>\n<\/ul>\n<h3>Endere\u00e7o e Telefone Am\u00e9rica Outlet em Feira de Santana<\/h3>\n<ul>\n<li>Rodovia BR-324, s\/n &#8211; Feira de Santana &#8211; BA<\/li>\n<li>Telefone: (75) 3022-9950<\/li>\n<\/ul>\n<h4>Outras informa\u00e7\u00f5es e site<\/h4>\n<ul>\n<li>Mais informa\u00e7\u00f5es:\u00a0<a href=\"http:\/\/www.americaoutlet.com.br\/index.html\" target=\"_blank\" rel=\"noopener\">www.americaoutlet.com.br<\/a><\/li>\n<li>E-mail: contato@americaoutlet.com.br<\/li>\n<\/ul>\n<h4>Mapa de localiza\u00e7\u00e3o<\/h4>\n<a class=\"wp-colorbox-iframe\" href=\"https:\/\/www.google.com\/maps\/embed?pb=!1m14!1m8!1m3!1d15592.737750614022!2d-38.890593!3d-12.303363!3m2!1i1024!2i768!4f13.1!3m3!1m2!1s0x00x42762e5b7a33aa1b!2sAmricaOutlet!5e0!3m2!1spt-BR!2sbr!4v1629893026418!5m2!1spt-BR!2sbr\"><img decoding=\"async\" src=\"http:\/\/www.encontrafeiradesantana.com.br\/imgs\/maps-post.png\"><\/a>\n\n<div style=\"font-size: 0px; height: 0px; line-height: 0px; margin: 0; padding: 0; clear: both;\"><\/div>","protected":false},"excerpt":{"rendered":"<p>A Outlet Feira de Santana conta com as melhores marcas do Brasil e do Mundo em um s\u00f3 lugar! O seu espa\u00e7o de compras em Feira de Santana, aonde voc\u00ea vai encontrar uma variedade de lojas com marcas nacionais e internacionais com desconto o ano todo. O empreendimento ainda conta com pra\u00e7a de alimenta\u00e7\u00e3o, estacionamento, parque de divers\u00f5es que traz \u00e0 Feira os moldes mundiais em compras. Outlet Feira de Santana Conceito Utilizando um novo conceito, o formato outlet proporciona uma economia melhor para quem compra e mais vantagens para quem vende. S\u00e3o produtos de qualidade do jeito que voc\u00ea <\/p>\n","protected":false},"author":1,"featured_media":856,"comment_status":"open","ping_status":"closed","sticky":false,"template":"","format":"standard","meta":{"footnotes":""},"categories":[28,6],"tags":[],"class_list":["post-855","post","type-post","status-publish","format-standard","has-post-thumbnail","hentry","category-lugares-em-feira-de-santana","category-noticias-em-feira-de-santana","has_thumb"],"aioseo_notices":[],"_links":{"self":[{"href":"https:\/\/www.encontrafeiradesantana.com.br\/sobre\/wp-json\/wp\/v2\/posts\/855","targetHints":{"allow":["GET"]}}],"collection":[{"href":"https:\/\/www.encontrafeiradesantana.com.br\/sobre\/wp-json\/wp\/v2\/posts"}],"about":[{"href":"https:\/\/www.encontrafeiradesantana.com.br\/sobre\/wp-json\/wp\/v2\/types\/post"}],"author":[{"embeddable":true,"href":"https:\/\/www.encontrafeiradesantana.com.br\/sobre\/wp-json\/wp\/v2\/users\/1"}],"replies":[{"embeddable":true,"href":"https:\/\/www.encontrafeiradesantana.com.br\/sobre\/wp-json\/wp\/v2\/comments?post=855"}],"version-history":[{"count":2,"href":"https:\/\/www.encontrafeiradesantana.com.br\/sobre\/wp-json\/wp\/v2\/posts\/855\/revisions"}],"predecessor-version":[{"id":858,"href":"https:\/\/www.encontrafeiradesantana.com.br\/sobre\/wp-json\/wp\/v2\/posts\/855\/revisions\/858"}],"wp:featuredmedia":[{"embeddable":true,"href":"https:\/\/www.encontrafeiradesantana.com.br\/sobre\/wp-json\/wp\/v2\/media\/856"}],"wp:attachment":[{"href":"https:\/\/www.encontrafeiradesantana.com.br\/sobre\/wp-json\/wp\/v2\/media?parent=855"}],"wp:term":[{"taxonomy":"category","embeddable":true,"href":"https:\/\/www.encontrafeiradesantana.com.br\/sobre\/wp-json\/wp\/v2\/categories?post=855"},{"taxonomy":"post_tag","embeddable":true,"href":"https:\/\/www.encontrafeiradesantana.com.br\/sobre\/wp-json\/wp\/v2\/tags?post=855"}],"curies":[{"name":"wp","href":"https:\/\/api.w.org\/{rel}","templated":true}]}}