{"id":852,"date":"2021-08-25T05:59:56","date_gmt":"2021-08-25T08:59:56","guid":{"rendered":"https:\/\/www.encontrafeiradesantana.com.br\/sobre\/?p=852"},"modified":"2021-08-25T05:59:56","modified_gmt":"2021-08-25T08:59:56","slug":"hcoe-feira-de-santana","status":"publish","type":"post","link":"https:\/\/www.encontrafeiradesantana.com.br\/sobre\/hcoe-feira-de-santana\/","title":{"rendered":"HCOE Feira de Santana"},"content":{"rendered":"<div class=\"3f468104ad11f00a3c9ac948316f4265\" data-index=\"1\" style=\"float: none; margin:0px;\">\n<ins class=\"adsbygoogle\"\r\n     style=\"display:block\"\r\n     data-ad-client=\"ca-pub-8585364105181520\"\r\n     data-ad-slot=\"8789329856\"\r\n     data-ad-format=\"auto\"\r\n     data-full-width-responsive=\"true\"><\/ins>\r\n<script>\r\n     (adsbygoogle = window.adsbygoogle || []).push({});\r\n<\/script>\r\n\n<\/div>\n<p>O <strong>HCOE Feira de Santana<\/strong> \u00e9 um hospital completo que oferece pra voc\u00ea e toda a sua fam\u00edlia os melhores e mais seguros tratamentos oftalmol\u00f3gicos. Com uma estrutura moderna e equipamentos de ponta, o Hcoe re\u00fane ainda uma equipe qualificada, atenta \u00e0s novas t\u00e9cnicas e pesquisas realizadas em todo o mundo.<\/p>\n<p>Investimento em pesquisas cient\u00edficas e forma\u00e7\u00e3o de novos m\u00e9dicos especialistas em oftalmologia tamb\u00e9m \u00e9 prioridade para o Hcoe, atrav\u00e9s do Programa de Resid\u00eancia do Instituto HCOE.<\/p>\n<p><img loading=\"lazy\" decoding=\"async\" class=\"alignnone wp-image-853 size-full\" title=\"HCOE Feira de Santana\" src=\"https:\/\/www.encontrafeiradesantana.com.br\/sobre\/wp-content\/uploads\/2021\/08\/OFTALMO.gif\" alt=\"HCOE Feira de Santana\" width=\"680\" height=\"189\" \/><\/p>\n<h2>HCOE Feira de Santana Estrutura<\/h2>\n<p>S\u00e3o 3.000 m\u00b2 distribu\u00eddos em quatro andares, dois deles destinados ao Centro Cir\u00fargico com bloco exclusivo para Cirurgia Refrativa. Al\u00e9m de 20 consult\u00f3rios, centro de diagn\u00f3stico, pronto-atendimento e leitos de interna\u00e7\u00e3o day hospital. A <em>estrutura<\/em> ideal para realizar todos os procedimentos necess\u00e1rios ao tratamento do paciente, desde exames at\u00e9 o p\u00f3s-operat\u00f3rio, com total conforto e bem estar tamb\u00e9m para a sua fam\u00edlia.<\/p>\n<h3>HCOE Feira de Santana Especialidades<\/h3>\n<p>O HCOE oferece as seguintes<em> especialidades:<\/em><\/p>\n<ul>\n<li>Adapta\u00e7\u00e3o de Pr\u00f3teses Oculares<\/li>\n<li>Catarata<\/li>\n<li>Cirurgia Refrativa<\/li>\n<li>C\u00f3rnea<\/li>\n<li>Estrabismo<\/li>\n<li>Glaucoma<\/li>\n<li>Lentes de Contato<\/li>\n<li>Neuroftalmologia<\/li>\n<li>Oftalmopediatria<\/li>\n<li>Pl\u00e1stica Ocular<\/li>\n<li>Retina<\/li>\n<li>Traumatologia<\/li>\n<li>Vias Lacrimais<\/li>\n<\/ul>\n<h3>HCOE Feira de Santana Conv\u00eanios<\/h3>\n<p>Entre em contato com sua operadora de sa\u00fade para informa\u00e7\u00f5es sobre o atendimento do seu <em>conv\u00eanio<\/em> no Hospital.<em><br \/>\n<\/em><\/p>\n<h3>HCOE Feira de Santana Marca\u00e7\u00e3o de Consulta<\/h3>\n<p>Voc\u00ea pode <em>agendar sua consulta<\/em> por telefone ou preencher o formul\u00e1rio no site com data e hor\u00e1rio desejado e aguardar a confirma\u00e7\u00e3o do HCOE.<\/p>\n<h3>Vagas HCOE Feira de Santana &#8211; Trabalhe Conosco<\/h3>\n<p>O HCOE Feira de Santana disponibiliza <em>vagas de trabalho<\/em> durante todo ano. Para se informar sobre os processos seletivos e se candidatar as vagas acompanhe o site da empresa, onde \u00e9 poss\u00edvel se informar sobre vagas abertas, sal\u00e1rios e compet\u00eancias necess\u00e1rias para se candidatar ao processo.<\/p>\n<h3>Hor\u00e1rio de Funcionamento HCOE em Feira de Santana<\/h3>\n<ul>\n<li>Segunda a S\u00e1bado das 07h \u00e0s 19h<\/li>\n<\/ul>\n<h3>Endere\u00e7o e Telefone HCOE em Feira de Santana<\/h3>\n<ul>\n<li>R. Castro Alves, 1739 &#8211; Kalil\u00e2ndia &#8211; Feira de Santana &#8211; BA<\/li>\n<li>Telefone: (75) 3604-9191<\/li>\n<\/ul>\n<h4>Outras informa\u00e7\u00f5es e site<\/h4>\n<ul>\n<li>Mais informa\u00e7\u00f5es:\u00a0<a href=\"https:\/\/www.hcoe.com.br\/\" target=\"_blank\" rel=\"noopener\">www.hcoe.com.br<\/a><\/li>\n<li>E-mail: hcoe@hcoe.com.br<\/li>\n<\/ul>\n<h4>Mapa de localiza\u00e7\u00e3o<\/h4>\n<a class=\"wp-colorbox-iframe\" href=\"https:\/\/www.google.com\/maps\/embed?pb=!1m14!1m8!1m3!1d15595.813591395834!2d-38.961083!3d-12.251433!3m2!1i1024!2i768!4f13.1!3m3!1m2!1s0x00xeaa15fab7bb5cb58!2sHCOEHospitaldeolhos!5e0!3m2!1spt-BR!2sbr!4v1629881909956!5m2!1spt-BR!2sbr\"><img decoding=\"async\" src=\"http:\/\/www.encontrafeiradesantana.com.br\/imgs\/maps-post.png\"><\/a>\n\n<div style=\"font-size: 0px; height: 0px; line-height: 0px; margin: 0; padding: 0; clear: both;\"><\/div>","protected":false},"excerpt":{"rendered":"<p>O HCOE Feira de Santana \u00e9 um hospital completo que oferece pra voc\u00ea e toda a sua fam\u00edlia os melhores e mais seguros tratamentos oftalmol\u00f3gicos. Com uma estrutura moderna e equipamentos de ponta, o Hcoe re\u00fane ainda uma equipe qualificada, atenta \u00e0s novas t\u00e9cnicas e pesquisas realizadas em todo o mundo. Investimento em pesquisas cient\u00edficas e forma\u00e7\u00e3o de novos m\u00e9dicos especialistas em oftalmologia tamb\u00e9m \u00e9 prioridade para o Hcoe, atrav\u00e9s do Programa de Resid\u00eancia do Instituto HCOE. HCOE Feira de Santana Estrutura S\u00e3o 3.000 m\u00b2 distribu\u00eddos em quatro andares, dois deles destinados ao Centro Cir\u00fargico com bloco exclusivo para Cirurgia <\/p>\n","protected":false},"author":1,"featured_media":853,"comment_status":"open","ping_status":"closed","sticky":false,"template":"","format":"standard","meta":{"footnotes":""},"categories":[31],"tags":[],"class_list":["post-852","post","type-post","status-publish","format-standard","has-post-thumbnail","hentry","category-saude-em-feira-de-santana","has_thumb"],"aioseo_notices":[],"_links":{"self":[{"href":"https:\/\/www.encontrafeiradesantana.com.br\/sobre\/wp-json\/wp\/v2\/posts\/852","targetHints":{"allow":["GET"]}}],"collection":[{"href":"https:\/\/www.encontrafeiradesantana.com.br\/sobre\/wp-json\/wp\/v2\/posts"}],"about":[{"href":"https:\/\/www.encontrafeiradesantana.com.br\/sobre\/wp-json\/wp\/v2\/types\/post"}],"author":[{"embeddable":true,"href":"https:\/\/www.encontrafeiradesantana.com.br\/sobre\/wp-json\/wp\/v2\/users\/1"}],"replies":[{"embeddable":true,"href":"https:\/\/www.encontrafeiradesantana.com.br\/sobre\/wp-json\/wp\/v2\/comments?post=852"}],"version-history":[{"count":1,"href":"https:\/\/www.encontrafeiradesantana.com.br\/sobre\/wp-json\/wp\/v2\/posts\/852\/revisions"}],"predecessor-version":[{"id":854,"href":"https:\/\/www.encontrafeiradesantana.com.br\/sobre\/wp-json\/wp\/v2\/posts\/852\/revisions\/854"}],"wp:featuredmedia":[{"embeddable":true,"href":"https:\/\/www.encontrafeiradesantana.com.br\/sobre\/wp-json\/wp\/v2\/media\/853"}],"wp:attachment":[{"href":"https:\/\/www.encontrafeiradesantana.com.br\/sobre\/wp-json\/wp\/v2\/media?parent=852"}],"wp:term":[{"taxonomy":"category","embeddable":true,"href":"https:\/\/www.encontrafeiradesantana.com.br\/sobre\/wp-json\/wp\/v2\/categories?post=852"},{"taxonomy":"post_tag","embeddable":true,"href":"https:\/\/www.encontrafeiradesantana.com.br\/sobre\/wp-json\/wp\/v2\/tags?post=852"}],"curies":[{"name":"wp","href":"https:\/\/api.w.org\/{rel}","templated":true}]}}