{"id":85,"date":"2013-02-21T00:01:22","date_gmt":"2013-02-21T03:01:22","guid":{"rendered":"http:\/\/www.encontrafeiradesantana.com.br\/noticias\/?p=85"},"modified":"2019-04-29T17:46:35","modified_gmt":"2019-04-29T20:46:35","slug":"prefeitura-discute-construcao-de-rampa-de-voo-livre-em-feira-de-santana","status":"publish","type":"post","link":"https:\/\/www.encontrafeiradesantana.com.br\/sobre\/prefeitura-discute-construcao-de-rampa-de-voo-livre-em-feira-de-santana\/","title":{"rendered":"Prefeitura discute constru\u00e7\u00e3o de rampa de voo livre em Feira de Santana"},"content":{"rendered":"<div class=\"3f468104ad11f00a3c9ac948316f4265\" data-index=\"1\" style=\"float: none; margin:0px;\">\n<ins class=\"adsbygoogle\"\r\n     style=\"display:block\"\r\n     data-ad-client=\"ca-pub-8585364105181520\"\r\n     data-ad-slot=\"8789329856\"\r\n     data-ad-format=\"auto\"\r\n     data-full-width-responsive=\"true\"><\/ins>\r\n<script>\r\n     (adsbygoogle = window.adsbygoogle || []).push({});\r\n<\/script>\r\n\n<\/div>\n<p>A constru\u00e7\u00e3o de uma rampa de voo livre na regi\u00e3o de morro de S\u00e3o Jos\u00e9, no distrito de Maria Quit\u00e9ria, foi discutida na manh\u00e3 de ter\u00e7a-feira, 19, entre o secret\u00e1rio de Agricultura e Recursos H\u00eddricos, Ozeny Moraes, e moradores do local.<\/p>\n<p>A ideia apresentada \u00e9 de construir uma estrada de 4,1 quil\u00f4metros de extens\u00e3o para facilitar o acesso dos esportistas, visitantes e moradores. Com or\u00e7amento em torno de R$ 580 mil &#8211; recursos da Uni\u00e3o e do Munic\u00edpio, o projeto ainda prev\u00ea a constru\u00e7\u00e3o de\u00a0 um mirante e quiosque.<\/p>\n<p>Presente na reuni\u00e3o, o coordenador da Defesa Civil, Jorge Prudente, far\u00e1 um levantamento de \u00e1rea para verificar denuncias feitas pela popula\u00e7\u00e3o local de que visitantes estariam descartando lixo na cidade de Feira de Santana de maneira irregular.<\/p>\n<p>\u201cEm parceria com o 2\u00ba Grupamento de Bombeiro Militar, iremos implantar uma campanha de conscientiza\u00e7\u00e3o entre os moradores e visitantes. Com a estiagem as possibilidades de focos de inc\u00eandio aumentam com o descarte irregular de lixo. Dispomos de uma beleza natural que precisa ser preservada\u201d, comentou o coordenador.<\/p>\n<p>De acordo com o secret\u00e1rio, o processo licitat\u00f3rio ser\u00e1 aberto em breve. Para ele, a rampa vai trazer benef\u00edcios por favorecer a explora\u00e7\u00e3o do turismo esportivo e do ecoturismo em Feira de Santana.<\/p>\n<p>\u201cAs obras atendem a solicita\u00e7\u00e3o da popula\u00e7\u00e3o. As parcerias com a Defesa Civil e os bombeiros nos auxiliar\u00e3o na preserva\u00e7\u00e3o do local. O Projeto V\u00f4o livre \u00e9 um atrativo sustent\u00e1vel para o turismo\u201d, afirmou Ozeny Moraes. As informa\u00e7\u00f5es s\u00e3o da Secom.<\/p>\n<p><em>Fonte: Acorda Cidade<\/em><\/p>\n\n<div style=\"font-size: 0px; height: 0px; line-height: 0px; margin: 0; padding: 0; clear: both;\"><\/div>","protected":false},"excerpt":{"rendered":"<p>A constru\u00e7\u00e3o de uma rampa de voo livre na regi\u00e3o de morro de S\u00e3o Jos\u00e9, no distrito de Maria Quit\u00e9ria, foi discutida na manh\u00e3 de ter\u00e7a-feira, 19, entre o secret\u00e1rio de Agricultura e Recursos H\u00eddricos, Ozeny Moraes, e moradores do local. A ideia apresentada \u00e9 de construir uma estrada de 4,1 quil\u00f4metros de extens\u00e3o para facilitar o acesso dos esportistas, visitantes e moradores. Com or\u00e7amento em torno de R$ 580 mil &#8211; recursos da Uni\u00e3o e do Munic\u00edpio, o projeto ainda prev\u00ea a constru\u00e7\u00e3o de\u00a0 um mirante e quiosque. Presente na reuni\u00e3o, o coordenador da Defesa Civil, Jorge Prudente, far\u00e1 <\/p>\n","protected":false},"author":1,"featured_media":0,"comment_status":"open","ping_status":"closed","sticky":false,"template":"","format":"standard","meta":{"footnotes":""},"categories":[6,8],"tags":[12],"class_list":["post-85","post","type-post","status-publish","format-standard","hentry","category-noticias-em-feira-de-santana","category-servicos-em-feira-de-santana","tag-feira-de-santana"],"aioseo_notices":[],"aioseo_head":"\n\t\t<!-- All in One SEO 5.0.0.1 - aioseo.com -->\n\t<meta name=\"description\" content=\"A constru\u00e7\u00e3o de uma rampa de voo livre na regi\u00e3o de morro de S\u00e3o Jos\u00e9, no distrito de Maria Quit\u00e9ria, foi discutida na manh\u00e3 de ter\u00e7a-feira, 19, entre o secret\u00e1rio de Agricultura e Recursos H\u00eddricos, Ozeny Moraes, e moradores do local. A ideia apresentada \u00e9 de construir uma estrada de 4,1 quil\u00f4metros de extens\u00e3o para\" \/>\n\t<meta name=\"robots\" content=\"max-image-preview:large\" \/>\n\t<meta name=\"author\" content=\"Encontra Feira de Santana\"\/>\n\t<link rel=\"canonical\" href=\"https:\/\/www.encontrafeiradesantana.com.br\/sobre\/prefeitura-discute-construcao-de-rampa-de-voo-livre-em-feira-de-santana\/\" \/>\n\t<meta name=\"generator\" content=\"All in One SEO (AIOSEO) 5.0.0.1\" \/>\n\t\t<meta property=\"og:locale\" content=\"pt_BR\" \/>\n\t\t<meta property=\"og:site_name\" content=\"Encontra Feira de Santana | Not\u00edcias, eventos, informa\u00e7\u00f5es e dicas na cidade Feira de Santana e regi\u00e3o.\" \/>\n\t\t<meta property=\"og:type\" content=\"article\" \/>\n\t\t<meta property=\"og:title\" content=\"Prefeitura discute constru\u00e7\u00e3o de rampa de voo livre em Feira de Santana | Encontra Feira de Santana\" \/>\n\t\t<meta property=\"og:description\" content=\"A constru\u00e7\u00e3o de uma rampa de voo livre na regi\u00e3o de morro de S\u00e3o Jos\u00e9, no distrito de Maria Quit\u00e9ria, foi discutida na manh\u00e3 de ter\u00e7a-feira, 19, entre o secret\u00e1rio de Agricultura e Recursos H\u00eddricos, Ozeny Moraes, e moradores do local. A ideia apresentada \u00e9 de construir uma estrada de 4,1 quil\u00f4metros de extens\u00e3o para\" \/>\n\t\t<meta property=\"og:url\" content=\"https:\/\/www.encontrafeiradesantana.com.br\/sobre\/prefeitura-discute-construcao-de-rampa-de-voo-livre-em-feira-de-santana\/\" \/>\n\t\t<meta property=\"article:published_time\" content=\"2013-02-21T03:01:22+00:00\" \/>\n\t\t<meta property=\"article:modified_time\" content=\"2019-04-29T20:46:35+00:00\" \/>\n\t\t<meta name=\"twitter:card\" content=\"summary\" \/>\n\t\t<meta name=\"twitter:title\" content=\"Prefeitura discute constru\u00e7\u00e3o de rampa de voo livre em Feira de Santana | Encontra Feira de Santana\" \/>\n\t\t<meta name=\"twitter:description\" content=\"A constru\u00e7\u00e3o de uma rampa de voo livre na regi\u00e3o de morro de S\u00e3o Jos\u00e9, no distrito de Maria Quit\u00e9ria, foi discutida na manh\u00e3 de ter\u00e7a-feira, 19, entre o secret\u00e1rio de Agricultura e Recursos H\u00eddricos, Ozeny Moraes, e moradores do local. A ideia apresentada \u00e9 de construir uma estrada de 4,1 quil\u00f4metros de extens\u00e3o para\" \/>\n\t\t<script type=\"application\/ld+json\" class=\"aioseo-schema\">\n\t\t\t{\"@context\":\"https:\\\/\\\/schema.org\",\"@graph\":[{\"@type\":\"Article\",\"@id\":\"https:\\\/\\\/www.encontrafeiradesantana.com.br\\\/sobre\\\/prefeitura-discute-construcao-de-rampa-de-voo-livre-em-feira-de-santana\\\/#article\",\"name\":\"Prefeitura discute constru\\u00e7\\u00e3o de rampa de voo livre em Feira de Santana | Encontra Feira de Santana\",\"headline\":\"Prefeitura discute constru\\u00e7\\u00e3o de rampa de voo livre em Feira de Santana\",\"author\":{\"@id\":\"https:\\\/\\\/www.encontrafeiradesantana.com.br\\\/sobre\\\/author\\\/efeiradesantana\\\/#author\"},\"publisher\":{\"@id\":\"https:\\\/\\\/www.encontrafeiradesantana.com.br\\\/sobre\\\/#organization\"},\"datePublished\":\"2013-02-21T00:01:22-03:00\",\"dateModified\":\"2019-04-29T17:46:35-03:00\",\"inLanguage\":\"pt-BR\",\"mainEntityOfPage\":{\"@id\":\"https:\\\/\\\/www.encontrafeiradesantana.com.br\\\/sobre\\\/prefeitura-discute-construcao-de-rampa-de-voo-livre-em-feira-de-santana\\\/#webpage\"},\"isPartOf\":{\"@id\":\"https:\\\/\\\/www.encontrafeiradesantana.com.br\\\/sobre\\\/prefeitura-discute-construcao-de-rampa-de-voo-livre-em-feira-de-santana\\\/#webpage\"},\"articleSection\":\"Not\\u00edcias Feira de Santana, Servi\\u00e7os Feira de Santana, Feira de Santana\"},{\"@type\":\"BreadcrumbList\",\"@id\":\"https:\\\/\\\/www.encontrafeiradesantana.com.br\\\/sobre\\\/prefeitura-discute-construcao-de-rampa-de-voo-livre-em-feira-de-santana\\\/#breadcrumblist\",\"itemListElement\":[{\"@type\":\"ListItem\",\"@id\":\"https:\\\/\\\/www.encontrafeiradesantana.com.br\\\/sobre#listItem\",\"position\":1,\"name\":\"In\\u00edcio\",\"item\":\"https:\\\/\\\/www.encontrafeiradesantana.com.br\\\/sobre\",\"nextItem\":{\"@type\":\"ListItem\",\"@id\":\"https:\\\/\\\/www.encontrafeiradesantana.com.br\\\/sobre\\\/noticias-em-feira-de-santana\\\/#listItem\",\"name\":\"Not\\u00edcias Feira de Santana\"}},{\"@type\":\"ListItem\",\"@id\":\"https:\\\/\\\/www.encontrafeiradesantana.com.br\\\/sobre\\\/noticias-em-feira-de-santana\\\/#listItem\",\"position\":2,\"name\":\"Not\\u00edcias Feira de Santana\",\"item\":\"https:\\\/\\\/www.encontrafeiradesantana.com.br\\\/sobre\\\/noticias-em-feira-de-santana\\\/\",\"nextItem\":{\"@type\":\"ListItem\",\"@id\":\"https:\\\/\\\/www.encontrafeiradesantana.com.br\\\/sobre\\\/prefeitura-discute-construcao-de-rampa-de-voo-livre-em-feira-de-santana\\\/#listItem\",\"name\":\"Prefeitura discute constru\\u00e7\\u00e3o de rampa de voo livre em Feira de Santana\"},\"previousItem\":{\"@type\":\"ListItem\",\"@id\":\"https:\\\/\\\/www.encontrafeiradesantana.com.br\\\/sobre#listItem\",\"name\":\"In\\u00edcio\"}},{\"@type\":\"ListItem\",\"@id\":\"https:\\\/\\\/www.encontrafeiradesantana.com.br\\\/sobre\\\/prefeitura-discute-construcao-de-rampa-de-voo-livre-em-feira-de-santana\\\/#listItem\",\"position\":3,\"name\":\"Prefeitura discute constru\\u00e7\\u00e3o de rampa de voo livre em Feira de Santana\",\"previousItem\":{\"@type\":\"ListItem\",\"@id\":\"https:\\\/\\\/www.encontrafeiradesantana.com.br\\\/sobre\\\/noticias-em-feira-de-santana\\\/#listItem\",\"name\":\"Not\\u00edcias Feira de Santana\"}}]},{\"@type\":\"Organization\",\"@id\":\"https:\\\/\\\/www.encontrafeiradesantana.com.br\\\/sobre\\\/#organization\",\"name\":\"Encontra Feira de Santana\",\"description\":\"Not\\u00edcias, eventos, informa\\u00e7\\u00f5es e dicas na cidade Feira de Santana e regi\\u00e3o.\",\"url\":\"https:\\\/\\\/www.encontrafeiradesantana.com.br\\\/sobre\\\/\"},{\"@type\":\"Person\",\"@id\":\"https:\\\/\\\/www.encontrafeiradesantana.com.br\\\/sobre\\\/author\\\/efeiradesantana\\\/#author\",\"url\":\"https:\\\/\\\/www.encontrafeiradesantana.com.br\\\/sobre\\\/author\\\/efeiradesantana\\\/\",\"name\":\"Encontra Feira de Santana\",\"image\":{\"@type\":\"ImageObject\",\"@id\":\"https:\\\/\\\/www.encontrafeiradesantana.com.br\\\/sobre\\\/prefeitura-discute-construcao-de-rampa-de-voo-livre-em-feira-de-santana\\\/#authorImage\",\"url\":\"https:\\\/\\\/secure.gravatar.com\\\/avatar\\\/507340682b8270222e1f208e23198b6ae7e2c6a1033ae84e99bc6bce4f82a387?s=96&d=mm&r=g\",\"width\":96,\"height\":96,\"caption\":\"Encontra Feira de Santana\"}},{\"@type\":\"WebPage\",\"@id\":\"https:\\\/\\\/www.encontrafeiradesantana.com.br\\\/sobre\\\/prefeitura-discute-construcao-de-rampa-de-voo-livre-em-feira-de-santana\\\/#webpage\",\"url\":\"https:\\\/\\\/www.encontrafeiradesantana.com.br\\\/sobre\\\/prefeitura-discute-construcao-de-rampa-de-voo-livre-em-feira-de-santana\\\/\",\"name\":\"Prefeitura discute constru\\u00e7\\u00e3o de rampa de voo livre em Feira de Santana | Encontra Feira de Santana\",\"description\":\"A constru\\u00e7\\u00e3o de uma rampa de voo livre na regi\\u00e3o de morro de S\\u00e3o Jos\\u00e9, no distrito de Maria Quit\\u00e9ria, foi discutida na manh\\u00e3 de ter\\u00e7a-feira, 19, entre o secret\\u00e1rio de Agricultura e Recursos H\\u00eddricos, Ozeny Moraes, e moradores do local. A ideia apresentada \\u00e9 de construir uma estrada de 4,1 quil\\u00f4metros de extens\\u00e3o para\",\"inLanguage\":\"pt-BR\",\"isPartOf\":{\"@id\":\"https:\\\/\\\/www.encontrafeiradesantana.com.br\\\/sobre\\\/#website\"},\"breadcrumb\":{\"@id\":\"https:\\\/\\\/www.encontrafeiradesantana.com.br\\\/sobre\\\/prefeitura-discute-construcao-de-rampa-de-voo-livre-em-feira-de-santana\\\/#breadcrumblist\"},\"author\":{\"@id\":\"https:\\\/\\\/www.encontrafeiradesantana.com.br\\\/sobre\\\/author\\\/efeiradesantana\\\/#author\"},\"creator\":{\"@id\":\"https:\\\/\\\/www.encontrafeiradesantana.com.br\\\/sobre\\\/author\\\/efeiradesantana\\\/#author\"},\"datePublished\":\"2013-02-21T00:01:22-03:00\",\"dateModified\":\"2019-04-29T17:46:35-03:00\"},{\"@type\":\"WebSite\",\"@id\":\"https:\\\/\\\/www.encontrafeiradesantana.com.br\\\/sobre\\\/#website\",\"url\":\"https:\\\/\\\/www.encontrafeiradesantana.com.br\\\/sobre\\\/\",\"name\":\"Encontra Feira de Santana\",\"description\":\"Not\\u00edcias, eventos, informa\\u00e7\\u00f5es e dicas na cidade Feira de Santana e regi\\u00e3o.\",\"inLanguage\":\"pt-BR\",\"publisher\":{\"@id\":\"https:\\\/\\\/www.encontrafeiradesantana.com.br\\\/sobre\\\/#organization\"}}]}\n\t\t<\/script>\n\t\t<!-- All in One SEO -->\n\n","aioseo_head_json":{"title":"Prefeitura discute constru\u00e7\u00e3o de rampa de voo livre em Feira de Santana | Encontra Feira de Santana","description":"A constru\u00e7\u00e3o de uma rampa de voo livre na regi\u00e3o de morro de S\u00e3o Jos\u00e9, no distrito de Maria Quit\u00e9ria, foi discutida na manh\u00e3 de ter\u00e7a-feira, 19, entre o secret\u00e1rio de Agricultura e Recursos H\u00eddricos, Ozeny Moraes, e moradores do local. A ideia apresentada \u00e9 de construir uma estrada de 4,1 quil\u00f4metros de extens\u00e3o para","canonical_url":"https:\/\/www.encontrafeiradesantana.com.br\/sobre\/prefeitura-discute-construcao-de-rampa-de-voo-livre-em-feira-de-santana\/","robots":"max-image-preview:large","keywords":"","webmasterTools":{"miscellaneous":""},"schema":{"@context":"https:\/\/schema.org","@graph":[{"@type":"Article","@id":"https:\/\/www.encontrafeiradesantana.com.br\/sobre\/prefeitura-discute-construcao-de-rampa-de-voo-livre-em-feira-de-santana\/#article","name":"Prefeitura discute constru\u00e7\u00e3o de rampa de voo livre em Feira de Santana | Encontra Feira de Santana","headline":"Prefeitura discute constru\u00e7\u00e3o de rampa de voo livre em Feira de Santana","author":{"@id":"https:\/\/www.encontrafeiradesantana.com.br\/sobre\/author\/efeiradesantana\/#author"},"publisher":{"@id":"https:\/\/www.encontrafeiradesantana.com.br\/sobre\/#organization"},"datePublished":"2013-02-21T00:01:22-03:00","dateModified":"2019-04-29T17:46:35-03:00","inLanguage":"pt-BR","mainEntityOfPage":{"@id":"https:\/\/www.encontrafeiradesantana.com.br\/sobre\/prefeitura-discute-construcao-de-rampa-de-voo-livre-em-feira-de-santana\/#webpage"},"isPartOf":{"@id":"https:\/\/www.encontrafeiradesantana.com.br\/sobre\/prefeitura-discute-construcao-de-rampa-de-voo-livre-em-feira-de-santana\/#webpage"},"articleSection":"Not\u00edcias Feira de Santana, Servi\u00e7os Feira de Santana, Feira de Santana"},{"@type":"BreadcrumbList","@id":"https:\/\/www.encontrafeiradesantana.com.br\/sobre\/prefeitura-discute-construcao-de-rampa-de-voo-livre-em-feira-de-santana\/#breadcrumblist","itemListElement":[{"@type":"ListItem","@id":"https:\/\/www.encontrafeiradesantana.com.br\/sobre#listItem","position":1,"name":"In\u00edcio","item":"https:\/\/www.encontrafeiradesantana.com.br\/sobre","nextItem":{"@type":"ListItem","@id":"https:\/\/www.encontrafeiradesantana.com.br\/sobre\/noticias-em-feira-de-santana\/#listItem","name":"Not\u00edcias Feira de Santana"}},{"@type":"ListItem","@id":"https:\/\/www.encontrafeiradesantana.com.br\/sobre\/noticias-em-feira-de-santana\/#listItem","position":2,"name":"Not\u00edcias Feira de Santana","item":"https:\/\/www.encontrafeiradesantana.com.br\/sobre\/noticias-em-feira-de-santana\/","nextItem":{"@type":"ListItem","@id":"https:\/\/www.encontrafeiradesantana.com.br\/sobre\/prefeitura-discute-construcao-de-rampa-de-voo-livre-em-feira-de-santana\/#listItem","name":"Prefeitura discute constru\u00e7\u00e3o de rampa de voo livre em Feira de Santana"},"previousItem":{"@type":"ListItem","@id":"https:\/\/www.encontrafeiradesantana.com.br\/sobre#listItem","name":"In\u00edcio"}},{"@type":"ListItem","@id":"https:\/\/www.encontrafeiradesantana.com.br\/sobre\/prefeitura-discute-construcao-de-rampa-de-voo-livre-em-feira-de-santana\/#listItem","position":3,"name":"Prefeitura discute constru\u00e7\u00e3o de rampa de voo livre em Feira de Santana","previousItem":{"@type":"ListItem","@id":"https:\/\/www.encontrafeiradesantana.com.br\/sobre\/noticias-em-feira-de-santana\/#listItem","name":"Not\u00edcias Feira de Santana"}}]},{"@type":"Organization","@id":"https:\/\/www.encontrafeiradesantana.com.br\/sobre\/#organization","name":"Encontra Feira de Santana","description":"Not\u00edcias, eventos, informa\u00e7\u00f5es e dicas na cidade Feira de Santana e regi\u00e3o.","url":"https:\/\/www.encontrafeiradesantana.com.br\/sobre\/"},{"@type":"Person","@id":"https:\/\/www.encontrafeiradesantana.com.br\/sobre\/author\/efeiradesantana\/#author","url":"https:\/\/www.encontrafeiradesantana.com.br\/sobre\/author\/efeiradesantana\/","name":"Encontra Feira de Santana","image":{"@type":"ImageObject","@id":"https:\/\/www.encontrafeiradesantana.com.br\/sobre\/prefeitura-discute-construcao-de-rampa-de-voo-livre-em-feira-de-santana\/#authorImage","url":"https:\/\/secure.gravatar.com\/avatar\/507340682b8270222e1f208e23198b6ae7e2c6a1033ae84e99bc6bce4f82a387?s=96&d=mm&r=g","width":96,"height":96,"caption":"Encontra Feira de Santana"}},{"@type":"WebPage","@id":"https:\/\/www.encontrafeiradesantana.com.br\/sobre\/prefeitura-discute-construcao-de-rampa-de-voo-livre-em-feira-de-santana\/#webpage","url":"https:\/\/www.encontrafeiradesantana.com.br\/sobre\/prefeitura-discute-construcao-de-rampa-de-voo-livre-em-feira-de-santana\/","name":"Prefeitura discute constru\u00e7\u00e3o de rampa de voo livre em Feira de Santana | Encontra Feira de Santana","description":"A constru\u00e7\u00e3o de uma rampa de voo livre na regi\u00e3o de morro de S\u00e3o Jos\u00e9, no distrito de Maria Quit\u00e9ria, foi discutida na manh\u00e3 de ter\u00e7a-feira, 19, entre o secret\u00e1rio de Agricultura e Recursos H\u00eddricos, Ozeny Moraes, e moradores do local. A ideia apresentada \u00e9 de construir uma estrada de 4,1 quil\u00f4metros de extens\u00e3o para","inLanguage":"pt-BR","isPartOf":{"@id":"https:\/\/www.encontrafeiradesantana.com.br\/sobre\/#website"},"breadcrumb":{"@id":"https:\/\/www.encontrafeiradesantana.com.br\/sobre\/prefeitura-discute-construcao-de-rampa-de-voo-livre-em-feira-de-santana\/#breadcrumblist"},"author":{"@id":"https:\/\/www.encontrafeiradesantana.com.br\/sobre\/author\/efeiradesantana\/#author"},"creator":{"@id":"https:\/\/www.encontrafeiradesantana.com.br\/sobre\/author\/efeiradesantana\/#author"},"datePublished":"2013-02-21T00:01:22-03:00","dateModified":"2019-04-29T17:46:35-03:00"},{"@type":"WebSite","@id":"https:\/\/www.encontrafeiradesantana.com.br\/sobre\/#website","url":"https:\/\/www.encontrafeiradesantana.com.br\/sobre\/","name":"Encontra Feira de Santana","description":"Not\u00edcias, eventos, informa\u00e7\u00f5es e dicas na cidade Feira de Santana e regi\u00e3o.","inLanguage":"pt-BR","publisher":{"@id":"https:\/\/www.encontrafeiradesantana.com.br\/sobre\/#organization"}}]},"og:locale":"pt_BR","og:site_name":"Encontra Feira de Santana | Not\u00edcias, eventos, informa\u00e7\u00f5es e dicas na cidade Feira de Santana e regi\u00e3o.","og:type":"article","og:title":"Prefeitura discute constru\u00e7\u00e3o de rampa de voo livre em Feira de Santana | Encontra Feira de Santana","og:description":"A constru\u00e7\u00e3o de uma rampa de voo livre na regi\u00e3o de morro de S\u00e3o Jos\u00e9, no distrito de Maria Quit\u00e9ria, foi discutida na manh\u00e3 de ter\u00e7a-feira, 19, entre o secret\u00e1rio de Agricultura e Recursos H\u00eddricos, Ozeny Moraes, e moradores do local. A ideia apresentada \u00e9 de construir uma estrada de 4,1 quil\u00f4metros de extens\u00e3o para","og:url":"https:\/\/www.encontrafeiradesantana.com.br\/sobre\/prefeitura-discute-construcao-de-rampa-de-voo-livre-em-feira-de-santana\/","article:published_time":"2013-02-21T03:01:22+00:00","article:modified_time":"2019-04-29T20:46:35+00:00","twitter:card":"summary","twitter:title":"Prefeitura discute constru\u00e7\u00e3o de rampa de voo livre em Feira de Santana | Encontra Feira de Santana","twitter:description":"A constru\u00e7\u00e3o de uma rampa de voo livre na regi\u00e3o de morro de S\u00e3o Jos\u00e9, no distrito de Maria Quit\u00e9ria, foi discutida na manh\u00e3 de ter\u00e7a-feira, 19, entre o secret\u00e1rio de Agricultura e Recursos H\u00eddricos, Ozeny Moraes, e moradores do local. A ideia apresentada \u00e9 de construir uma estrada de 4,1 quil\u00f4metros de extens\u00e3o para"},"aioseo_meta_data":{"post_id":"85","title":null,"description":null,"keywords":null,"keyphrases":null,"primary_term":null,"canonical_url":null,"og_title":null,"og_description":null,"og_object_type":"default","og_image_type":"default","og_image_url":null,"og_image_width":null,"og_image_height":null,"og_image_custom_url":null,"og_image_custom_fields":null,"og_video":null,"og_custom_url":null,"og_article_section":null,"og_article_tags":null,"twitter_use_og":false,"twitter_card":"default","twitter_image_type":"default","twitter_image_url":null,"twitter_image_custom_url":null,"twitter_image_custom_fields":null,"twitter_title":null,"twitter_description":null,"schema":{"blockGraphs":[],"customGraphs":[],"default":{"data":{"Article":[],"Course":[],"Dataset":[],"FAQPage":[],"Movie":[],"Person":[],"Product":[],"ProductReview":[],"Car":[],"Recipe":[],"Service":[],"SoftwareApplication":[],"WebPage":[]},"graphName":"Article","isEnabled":true},"graphs":[]},"schema_type":null,"schema_type_options":null,"pillar_content":false,"robots_default":true,"robots_noindex":false,"robots_noarchive":false,"robots_nosnippet":false,"robots_nofollow":false,"robots_noimageindex":false,"robots_noodp":false,"robots_notranslate":false,"robots_max_snippet":null,"robots_max_videopreview":null,"robots_max_imagepreview":"large","priority":null,"frequency":null,"local_seo":null,"breadcrumb_settings":null,"limit_modified_date":false,"ai":null,"created":"2021-04-20 14:31:34","updated":"2025-09-22 16:11:04","focus_keyword":null,"additional_keywords":null,"truseo_locale":null,"seo_analyzer_scan_date":null},"aioseo_breadcrumb":"<div class=\"aioseo-breadcrumbs\"><span class=\"aioseo-breadcrumb\">\n\t\t\t<a href=\"https:\/\/www.encontrafeiradesantana.com.br\/sobre\" title=\"In\u00edcio\">In\u00edcio<\/a>\n\t\t<\/span><span class=\"aioseo-breadcrumb-separator\">&raquo;<\/span><span class=\"aioseo-breadcrumb\">\n\t\t\t<a href=\"https:\/\/www.encontrafeiradesantana.com.br\/sobre\/noticias-em-feira-de-santana\/\" title=\"Not\u00edcias Feira de Santana\">Not\u00edcias Feira de Santana<\/a>\n\t\t<\/span><span class=\"aioseo-breadcrumb-separator\">&raquo;<\/span><span class=\"aioseo-breadcrumb\">\n\t\t\tPrefeitura discute constru\u00e7\u00e3o de rampa de voo livre em Feira de Santana\n\t\t<\/span><\/div>","aioseo_breadcrumb_json":[{"label":"In\u00edcio","link":"https:\/\/www.encontrafeiradesantana.com.br\/sobre"},{"label":"Not\u00edcias Feira de Santana","link":"https:\/\/www.encontrafeiradesantana.com.br\/sobre\/noticias-em-feira-de-santana\/"},{"label":"Prefeitura discute constru\u00e7\u00e3o de rampa de voo livre em Feira de Santana","link":"https:\/\/www.encontrafeiradesantana.com.br\/sobre\/prefeitura-discute-construcao-de-rampa-de-voo-livre-em-feira-de-santana\/"}],"_links":{"self":[{"href":"https:\/\/www.encontrafeiradesantana.com.br\/sobre\/wp-json\/wp\/v2\/posts\/85","targetHints":{"allow":["GET"]}}],"collection":[{"href":"https:\/\/www.encontrafeiradesantana.com.br\/sobre\/wp-json\/wp\/v2\/posts"}],"about":[{"href":"https:\/\/www.encontrafeiradesantana.com.br\/sobre\/wp-json\/wp\/v2\/types\/post"}],"author":[{"embeddable":true,"href":"https:\/\/www.encontrafeiradesantana.com.br\/sobre\/wp-json\/wp\/v2\/users\/1"}],"replies":[{"embeddable":true,"href":"https:\/\/www.encontrafeiradesantana.com.br\/sobre\/wp-json\/wp\/v2\/comments?post=85"}],"version-history":[{"count":4,"href":"https:\/\/www.encontrafeiradesantana.com.br\/sobre\/wp-json\/wp\/v2\/posts\/85\/revisions"}],"predecessor-version":[{"id":642,"href":"https:\/\/www.encontrafeiradesantana.com.br\/sobre\/wp-json\/wp\/v2\/posts\/85\/revisions\/642"}],"wp:attachment":[{"href":"https:\/\/www.encontrafeiradesantana.com.br\/sobre\/wp-json\/wp\/v2\/media?parent=85"}],"wp:term":[{"taxonomy":"category","embeddable":true,"href":"https:\/\/www.encontrafeiradesantana.com.br\/sobre\/wp-json\/wp\/v2\/categories?post=85"},{"taxonomy":"post_tag","embeddable":true,"href":"https:\/\/www.encontrafeiradesantana.com.br\/sobre\/wp-json\/wp\/v2\/tags?post=85"}],"curies":[{"name":"wp","href":"https:\/\/api.w.org\/{rel}","templated":true}]}}