{"id":849,"date":"2021-08-25T05:37:10","date_gmt":"2021-08-25T08:37:10","guid":{"rendered":"https:\/\/www.encontrafeiradesantana.com.br\/sobre\/?p=849"},"modified":"2021-08-25T05:37:10","modified_gmt":"2021-08-25T08:37:10","slug":"cinescla-feira-de-santana","status":"publish","type":"post","link":"https:\/\/www.encontrafeiradesantana.com.br\/sobre\/cinescla-feira-de-santana\/","title":{"rendered":"Cinescla Feira de Santana"},"content":{"rendered":"<div class=\"3f468104ad11f00a3c9ac948316f4265\" data-index=\"1\" style=\"float: none; margin:0px;\">\n<ins class=\"adsbygoogle\"\r\n     style=\"display:block\"\r\n     data-ad-client=\"ca-pub-8585364105181520\"\r\n     data-ad-slot=\"8789329856\"\r\n     data-ad-format=\"auto\"\r\n     data-full-width-responsive=\"true\"><\/ins>\r\n<script>\r\n     (adsbygoogle = window.adsbygoogle || []).push({});\r\n<\/script>\r\n\n<\/div>\n<p>A Rede Cinescla iniciou suas atividades em 1980, com cinemas nos Estados do Rio de Janeiro e Minas Gerais. A partir de 1997, a rede passou a atuar exclusivamente em Shoppings Centers e, hoje, conta com quase 80 (oitenta) salas localizadas em 7 (sete) Estados Brasileiros.<\/p>\n<p><strong>Cinescla Feira de Santana<\/strong> \u00e9 um dos mais tradicionais grupos de cinemas do Brasil e mant\u00e9m uma pol\u00edtica de crescimento, com qualidade e efici\u00eancia em todos os seus complexos.<\/p>\n<p><img loading=\"lazy\" decoding=\"async\" class=\"alignnone wp-image-850 size-full\" title=\"Cinescla Feira de Santana\" src=\"https:\/\/www.encontrafeiradesantana.com.br\/sobre\/wp-content\/uploads\/2021\/08\/CINEMA.gif\" alt=\"Cinescla Feira de Santana\" width=\"680\" height=\"189\" \/><\/p>\n<p>A Rede \u00e9 parceira de grandes grupos de empreendedores nos locais de atua\u00e7\u00e3o.<\/p>\n<h2>Cinescla Feira de Santana Eventos<\/h2>\n<p>Voc\u00ea pode realizar eventos no cinema, basta entrar em contato pelo telefone abaixo. O Cinescla realiza os seguintes eventos:<\/p>\n<ul>\n<li>Evento Empresariais: Fa\u00e7a o evento da sua empresa assistindo a um filme em uma das salas do Cinescla.<\/li>\n<li>Projeto Escola: Traga os alunos da sua escola para uma sess\u00e3o de cinema especial.<\/li>\n<li>Anuncie: Sua marca exibida para o seu p\u00fablico alvo.<\/li>\n<li>Anivers\u00e1rio: Venha comemorar seu anivers\u00e1rio no cinema.<\/li>\n<\/ul>\n<h3>Cinescla Feira de Santana Pre\u00e7os<\/h3>\n<p>Os pre\u00e7os variam de acordo com as sess\u00f5es escolhidas. Voc\u00ea pode consulta-los acessando o Facebook ou site do local.<em><br \/>\n<\/em><\/p>\n<h3>Cinescla Feira de Santana Bomboniere<\/h3>\n<p>O Cinescla conta com uma <em>bomboniere<\/em> recheada de guloseimas pra voc\u00ea degustar durante o filme. N\u00e7ao esque\u00e7a de pegar aquela pipoquinha antes das sess\u00f5es.<\/p>\n<h3>Vagas Cinescla Feira de Santana &#8211; Trabalhe Conosco<\/h3>\n<p>O Cinescla Feira de Santana disponibiliza <em>vagas de trabalho<\/em> durante todo ano. Para se informar sobre os processos seletivos e se candidatar as vagas acompanhe o site da empresa, onde \u00e9 poss\u00edvel se informar sobre vagas abertas, sal\u00e1rios e compet\u00eancias necess\u00e1rias para se candidatar ao processo.<\/p>\n<h3>Hor\u00e1rio de Funcionamento Cinescla em Feira de Santana<\/h3>\n<ul>\n<li>O hor\u00e1rio de funcionamento depende da sess\u00e3o escolhida, entre em contato para maiores informa\u00e7\u00f5es.<\/li>\n<\/ul>\n<h3>Endere\u00e7o e Telefone Cinescla em Feira de Santana<\/h3>\n<ul>\n<li><strong>Am\u00e9rica Outlet:<\/strong> Av. Deputado Luis Eduardo Magalh\u00e3es, s\/n &#8211; Telefone: (75) 3022-9954<\/li>\n<li><strong>Shopping Avenida:<\/strong> Av. N\u00f3ide Cerqueira, 5710 &#8211; Telefone: (75) 3022-9927<\/li>\n<\/ul>\n<h4>Outras informa\u00e7\u00f5es e site<\/h4>\n<ul>\n<li>Mais informa\u00e7\u00f5es:\u00a0<a href=\"https:\/\/www.cinesercla.com.br\/\" target=\"_blank\" rel=\"noopener\">www.cinesercla.com.br<\/a><\/li>\n<\/ul>\n<h4>Mapa de localiza\u00e7\u00e3o Am\u00e9rica Outlet<\/h4>\n<a class=\"wp-colorbox-iframe\" href=\"https:\/\/www.google.com\/maps\/embed?pb=!1m18!1m12!1m3!1d3898.1961707965447!2d-38.89161698578377!3d-12.302572250059931!2m3!1f0!2f0!3f0!3m2!1i1024!2i768!4f13.1!3m3!1m2!1s0x7143124994462690xf5981366e7954df1!2sCineserclaFeiradeSantana!5e0!3m2!1spt-BR!2sbr!4v1629880557693!5m2!1spt-BR!2sbr\"><img decoding=\"async\" src=\"http:\/\/www.encontrafeiradesantana.com.br\/imgs\/maps-post.png\"><\/a>\n\n<div style=\"font-size: 0px; height: 0px; line-height: 0px; margin: 0; padding: 0; clear: both;\"><\/div>","protected":false},"excerpt":{"rendered":"<p>A Rede Cinescla iniciou suas atividades em 1980, com cinemas nos Estados do Rio de Janeiro e Minas Gerais. A partir de 1997, a rede passou a atuar exclusivamente em Shoppings Centers e, hoje, conta com quase 80 (oitenta) salas localizadas em 7 (sete) Estados Brasileiros. Cinescla Feira de Santana \u00e9 um dos mais tradicionais grupos de cinemas do Brasil e mant\u00e9m uma pol\u00edtica de crescimento, com qualidade e efici\u00eancia em todos os seus complexos. A Rede \u00e9 parceira de grandes grupos de empreendedores nos locais de atua\u00e7\u00e3o. Cinescla Feira de Santana Eventos Voc\u00ea pode realizar eventos no cinema, basta <\/p>\n","protected":false},"author":1,"featured_media":850,"comment_status":"open","ping_status":"closed","sticky":false,"template":"","format":"standard","meta":{"footnotes":""},"categories":[28],"tags":[],"class_list":["post-849","post","type-post","status-publish","format-standard","has-post-thumbnail","hentry","category-lugares-em-feira-de-santana","has_thumb"],"aioseo_notices":[],"_links":{"self":[{"href":"https:\/\/www.encontrafeiradesantana.com.br\/sobre\/wp-json\/wp\/v2\/posts\/849","targetHints":{"allow":["GET"]}}],"collection":[{"href":"https:\/\/www.encontrafeiradesantana.com.br\/sobre\/wp-json\/wp\/v2\/posts"}],"about":[{"href":"https:\/\/www.encontrafeiradesantana.com.br\/sobre\/wp-json\/wp\/v2\/types\/post"}],"author":[{"embeddable":true,"href":"https:\/\/www.encontrafeiradesantana.com.br\/sobre\/wp-json\/wp\/v2\/users\/1"}],"replies":[{"embeddable":true,"href":"https:\/\/www.encontrafeiradesantana.com.br\/sobre\/wp-json\/wp\/v2\/comments?post=849"}],"version-history":[{"count":1,"href":"https:\/\/www.encontrafeiradesantana.com.br\/sobre\/wp-json\/wp\/v2\/posts\/849\/revisions"}],"predecessor-version":[{"id":851,"href":"https:\/\/www.encontrafeiradesantana.com.br\/sobre\/wp-json\/wp\/v2\/posts\/849\/revisions\/851"}],"wp:featuredmedia":[{"embeddable":true,"href":"https:\/\/www.encontrafeiradesantana.com.br\/sobre\/wp-json\/wp\/v2\/media\/850"}],"wp:attachment":[{"href":"https:\/\/www.encontrafeiradesantana.com.br\/sobre\/wp-json\/wp\/v2\/media?parent=849"}],"wp:term":[{"taxonomy":"category","embeddable":true,"href":"https:\/\/www.encontrafeiradesantana.com.br\/sobre\/wp-json\/wp\/v2\/categories?post=849"},{"taxonomy":"post_tag","embeddable":true,"href":"https:\/\/www.encontrafeiradesantana.com.br\/sobre\/wp-json\/wp\/v2\/tags?post=849"}],"curies":[{"name":"wp","href":"https:\/\/api.w.org\/{rel}","templated":true}]}}