{"id":831,"date":"2021-08-16T06:33:11","date_gmt":"2021-08-16T09:33:11","guid":{"rendered":"https:\/\/www.encontrafeiradesantana.com.br\/sobre\/?p=831"},"modified":"2021-08-16T06:33:11","modified_gmt":"2021-08-16T09:33:11","slug":"coelba-feira-de-santana","status":"publish","type":"post","link":"https:\/\/www.encontrafeiradesantana.com.br\/sobre\/coelba-feira-de-santana\/","title":{"rendered":"Coelba Feira de Santana"},"content":{"rendered":"<div class=\"3f468104ad11f00a3c9ac948316f4265\" data-index=\"1\" style=\"float: none; margin:0px;\">\n<ins class=\"adsbygoogle\"\r\n     style=\"display:block\"\r\n     data-ad-client=\"ca-pub-8585364105181520\"\r\n     data-ad-slot=\"8789329856\"\r\n     data-ad-format=\"auto\"\r\n     data-full-width-responsive=\"true\"><\/ins>\r\n<script>\r\n     (adsbygoogle = window.adsbygoogle || []).push({});\r\n<\/script>\r\n\n<\/div>\n<p>A Companhia de Eletricidade do Estado da Bahia &#8211; <strong>Coelba Feira de Santana<\/strong> &#8211; \u00e9 uma empresa do Grupo Neoenergia que distribui energia el\u00e9trica a mais de 6 milh\u00f5es de unidades consumidoras, atendendo a 15,3 milh\u00f5es de pessoas.<\/p>\n<p>\u00c9 a terceira maior distribuidora de energia el\u00e9trica do pa\u00eds em n\u00famero de clientes e a sexta em volume de energia distribu\u00edda, de acordo com o ranking da Ag\u00eancia Nacional de Energia El\u00e9trica (Aneel). No Norte e Nordeste, \u00e9 a distribuidora l\u00edder em volume de energia e clientes.<\/p>\n<p><img loading=\"lazy\" decoding=\"async\" class=\"alignnone wp-image-832 size-full\" title=\"Coelba Feira de Santana\" src=\"https:\/\/www.encontrafeiradesantana.com.br\/sobre\/wp-content\/uploads\/2021\/08\/coelba-bahia.gif\" alt=\"Coelba Feira de Santana\" width=\"680\" height=\"189\" \/><\/p>\n<p>Sua \u00e1rea de concess\u00e3o \u00e9 de 563 mil quil\u00f4metros quadrados e abrange 415 dos 417 munic\u00edpios baianos e as cidades de Delmiro Gouveia, em Alagoas, e Dian\u00e1polis, no Tocantins. Dos seus clientes, 88% s\u00e3o residenciais. Na \u00e1rea de concess\u00e3o da Coelba est\u00e1 em andamento o maior programa de universaliza\u00e7\u00e3o da energia el\u00e9trica do pa\u00eds, o Luz para Todos, desenvolvido pelo Governo Federal e executado pelas distribuidoras.<\/p>\n<p>A energia da Coelba passa por 337 subesta\u00e7\u00f5es e mais de 250 mil transformadores e chega ao consumidor atrav\u00e9s de 277 mil quil\u00f4metros de linhas de distribui\u00e7\u00e3o. Para isso, a empresa conta com o trabalho de 12,7 mil colaboradores pr\u00f3prios e terceirizados.<\/p>\n<p>Sediada em Salvador, a Coelba foi constitu\u00edda em 1959, como uma sociedade de economia mista, controlada pelo estado da Bahia. Em 1997, foi privatizada \u2013 tendo sido adquirida pelo cons\u00f3rcio liderado pela Neoenergia. Iberdrola e Previ tamb\u00e9m eram acionistas. Em 2015, as a\u00e7\u00f5es da Iberdrola foram passada \u00e0 Neoenergia.<\/p>\n<p>Desde que foi criada, a Coelba mant\u00e9m seu compromisso primordial de fornecer energia com seguran\u00e7a para o crescimento do estado da Bahia. Age consciente de que seu crescimento est\u00e1 atrelado ao desenvolvimento do estado da Bahia e de toda a sociedade. Alinhada com os objetivos da Neoenergia, a empresa adota um modelo de gest\u00e3o socialmente respons\u00e1vel em todas as suas atividades, visando \u00e0 cria\u00e7\u00e3o de valor para o neg\u00f3cio e \u00e0 contribui\u00e7\u00e3o para uma sociedade sustent\u00e1vel.<\/p>\n<h2>Coelba Feira de Santana Segunda Via<\/h2>\n<p>Para acessar a <em>segunda via<\/em> de sua conta basta entrar no site e clicar em segunda via ou na ag\u00eancia virtual. Utilize seu CPF e a senha e visualize sua conta.<\/p>\n<h3>Coelba Feira de Santana Servi\u00e7os<\/h3>\n<p>A Coelba oferece os seguintes<em> servi\u00e7os:<\/em><\/p>\n<ul>\n<li>Nova Liga\u00e7\u00e3o<\/li>\n<li>Pagamento e Faturas<\/li>\n<li>Consumo e Fornecimento<\/li>\n<li>Minha Conta<\/li>\n<\/ul>\n<h3>Vagas Coelba Feira de Santana &#8211; Trabalhe Conosco<\/h3>\n<p>A Coelba Feira de Santana disponibiliza <em>vagas de trabalho<\/em> durante todo ano. Para se informar sobre os processos seletivos e se candidatar as vagas acompanhe o site da empresa, onde \u00e9 poss\u00edvel se informar sobre vagas abertas, sal\u00e1rios e compet\u00eancias necess\u00e1rias para se candidatar ao processo.<\/p>\n<h3>Hor\u00e1rio de Funcionamento Coelba em Feira de Santana<\/h3>\n<ul>\n<li>Segunda a Sexta das 08h \u00e0s 17h30<\/li>\n<\/ul>\n<h3>Endere\u00e7o e Telefone Coelba em Feira de Santana<\/h3>\n<ul>\n<li><strong>Coelba 1:<\/strong> Av. Maria Quit\u00e9ria, 1735 &#8211; Telefone: 0800 071 7676<\/li>\n<li><strong>Coelba 2:<\/strong> Av. Visc. do Rio Branco, 233 &#8211; Telefone: 0800 071 7676<\/li>\n<li><strong>Coelba Tomba:<\/strong> Av. Sudene, 1001 &#8211; Telefone: 0800 071 7676<\/li>\n<\/ul>\n<h4>Outras informa\u00e7\u00f5es e site<\/h4>\n<ul>\n<li>Mais informa\u00e7\u00f5es:\u00a0<a href=\"https:\/\/servicos.coelba.com.br\/Pages\/index.aspx\" target=\"_blank\" rel=\"noopener\">www.servicos.coelba.com.br<\/a><\/li>\n<\/ul>\n<h4>Mapa de localiza\u00e7\u00e3o Coelba 1<\/h4>\n<a class=\"wp-colorbox-iframe\" href=\"https:\/\/www.google.com\/maps\/embed?pb=!1m18!1m12!1m3!1d3898.9250287789387!2d-38.9562736851854!3d-12.253352691329939!2m3!1f0!2f0!3f0!3m2!1i1024!2i768!4f13.1!3m3!1m2!1s0x71437851b7d80cb0x40c1c4a82721eba!2sAv.MariaQuitria1735-BrasliaFeiradeSantana-BA44135-000!5e0!3m2!1spt-BR!2sbr!4v1629106275447!5m2!1spt-BR!2sbr\"><img decoding=\"async\" src=\"http:\/\/www.encontrafeiradesantana.com.br\/imgs\/maps-post.png\"><\/a>\n\n<div style=\"font-size: 0px; height: 0px; line-height: 0px; margin: 0; padding: 0; clear: both;\"><\/div>","protected":false},"excerpt":{"rendered":"<p>A Companhia de Eletricidade do Estado da Bahia &#8211; Coelba Feira de Santana &#8211; \u00e9 uma empresa do Grupo Neoenergia que distribui energia el\u00e9trica a mais de 6 milh\u00f5es de unidades consumidoras, atendendo a 15,3 milh\u00f5es de pessoas. \u00c9 a terceira maior distribuidora de energia el\u00e9trica do pa\u00eds em n\u00famero de clientes e a sexta em volume de energia distribu\u00edda, de acordo com o ranking da Ag\u00eancia Nacional de Energia El\u00e9trica (Aneel). No Norte e Nordeste, \u00e9 a distribuidora l\u00edder em volume de energia e clientes. Sua \u00e1rea de concess\u00e3o \u00e9 de 563 mil quil\u00f4metros quadrados e abrange 415 dos <\/p>\n","protected":false},"author":1,"featured_media":832,"comment_status":"open","ping_status":"closed","sticky":false,"template":"","format":"standard","meta":{"footnotes":""},"categories":[8],"tags":[],"class_list":["post-831","post","type-post","status-publish","format-standard","has-post-thumbnail","hentry","category-servicos-em-feira-de-santana","has_thumb"],"aioseo_notices":[],"_links":{"self":[{"href":"https:\/\/www.encontrafeiradesantana.com.br\/sobre\/wp-json\/wp\/v2\/posts\/831","targetHints":{"allow":["GET"]}}],"collection":[{"href":"https:\/\/www.encontrafeiradesantana.com.br\/sobre\/wp-json\/wp\/v2\/posts"}],"about":[{"href":"https:\/\/www.encontrafeiradesantana.com.br\/sobre\/wp-json\/wp\/v2\/types\/post"}],"author":[{"embeddable":true,"href":"https:\/\/www.encontrafeiradesantana.com.br\/sobre\/wp-json\/wp\/v2\/users\/1"}],"replies":[{"embeddable":true,"href":"https:\/\/www.encontrafeiradesantana.com.br\/sobre\/wp-json\/wp\/v2\/comments?post=831"}],"version-history":[{"count":1,"href":"https:\/\/www.encontrafeiradesantana.com.br\/sobre\/wp-json\/wp\/v2\/posts\/831\/revisions"}],"predecessor-version":[{"id":833,"href":"https:\/\/www.encontrafeiradesantana.com.br\/sobre\/wp-json\/wp\/v2\/posts\/831\/revisions\/833"}],"wp:featuredmedia":[{"embeddable":true,"href":"https:\/\/www.encontrafeiradesantana.com.br\/sobre\/wp-json\/wp\/v2\/media\/832"}],"wp:attachment":[{"href":"https:\/\/www.encontrafeiradesantana.com.br\/sobre\/wp-json\/wp\/v2\/media?parent=831"}],"wp:term":[{"taxonomy":"category","embeddable":true,"href":"https:\/\/www.encontrafeiradesantana.com.br\/sobre\/wp-json\/wp\/v2\/categories?post=831"},{"taxonomy":"post_tag","embeddable":true,"href":"https:\/\/www.encontrafeiradesantana.com.br\/sobre\/wp-json\/wp\/v2\/tags?post=831"}],"curies":[{"name":"wp","href":"https:\/\/api.w.org\/{rel}","templated":true}]}}