{"id":821,"date":"2021-08-16T05:37:44","date_gmt":"2021-08-16T08:37:44","guid":{"rendered":"https:\/\/www.encontrafeiradesantana.com.br\/sobre\/?p=821"},"modified":"2021-08-16T05:37:44","modified_gmt":"2021-08-16T08:37:44","slug":"sesc-feira-de-santana","status":"publish","type":"post","link":"https:\/\/www.encontrafeiradesantana.com.br\/sobre\/sesc-feira-de-santana\/","title":{"rendered":"Sesc Feira de Santana"},"content":{"rendered":"<div class=\"3f468104ad11f00a3c9ac948316f4265\" data-index=\"1\" style=\"float: none; margin:0px;\">\n<ins class=\"adsbygoogle\"\r\n     style=\"display:block\"\r\n     data-ad-client=\"ca-pub-8585364105181520\"\r\n     data-ad-slot=\"8789329856\"\r\n     data-ad-format=\"auto\"\r\n     data-full-width-responsive=\"true\"><\/ins>\r\n<script>\r\n     (adsbygoogle = window.adsbygoogle || []).push({});\r\n<\/script>\r\n\n<\/div>\n<p>O\u00a0<strong>Sesc Feira de Santana<\/strong>\u00a0do Servi\u00e7o Social do Com\u00e9rcio, \u00e9 fruto de um s\u00f3lido projeto cultural e educativo que trouxe, desde sua cria\u00e7\u00e3o pelo empresariado do com\u00e9rcio e servi\u00e7os em 1946, a marca da inova\u00e7\u00e3o e da transforma\u00e7\u00e3o social.<\/p>\n<p>Ao longo dos anos, o SESC inovou ao introduzir novos modelos de a\u00e7\u00e3o cultural e sublinhou, na d\u00e9cada de 1980, a educa\u00e7\u00e3o como pressuposto para a transforma\u00e7\u00e3o social. A concretiza\u00e7\u00e3o desse prop\u00f3sito se deu por uma intensa atua\u00e7\u00e3o no campo da cultura e suas diferentes manifesta\u00e7\u00f5es, destinadas a todos os p\u00fablicos, em diversas faixas et\u00e1rias e estratos sociais.<\/p>\n<p><img loading=\"lazy\" decoding=\"async\" class=\"alignnone wp-image-822 size-full\" title=\"Sesc Feira de Santana\" src=\"https:\/\/www.encontrafeiradesantana.com.br\/sobre\/wp-content\/uploads\/2021\/08\/sesc-santos-1.gif\" alt=\"Sesc Feira de Santana\" width=\"680\" height=\"189\" \/><\/p>\n<p>Isso n\u00e3o significa apenas oferecer uma grande diversidade de eventos, mas efetivamente contribuir para experi\u00eancias mais duradouras e significativas. No Estado de S\u00e3o Paulo, o SESC conta com uma rede de 32 unidades, em sua maioria centros culturais e desportivos. Oferece tamb\u00e9m atividades de turismo social, programas de sa\u00fade e de educa\u00e7\u00e3o ambiental, programas especiais para crian\u00e7as e terceira idade, al\u00e9m dos pioneiros Mesa Brasil SESC S\u00e3o Paulo, de combate \u00e0 fome e ao desperd\u00edcio de alimentos, e internet livre, de inclus\u00e3o digital. O SESC desenvolve, assim, uma a\u00e7\u00e3o de educa\u00e7\u00e3o informal e permanente com intuito de valorizar as pessoas ao estimular a autonomia pessoal, a intera\u00e7\u00e3o e o contato com express\u00f5es e modos diversos de pensar, agir e sentir.<\/p>\n<h2>Sesc Feira de Santana Sa\u00fade<\/h2>\n<p>Para o Sesc, a\u00a0<em>sa\u00fade<\/em>\u00a0\u00e9 compreendida como reflexo das condi\u00e7\u00f5es pol\u00edticas, econ\u00f4micas e sociais da popula\u00e7\u00e3o. Assim, o Sesc planeja suas atividades para que se multipliquem nacionalmente e beneficiem milhares de brasileiros. Voltados para os comerci\u00e1rios e toda popula\u00e7\u00e3o, os programas de sa\u00fade valorizam a preven\u00e7\u00e3o e a promo\u00e7\u00e3o.<\/p>\n<p>Por meio de seus programas, o Sesc oferece assist\u00eancia m\u00e9dica dentro de suas atividades, com a\u00e7\u00f5es destinadas ao diagn\u00f3stico, \u00e0 preven\u00e7\u00e3o e ao tratamento de doen\u00e7as; atendimento odontol\u00f3gico de qualidade; preocupa-se com a alimenta\u00e7\u00e3o segura e balanceada atrav\u00e9s da atividade Nutri\u00e7\u00e3o; e, al\u00e9m disso, o Sesc realiza projetos de Educa\u00e7\u00e3o para Sa\u00fade que buscam prevenir doen\u00e7as sexualmente transmiss\u00edveis, entre outras enfermidades, o controle social e promo\u00e7\u00e3o da sa\u00fade.<\/p>\n<h3>Sesc Feira de Santana Educa\u00e7\u00e3o<\/h3>\n<p>Processo de transforma\u00e7\u00e3o social e cidadania, a\u00a0<em>Educa\u00e7\u00e3o<\/em>\u00a0est\u00e1 em todas as a\u00e7\u00f5es do Sesc. Seja em atividades ou projetos, o objetivo \u00e9 instruir, educar e orientar de maneira completa nas mais diferentes \u00e1reas do conhecimento. No Sesc, a Educa\u00e7\u00e3o \u00e9 din\u00e2mica, acredita na autonomia e na capacidade de cada aluno. Ela est\u00e1 nas salas de aula das escolas, nos cursos de valoriza\u00e7\u00e3o social, pr\u00e9-vestibulares, bibliotecas, salas de ci\u00eancia, centros de atividades e atende todas as faixas et\u00e1rias.<\/p>\n<p>Da alfabetiza\u00e7\u00e3o aos cursos de atualiza\u00e7\u00e3o profissional, o Sesc oferece educa\u00e7\u00e3o de qualidade a crian\u00e7as, jovens, adultos e idoso. Al\u00e9m disso, investe ainda na forma\u00e7\u00e3o e capacita\u00e7\u00e3o de professores. Por meio de cursos, oficinas e semin\u00e1rios, os profissionais de pedagogia da rede p\u00fablica e privada de ensino realizam interc\u00e2mbio de experi\u00eancias e conhecimentos.<\/p>\n<h3>Sesc Feira de Santana Cultura<\/h3>\n<p>O Sesc est\u00e1 em todo pa\u00eds para democratizar o acesso dos cidad\u00e3os ao cinema, teatro, concertos, museus e bibliotecas. Por isso, entrela\u00e7a entretenimento e divers\u00e3o com educa\u00e7\u00e3o para promover cultura de qualidade e ajudar na forma\u00e7\u00e3o l\u00fadica de milh\u00f5es de brasileiros. Grande parte das atra\u00e7\u00f5es culturais do Sesc s\u00e3o gratuitas e chegam em locais que geralmente n\u00e3o recebem circuitos comerciais.<\/p>\n<p>O Sesc leva o cinema \u00e0s pra\u00e7as e o teatro para as ruas. Promove shows e exposi\u00e7\u00f5es, festivais e saraus sobre temas populares referentes \u00e0s nossas m\u00faltiplas culturas, realidades e sociedades. Al\u00e9m disso, ensina a fazer\u00a0<em>Cultura<\/em>\u00a0por meio de cursos, oficinas e palestras que se multiplicam nas unidades.<\/p>\n<h3>Sesc Feira de Santana Lazer<\/h3>\n<p>Para promover o\u00a0<em>Lazer<\/em>\u00a0em suas unidades de todo pa\u00eds, o Sesc une atividades de recrea\u00e7\u00e3o, turismo, esporte e educa\u00e7\u00e3o \u2013 sua principal diretriz de atua\u00e7\u00e3o. Dessa forma, todos os projetos de Lazer s\u00e3o pensados para disseminar valores, promover a criatividade e destacar habilidades. No Sesc, comerci\u00e1rios, usu\u00e1rios e seus dependentes participam de campeonatos, gincanas, excurs\u00f5es e passeios, al\u00e9m de terem \u00e0 disposi\u00e7\u00e3o equipamentos para pr\u00e1tica de atividades f\u00edsicas, piscinas e quadras de esportes. Assim, o Sesc privilegia espa\u00e7os que proporcionam a qualidade de vida e as rela\u00e7\u00f5es pessoais.<\/p>\n<p>Desde sua funda\u00e7\u00e3o o Sesc incentiva pr\u00e1ticas que democratizam o acesso ao lazer. Seja nas unidades espalhadas em cidades do litoral, do interior ou em espa\u00e7os comunit\u00e1rios, diferentes idades e classes sociais se encontram no Sesc com o objetivo de se divertir, praticar esportes, assistir espet\u00e1culos e manter em equil\u00edbrio a sa\u00fade f\u00edsica e mental.<\/p>\n<h3>Vagas Sesc Feira de Santana \u2013 Trabalhe Conosco<\/h3>\n<p>O Sesc Feira de Santana disponibiliza <em>vagas de trabalho<\/em>\u00a0durante todo ano. Para se informar sobre os processos seletivos e se candidatar as vagas acompanhe o site da empresa, onde \u00e9 poss\u00edvel se informar sobre vagas abertas, sal\u00e1rios e compet\u00eancias necess\u00e1rias para se candidatar ao processo.<ins class=\"adsbygoogle\" data-ad-layout=\"in-article\" data-ad-format=\"fluid\" data-ad-client=\"ca-pub-6414922941841817\" data-ad-slot=\"1158071521\" data-adsbygoogle-status=\"done\"><ins id=\"aswift_3_expand\"><ins id=\"aswift_3_anchor\"><\/ins><\/ins><\/ins><\/p>\n<h3>Hor\u00e1rio de Funcionamento Sesc Feira de Santana<\/h3>\n<ul>\n<li>Ter\u00e7a a Sexta das 08h \u00e0s 18h30 \/ S\u00e1bado e Domingo das 09h \u00e0s 16h<\/li>\n<\/ul>\n<h3>Endere\u00e7o e Telefone Sesc Feira de Santana<\/h3>\n<ul>\n<li>R. Guaratatuba, 345 &#8211; Tomba &#8211; Feira de Santana &#8211; BA<\/li>\n<li>Telefone: (75) 3622-1550<\/li>\n<\/ul>\n<h4>Outras informa\u00e7\u00f5es e site<\/h4>\n<ul>\n<li>Mais informa\u00e7\u00f5es:\u00a0<a href=\"http:\/\/www.sescbahia.com.br\/\" target=\"_blank\" rel=\"noopener\">www.sescbahia.com.br<\/a><\/li>\n<\/ul>\n<h4>Mapa de localiza\u00e7\u00e3o<\/h4>\n<a class=\"wp-colorbox-iframe\" href=\"https:\/\/www.google.com\/maps\/embed?pb=!1m14!1m8!1m3!1d15593.883930249447!2d-38.9533114!3d-12.2840371!3m2!1i1024!2i768!4f13.1!3m3!1m2!1s0x00xf38cc5d26ded946e!2sSESCFeiradeSantana!5e0!3m2!1spt-BR!2sbr!4v1629102971577!5m2!1spt-BR!2sbr\"><img decoding=\"async\" src=\"http:\/\/www.encontrafeiradesantana.com.br\/imgs\/maps-post.png\"><\/a>\n\n<div style=\"font-size: 0px; height: 0px; line-height: 0px; margin: 0; padding: 0; clear: both;\"><\/div>","protected":false},"excerpt":{"rendered":"<p>O\u00a0Sesc Feira de Santana\u00a0do Servi\u00e7o Social do Com\u00e9rcio, \u00e9 fruto de um s\u00f3lido projeto cultural e educativo que trouxe, desde sua cria\u00e7\u00e3o pelo empresariado do com\u00e9rcio e servi\u00e7os em 1946, a marca da inova\u00e7\u00e3o e da transforma\u00e7\u00e3o social. Ao longo dos anos, o SESC inovou ao introduzir novos modelos de a\u00e7\u00e3o cultural e sublinhou, na d\u00e9cada de 1980, a educa\u00e7\u00e3o como pressuposto para a transforma\u00e7\u00e3o social. A concretiza\u00e7\u00e3o desse prop\u00f3sito se deu por uma intensa atua\u00e7\u00e3o no campo da cultura e suas diferentes manifesta\u00e7\u00f5es, destinadas a todos os p\u00fablicos, em diversas faixas et\u00e1rias e estratos sociais. Isso n\u00e3o significa apenas <\/p>\n","protected":false},"author":1,"featured_media":822,"comment_status":"open","ping_status":"closed","sticky":false,"template":"","format":"standard","meta":{"footnotes":""},"categories":[28],"tags":[],"class_list":["post-821","post","type-post","status-publish","format-standard","has-post-thumbnail","hentry","category-lugares-em-feira-de-santana","has_thumb"],"aioseo_notices":[],"_links":{"self":[{"href":"https:\/\/www.encontrafeiradesantana.com.br\/sobre\/wp-json\/wp\/v2\/posts\/821","targetHints":{"allow":["GET"]}}],"collection":[{"href":"https:\/\/www.encontrafeiradesantana.com.br\/sobre\/wp-json\/wp\/v2\/posts"}],"about":[{"href":"https:\/\/www.encontrafeiradesantana.com.br\/sobre\/wp-json\/wp\/v2\/types\/post"}],"author":[{"embeddable":true,"href":"https:\/\/www.encontrafeiradesantana.com.br\/sobre\/wp-json\/wp\/v2\/users\/1"}],"replies":[{"embeddable":true,"href":"https:\/\/www.encontrafeiradesantana.com.br\/sobre\/wp-json\/wp\/v2\/comments?post=821"}],"version-history":[{"count":1,"href":"https:\/\/www.encontrafeiradesantana.com.br\/sobre\/wp-json\/wp\/v2\/posts\/821\/revisions"}],"predecessor-version":[{"id":823,"href":"https:\/\/www.encontrafeiradesantana.com.br\/sobre\/wp-json\/wp\/v2\/posts\/821\/revisions\/823"}],"wp:featuredmedia":[{"embeddable":true,"href":"https:\/\/www.encontrafeiradesantana.com.br\/sobre\/wp-json\/wp\/v2\/media\/822"}],"wp:attachment":[{"href":"https:\/\/www.encontrafeiradesantana.com.br\/sobre\/wp-json\/wp\/v2\/media?parent=821"}],"wp:term":[{"taxonomy":"category","embeddable":true,"href":"https:\/\/www.encontrafeiradesantana.com.br\/sobre\/wp-json\/wp\/v2\/categories?post=821"},{"taxonomy":"post_tag","embeddable":true,"href":"https:\/\/www.encontrafeiradesantana.com.br\/sobre\/wp-json\/wp\/v2\/tags?post=821"}],"curies":[{"name":"wp","href":"https:\/\/api.w.org\/{rel}","templated":true}]}}