{"id":785,"date":"2021-08-09T05:33:34","date_gmt":"2021-08-09T08:33:34","guid":{"rendered":"https:\/\/www.encontrafeiradesantana.com.br\/sobre\/?p=785"},"modified":"2021-08-09T05:33:34","modified_gmt":"2021-08-09T08:33:34","slug":"senac-feira-de-santana","status":"publish","type":"post","link":"https:\/\/www.encontrafeiradesantana.com.br\/sobre\/senac-feira-de-santana\/","title":{"rendered":"Senac Feira de Santana"},"content":{"rendered":"<div class=\"3f468104ad11f00a3c9ac948316f4265\" data-index=\"1\" style=\"float: none; margin:0px;\">\n<ins class=\"adsbygoogle\"\r\n     style=\"display:block\"\r\n     data-ad-client=\"ca-pub-8585364105181520\"\r\n     data-ad-slot=\"8789329856\"\r\n     data-ad-format=\"auto\"\r\n     data-full-width-responsive=\"true\"><\/ins>\r\n<script>\r\n     (adsbygoogle = window.adsbygoogle || []).push({});\r\n<\/script>\r\n\n<\/div>\n<p>O\u00a0<strong>Senac Feira de Santana<\/strong>\u00a0contribui com a forma\u00e7\u00e3o profissional de milhares de brasileiros, oferecendo cursos de Forma\u00e7\u00e3o Inicial e Continuada, Educa\u00e7\u00e3o Profissional T\u00e9cnica de N\u00edvel M\u00e9dio, de N\u00edvel Superior, al\u00e9m de a\u00e7\u00f5es extensivas, como workshops, congressos e palestras.<\/p>\n<p>A institui\u00e7\u00e3o foi criada em 10 de janeiro de 1946 pelo Decreto-lei n\u00ba 8.621. Neste mesmo ano, em 14 de outubro, chegaria a Pernambuco com a funda\u00e7\u00e3o do Conselho Regional do Senac no Nordeste Oriental.<\/p>\n<p><img loading=\"lazy\" decoding=\"async\" class=\"alignnone wp-image-786 size-full\" title=\"Senac Feira de Santana\" src=\"https:\/\/www.encontrafeiradesantana.com.br\/sobre\/wp-content\/uploads\/2021\/08\/ESCOLA.gif\" alt=\"Senac Feira de Santana\" width=\"680\" height=\"189\" \/><\/p>\n<p>Em quase sete d\u00e9cadas dedicadas \u00e0 educa\u00e7\u00e3o, o Senac tem orgulho de ter atendido a popula\u00e7\u00e3o goiana em diversas modalidades de cursos livres, t\u00e9cnicos, de extens\u00e3o, de gradua\u00e7\u00e3o e p\u00f3s-gradua\u00e7\u00e3o presencial e a dist\u00e2ncia.<\/p>\n<p>O Senac desenvolve tamb\u00e9m atendimento espec\u00edfico para empresas, o Atendimento Corporativo, com palestras, semin\u00e1rios, workshops, oficinas customizadas, conforme a necessidade e particularidade de cada organiza\u00e7\u00e3o.<\/p>\n<p>O Senac\u00a0Bauru \u00e9 uma das unidades atuantes do Senac Bahia. Trata-se de uma das mais antigas no estado e por isso, uma das mais atuantes, pois atende n\u00e3o somente a cidade de Bauru, mas toda a demandas das cidades vizinhas em sua regi\u00e3o. Sua hist\u00f3ria teve in\u00edcio na ministra\u00e7\u00e3o de cursos de aprendizagem.<\/p>\n<p>Contudo, com o passar dos anos a regi\u00e3o necessitava de m\u00e3o de obra qualificada para atender as demandas do mercado, foi a partir da\u00ed que o unidade se tornou tamb\u00e9m uma institui\u00e7\u00e3o voltada para o aperfei\u00e7oamento e forma\u00e7\u00e3o de profissionais para a \u00e1rea do Com\u00e9rcio, servi\u00e7os e turismo.<\/p>\n<h2>Cursos Senac Feira de Santana<\/h2>\n<p>O Senac preparou mais de 40 milh\u00f5es de pessoas para o setor de Com\u00e9rcio e Servi\u00e7os, contribuindo para a valoriza\u00e7\u00e3o do trabalhador, por meio de sua capacita\u00e7\u00e3o profissional com uma vasta op\u00e7\u00e3o de cursos em doze \u00e1reas de forma\u00e7\u00e3o, incluindo cursos de idiomas.<\/p>\n<p>O Senac Bauru Oferece\u00a0<em>cursos<\/em>\u00a0na \u00e1rea de beleza, sa\u00fade, inform\u00e1tica, idiomas e restaurante escola.<\/p>\n<h3>Senac Feira de Santana Cursos Gratuitos<\/h3>\n<p>Por meio do\u00a0<em>Programa Senac de Gratuidade (PSG)<\/em>\u00a0voc\u00ea tem acesso a diversos cursos a dist\u00e2ncia para ganhar novos conhecimentos e conquistar mais espa\u00e7o no mercado de trabalho. O PSG destina-se a pessoas com renda familiar mensal per capita que n\u00e3o ultrapasse 2 sal\u00e1rios m\u00ednimos federais.<\/p>\n<p>Antes de efetuar a inscri\u00e7\u00e3o, o candidato dever\u00e1 tomar conhecimento das informa\u00e7\u00f5es dispon\u00edveis na guia \u201cPr\u00e9-requisitos\u201d de cada curso e certificar-se de que atende a todos os crit\u00e9rios exigidos. As vagas est\u00e3o sujeitas \u00e0 disponibilidade nos estados.<\/p>\n<h3>Senac Feira de Santana Cursos Jovem Aprendiz<\/h3>\n<p>O Senac participa do programa\u00a0<em>Jovem Aprendiz<\/em>. Para trabalhar no Senac pelo programa basta se inscrever no Jovem Aprendiz e se candidatar \u00e0s vagas dispon\u00edveis.<\/p>\n<h3>Vagas Senac Feira de Santana \u2013 Trabalhe Conosco<\/h3>\n<p>Voc\u00ea pode se candidatar a uma vaga de trabalho no Senac Feira de Santana acessando o Banco de Talentos da institui\u00e7\u00e3o.<\/p>\n<h3>Hor\u00e1rio de Funcionamento Senac em Feira de Santana<\/h3>\n<ul>\n<li>Segunda a Sexta das 07h30 \u00e0s 21h e S\u00e1bado das 08h \u00e0s 13h<\/li>\n<\/ul>\n<h3>Endere\u00e7o e Telefone Senac em Feira de Santana<\/h3>\n<ul>\n<li><strong>Centro:<\/strong> Rua Domingos Barbosa de Araujo, 48 &#8211; Telefone: (75) 3603-3110<\/li>\n<li><strong>Ponto Central:<\/strong> Rua Prof. Fernando S\u00e3o Paulo, 44 &#8211; Telefone: (75) 3603-3110<\/li>\n<li><strong>S\u00e3o Jo\u00e3o:<\/strong> Rua Prof. Fernando S\u00e3o Palo, 651 &#8211; Telefone: (75) 3603-3110<\/li>\n<\/ul>\n<h4>Outras informa\u00e7\u00f5es e site<\/h4>\n<ul>\n<li>Mais informa\u00e7\u00f5es:\u00a0<a href=\"https:\/\/cursos.ba.senac.br\/\" target=\"_blank\" rel=\"noopener noreferrer\">www.cursos.ba.senac.br<\/a><\/li>\n<\/ul>\n<h4>Mapa de localiza\u00e7\u00e3o Centro<\/h4>\n<a class=\"wp-colorbox-iframe\" href=\"https:\/\/www.google.com\/maps\/embed?pb=!1m18!1m12!1m3!1d3898.936542794307!2d-38.96433718518552!3d-12.252573591330464!2m3!1f0!2f0!3f0!3m2!1i1024!2i768!4f13.1!3m3!1m2!1s0x714378de7b9cbb70xfa65e084ddc7e2a!2sR.DomingosBarbosadeArajo48-CentroFeiradeSantana-BA44001-216!5e0!3m2!1spt-BR!2sbr!4v1628497914819!5m2!1spt-BR!2sbr\"><img decoding=\"async\" src=\"http:\/\/www.encontrafeiradesantana.com.br\/imgs\/maps-post.png\"><\/a>\n\n<div style=\"font-size: 0px; height: 0px; line-height: 0px; margin: 0; padding: 0; clear: both;\"><\/div>","protected":false},"excerpt":{"rendered":"<p>O\u00a0Senac Feira de Santana\u00a0contribui com a forma\u00e7\u00e3o profissional de milhares de brasileiros, oferecendo cursos de Forma\u00e7\u00e3o Inicial e Continuada, Educa\u00e7\u00e3o Profissional T\u00e9cnica de N\u00edvel M\u00e9dio, de N\u00edvel Superior, al\u00e9m de a\u00e7\u00f5es extensivas, como workshops, congressos e palestras. A institui\u00e7\u00e3o foi criada em 10 de janeiro de 1946 pelo Decreto-lei n\u00ba 8.621. Neste mesmo ano, em 14 de outubro, chegaria a Pernambuco com a funda\u00e7\u00e3o do Conselho Regional do Senac no Nordeste Oriental. Em quase sete d\u00e9cadas dedicadas \u00e0 educa\u00e7\u00e3o, o Senac tem orgulho de ter atendido a popula\u00e7\u00e3o goiana em diversas modalidades de cursos livres, t\u00e9cnicos, de extens\u00e3o, de gradua\u00e7\u00e3o <\/p>\n","protected":false},"author":1,"featured_media":786,"comment_status":"open","ping_status":"closed","sticky":false,"template":"","format":"standard","meta":{"footnotes":""},"categories":[27],"tags":[],"class_list":["post-785","post","type-post","status-publish","format-standard","has-post-thumbnail","hentry","category-educacao-em-feira-de-santana","has_thumb"],"aioseo_notices":[],"_links":{"self":[{"href":"https:\/\/www.encontrafeiradesantana.com.br\/sobre\/wp-json\/wp\/v2\/posts\/785","targetHints":{"allow":["GET"]}}],"collection":[{"href":"https:\/\/www.encontrafeiradesantana.com.br\/sobre\/wp-json\/wp\/v2\/posts"}],"about":[{"href":"https:\/\/www.encontrafeiradesantana.com.br\/sobre\/wp-json\/wp\/v2\/types\/post"}],"author":[{"embeddable":true,"href":"https:\/\/www.encontrafeiradesantana.com.br\/sobre\/wp-json\/wp\/v2\/users\/1"}],"replies":[{"embeddable":true,"href":"https:\/\/www.encontrafeiradesantana.com.br\/sobre\/wp-json\/wp\/v2\/comments?post=785"}],"version-history":[{"count":1,"href":"https:\/\/www.encontrafeiradesantana.com.br\/sobre\/wp-json\/wp\/v2\/posts\/785\/revisions"}],"predecessor-version":[{"id":787,"href":"https:\/\/www.encontrafeiradesantana.com.br\/sobre\/wp-json\/wp\/v2\/posts\/785\/revisions\/787"}],"wp:featuredmedia":[{"embeddable":true,"href":"https:\/\/www.encontrafeiradesantana.com.br\/sobre\/wp-json\/wp\/v2\/media\/786"}],"wp:attachment":[{"href":"https:\/\/www.encontrafeiradesantana.com.br\/sobre\/wp-json\/wp\/v2\/media?parent=785"}],"wp:term":[{"taxonomy":"category","embeddable":true,"href":"https:\/\/www.encontrafeiradesantana.com.br\/sobre\/wp-json\/wp\/v2\/categories?post=785"},{"taxonomy":"post_tag","embeddable":true,"href":"https:\/\/www.encontrafeiradesantana.com.br\/sobre\/wp-json\/wp\/v2\/tags?post=785"}],"curies":[{"name":"wp","href":"https:\/\/api.w.org\/{rel}","templated":true}]}}