{"id":783,"date":"2021-08-09T05:24:24","date_gmt":"2021-08-09T08:24:24","guid":{"rendered":"https:\/\/www.encontrafeiradesantana.com.br\/sobre\/?p=783"},"modified":"2021-08-09T05:24:24","modified_gmt":"2021-08-09T08:24:24","slug":"hto-feira-de-santana","status":"publish","type":"post","link":"https:\/\/www.encontrafeiradesantana.com.br\/sobre\/hto-feira-de-santana\/","title":{"rendered":"HTO Feira de Santana"},"content":{"rendered":"<div class=\"3f468104ad11f00a3c9ac948316f4265\" data-index=\"1\" style=\"float: none; margin:0px;\">\n<ins class=\"adsbygoogle\"\r\n     style=\"display:block\"\r\n     data-ad-client=\"ca-pub-8585364105181520\"\r\n     data-ad-slot=\"8789329856\"\r\n     data-ad-format=\"auto\"\r\n     data-full-width-responsive=\"true\"><\/ins>\r\n<script>\r\n     (adsbygoogle = window.adsbygoogle || []).push({});\r\n<\/script>\r\n\n<\/div>\n<p>Acolhimento \u00e9 tudo que voc\u00ea mais precisa quando o assunto \u00e9 sa\u00fade. O pioneirismo e a elevada qualifica\u00e7\u00e3o dos servi\u00e7os marcam a trajet\u00f3ria do<strong> HTO Feira de Santana.<\/strong> Nascido em 27 de Novembro de 1992 com o prop\u00f3sito de tornar-se refer\u00eancia no interior do Estado em ortopedia e Traumatologia, hoje tamb\u00e9m refer\u00eancia em todas as especialidades.<\/p>\n<p>A Cl\u00ednica, ao longo dos anos, tornou-se o Hospital Geral, dispondo de uma avan\u00e7ada estrutura para todos os atendimentos, desde os mais simples aos de alta complexidade.<\/p>\n<p><img loading=\"lazy\" decoding=\"async\" class=\"alignnone size-full wp-image-771\" src=\"https:\/\/www.encontrafeiradesantana.com.br\/sobre\/wp-content\/uploads\/2021\/07\/UBS-ARACAJU.gif\" alt=\"\" width=\"680\" height=\"189\" \/><br \/>\nBuscando sempre aprimorar a infraestrutura, para melhor atender aos seus clientes, aliada \u00e0 compet\u00eancia da sua equipe multiprofissional, proporcionou ao HTO conquistas importantes no mercado de Feira de Santana. Tudo isso, faz com que o HTO seja refer\u00eancia no interior do Estado quando o assunto \u00e9 sa\u00fade.<\/p>\n<h2>HTO Feira de Santana Estrutura<\/h2>\n<p>O Hospital oferece <em>leitos<\/em> para internamento cl\u00ednico e cir\u00fargico; UTI com 6 leitos; centro cir\u00fargico amplamente equipado, centro de diagn\u00f3stico por imagem dotado de equipamentos de ponta, que realizam exames de alta complexidade, como Densitometria \u00d3ssea e Tomografia Computadorizada.<\/p>\n<h3>Hospital Geral Feira de Santana Exames<\/h3>\n<p>O Hospital Geral oferece os seguintes<em> exames:<\/em><\/p>\n<ul>\n<li>Raio X<\/li>\n<li>Resson\u00e2ncia Magn\u00e9tica de Campo Aberto<\/li>\n<li>Densitometria \u00d3ssea<\/li>\n<li>Tomografia Computadorizada<\/li>\n<li>Ultrassonografia<\/li>\n<\/ul>\n<h3>Hospital Geral Feira de Santana Especialidades<\/h3>\n<p>O HTO oferece as seguintes <em>especialidades<\/em> m\u00e9dicas:<em><br \/>\n<\/em><\/p>\n<ul>\n<li>Ortopedia<\/li>\n<li>Especialista em Coluna<\/li>\n<li>Especialista em M\u00e3o<\/li>\n<li>Especialista em Joelho<\/li>\n<li>Especialista em Ombro<\/li>\n<li>Especialista em P\u00e9\/Tornozelo<\/li>\n<li>Clinica da Dor<\/li>\n<li>Urologista<\/li>\n<li>Ginecologista<\/li>\n<li>Clinica Geral<\/li>\n<li>Buco-Maxilo-Facial<\/li>\n<li>Cirurgia Pl\u00e1stica<\/li>\n<li>Nutricionista<\/li>\n<li>Cirurgia Geral<\/li>\n<li>Angiologista<\/li>\n<li>Fisioterapia<\/li>\n<li>Fonoaudiologia<\/li>\n<\/ul>\n<h3>HTO Feira de Santana Conv\u00eanios<\/h3>\n<p>Atualmente, o HTO atende aos principais <em>conv\u00eanios<\/em> do mercado. Acesse o site e confira se o seu plano est\u00e1 na lista de atendimento do hospital.<\/p>\n<h3>Vagas HTO Feira de Santana &#8211; Trabalhe Conosco<\/h3>\n<p>O HTO Feira de Santana disponibiliza <em>vagas de trabalho<\/em> durante todo ano. Para se informar sobre os processos seletivos e se candidatar as vagas acompanhe o site da empresa, onde \u00e9 poss\u00edvel se informar sobre vagas abertas, sal\u00e1rios e compet\u00eancias necess\u00e1rias para se candidatar ao processo.<\/p>\n<h3>Hor\u00e1rio de Funcionamento Hospital Geral em Feira de Santana<\/h3>\n<ul>\n<li><strong>Pronto Socorro:<\/strong> 24 horas<\/li>\n<li><strong>Especialidades:<\/strong> Segunda a Sexta das 08h \u00e0s 17h<\/li>\n<li><strong>Ortopedia:<\/strong> Todos os dias das 09h \u00e0s 17h<\/li>\n<li><strong>Sobradinho:<\/strong> Segunda a Sexta das 07h \u00e0s 19h \/ S\u00e1bado das 07h \u00e0s13h<\/li>\n<li><strong>Fisioterapia:<\/strong> Segunda a Sexta das 08h \u00e0s 17h<\/li>\n<\/ul>\n<h3>Endere\u00e7o e Telefone Hospital Geral em Feira de Santana<\/h3>\n<ul>\n<li><strong>Pronto Socorro:<\/strong> Av. Get\u00falio Vargas, 1412 &#8211; Telefone: (75) 2101-1200<\/li>\n<li><strong>Especialidades:<\/strong> Rua Dr. Sabino Silva, 1114 &#8211; Telefone: (75) 3021-1230<\/li>\n<li><strong>Ortopedia:<\/strong> Rua Domingos Barbosa de Araujo, s\/n &#8211; Telefone: (75) 2101-1205<\/li>\n<li><strong>Sobradinho:<\/strong> Rua Arivaldo de Carvalho, 645 &#8211; Telefone: (75) 3022-9967<\/li>\n<li><strong>Fisioterapia:<\/strong> Rua Visconte de Cari\u00fa, 314 &#8211; Telefone: (75) 2101-1317<\/li>\n<\/ul>\n<h4>Outras informa\u00e7\u00f5es e site<\/h4>\n<ul>\n<li>Mais informa\u00e7\u00f5es:\u00a0<a href=\"http:\/\/hto.com.br\/\" target=\"_blank\" rel=\"noopener noreferrer\">www.hto.com.br<\/a><\/li>\n<\/ul>\n<h4>Mapa de localiza\u00e7\u00e3o Pronto Socorro<\/h4>\n<a class=\"wp-colorbox-iframe\" href=\"https:\/\/www.google.com\/maps\/embed?pb=!1m18!1m12!1m3!1d3898.8949716001084!2d-38.95425788518538!3d-12.255386291328566!2m3!1f0!2f0!3f0!3m2!1i1024!2i768!4f13.1!3m3!1m2!1s0x714379b4cbc22430xd816eb4222aaaf5a!2sAv.GetlioVargas1412-PontoCentralFeiradeSantana-BA47800-010!5e0!3m2!1spt-BR!2sbr!4v1628497369824!5m2!1spt-BR!2sbr\"><img decoding=\"async\" src=\"http:\/\/www.encontrafeiradesantana.com.br\/imgs\/maps-post.png\"><\/a>\n\n<div style=\"font-size: 0px; height: 0px; line-height: 0px; margin: 0; padding: 0; clear: both;\"><\/div>","protected":false},"excerpt":{"rendered":"<p>Acolhimento \u00e9 tudo que voc\u00ea mais precisa quando o assunto \u00e9 sa\u00fade. O pioneirismo e a elevada qualifica\u00e7\u00e3o dos servi\u00e7os marcam a trajet\u00f3ria do HTO Feira de Santana. Nascido em 27 de Novembro de 1992 com o prop\u00f3sito de tornar-se refer\u00eancia no interior do Estado em ortopedia e Traumatologia, hoje tamb\u00e9m refer\u00eancia em todas as especialidades. A Cl\u00ednica, ao longo dos anos, tornou-se o Hospital Geral, dispondo de uma avan\u00e7ada estrutura para todos os atendimentos, desde os mais simples aos de alta complexidade. Buscando sempre aprimorar a infraestrutura, para melhor atender aos seus clientes, aliada \u00e0 compet\u00eancia da sua equipe <\/p>\n","protected":false},"author":1,"featured_media":771,"comment_status":"open","ping_status":"closed","sticky":false,"template":"","format":"standard","meta":{"footnotes":""},"categories":[31],"tags":[],"class_list":["post-783","post","type-post","status-publish","format-standard","has-post-thumbnail","hentry","category-saude-em-feira-de-santana","has_thumb"],"aioseo_notices":[],"_links":{"self":[{"href":"https:\/\/www.encontrafeiradesantana.com.br\/sobre\/wp-json\/wp\/v2\/posts\/783","targetHints":{"allow":["GET"]}}],"collection":[{"href":"https:\/\/www.encontrafeiradesantana.com.br\/sobre\/wp-json\/wp\/v2\/posts"}],"about":[{"href":"https:\/\/www.encontrafeiradesantana.com.br\/sobre\/wp-json\/wp\/v2\/types\/post"}],"author":[{"embeddable":true,"href":"https:\/\/www.encontrafeiradesantana.com.br\/sobre\/wp-json\/wp\/v2\/users\/1"}],"replies":[{"embeddable":true,"href":"https:\/\/www.encontrafeiradesantana.com.br\/sobre\/wp-json\/wp\/v2\/comments?post=783"}],"version-history":[{"count":1,"href":"https:\/\/www.encontrafeiradesantana.com.br\/sobre\/wp-json\/wp\/v2\/posts\/783\/revisions"}],"predecessor-version":[{"id":784,"href":"https:\/\/www.encontrafeiradesantana.com.br\/sobre\/wp-json\/wp\/v2\/posts\/783\/revisions\/784"}],"wp:featuredmedia":[{"embeddable":true,"href":"https:\/\/www.encontrafeiradesantana.com.br\/sobre\/wp-json\/wp\/v2\/media\/771"}],"wp:attachment":[{"href":"https:\/\/www.encontrafeiradesantana.com.br\/sobre\/wp-json\/wp\/v2\/media?parent=783"}],"wp:term":[{"taxonomy":"category","embeddable":true,"href":"https:\/\/www.encontrafeiradesantana.com.br\/sobre\/wp-json\/wp\/v2\/categories?post=783"},{"taxonomy":"post_tag","embeddable":true,"href":"https:\/\/www.encontrafeiradesantana.com.br\/sobre\/wp-json\/wp\/v2\/tags?post=783"}],"curies":[{"name":"wp","href":"https:\/\/api.w.org\/{rel}","templated":true}]}}