{"id":68,"date":"2013-02-18T00:01:48","date_gmt":"2013-02-18T03:01:48","guid":{"rendered":"http:\/\/www.encontrafeiradesantana.com.br\/noticias\/?p=68"},"modified":"2019-04-29T17:46:35","modified_gmt":"2019-04-29T20:46:35","slug":"secretaria-notifica-onze-onibus-urbanos-por-apresentarem-problemas-em-feira-de-santana","status":"publish","type":"post","link":"https:\/\/www.encontrafeiradesantana.com.br\/sobre\/secretaria-notifica-onze-onibus-urbanos-por-apresentarem-problemas-em-feira-de-santana\/","title":{"rendered":"Secretaria notifica onze \u00f4nibus urbanos por apresentarem problemas em Feira de Santana"},"content":{"rendered":"<div class=\"3f468104ad11f00a3c9ac948316f4265\" data-index=\"1\" style=\"float: none; margin:0px;\">\n<ins class=\"adsbygoogle\"\r\n     style=\"display:block\"\r\n     data-ad-client=\"ca-pub-8585364105181520\"\r\n     data-ad-slot=\"8789329856\"\r\n     data-ad-format=\"auto\"\r\n     data-full-width-responsive=\"true\"><\/ins>\r\n<script>\r\n     (adsbygoogle = window.adsbygoogle || []).push({});\r\n<\/script>\r\n\n<\/div>\n<p>Fiscais da Secretaria Municipal de Transpores e Tr\u00e2nsito (SMTT) notificaram 11 \u00f4nibus que fazem o transporte na cidade de Feira de Santana\u00a0de passageiros, por apresentarem problemas diversos. A a\u00e7\u00e3o foi realizada na quinta-feira (14), nas tr\u00eas esta\u00e7\u00f5es de transbordo.<\/p>\n<p>Os ve\u00edculos apresentaram defeitos e defici\u00eancias na ilumina\u00e7\u00e3o interna, bem como problemas nos p\u00e1ra-brisas e no sistema de ar condicionado, entre outros problemas.<\/p>\n<p>O secret\u00e1rio interino da pasta Jos\u00e9 Carlos Bacelar disse que os defeitos constatados pelos fiscais colocam em risco a integridade f\u00edsica dos passageiros. \u201cPor isso determinamos a imediata substitui\u00e7\u00e3o destes ve\u00edculos por outros que n\u00e3o apresentavam os problemas\u201d.<\/p>\n<p>Ele ainda disse que o grande n\u00famero de passageiros nas esta\u00e7\u00f5es de transbordo, \u00e0 espera dos \u00f4nibus que estavam atrasados, motivou a fiscaliza\u00e7\u00e3o. \u201cVamos ficar atentos a este problema. Esta\u00e7\u00e3o cheia \u00e9 sinal de problema\u201d.<\/p>\n<p>Jos\u00e9 Carlos Bacelar afirmou que \u00e9 preocupa\u00e7\u00e3o do Governo Municipal oferecer servi\u00e7o de qualidade aos passageiros. \u201cPor isso que estas fiscaliza\u00e7\u00f5es est\u00e3o sendo realizadas. \u00c9 uma resposta \u00e0s reclama\u00e7\u00f5es da sociedade\u201d. (Jo\u00e3o Batista Cruz)<\/p>\n<p>Fiscaliza\u00e7\u00e3o surpresa<\/p>\n<p>Numa fiscaliza\u00e7\u00e3o surpresa, na tarde de quinta-feira, o secret\u00e1rio Jos\u00e9 Carlos Bacelar, encontrou seis \u00f4nibus articulados, tamb\u00e9m conhecidos como sanfona, parados na garagem da empresa Princesinha, uma das duas permission\u00e1rias do sistema integrado de transporte de passageiros de Feira de Santana.<\/p>\n<p>Os ve\u00edculos, diz o secret\u00e1rio interino, tem capacidade para transportar praticamente o dobro de passageiros do que um \u00f4nibus comumente usado no sistema. \u201cA gente n\u00e3o entendeu por que estes ve\u00edculos estavam parados na garagem e, a primeira impress\u00e3o que tivemos, \u00e9 que n\u00e3o apresentavam problemas mec\u00e2nicos que justificassem n\u00e3o estar transportando pessoas\u201d.<\/p>\n<p>De acordo com Jos\u00e9 Carlos Bacelar, a empresa foi orientada a imediatamente colocar os ve\u00edculos nas ruas, sob pena de sofrer san\u00e7\u00f5es financeiras por parte da Prefeitura de Feira de Santana. \u201cSeremos rigorosos, na aplica\u00e7\u00e3o das multas, quando a gente constatar situa\u00e7\u00f5es semelhantes, porque as pessoas ficam esperando o transporte nos pontos enquanto os ve\u00edculos ficam aqui parados\u201d.<\/p>\n<p>Os ve\u00edculos eram usados em v\u00e1rias linhas. Ele disse que a fiscaliza\u00e7\u00e3o foi motivada pela reclama\u00e7\u00e3o dos passageiros, que esperaram horas pelo transporte em todas as esta\u00e7\u00f5es de transbordo. \u201cA gente resolveu verificar qual o motivo de tanto atraso e descobrimos\u201d. Jos\u00e9 Carlos Bacelar afirmou que outras fiscaliza\u00e7\u00f5es surpresas ser\u00e3o realizadas. As informa\u00e7\u00f5es s\u00e3o da Secom.<\/p>\n<p><em>Fonte: Acorda Cidade<\/em><strong><\/strong><\/p>\n\n<div style=\"font-size: 0px; height: 0px; line-height: 0px; margin: 0; padding: 0; clear: both;\"><\/div>","protected":false},"excerpt":{"rendered":"<p>Fiscais da Secretaria Municipal de Transpores e Tr\u00e2nsito (SMTT) notificaram 11 \u00f4nibus que fazem o transporte na cidade de Feira de Santana\u00a0de passageiros, por apresentarem problemas diversos. A a\u00e7\u00e3o foi realizada na quinta-feira (14), nas tr\u00eas esta\u00e7\u00f5es de transbordo. Os ve\u00edculos apresentaram defeitos e defici\u00eancias na ilumina\u00e7\u00e3o interna, bem como problemas nos p\u00e1ra-brisas e no sistema de ar condicionado, entre outros problemas. O secret\u00e1rio interino da pasta Jos\u00e9 Carlos Bacelar disse que os defeitos constatados pelos fiscais colocam em risco a integridade f\u00edsica dos passageiros. \u201cPor isso determinamos a imediata substitui\u00e7\u00e3o destes ve\u00edculos por outros que n\u00e3o apresentavam os problemas\u201d. <\/p>\n","protected":false},"author":1,"featured_media":0,"comment_status":"open","ping_status":"closed","sticky":false,"template":"","format":"standard","meta":{"footnotes":""},"categories":[6,8],"tags":[12],"class_list":["post-68","post","type-post","status-publish","format-standard","hentry","category-noticias-em-feira-de-santana","category-servicos-em-feira-de-santana","tag-feira-de-santana"],"aioseo_notices":[],"aioseo_head":"\n\t\t<!-- All in One SEO 5.0.0.1 - aioseo.com -->\n\t<meta name=\"description\" content=\"Fiscais da Secretaria Municipal de Transpores e Tr\u00e2nsito (SMTT) notificaram 11 \u00f4nibus que fazem o transporte na cidade de Feira de Santana de passageiros, por apresentarem problemas diversos. A a\u00e7\u00e3o foi realizada na quinta-feira (14), nas tr\u00eas esta\u00e7\u00f5es de transbordo. Os ve\u00edculos apresentaram defeitos e defici\u00eancias na ilumina\u00e7\u00e3o interna, bem como problemas nos p\u00e1ra-brisas e no\" \/>\n\t<meta name=\"robots\" content=\"max-image-preview:large\" \/>\n\t<meta name=\"author\" content=\"Encontra Feira de Santana\"\/>\n\t<link rel=\"canonical\" href=\"https:\/\/www.encontrafeiradesantana.com.br\/sobre\/secretaria-notifica-onze-onibus-urbanos-por-apresentarem-problemas-em-feira-de-santana\/\" \/>\n\t<meta name=\"generator\" content=\"All in One SEO (AIOSEO) 5.0.0.1\" \/>\n\t\t<meta property=\"og:locale\" content=\"pt_BR\" \/>\n\t\t<meta property=\"og:site_name\" content=\"Encontra Feira de Santana | Not\u00edcias, eventos, informa\u00e7\u00f5es e dicas na cidade Feira de Santana e regi\u00e3o.\" \/>\n\t\t<meta property=\"og:type\" content=\"article\" \/>\n\t\t<meta property=\"og:title\" content=\"Secretaria notifica onze \u00f4nibus urbanos por apresentarem problemas em Feira de Santana | Encontra Feira de Santana\" \/>\n\t\t<meta property=\"og:description\" content=\"Fiscais da Secretaria Municipal de Transpores e Tr\u00e2nsito (SMTT) notificaram 11 \u00f4nibus que fazem o transporte na cidade de Feira de Santana de passageiros, por apresentarem problemas diversos. A a\u00e7\u00e3o foi realizada na quinta-feira (14), nas tr\u00eas esta\u00e7\u00f5es de transbordo. Os ve\u00edculos apresentaram defeitos e defici\u00eancias na ilumina\u00e7\u00e3o interna, bem como problemas nos p\u00e1ra-brisas e no\" \/>\n\t\t<meta property=\"og:url\" content=\"https:\/\/www.encontrafeiradesantana.com.br\/sobre\/secretaria-notifica-onze-onibus-urbanos-por-apresentarem-problemas-em-feira-de-santana\/\" \/>\n\t\t<meta property=\"article:published_time\" content=\"2013-02-18T03:01:48+00:00\" \/>\n\t\t<meta property=\"article:modified_time\" content=\"2019-04-29T20:46:35+00:00\" \/>\n\t\t<meta name=\"twitter:card\" content=\"summary\" \/>\n\t\t<meta name=\"twitter:title\" content=\"Secretaria notifica onze \u00f4nibus urbanos por apresentarem problemas em Feira de Santana | Encontra Feira de Santana\" \/>\n\t\t<meta name=\"twitter:description\" content=\"Fiscais da Secretaria Municipal de Transpores e Tr\u00e2nsito (SMTT) notificaram 11 \u00f4nibus que fazem o transporte na cidade de Feira de Santana de passageiros, por apresentarem problemas diversos. A a\u00e7\u00e3o foi realizada na quinta-feira (14), nas tr\u00eas esta\u00e7\u00f5es de transbordo. Os ve\u00edculos apresentaram defeitos e defici\u00eancias na ilumina\u00e7\u00e3o interna, bem como problemas nos p\u00e1ra-brisas e no\" \/>\n\t\t<script type=\"application\/ld+json\" class=\"aioseo-schema\">\n\t\t\t{\"@context\":\"https:\\\/\\\/schema.org\",\"@graph\":[{\"@type\":\"Article\",\"@id\":\"https:\\\/\\\/www.encontrafeiradesantana.com.br\\\/sobre\\\/secretaria-notifica-onze-onibus-urbanos-por-apresentarem-problemas-em-feira-de-santana\\\/#article\",\"name\":\"Secretaria notifica onze \\u00f4nibus urbanos por apresentarem problemas em Feira de Santana | Encontra Feira de Santana\",\"headline\":\"Secretaria notifica onze \\u00f4nibus urbanos por apresentarem problemas em Feira de Santana\",\"author\":{\"@id\":\"https:\\\/\\\/www.encontrafeiradesantana.com.br\\\/sobre\\\/author\\\/efeiradesantana\\\/#author\"},\"publisher\":{\"@id\":\"https:\\\/\\\/www.encontrafeiradesantana.com.br\\\/sobre\\\/#organization\"},\"datePublished\":\"2013-02-18T00:01:48-03:00\",\"dateModified\":\"2019-04-29T17:46:35-03:00\",\"inLanguage\":\"pt-BR\",\"mainEntityOfPage\":{\"@id\":\"https:\\\/\\\/www.encontrafeiradesantana.com.br\\\/sobre\\\/secretaria-notifica-onze-onibus-urbanos-por-apresentarem-problemas-em-feira-de-santana\\\/#webpage\"},\"isPartOf\":{\"@id\":\"https:\\\/\\\/www.encontrafeiradesantana.com.br\\\/sobre\\\/secretaria-notifica-onze-onibus-urbanos-por-apresentarem-problemas-em-feira-de-santana\\\/#webpage\"},\"articleSection\":\"Not\\u00edcias Feira de Santana, Servi\\u00e7os Feira de Santana, Feira de Santana\"},{\"@type\":\"BreadcrumbList\",\"@id\":\"https:\\\/\\\/www.encontrafeiradesantana.com.br\\\/sobre\\\/secretaria-notifica-onze-onibus-urbanos-por-apresentarem-problemas-em-feira-de-santana\\\/#breadcrumblist\",\"itemListElement\":[{\"@type\":\"ListItem\",\"@id\":\"https:\\\/\\\/www.encontrafeiradesantana.com.br\\\/sobre#listItem\",\"position\":1,\"name\":\"In\\u00edcio\",\"item\":\"https:\\\/\\\/www.encontrafeiradesantana.com.br\\\/sobre\",\"nextItem\":{\"@type\":\"ListItem\",\"@id\":\"https:\\\/\\\/www.encontrafeiradesantana.com.br\\\/sobre\\\/noticias-em-feira-de-santana\\\/#listItem\",\"name\":\"Not\\u00edcias Feira de Santana\"}},{\"@type\":\"ListItem\",\"@id\":\"https:\\\/\\\/www.encontrafeiradesantana.com.br\\\/sobre\\\/noticias-em-feira-de-santana\\\/#listItem\",\"position\":2,\"name\":\"Not\\u00edcias Feira de Santana\",\"item\":\"https:\\\/\\\/www.encontrafeiradesantana.com.br\\\/sobre\\\/noticias-em-feira-de-santana\\\/\",\"nextItem\":{\"@type\":\"ListItem\",\"@id\":\"https:\\\/\\\/www.encontrafeiradesantana.com.br\\\/sobre\\\/secretaria-notifica-onze-onibus-urbanos-por-apresentarem-problemas-em-feira-de-santana\\\/#listItem\",\"name\":\"Secretaria notifica onze \\u00f4nibus urbanos por apresentarem problemas em Feira de Santana\"},\"previousItem\":{\"@type\":\"ListItem\",\"@id\":\"https:\\\/\\\/www.encontrafeiradesantana.com.br\\\/sobre#listItem\",\"name\":\"In\\u00edcio\"}},{\"@type\":\"ListItem\",\"@id\":\"https:\\\/\\\/www.encontrafeiradesantana.com.br\\\/sobre\\\/secretaria-notifica-onze-onibus-urbanos-por-apresentarem-problemas-em-feira-de-santana\\\/#listItem\",\"position\":3,\"name\":\"Secretaria notifica onze \\u00f4nibus urbanos por apresentarem problemas em Feira de Santana\",\"previousItem\":{\"@type\":\"ListItem\",\"@id\":\"https:\\\/\\\/www.encontrafeiradesantana.com.br\\\/sobre\\\/noticias-em-feira-de-santana\\\/#listItem\",\"name\":\"Not\\u00edcias Feira de Santana\"}}]},{\"@type\":\"Organization\",\"@id\":\"https:\\\/\\\/www.encontrafeiradesantana.com.br\\\/sobre\\\/#organization\",\"name\":\"Encontra Feira de Santana\",\"description\":\"Not\\u00edcias, eventos, informa\\u00e7\\u00f5es e dicas na cidade Feira de Santana e regi\\u00e3o.\",\"url\":\"https:\\\/\\\/www.encontrafeiradesantana.com.br\\\/sobre\\\/\"},{\"@type\":\"Person\",\"@id\":\"https:\\\/\\\/www.encontrafeiradesantana.com.br\\\/sobre\\\/author\\\/efeiradesantana\\\/#author\",\"url\":\"https:\\\/\\\/www.encontrafeiradesantana.com.br\\\/sobre\\\/author\\\/efeiradesantana\\\/\",\"name\":\"Encontra Feira de Santana\",\"image\":{\"@type\":\"ImageObject\",\"@id\":\"https:\\\/\\\/www.encontrafeiradesantana.com.br\\\/sobre\\\/secretaria-notifica-onze-onibus-urbanos-por-apresentarem-problemas-em-feira-de-santana\\\/#authorImage\",\"url\":\"https:\\\/\\\/secure.gravatar.com\\\/avatar\\\/507340682b8270222e1f208e23198b6ae7e2c6a1033ae84e99bc6bce4f82a387?s=96&d=mm&r=g\",\"width\":96,\"height\":96,\"caption\":\"Encontra Feira de Santana\"}},{\"@type\":\"WebPage\",\"@id\":\"https:\\\/\\\/www.encontrafeiradesantana.com.br\\\/sobre\\\/secretaria-notifica-onze-onibus-urbanos-por-apresentarem-problemas-em-feira-de-santana\\\/#webpage\",\"url\":\"https:\\\/\\\/www.encontrafeiradesantana.com.br\\\/sobre\\\/secretaria-notifica-onze-onibus-urbanos-por-apresentarem-problemas-em-feira-de-santana\\\/\",\"name\":\"Secretaria notifica onze \\u00f4nibus urbanos por apresentarem problemas em Feira de Santana | Encontra Feira de Santana\",\"description\":\"Fiscais da Secretaria Municipal de Transpores e Tr\\u00e2nsito (SMTT) notificaram 11 \\u00f4nibus que fazem o transporte na cidade de Feira de Santana de passageiros, por apresentarem problemas diversos. A a\\u00e7\\u00e3o foi realizada na quinta-feira (14), nas tr\\u00eas esta\\u00e7\\u00f5es de transbordo. Os ve\\u00edculos apresentaram defeitos e defici\\u00eancias na ilumina\\u00e7\\u00e3o interna, bem como problemas nos p\\u00e1ra-brisas e no\",\"inLanguage\":\"pt-BR\",\"isPartOf\":{\"@id\":\"https:\\\/\\\/www.encontrafeiradesantana.com.br\\\/sobre\\\/#website\"},\"breadcrumb\":{\"@id\":\"https:\\\/\\\/www.encontrafeiradesantana.com.br\\\/sobre\\\/secretaria-notifica-onze-onibus-urbanos-por-apresentarem-problemas-em-feira-de-santana\\\/#breadcrumblist\"},\"author\":{\"@id\":\"https:\\\/\\\/www.encontrafeiradesantana.com.br\\\/sobre\\\/author\\\/efeiradesantana\\\/#author\"},\"creator\":{\"@id\":\"https:\\\/\\\/www.encontrafeiradesantana.com.br\\\/sobre\\\/author\\\/efeiradesantana\\\/#author\"},\"datePublished\":\"2013-02-18T00:01:48-03:00\",\"dateModified\":\"2019-04-29T17:46:35-03:00\"},{\"@type\":\"WebSite\",\"@id\":\"https:\\\/\\\/www.encontrafeiradesantana.com.br\\\/sobre\\\/#website\",\"url\":\"https:\\\/\\\/www.encontrafeiradesantana.com.br\\\/sobre\\\/\",\"name\":\"Encontra Feira de Santana\",\"description\":\"Not\\u00edcias, eventos, informa\\u00e7\\u00f5es e dicas na cidade Feira de Santana e regi\\u00e3o.\",\"inLanguage\":\"pt-BR\",\"publisher\":{\"@id\":\"https:\\\/\\\/www.encontrafeiradesantana.com.br\\\/sobre\\\/#organization\"}}]}\n\t\t<\/script>\n\t\t<!-- All in One SEO -->\n\n","aioseo_head_json":{"title":"Secretaria notifica onze \u00f4nibus urbanos por apresentarem problemas em Feira de Santana | Encontra Feira de Santana","description":"Fiscais da Secretaria Municipal de Transpores e Tr\u00e2nsito (SMTT) notificaram 11 \u00f4nibus que fazem o transporte na cidade de Feira de Santana de passageiros, por apresentarem problemas diversos. A a\u00e7\u00e3o foi realizada na quinta-feira (14), nas tr\u00eas esta\u00e7\u00f5es de transbordo. Os ve\u00edculos apresentaram defeitos e defici\u00eancias na ilumina\u00e7\u00e3o interna, bem como problemas nos p\u00e1ra-brisas e no","canonical_url":"https:\/\/www.encontrafeiradesantana.com.br\/sobre\/secretaria-notifica-onze-onibus-urbanos-por-apresentarem-problemas-em-feira-de-santana\/","robots":"max-image-preview:large","keywords":"","webmasterTools":{"miscellaneous":""},"schema":{"@context":"https:\/\/schema.org","@graph":[{"@type":"Article","@id":"https:\/\/www.encontrafeiradesantana.com.br\/sobre\/secretaria-notifica-onze-onibus-urbanos-por-apresentarem-problemas-em-feira-de-santana\/#article","name":"Secretaria notifica onze \u00f4nibus urbanos por apresentarem problemas em Feira de Santana | Encontra Feira de Santana","headline":"Secretaria notifica onze \u00f4nibus urbanos por apresentarem problemas em Feira de Santana","author":{"@id":"https:\/\/www.encontrafeiradesantana.com.br\/sobre\/author\/efeiradesantana\/#author"},"publisher":{"@id":"https:\/\/www.encontrafeiradesantana.com.br\/sobre\/#organization"},"datePublished":"2013-02-18T00:01:48-03:00","dateModified":"2019-04-29T17:46:35-03:00","inLanguage":"pt-BR","mainEntityOfPage":{"@id":"https:\/\/www.encontrafeiradesantana.com.br\/sobre\/secretaria-notifica-onze-onibus-urbanos-por-apresentarem-problemas-em-feira-de-santana\/#webpage"},"isPartOf":{"@id":"https:\/\/www.encontrafeiradesantana.com.br\/sobre\/secretaria-notifica-onze-onibus-urbanos-por-apresentarem-problemas-em-feira-de-santana\/#webpage"},"articleSection":"Not\u00edcias Feira de Santana, Servi\u00e7os Feira de Santana, Feira de Santana"},{"@type":"BreadcrumbList","@id":"https:\/\/www.encontrafeiradesantana.com.br\/sobre\/secretaria-notifica-onze-onibus-urbanos-por-apresentarem-problemas-em-feira-de-santana\/#breadcrumblist","itemListElement":[{"@type":"ListItem","@id":"https:\/\/www.encontrafeiradesantana.com.br\/sobre#listItem","position":1,"name":"In\u00edcio","item":"https:\/\/www.encontrafeiradesantana.com.br\/sobre","nextItem":{"@type":"ListItem","@id":"https:\/\/www.encontrafeiradesantana.com.br\/sobre\/noticias-em-feira-de-santana\/#listItem","name":"Not\u00edcias Feira de Santana"}},{"@type":"ListItem","@id":"https:\/\/www.encontrafeiradesantana.com.br\/sobre\/noticias-em-feira-de-santana\/#listItem","position":2,"name":"Not\u00edcias Feira de Santana","item":"https:\/\/www.encontrafeiradesantana.com.br\/sobre\/noticias-em-feira-de-santana\/","nextItem":{"@type":"ListItem","@id":"https:\/\/www.encontrafeiradesantana.com.br\/sobre\/secretaria-notifica-onze-onibus-urbanos-por-apresentarem-problemas-em-feira-de-santana\/#listItem","name":"Secretaria notifica onze \u00f4nibus urbanos por apresentarem problemas em Feira de Santana"},"previousItem":{"@type":"ListItem","@id":"https:\/\/www.encontrafeiradesantana.com.br\/sobre#listItem","name":"In\u00edcio"}},{"@type":"ListItem","@id":"https:\/\/www.encontrafeiradesantana.com.br\/sobre\/secretaria-notifica-onze-onibus-urbanos-por-apresentarem-problemas-em-feira-de-santana\/#listItem","position":3,"name":"Secretaria notifica onze \u00f4nibus urbanos por apresentarem problemas em Feira de Santana","previousItem":{"@type":"ListItem","@id":"https:\/\/www.encontrafeiradesantana.com.br\/sobre\/noticias-em-feira-de-santana\/#listItem","name":"Not\u00edcias Feira de Santana"}}]},{"@type":"Organization","@id":"https:\/\/www.encontrafeiradesantana.com.br\/sobre\/#organization","name":"Encontra Feira de Santana","description":"Not\u00edcias, eventos, informa\u00e7\u00f5es e dicas na cidade Feira de Santana e regi\u00e3o.","url":"https:\/\/www.encontrafeiradesantana.com.br\/sobre\/"},{"@type":"Person","@id":"https:\/\/www.encontrafeiradesantana.com.br\/sobre\/author\/efeiradesantana\/#author","url":"https:\/\/www.encontrafeiradesantana.com.br\/sobre\/author\/efeiradesantana\/","name":"Encontra Feira de Santana","image":{"@type":"ImageObject","@id":"https:\/\/www.encontrafeiradesantana.com.br\/sobre\/secretaria-notifica-onze-onibus-urbanos-por-apresentarem-problemas-em-feira-de-santana\/#authorImage","url":"https:\/\/secure.gravatar.com\/avatar\/507340682b8270222e1f208e23198b6ae7e2c6a1033ae84e99bc6bce4f82a387?s=96&d=mm&r=g","width":96,"height":96,"caption":"Encontra Feira de Santana"}},{"@type":"WebPage","@id":"https:\/\/www.encontrafeiradesantana.com.br\/sobre\/secretaria-notifica-onze-onibus-urbanos-por-apresentarem-problemas-em-feira-de-santana\/#webpage","url":"https:\/\/www.encontrafeiradesantana.com.br\/sobre\/secretaria-notifica-onze-onibus-urbanos-por-apresentarem-problemas-em-feira-de-santana\/","name":"Secretaria notifica onze \u00f4nibus urbanos por apresentarem problemas em Feira de Santana | Encontra Feira de Santana","description":"Fiscais da Secretaria Municipal de Transpores e Tr\u00e2nsito (SMTT) notificaram 11 \u00f4nibus que fazem o transporte na cidade de Feira de Santana de passageiros, por apresentarem problemas diversos. A a\u00e7\u00e3o foi realizada na quinta-feira (14), nas tr\u00eas esta\u00e7\u00f5es de transbordo. Os ve\u00edculos apresentaram defeitos e defici\u00eancias na ilumina\u00e7\u00e3o interna, bem como problemas nos p\u00e1ra-brisas e no","inLanguage":"pt-BR","isPartOf":{"@id":"https:\/\/www.encontrafeiradesantana.com.br\/sobre\/#website"},"breadcrumb":{"@id":"https:\/\/www.encontrafeiradesantana.com.br\/sobre\/secretaria-notifica-onze-onibus-urbanos-por-apresentarem-problemas-em-feira-de-santana\/#breadcrumblist"},"author":{"@id":"https:\/\/www.encontrafeiradesantana.com.br\/sobre\/author\/efeiradesantana\/#author"},"creator":{"@id":"https:\/\/www.encontrafeiradesantana.com.br\/sobre\/author\/efeiradesantana\/#author"},"datePublished":"2013-02-18T00:01:48-03:00","dateModified":"2019-04-29T17:46:35-03:00"},{"@type":"WebSite","@id":"https:\/\/www.encontrafeiradesantana.com.br\/sobre\/#website","url":"https:\/\/www.encontrafeiradesantana.com.br\/sobre\/","name":"Encontra Feira de Santana","description":"Not\u00edcias, eventos, informa\u00e7\u00f5es e dicas na cidade Feira de Santana e regi\u00e3o.","inLanguage":"pt-BR","publisher":{"@id":"https:\/\/www.encontrafeiradesantana.com.br\/sobre\/#organization"}}]},"og:locale":"pt_BR","og:site_name":"Encontra Feira de Santana | Not\u00edcias, eventos, informa\u00e7\u00f5es e dicas na cidade Feira de Santana e regi\u00e3o.","og:type":"article","og:title":"Secretaria notifica onze \u00f4nibus urbanos por apresentarem problemas em Feira de Santana | Encontra Feira de Santana","og:description":"Fiscais da Secretaria Municipal de Transpores e Tr\u00e2nsito (SMTT) notificaram 11 \u00f4nibus que fazem o transporte na cidade de Feira de Santana de passageiros, por apresentarem problemas diversos. A a\u00e7\u00e3o foi realizada na quinta-feira (14), nas tr\u00eas esta\u00e7\u00f5es de transbordo. Os ve\u00edculos apresentaram defeitos e defici\u00eancias na ilumina\u00e7\u00e3o interna, bem como problemas nos p\u00e1ra-brisas e no","og:url":"https:\/\/www.encontrafeiradesantana.com.br\/sobre\/secretaria-notifica-onze-onibus-urbanos-por-apresentarem-problemas-em-feira-de-santana\/","article:published_time":"2013-02-18T03:01:48+00:00","article:modified_time":"2019-04-29T20:46:35+00:00","twitter:card":"summary","twitter:title":"Secretaria notifica onze \u00f4nibus urbanos por apresentarem problemas em Feira de Santana | Encontra Feira de Santana","twitter:description":"Fiscais da Secretaria Municipal de Transpores e Tr\u00e2nsito (SMTT) notificaram 11 \u00f4nibus que fazem o transporte na cidade de Feira de Santana de passageiros, por apresentarem problemas diversos. A a\u00e7\u00e3o foi realizada na quinta-feira (14), nas tr\u00eas esta\u00e7\u00f5es de transbordo. Os ve\u00edculos apresentaram defeitos e defici\u00eancias na ilumina\u00e7\u00e3o interna, bem como problemas nos p\u00e1ra-brisas e no"},"aioseo_meta_data":{"post_id":"68","title":null,"description":null,"keywords":null,"keyphrases":null,"primary_term":null,"canonical_url":null,"og_title":null,"og_description":null,"og_object_type":"default","og_image_type":"default","og_image_url":null,"og_image_width":null,"og_image_height":null,"og_image_custom_url":null,"og_image_custom_fields":null,"og_video":null,"og_custom_url":null,"og_article_section":null,"og_article_tags":null,"twitter_use_og":false,"twitter_card":"default","twitter_image_type":"default","twitter_image_url":null,"twitter_image_custom_url":null,"twitter_image_custom_fields":null,"twitter_title":null,"twitter_description":null,"schema":{"blockGraphs":[],"customGraphs":[],"default":{"data":{"Article":[],"Course":[],"Dataset":[],"FAQPage":[],"Movie":[],"Person":[],"Product":[],"ProductReview":[],"Car":[],"Recipe":[],"Service":[],"SoftwareApplication":[],"WebPage":[]},"graphName":"Article","isEnabled":true},"graphs":[]},"schema_type":null,"schema_type_options":null,"pillar_content":false,"robots_default":true,"robots_noindex":false,"robots_noarchive":false,"robots_nosnippet":false,"robots_nofollow":false,"robots_noimageindex":false,"robots_noodp":false,"robots_notranslate":false,"robots_max_snippet":null,"robots_max_videopreview":null,"robots_max_imagepreview":"large","priority":null,"frequency":null,"local_seo":null,"breadcrumb_settings":null,"limit_modified_date":false,"ai":null,"created":"2021-04-20 14:31:34","updated":"2025-09-22 16:11:04","focus_keyword":null,"additional_keywords":null,"truseo_locale":null,"seo_analyzer_scan_date":null},"aioseo_breadcrumb":"<div class=\"aioseo-breadcrumbs\"><span class=\"aioseo-breadcrumb\">\n\t\t\t<a href=\"https:\/\/www.encontrafeiradesantana.com.br\/sobre\" title=\"In\u00edcio\">In\u00edcio<\/a>\n\t\t<\/span><span class=\"aioseo-breadcrumb-separator\">&raquo;<\/span><span class=\"aioseo-breadcrumb\">\n\t\t\t<a href=\"https:\/\/www.encontrafeiradesantana.com.br\/sobre\/noticias-em-feira-de-santana\/\" title=\"Not\u00edcias Feira de Santana\">Not\u00edcias Feira de Santana<\/a>\n\t\t<\/span><span class=\"aioseo-breadcrumb-separator\">&raquo;<\/span><span class=\"aioseo-breadcrumb\">\n\t\t\tSecretaria notifica onze \u00f4nibus urbanos por apresentarem problemas em Feira de Santana\n\t\t<\/span><\/div>","aioseo_breadcrumb_json":[{"label":"In\u00edcio","link":"https:\/\/www.encontrafeiradesantana.com.br\/sobre"},{"label":"Not\u00edcias Feira de Santana","link":"https:\/\/www.encontrafeiradesantana.com.br\/sobre\/noticias-em-feira-de-santana\/"},{"label":"Secretaria notifica onze \u00f4nibus urbanos por apresentarem problemas em Feira de Santana","link":"https:\/\/www.encontrafeiradesantana.com.br\/sobre\/secretaria-notifica-onze-onibus-urbanos-por-apresentarem-problemas-em-feira-de-santana\/"}],"_links":{"self":[{"href":"https:\/\/www.encontrafeiradesantana.com.br\/sobre\/wp-json\/wp\/v2\/posts\/68","targetHints":{"allow":["GET"]}}],"collection":[{"href":"https:\/\/www.encontrafeiradesantana.com.br\/sobre\/wp-json\/wp\/v2\/posts"}],"about":[{"href":"https:\/\/www.encontrafeiradesantana.com.br\/sobre\/wp-json\/wp\/v2\/types\/post"}],"author":[{"embeddable":true,"href":"https:\/\/www.encontrafeiradesantana.com.br\/sobre\/wp-json\/wp\/v2\/users\/1"}],"replies":[{"embeddable":true,"href":"https:\/\/www.encontrafeiradesantana.com.br\/sobre\/wp-json\/wp\/v2\/comments?post=68"}],"version-history":[{"count":3,"href":"https:\/\/www.encontrafeiradesantana.com.br\/sobre\/wp-json\/wp\/v2\/posts\/68\/revisions"}],"predecessor-version":[{"id":646,"href":"https:\/\/www.encontrafeiradesantana.com.br\/sobre\/wp-json\/wp\/v2\/posts\/68\/revisions\/646"}],"wp:attachment":[{"href":"https:\/\/www.encontrafeiradesantana.com.br\/sobre\/wp-json\/wp\/v2\/media?parent=68"}],"wp:term":[{"taxonomy":"category","embeddable":true,"href":"https:\/\/www.encontrafeiradesantana.com.br\/sobre\/wp-json\/wp\/v2\/categories?post=68"},{"taxonomy":"post_tag","embeddable":true,"href":"https:\/\/www.encontrafeiradesantana.com.br\/sobre\/wp-json\/wp\/v2\/tags?post=68"}],"curies":[{"name":"wp","href":"https:\/\/api.w.org\/{rel}","templated":true}]}}