{"id":671,"date":"2021-03-17T05:37:51","date_gmt":"2021-03-17T08:37:51","guid":{"rendered":"https:\/\/www.encontrafeiradesantana.com.br\/sobre\/?p=671"},"modified":"2025-12-05T14:23:37","modified_gmt":"2025-12-05T17:23:37","slug":"prefeitura-de-feira-de-santana","status":"publish","type":"post","link":"https:\/\/www.encontrafeiradesantana.com.br\/sobre\/prefeitura-de-feira-de-santana\/","title":{"rendered":"Prefeitura de Feira de Santana"},"content":{"rendered":"<div class=\"3f468104ad11f00a3c9ac948316f4265\" data-index=\"1\" style=\"float: none; margin:0px;\">\n<ins class=\"adsbygoogle\"\r\n     style=\"display:block\"\r\n     data-ad-client=\"ca-pub-8585364105181520\"\r\n     data-ad-slot=\"8789329856\"\r\n     data-ad-format=\"auto\"\r\n     data-full-width-responsive=\"true\"><\/ins>\r\n<script>\r\n     (adsbygoogle = window.adsbygoogle || []).push({});\r\n<\/script>\r\n\n<\/div>\n<p>A\u00a0<strong>Prefeitura de Feira de Santana<\/strong>\u00a0\u00e9 a sede do poder executivo do munic\u00edpio. A Prefeitura abriga secretarias da educa\u00e7\u00e3o, sa\u00fade, meio ambiente e v\u00e1rias outras.<\/p>\n<p>Na sede da Prefeitura de Feira de Santana, est\u00e3o instalados o Gabinete do prefeito e do vice-prefeito, al\u00e9m de secretarias e \u00f3rg\u00e3os. No local, o contribuinte tem acesso a servi\u00e7os como:\u00a0 o Atendimento ao Contribuinte que disponibiliza diversos servi\u00e7os como Nota Fiscal Eletr\u00f4nica; Declara\u00e7\u00e3o de Servi\u00e7o; Emiss\u00e3o da 2\u00aa via do IPTU; Consulta de Processos; entre outros.<\/p>\n<p><img loading=\"lazy\" decoding=\"async\" class=\"alignnone wp-image-672 size-full\" title=\"Prefeitura de Feira de Santana\" src=\"https:\/\/www.encontrafeiradesantana.com.br\/sobre\/wp-content\/uploads\/2021\/03\/prefeitura-feira-de-santana.gif\" alt=\"Prefeitura de Feira de Santana\" width=\"680\" height=\"189\" \/><\/p>\n<h2>Concursos Prefeitura de Feira de Santana<\/h2>\n<p>A Prefeitura Municipal de Feira de Santana <em>realiza periodicamente concursos p\u00fablicos<\/em> com oportunidades para diversos cargos. O primeiro passo para a abertura \u00e9 divulgado no Di\u00e1rio Oficial da Prefeitura de Feira de Santana, que \u00e9 a constitui\u00e7\u00e3o da comiss\u00e3o do certame. No documento constar\u00e1 as chances de cada setor e a escolaridade exigida de cada pessoa para o concurso da Prefeitura de Feira de Santana.<\/p>\n<p>Para acompanhar o andamento e obter maiores informa\u00e7\u00f5es sobre vagas, consulte o site da Prefeitura de Feira de Santana com cronogramas e outras especificidades dos concursos p\u00fablicos e processos seletivos que ocorrem.<\/p>\n<h3>IPTU Prefeitura de Feira de Santana<\/h3>\n<p>Todos os anos os propriet\u00e1rios de um ou mais im\u00f3veis na cidade de Feira de Santana devem pagar o<a href=\"http:\/\/www.encontrabelem.com.br\/sobre\/iptu-belem\" target=\"_blank\" rel=\"noopener noreferrer\">\u00a0<\/a><em>IPTU (Imposto Predial e Territorial Urbano)<\/em>. Em alguns casos, o possuidor, mesmo n\u00e3o sendo o propriet\u00e1rio, \u00e9 o contribuinte do imposto. Na cidade de Feira de Santana o contribuinte pode pagar o valor em cota \u00fanica (com desconto) ou em at\u00e9 dez cotas iguais. Voc\u00ea pode consultar e imprimir a segunda via do seu IPTU diretamente no site da Prefeitura de Feira de Santana.<\/p>\n<h3>Nfe Prefeitura de Feira de Santana<\/h3>\n<p>A\u00a0<em>Nota Fiscal de Servi\u00e7os Eletr\u00f4nica \u2013\u00a0NFS-e,<\/em> \u00e9 o documento fiscal de exist\u00eancia apenas digital que substituir\u00e1 as tradicionais notas fiscais de servi\u00e7os impressas. A NFS-e, implantada pela SECRETARIA DA FAZENDA, ser\u00e1 emitida e armazenada eletronicamente em programa de computador da Prefeitura de Feira de Santana, com o objetivo de materializar os fatos geradores do ISSQN \u2013 Imposto Sobre Servi\u00e7os de Qualquer Natureza, por meio do registro eletr\u00f4nico das presta\u00e7\u00f5es de servi\u00e7os sujeitas \u00e0 tributa\u00e7\u00e3o do ISSQN. Outras respostas a perguntas frequentes sobre o SIMPLES NACIONAL podem ser obtidas no site da Receita Federal do Brasil.<\/p>\n<h3>ISS Prefeitura de Feira de Santana<\/h3>\n<p>O\u00a0<em>ISS\u00a0\u00e9 o Imposto Sobre Servi\u00e7os<\/em> . Ele \u00e9 um tributo de compet\u00eancia dos munic\u00edpios e Distrito Federal e incide sobre a presta\u00e7\u00e3o de servi\u00e7os. O ISS da Prefeitura de Feira de Santana \u00e9 pago pelas empresas prestadoras de servi\u00e7os e profissionais aut\u00f4nomos. Todas as informa\u00e7\u00f5es necess\u00e1rias e d\u00favidas sobre o ISS da Prefeitura de Feira de Santana podem ser esclarecidos diretamente no site da Prefeitura.<\/p>\n<h3>Vagas de Emprego Prefeitura de Feira de Santana<\/h3>\n<p>A Prefeitura de Feira de Santana disponibiliza <em>vagas de trabalho<\/em> durante todo ano. Para se informar sobre os processos seletivos e se candidatar as vagas acompanhe o site da Prefeitura de Feira de Santana, onde \u00e9 poss\u00edvel se informar sobre vagas abertas, sal\u00e1rios e compet\u00eancias necess\u00e1rias para se candidatar ao processo.<\/p>\n<h3>Hor\u00e1rio de Funcionamento Prefeitura de Feira de Santana<\/h3>\n<ul>\n<li>Segunda a Sexta das 10h \u00e0s 18h<\/li>\n<\/ul>\n<h3>Endere\u00e7o e Telefone Prefeitura de Feira de Santana<\/h3>\n<ul>\n<li>Av. Senhor dos Passos, 980 &#8211; Centro &#8211; Feira de Santana &#8211; BA<\/li>\n<li>Telefone: (75) 3602-4500<\/li>\n<\/ul>\n<h4>Outras informa\u00e7\u00f5es e site<\/h4>\n<ul>\n<li>Mais informa\u00e7\u00f5es:\u00a0<a href=\"https:\/\/www.feiradesantana.ba.gov.br\/\" target=\"_blank\" rel=\"noopener noreferrer\">www.feiradesantana.ba.gov.br<\/a><\/li>\n<li>Informativo sobre a prefeitura: <a href=\"https:\/\/feira-santana.prefeituras.org\/\" target=\"_blank\" rel=\"noopener\">feira-santana.prefeituras.org<\/a><\/li>\n<\/ul>\n<h4>Mapa de localiza\u00e7\u00e3o<\/h4>\n<a class=\"wp-colorbox-iframe\" href=\"https:\/\/www.google.com\/maps\/embed?pb=!1m18!1m12!1m3!1d3898.892959828547!2d-38.96750948518528!3d-12.255522391328478!2m3!1f0!2f0!3f0!3m2!1i1024!2i768!4f13.1!3m3!1m2!1s0x71437931e35da8b0x393aca504a0bc1aa!2sAv.Sr.dosPassos980-CentroFeiradeSantana-BA44002-024!5e0!3m2!1spt-BR!2sbr!4v1615969872048!5m2!1spt-BR!2sbr\"><img decoding=\"async\" src=\"http:\/\/www.encontrafeiradesantana.com.br\/imgs\/maps-post.png\"><\/a>\n\n<div style=\"font-size: 0px; height: 0px; line-height: 0px; margin: 0; padding: 0; clear: both;\"><\/div>","protected":false},"excerpt":{"rendered":"<p>A\u00a0Prefeitura de Feira de Santana\u00a0\u00e9 a sede do poder executivo do munic\u00edpio. A Prefeitura abriga secretarias da educa\u00e7\u00e3o, sa\u00fade, meio ambiente e v\u00e1rias outras. Na sede da Prefeitura de Feira de Santana, est\u00e3o instalados o Gabinete do prefeito e do vice-prefeito, al\u00e9m de secretarias e \u00f3rg\u00e3os. No local, o contribuinte tem acesso a servi\u00e7os como:\u00a0 o Atendimento ao Contribuinte que disponibiliza diversos servi\u00e7os como Nota Fiscal Eletr\u00f4nica; Declara\u00e7\u00e3o de Servi\u00e7o; Emiss\u00e3o da 2\u00aa via do IPTU; Consulta de Processos; entre outros. Concursos Prefeitura de Feira de Santana A Prefeitura Municipal de Feira de Santana realiza periodicamente concursos p\u00fablicos com oportunidades <\/p>\n","protected":false},"author":1,"featured_media":672,"comment_status":"open","ping_status":"closed","sticky":false,"template":"","format":"standard","meta":{"footnotes":""},"categories":[28],"tags":[],"class_list":["post-671","post","type-post","status-publish","format-standard","has-post-thumbnail","hentry","category-lugares-em-feira-de-santana","has_thumb"],"aioseo_notices":[],"_links":{"self":[{"href":"https:\/\/www.encontrafeiradesantana.com.br\/sobre\/wp-json\/wp\/v2\/posts\/671","targetHints":{"allow":["GET"]}}],"collection":[{"href":"https:\/\/www.encontrafeiradesantana.com.br\/sobre\/wp-json\/wp\/v2\/posts"}],"about":[{"href":"https:\/\/www.encontrafeiradesantana.com.br\/sobre\/wp-json\/wp\/v2\/types\/post"}],"author":[{"embeddable":true,"href":"https:\/\/www.encontrafeiradesantana.com.br\/sobre\/wp-json\/wp\/v2\/users\/1"}],"replies":[{"embeddable":true,"href":"https:\/\/www.encontrafeiradesantana.com.br\/sobre\/wp-json\/wp\/v2\/comments?post=671"}],"version-history":[{"count":5,"href":"https:\/\/www.encontrafeiradesantana.com.br\/sobre\/wp-json\/wp\/v2\/posts\/671\/revisions"}],"predecessor-version":[{"id":1320,"href":"https:\/\/www.encontrafeiradesantana.com.br\/sobre\/wp-json\/wp\/v2\/posts\/671\/revisions\/1320"}],"wp:featuredmedia":[{"embeddable":true,"href":"https:\/\/www.encontrafeiradesantana.com.br\/sobre\/wp-json\/wp\/v2\/media\/672"}],"wp:attachment":[{"href":"https:\/\/www.encontrafeiradesantana.com.br\/sobre\/wp-json\/wp\/v2\/media?parent=671"}],"wp:term":[{"taxonomy":"category","embeddable":true,"href":"https:\/\/www.encontrafeiradesantana.com.br\/sobre\/wp-json\/wp\/v2\/categories?post=671"},{"taxonomy":"post_tag","embeddable":true,"href":"https:\/\/www.encontrafeiradesantana.com.br\/sobre\/wp-json\/wp\/v2\/tags?post=671"}],"curies":[{"name":"wp","href":"https:\/\/api.w.org\/{rel}","templated":true}]}}