{"id":62,"date":"2013-02-14T00:01:19","date_gmt":"2013-02-14T02:01:19","guid":{"rendered":"http:\/\/www.encontrafeiradesantana.com.br\/noticias\/?p=62"},"modified":"2019-04-29T17:46:36","modified_gmt":"2019-04-29T20:46:36","slug":"cones-e-cavaletes-em-frente-a-lojas-devem-ser-denunciados-diz-smt-de-feira-de-santana","status":"publish","type":"post","link":"https:\/\/www.encontrafeiradesantana.com.br\/sobre\/cones-e-cavaletes-em-frente-a-lojas-devem-ser-denunciados-diz-smt-de-feira-de-santana\/","title":{"rendered":"Cones e cavaletes em frente a lojas devem ser denunciados, diz SMT de Feira de Santana"},"content":{"rendered":"<div class=\"3f468104ad11f00a3c9ac948316f4265\" data-index=\"1\" style=\"float: none; margin:0px;\">\n<ins class=\"adsbygoogle\"\r\n     style=\"display:block\"\r\n     data-ad-client=\"ca-pub-8585364105181520\"\r\n     data-ad-slot=\"8789329856\"\r\n     data-ad-format=\"auto\"\r\n     data-full-width-responsive=\"true\"><\/ins>\r\n<script>\r\n     (adsbygoogle = window.adsbygoogle || []).push({});\r\n<\/script>\r\n\n<\/div>\n<p>O motorista da cidade de Feira de Santana nem sempre consegue parar onde quer, al\u00e9m disso, comerciantes bloqueiam algumas vagas com cones e cavaletes para guardar lugar para caminh\u00f5es, clientes e at\u00e9 para eles mesmos.<\/p>\n<p>A reportagem do Acorda Cidade notou que a pr\u00e1tica \u00e9 frequente em algumas ruas da cidade e questionou alguns comerciantes sobre este h\u00e1bito.\u00a0 A principal justificativa dos donos de estabelecimentos \u00e9 a falta dessas vagas exclusivas. &#8220;J\u00e1 cheguei a perder fornecedor e clientes porque eles n\u00e3o t\u00eam onde parar aqui na frente&#8221;, afirma um dono de uma loja na cidade de Feira de Santana.<\/p>\n<p>De acordo com a Secretaria Municipal de Transito (SMT),\u00a0 esse procedimento configura infra\u00e7\u00e3o por obstru\u00e7\u00e3o da via p\u00fablica e, portanto, fere as leis de tr\u00e2nsito, devendo ser denunciado. Antonio C\u00e9sar Corr\u00f3 que \u00e9 diretor de opera\u00e7\u00f5es do munic\u00edpio contou que v\u00e1rios comerciantes j\u00e1 foram notificados.<\/p>\n<p>\u201cA SMT j\u00e1 tomou providencia, e quem for reincidente vamos tomar providencias\u201d, disse, Cesar Corr\u00f3 falou ainda dos comerciantes das Ruas S\u00e3o Jos\u00e9 (antigo minadouro), Desembargador Filinto Bastos (antiga Rua de Aurora) e da Pra\u00e7a Piedade em frente ao Cemit\u00e9rio Piedade.<\/p>\n<p>Na Rua Desembargador Filinto Bastos mec\u00e2nicos est\u00e3o trabalhando nas cal\u00e7adas e donos de ve\u00edculos estacionando dos dois lados. \u201cJ\u00e1 tiramos fotos e todos ser\u00e3o notificados\u201d, disse.<\/p>\n<p>Outro ponto cr\u00edtico destacado pelo diretor de tr\u00e1fego \u00e9 na Pra\u00e7a Piedade em frente ao Cemit\u00e9rio Piedade.<\/p>\n<p><em>Fonte: Acorda Cidade<\/em><\/p>\n<p>&nbsp;<\/p>\n\n<div style=\"font-size: 0px; height: 0px; line-height: 0px; margin: 0; padding: 0; clear: both;\"><\/div>","protected":false},"excerpt":{"rendered":"<p>O motorista da cidade de Feira de Santana nem sempre consegue parar onde quer, al\u00e9m disso, comerciantes bloqueiam algumas vagas com cones e cavaletes para guardar lugar para caminh\u00f5es, clientes e at\u00e9 para eles mesmos. A reportagem do Acorda Cidade notou que a pr\u00e1tica \u00e9 frequente em algumas ruas da cidade e questionou alguns comerciantes sobre este h\u00e1bito.\u00a0 A principal justificativa dos donos de estabelecimentos \u00e9 a falta dessas vagas exclusivas. &#8220;J\u00e1 cheguei a perder fornecedor e clientes porque eles n\u00e3o t\u00eam onde parar aqui na frente&#8221;, afirma um dono de uma loja na cidade de Feira de Santana. De <\/p>\n","protected":false},"author":1,"featured_media":0,"comment_status":"open","ping_status":"closed","sticky":false,"template":"","format":"standard","meta":{"footnotes":""},"categories":[6,8],"tags":[12],"class_list":["post-62","post","type-post","status-publish","format-standard","hentry","category-noticias-em-feira-de-santana","category-servicos-em-feira-de-santana","tag-feira-de-santana"],"aioseo_notices":[],"aioseo_head":"\n\t\t<!-- All in One SEO 5.0.0.1 - aioseo.com -->\n\t<meta name=\"description\" content=\"O motorista da cidade de Feira de Santana nem sempre consegue parar onde quer, al\u00e9m disso, comerciantes bloqueiam algumas vagas com cones e cavaletes para guardar lugar para caminh\u00f5es, clientes e at\u00e9 para eles mesmos. A reportagem do Acorda Cidade notou que a pr\u00e1tica \u00e9 frequente em algumas ruas da cidade e questionou alguns comerciantes\" \/>\n\t<meta name=\"robots\" content=\"max-image-preview:large\" \/>\n\t<meta name=\"author\" content=\"Encontra Feira de Santana\"\/>\n\t<link rel=\"canonical\" href=\"https:\/\/www.encontrafeiradesantana.com.br\/sobre\/cones-e-cavaletes-em-frente-a-lojas-devem-ser-denunciados-diz-smt-de-feira-de-santana\/\" \/>\n\t<meta name=\"generator\" content=\"All in One SEO (AIOSEO) 5.0.0.1\" \/>\n\t\t<meta property=\"og:locale\" content=\"pt_BR\" \/>\n\t\t<meta property=\"og:site_name\" content=\"Encontra Feira de Santana | Not\u00edcias, eventos, informa\u00e7\u00f5es e dicas na cidade Feira de Santana e regi\u00e3o.\" \/>\n\t\t<meta property=\"og:type\" content=\"article\" \/>\n\t\t<meta property=\"og:title\" content=\"Cones e cavaletes em frente a lojas devem ser denunciados, diz SMT de Feira de Santana | Encontra Feira de Santana\" \/>\n\t\t<meta property=\"og:description\" content=\"O motorista da cidade de Feira de Santana nem sempre consegue parar onde quer, al\u00e9m disso, comerciantes bloqueiam algumas vagas com cones e cavaletes para guardar lugar para caminh\u00f5es, clientes e at\u00e9 para eles mesmos. A reportagem do Acorda Cidade notou que a pr\u00e1tica \u00e9 frequente em algumas ruas da cidade e questionou alguns comerciantes\" \/>\n\t\t<meta property=\"og:url\" content=\"https:\/\/www.encontrafeiradesantana.com.br\/sobre\/cones-e-cavaletes-em-frente-a-lojas-devem-ser-denunciados-diz-smt-de-feira-de-santana\/\" \/>\n\t\t<meta property=\"article:published_time\" content=\"2013-02-14T02:01:19+00:00\" \/>\n\t\t<meta property=\"article:modified_time\" content=\"2019-04-29T20:46:36+00:00\" \/>\n\t\t<meta name=\"twitter:card\" content=\"summary\" \/>\n\t\t<meta name=\"twitter:title\" content=\"Cones e cavaletes em frente a lojas devem ser denunciados, diz SMT de Feira de Santana | Encontra Feira de Santana\" \/>\n\t\t<meta name=\"twitter:description\" content=\"O motorista da cidade de Feira de Santana nem sempre consegue parar onde quer, al\u00e9m disso, comerciantes bloqueiam algumas vagas com cones e cavaletes para guardar lugar para caminh\u00f5es, clientes e at\u00e9 para eles mesmos. A reportagem do Acorda Cidade notou que a pr\u00e1tica \u00e9 frequente em algumas ruas da cidade e questionou alguns comerciantes\" \/>\n\t\t<script type=\"application\/ld+json\" class=\"aioseo-schema\">\n\t\t\t{\"@context\":\"https:\\\/\\\/schema.org\",\"@graph\":[{\"@type\":\"Article\",\"@id\":\"https:\\\/\\\/www.encontrafeiradesantana.com.br\\\/sobre\\\/cones-e-cavaletes-em-frente-a-lojas-devem-ser-denunciados-diz-smt-de-feira-de-santana\\\/#article\",\"name\":\"Cones e cavaletes em frente a lojas devem ser denunciados, diz SMT de Feira de Santana | Encontra Feira de Santana\",\"headline\":\"Cones e cavaletes em frente a lojas devem ser denunciados, diz SMT de Feira de Santana\",\"author\":{\"@id\":\"https:\\\/\\\/www.encontrafeiradesantana.com.br\\\/sobre\\\/author\\\/efeiradesantana\\\/#author\"},\"publisher\":{\"@id\":\"https:\\\/\\\/www.encontrafeiradesantana.com.br\\\/sobre\\\/#organization\"},\"datePublished\":\"2013-02-14T00:01:19-02:00\",\"dateModified\":\"2019-04-29T17:46:36-03:00\",\"inLanguage\":\"pt-BR\",\"mainEntityOfPage\":{\"@id\":\"https:\\\/\\\/www.encontrafeiradesantana.com.br\\\/sobre\\\/cones-e-cavaletes-em-frente-a-lojas-devem-ser-denunciados-diz-smt-de-feira-de-santana\\\/#webpage\"},\"isPartOf\":{\"@id\":\"https:\\\/\\\/www.encontrafeiradesantana.com.br\\\/sobre\\\/cones-e-cavaletes-em-frente-a-lojas-devem-ser-denunciados-diz-smt-de-feira-de-santana\\\/#webpage\"},\"articleSection\":\"Not\\u00edcias Feira de Santana, Servi\\u00e7os Feira de Santana, Feira de Santana\"},{\"@type\":\"BreadcrumbList\",\"@id\":\"https:\\\/\\\/www.encontrafeiradesantana.com.br\\\/sobre\\\/cones-e-cavaletes-em-frente-a-lojas-devem-ser-denunciados-diz-smt-de-feira-de-santana\\\/#breadcrumblist\",\"itemListElement\":[{\"@type\":\"ListItem\",\"@id\":\"https:\\\/\\\/www.encontrafeiradesantana.com.br\\\/sobre#listItem\",\"position\":1,\"name\":\"In\\u00edcio\",\"item\":\"https:\\\/\\\/www.encontrafeiradesantana.com.br\\\/sobre\",\"nextItem\":{\"@type\":\"ListItem\",\"@id\":\"https:\\\/\\\/www.encontrafeiradesantana.com.br\\\/sobre\\\/noticias-em-feira-de-santana\\\/#listItem\",\"name\":\"Not\\u00edcias Feira de Santana\"}},{\"@type\":\"ListItem\",\"@id\":\"https:\\\/\\\/www.encontrafeiradesantana.com.br\\\/sobre\\\/noticias-em-feira-de-santana\\\/#listItem\",\"position\":2,\"name\":\"Not\\u00edcias Feira de Santana\",\"item\":\"https:\\\/\\\/www.encontrafeiradesantana.com.br\\\/sobre\\\/noticias-em-feira-de-santana\\\/\",\"nextItem\":{\"@type\":\"ListItem\",\"@id\":\"https:\\\/\\\/www.encontrafeiradesantana.com.br\\\/sobre\\\/cones-e-cavaletes-em-frente-a-lojas-devem-ser-denunciados-diz-smt-de-feira-de-santana\\\/#listItem\",\"name\":\"Cones e cavaletes em frente a lojas devem ser denunciados, diz SMT de Feira de Santana\"},\"previousItem\":{\"@type\":\"ListItem\",\"@id\":\"https:\\\/\\\/www.encontrafeiradesantana.com.br\\\/sobre#listItem\",\"name\":\"In\\u00edcio\"}},{\"@type\":\"ListItem\",\"@id\":\"https:\\\/\\\/www.encontrafeiradesantana.com.br\\\/sobre\\\/cones-e-cavaletes-em-frente-a-lojas-devem-ser-denunciados-diz-smt-de-feira-de-santana\\\/#listItem\",\"position\":3,\"name\":\"Cones e cavaletes em frente a lojas devem ser denunciados, diz SMT de Feira de Santana\",\"previousItem\":{\"@type\":\"ListItem\",\"@id\":\"https:\\\/\\\/www.encontrafeiradesantana.com.br\\\/sobre\\\/noticias-em-feira-de-santana\\\/#listItem\",\"name\":\"Not\\u00edcias Feira de Santana\"}}]},{\"@type\":\"Organization\",\"@id\":\"https:\\\/\\\/www.encontrafeiradesantana.com.br\\\/sobre\\\/#organization\",\"name\":\"Encontra Feira de Santana\",\"description\":\"Not\\u00edcias, eventos, informa\\u00e7\\u00f5es e dicas na cidade Feira de Santana e regi\\u00e3o.\",\"url\":\"https:\\\/\\\/www.encontrafeiradesantana.com.br\\\/sobre\\\/\"},{\"@type\":\"Person\",\"@id\":\"https:\\\/\\\/www.encontrafeiradesantana.com.br\\\/sobre\\\/author\\\/efeiradesantana\\\/#author\",\"url\":\"https:\\\/\\\/www.encontrafeiradesantana.com.br\\\/sobre\\\/author\\\/efeiradesantana\\\/\",\"name\":\"Encontra Feira de Santana\",\"image\":{\"@type\":\"ImageObject\",\"@id\":\"https:\\\/\\\/www.encontrafeiradesantana.com.br\\\/sobre\\\/cones-e-cavaletes-em-frente-a-lojas-devem-ser-denunciados-diz-smt-de-feira-de-santana\\\/#authorImage\",\"url\":\"https:\\\/\\\/secure.gravatar.com\\\/avatar\\\/507340682b8270222e1f208e23198b6ae7e2c6a1033ae84e99bc6bce4f82a387?s=96&d=mm&r=g\",\"width\":96,\"height\":96,\"caption\":\"Encontra Feira de Santana\"}},{\"@type\":\"WebPage\",\"@id\":\"https:\\\/\\\/www.encontrafeiradesantana.com.br\\\/sobre\\\/cones-e-cavaletes-em-frente-a-lojas-devem-ser-denunciados-diz-smt-de-feira-de-santana\\\/#webpage\",\"url\":\"https:\\\/\\\/www.encontrafeiradesantana.com.br\\\/sobre\\\/cones-e-cavaletes-em-frente-a-lojas-devem-ser-denunciados-diz-smt-de-feira-de-santana\\\/\",\"name\":\"Cones e cavaletes em frente a lojas devem ser denunciados, diz SMT de Feira de Santana | Encontra Feira de Santana\",\"description\":\"O motorista da cidade de Feira de Santana nem sempre consegue parar onde quer, al\\u00e9m disso, comerciantes bloqueiam algumas vagas com cones e cavaletes para guardar lugar para caminh\\u00f5es, clientes e at\\u00e9 para eles mesmos. A reportagem do Acorda Cidade notou que a pr\\u00e1tica \\u00e9 frequente em algumas ruas da cidade e questionou alguns comerciantes\",\"inLanguage\":\"pt-BR\",\"isPartOf\":{\"@id\":\"https:\\\/\\\/www.encontrafeiradesantana.com.br\\\/sobre\\\/#website\"},\"breadcrumb\":{\"@id\":\"https:\\\/\\\/www.encontrafeiradesantana.com.br\\\/sobre\\\/cones-e-cavaletes-em-frente-a-lojas-devem-ser-denunciados-diz-smt-de-feira-de-santana\\\/#breadcrumblist\"},\"author\":{\"@id\":\"https:\\\/\\\/www.encontrafeiradesantana.com.br\\\/sobre\\\/author\\\/efeiradesantana\\\/#author\"},\"creator\":{\"@id\":\"https:\\\/\\\/www.encontrafeiradesantana.com.br\\\/sobre\\\/author\\\/efeiradesantana\\\/#author\"},\"datePublished\":\"2013-02-14T00:01:19-02:00\",\"dateModified\":\"2019-04-29T17:46:36-03:00\"},{\"@type\":\"WebSite\",\"@id\":\"https:\\\/\\\/www.encontrafeiradesantana.com.br\\\/sobre\\\/#website\",\"url\":\"https:\\\/\\\/www.encontrafeiradesantana.com.br\\\/sobre\\\/\",\"name\":\"Encontra Feira de Santana\",\"description\":\"Not\\u00edcias, eventos, informa\\u00e7\\u00f5es e dicas na cidade Feira de Santana e regi\\u00e3o.\",\"inLanguage\":\"pt-BR\",\"publisher\":{\"@id\":\"https:\\\/\\\/www.encontrafeiradesantana.com.br\\\/sobre\\\/#organization\"}}]}\n\t\t<\/script>\n\t\t<!-- All in One SEO -->\n\n","aioseo_head_json":{"title":"Cones e cavaletes em frente a lojas devem ser denunciados, diz SMT de Feira de Santana | Encontra Feira de Santana","description":"O motorista da cidade de Feira de Santana nem sempre consegue parar onde quer, al\u00e9m disso, comerciantes bloqueiam algumas vagas com cones e cavaletes para guardar lugar para caminh\u00f5es, clientes e at\u00e9 para eles mesmos. A reportagem do Acorda Cidade notou que a pr\u00e1tica \u00e9 frequente em algumas ruas da cidade e questionou alguns comerciantes","canonical_url":"https:\/\/www.encontrafeiradesantana.com.br\/sobre\/cones-e-cavaletes-em-frente-a-lojas-devem-ser-denunciados-diz-smt-de-feira-de-santana\/","robots":"max-image-preview:large","keywords":"","webmasterTools":{"miscellaneous":""},"schema":{"@context":"https:\/\/schema.org","@graph":[{"@type":"Article","@id":"https:\/\/www.encontrafeiradesantana.com.br\/sobre\/cones-e-cavaletes-em-frente-a-lojas-devem-ser-denunciados-diz-smt-de-feira-de-santana\/#article","name":"Cones e cavaletes em frente a lojas devem ser denunciados, diz SMT de Feira de Santana | Encontra Feira de Santana","headline":"Cones e cavaletes em frente a lojas devem ser denunciados, diz SMT de Feira de Santana","author":{"@id":"https:\/\/www.encontrafeiradesantana.com.br\/sobre\/author\/efeiradesantana\/#author"},"publisher":{"@id":"https:\/\/www.encontrafeiradesantana.com.br\/sobre\/#organization"},"datePublished":"2013-02-14T00:01:19-02:00","dateModified":"2019-04-29T17:46:36-03:00","inLanguage":"pt-BR","mainEntityOfPage":{"@id":"https:\/\/www.encontrafeiradesantana.com.br\/sobre\/cones-e-cavaletes-em-frente-a-lojas-devem-ser-denunciados-diz-smt-de-feira-de-santana\/#webpage"},"isPartOf":{"@id":"https:\/\/www.encontrafeiradesantana.com.br\/sobre\/cones-e-cavaletes-em-frente-a-lojas-devem-ser-denunciados-diz-smt-de-feira-de-santana\/#webpage"},"articleSection":"Not\u00edcias Feira de Santana, Servi\u00e7os Feira de Santana, Feira de Santana"},{"@type":"BreadcrumbList","@id":"https:\/\/www.encontrafeiradesantana.com.br\/sobre\/cones-e-cavaletes-em-frente-a-lojas-devem-ser-denunciados-diz-smt-de-feira-de-santana\/#breadcrumblist","itemListElement":[{"@type":"ListItem","@id":"https:\/\/www.encontrafeiradesantana.com.br\/sobre#listItem","position":1,"name":"In\u00edcio","item":"https:\/\/www.encontrafeiradesantana.com.br\/sobre","nextItem":{"@type":"ListItem","@id":"https:\/\/www.encontrafeiradesantana.com.br\/sobre\/noticias-em-feira-de-santana\/#listItem","name":"Not\u00edcias Feira de Santana"}},{"@type":"ListItem","@id":"https:\/\/www.encontrafeiradesantana.com.br\/sobre\/noticias-em-feira-de-santana\/#listItem","position":2,"name":"Not\u00edcias Feira de Santana","item":"https:\/\/www.encontrafeiradesantana.com.br\/sobre\/noticias-em-feira-de-santana\/","nextItem":{"@type":"ListItem","@id":"https:\/\/www.encontrafeiradesantana.com.br\/sobre\/cones-e-cavaletes-em-frente-a-lojas-devem-ser-denunciados-diz-smt-de-feira-de-santana\/#listItem","name":"Cones e cavaletes em frente a lojas devem ser denunciados, diz SMT de Feira de Santana"},"previousItem":{"@type":"ListItem","@id":"https:\/\/www.encontrafeiradesantana.com.br\/sobre#listItem","name":"In\u00edcio"}},{"@type":"ListItem","@id":"https:\/\/www.encontrafeiradesantana.com.br\/sobre\/cones-e-cavaletes-em-frente-a-lojas-devem-ser-denunciados-diz-smt-de-feira-de-santana\/#listItem","position":3,"name":"Cones e cavaletes em frente a lojas devem ser denunciados, diz SMT de Feira de Santana","previousItem":{"@type":"ListItem","@id":"https:\/\/www.encontrafeiradesantana.com.br\/sobre\/noticias-em-feira-de-santana\/#listItem","name":"Not\u00edcias Feira de Santana"}}]},{"@type":"Organization","@id":"https:\/\/www.encontrafeiradesantana.com.br\/sobre\/#organization","name":"Encontra Feira de Santana","description":"Not\u00edcias, eventos, informa\u00e7\u00f5es e dicas na cidade Feira de Santana e regi\u00e3o.","url":"https:\/\/www.encontrafeiradesantana.com.br\/sobre\/"},{"@type":"Person","@id":"https:\/\/www.encontrafeiradesantana.com.br\/sobre\/author\/efeiradesantana\/#author","url":"https:\/\/www.encontrafeiradesantana.com.br\/sobre\/author\/efeiradesantana\/","name":"Encontra Feira de Santana","image":{"@type":"ImageObject","@id":"https:\/\/www.encontrafeiradesantana.com.br\/sobre\/cones-e-cavaletes-em-frente-a-lojas-devem-ser-denunciados-diz-smt-de-feira-de-santana\/#authorImage","url":"https:\/\/secure.gravatar.com\/avatar\/507340682b8270222e1f208e23198b6ae7e2c6a1033ae84e99bc6bce4f82a387?s=96&d=mm&r=g","width":96,"height":96,"caption":"Encontra Feira de Santana"}},{"@type":"WebPage","@id":"https:\/\/www.encontrafeiradesantana.com.br\/sobre\/cones-e-cavaletes-em-frente-a-lojas-devem-ser-denunciados-diz-smt-de-feira-de-santana\/#webpage","url":"https:\/\/www.encontrafeiradesantana.com.br\/sobre\/cones-e-cavaletes-em-frente-a-lojas-devem-ser-denunciados-diz-smt-de-feira-de-santana\/","name":"Cones e cavaletes em frente a lojas devem ser denunciados, diz SMT de Feira de Santana | Encontra Feira de Santana","description":"O motorista da cidade de Feira de Santana nem sempre consegue parar onde quer, al\u00e9m disso, comerciantes bloqueiam algumas vagas com cones e cavaletes para guardar lugar para caminh\u00f5es, clientes e at\u00e9 para eles mesmos. A reportagem do Acorda Cidade notou que a pr\u00e1tica \u00e9 frequente em algumas ruas da cidade e questionou alguns comerciantes","inLanguage":"pt-BR","isPartOf":{"@id":"https:\/\/www.encontrafeiradesantana.com.br\/sobre\/#website"},"breadcrumb":{"@id":"https:\/\/www.encontrafeiradesantana.com.br\/sobre\/cones-e-cavaletes-em-frente-a-lojas-devem-ser-denunciados-diz-smt-de-feira-de-santana\/#breadcrumblist"},"author":{"@id":"https:\/\/www.encontrafeiradesantana.com.br\/sobre\/author\/efeiradesantana\/#author"},"creator":{"@id":"https:\/\/www.encontrafeiradesantana.com.br\/sobre\/author\/efeiradesantana\/#author"},"datePublished":"2013-02-14T00:01:19-02:00","dateModified":"2019-04-29T17:46:36-03:00"},{"@type":"WebSite","@id":"https:\/\/www.encontrafeiradesantana.com.br\/sobre\/#website","url":"https:\/\/www.encontrafeiradesantana.com.br\/sobre\/","name":"Encontra Feira de Santana","description":"Not\u00edcias, eventos, informa\u00e7\u00f5es e dicas na cidade Feira de Santana e regi\u00e3o.","inLanguage":"pt-BR","publisher":{"@id":"https:\/\/www.encontrafeiradesantana.com.br\/sobre\/#organization"}}]},"og:locale":"pt_BR","og:site_name":"Encontra Feira de Santana | Not\u00edcias, eventos, informa\u00e7\u00f5es e dicas na cidade Feira de Santana e regi\u00e3o.","og:type":"article","og:title":"Cones e cavaletes em frente a lojas devem ser denunciados, diz SMT de Feira de Santana | Encontra Feira de Santana","og:description":"O motorista da cidade de Feira de Santana nem sempre consegue parar onde quer, al\u00e9m disso, comerciantes bloqueiam algumas vagas com cones e cavaletes para guardar lugar para caminh\u00f5es, clientes e at\u00e9 para eles mesmos. A reportagem do Acorda Cidade notou que a pr\u00e1tica \u00e9 frequente em algumas ruas da cidade e questionou alguns comerciantes","og:url":"https:\/\/www.encontrafeiradesantana.com.br\/sobre\/cones-e-cavaletes-em-frente-a-lojas-devem-ser-denunciados-diz-smt-de-feira-de-santana\/","article:published_time":"2013-02-14T02:01:19+00:00","article:modified_time":"2019-04-29T20:46:36+00:00","twitter:card":"summary","twitter:title":"Cones e cavaletes em frente a lojas devem ser denunciados, diz SMT de Feira de Santana | Encontra Feira de Santana","twitter:description":"O motorista da cidade de Feira de Santana nem sempre consegue parar onde quer, al\u00e9m disso, comerciantes bloqueiam algumas vagas com cones e cavaletes para guardar lugar para caminh\u00f5es, clientes e at\u00e9 para eles mesmos. A reportagem do Acorda Cidade notou que a pr\u00e1tica \u00e9 frequente em algumas ruas da cidade e questionou alguns comerciantes"},"aioseo_meta_data":{"post_id":"62","title":null,"description":null,"keywords":null,"keyphrases":null,"primary_term":null,"canonical_url":null,"og_title":null,"og_description":null,"og_object_type":"default","og_image_type":"default","og_image_url":null,"og_image_width":null,"og_image_height":null,"og_image_custom_url":null,"og_image_custom_fields":null,"og_video":null,"og_custom_url":null,"og_article_section":null,"og_article_tags":null,"twitter_use_og":false,"twitter_card":"default","twitter_image_type":"default","twitter_image_url":null,"twitter_image_custom_url":null,"twitter_image_custom_fields":null,"twitter_title":null,"twitter_description":null,"schema":{"blockGraphs":[],"customGraphs":[],"default":{"data":{"Article":[],"Course":[],"Dataset":[],"FAQPage":[],"Movie":[],"Person":[],"Product":[],"ProductReview":[],"Car":[],"Recipe":[],"Service":[],"SoftwareApplication":[],"WebPage":[]},"graphName":"Article","isEnabled":true},"graphs":[]},"schema_type":null,"schema_type_options":null,"pillar_content":false,"robots_default":true,"robots_noindex":false,"robots_noarchive":false,"robots_nosnippet":false,"robots_nofollow":false,"robots_noimageindex":false,"robots_noodp":false,"robots_notranslate":false,"robots_max_snippet":null,"robots_max_videopreview":null,"robots_max_imagepreview":"large","priority":null,"frequency":null,"local_seo":null,"breadcrumb_settings":null,"limit_modified_date":false,"ai":null,"created":"2021-04-20 14:17:10","updated":"2025-09-22 16:11:04","focus_keyword":null,"additional_keywords":null,"truseo_locale":null,"seo_analyzer_scan_date":null},"aioseo_breadcrumb":"<div class=\"aioseo-breadcrumbs\"><span class=\"aioseo-breadcrumb\">\n\t\t\t<a href=\"https:\/\/www.encontrafeiradesantana.com.br\/sobre\" title=\"In\u00edcio\">In\u00edcio<\/a>\n\t\t<\/span><span class=\"aioseo-breadcrumb-separator\">&raquo;<\/span><span class=\"aioseo-breadcrumb\">\n\t\t\t<a href=\"https:\/\/www.encontrafeiradesantana.com.br\/sobre\/noticias-em-feira-de-santana\/\" title=\"Not\u00edcias Feira de Santana\">Not\u00edcias Feira de Santana<\/a>\n\t\t<\/span><span class=\"aioseo-breadcrumb-separator\">&raquo;<\/span><span class=\"aioseo-breadcrumb\">\n\t\t\tCones e cavaletes em frente a lojas devem ser denunciados, diz SMT de Feira de Santana\n\t\t<\/span><\/div>","aioseo_breadcrumb_json":[{"label":"In\u00edcio","link":"https:\/\/www.encontrafeiradesantana.com.br\/sobre"},{"label":"Not\u00edcias Feira de Santana","link":"https:\/\/www.encontrafeiradesantana.com.br\/sobre\/noticias-em-feira-de-santana\/"},{"label":"Cones e cavaletes em frente a lojas devem ser denunciados, diz SMT de Feira de Santana","link":"https:\/\/www.encontrafeiradesantana.com.br\/sobre\/cones-e-cavaletes-em-frente-a-lojas-devem-ser-denunciados-diz-smt-de-feira-de-santana\/"}],"_links":{"self":[{"href":"https:\/\/www.encontrafeiradesantana.com.br\/sobre\/wp-json\/wp\/v2\/posts\/62","targetHints":{"allow":["GET"]}}],"collection":[{"href":"https:\/\/www.encontrafeiradesantana.com.br\/sobre\/wp-json\/wp\/v2\/posts"}],"about":[{"href":"https:\/\/www.encontrafeiradesantana.com.br\/sobre\/wp-json\/wp\/v2\/types\/post"}],"author":[{"embeddable":true,"href":"https:\/\/www.encontrafeiradesantana.com.br\/sobre\/wp-json\/wp\/v2\/users\/1"}],"replies":[{"embeddable":true,"href":"https:\/\/www.encontrafeiradesantana.com.br\/sobre\/wp-json\/wp\/v2\/comments?post=62"}],"version-history":[{"count":3,"href":"https:\/\/www.encontrafeiradesantana.com.br\/sobre\/wp-json\/wp\/v2\/posts\/62\/revisions"}],"predecessor-version":[{"id":650,"href":"https:\/\/www.encontrafeiradesantana.com.br\/sobre\/wp-json\/wp\/v2\/posts\/62\/revisions\/650"}],"wp:attachment":[{"href":"https:\/\/www.encontrafeiradesantana.com.br\/sobre\/wp-json\/wp\/v2\/media?parent=62"}],"wp:term":[{"taxonomy":"category","embeddable":true,"href":"https:\/\/www.encontrafeiradesantana.com.br\/sobre\/wp-json\/wp\/v2\/categories?post=62"},{"taxonomy":"post_tag","embeddable":true,"href":"https:\/\/www.encontrafeiradesantana.com.br\/sobre\/wp-json\/wp\/v2\/tags?post=62"}],"curies":[{"name":"wp","href":"https:\/\/api.w.org\/{rel}","templated":true}]}}