{"id":465,"date":"2014-01-16T09:44:37","date_gmt":"2014-01-16T11:44:37","guid":{"rendered":"http:\/\/www.encontrafeiradesantana.com.br\/noticias\/?p=465"},"modified":"2019-04-29T17:46:26","modified_gmt":"2019-04-29T20:46:26","slug":"inscricoes-do-pronatec-em-feira-de-santana-serao-feitas-nos-cras","status":"publish","type":"post","link":"https:\/\/www.encontrafeiradesantana.com.br\/sobre\/inscricoes-do-pronatec-em-feira-de-santana-serao-feitas-nos-cras\/","title":{"rendered":"Inscri\u00e7\u00f5es do Pronatec em Feira de Santana ser\u00e3o feitas nos CRAS"},"content":{"rendered":"<div class=\"3f468104ad11f00a3c9ac948316f4265\" data-index=\"1\" style=\"float: none; margin:0px;\">\n<ins class=\"adsbygoogle\"\r\n     style=\"display:block\"\r\n     data-ad-client=\"ca-pub-8585364105181520\"\r\n     data-ad-slot=\"8789329856\"\r\n     data-ad-format=\"auto\"\r\n     data-full-width-responsive=\"true\"><\/ins>\r\n<script>\r\n     (adsbygoogle = window.adsbygoogle || []).push({});\r\n<\/script>\r\n\n<\/div>\n<p>As inscri\u00e7\u00f5es para cursos do Programa Nacional de Acesso ao Ensino T\u00e9cnico e Emprego (Pronatec) passam a ser realizadas nos Centros de Refer\u00eancia em Assist\u00eancia Social (CRAS) em quatro bairros de Feira de Santana. Ser\u00e3o realizadas no per\u00edodo de 16 a 22 deste m\u00eas, com oferta inicial de 400 vagas distribu\u00eddas entre 10 cursos.<\/p>\n<p>Os interessados devem se dirigir aos CRAS instalados nos bairros Rua Nova, Jussara, Avi\u00e1rio e George Am\u00e9rico. Ser\u00e3o realizadas inscri\u00e7\u00f5es para os cursos de agente de observa\u00e7\u00e3o de seguran\u00e7a, almoxarife, assistente de planejamento e contabilidade de Produ\u00e7\u00e3o, auxiliar de manuten\u00e7\u00e3o predial, costureira industrial, eletricista industrial, mec\u00e2nico de autom\u00f3veis leves, mec\u00e2nico de m\u00e1quinas industriais, de modelista e de programador de sistemas. S\u00e3o 40 vagas para cada curso.<\/p>\n<p>As vagas est\u00e3o sendo oferecidas exclusivamente para as pessoas que possuem inscri\u00e7\u00e3o no NIS. \u201cOs candidatos ser\u00e3o atendidos por agentes dos CRAS e agentes da Casa do Trabalhador\u201d, explica o secret\u00e1rio de Trabalho, Turismo e Desenvolvimento Econ\u00f4mico (Settdec), Ant\u00f4nio Carlos Borges J\u00fanior.<\/p>\n<p>A descentraliza\u00e7\u00e3o faz parte das a\u00e7\u00f5es promovidas pela Settdec para dinamizar a oferta dos servi\u00e7os levando cursos profissionalizantes \u00e0s comunidades que mais necessitam da oferta para qualificar a m\u00e3o de obra e oferecer oportunidades para inser\u00e7\u00e3o no mercado de trabalho.<\/p>\n\n<div style=\"font-size: 0px; height: 0px; line-height: 0px; margin: 0; padding: 0; clear: both;\"><\/div>","protected":false},"excerpt":{"rendered":"<p>As inscri\u00e7\u00f5es para cursos do Programa Nacional de Acesso ao Ensino T\u00e9cnico e Emprego (Pronatec) passam a ser realizadas nos Centros de Refer\u00eancia em Assist\u00eancia Social (CRAS) em quatro bairros de Feira de Santana. Ser\u00e3o realizadas no per\u00edodo de 16 a 22 deste m\u00eas, com oferta inicial de 400 vagas distribu\u00eddas entre 10 cursos. Os interessados devem se dirigir aos CRAS instalados nos bairros Rua Nova, Jussara, Avi\u00e1rio e George Am\u00e9rico. Ser\u00e3o realizadas inscri\u00e7\u00f5es para os cursos de agente de observa\u00e7\u00e3o de seguran\u00e7a, almoxarife, assistente de planejamento e contabilidade de Produ\u00e7\u00e3o, auxiliar de manuten\u00e7\u00e3o predial, costureira industrial, eletricista industrial, mec\u00e2nico <\/p>\n","protected":false},"author":1,"featured_media":0,"comment_status":"open","ping_status":"closed","sticky":false,"template":"","format":"standard","meta":{"footnotes":""},"categories":[6],"tags":[],"class_list":["post-465","post","type-post","status-publish","format-standard","hentry","category-noticias-em-feira-de-santana"],"aioseo_notices":[],"aioseo_head":"\n\t\t<!-- All in One SEO 5.0.0.1 - aioseo.com -->\n\t<meta name=\"description\" content=\"As inscri\u00e7\u00f5es para cursos do Programa Nacional de Acesso ao Ensino T\u00e9cnico e Emprego (Pronatec) passam a ser realizadas nos Centros de Refer\u00eancia em Assist\u00eancia Social (CRAS) em quatro bairros de Feira de Santana. Ser\u00e3o realizadas no per\u00edodo de 16 a 22 deste m\u00eas, com oferta inicial de 400 vagas distribu\u00eddas entre 10 cursos. Os\" \/>\n\t<meta name=\"robots\" content=\"max-image-preview:large\" \/>\n\t<meta name=\"author\" content=\"Encontra Feira de Santana\"\/>\n\t<link rel=\"canonical\" href=\"https:\/\/www.encontrafeiradesantana.com.br\/sobre\/inscricoes-do-pronatec-em-feira-de-santana-serao-feitas-nos-cras\/\" \/>\n\t<meta name=\"generator\" content=\"All in One SEO (AIOSEO) 5.0.0.1\" \/>\n\t\t<meta property=\"og:locale\" content=\"pt_BR\" \/>\n\t\t<meta property=\"og:site_name\" content=\"Encontra Feira de Santana | Not\u00edcias, eventos, informa\u00e7\u00f5es e dicas na cidade Feira de Santana e regi\u00e3o.\" \/>\n\t\t<meta property=\"og:type\" content=\"article\" \/>\n\t\t<meta property=\"og:title\" content=\"Inscri\u00e7\u00f5es do Pronatec em Feira de Santana ser\u00e3o feitas nos CRAS | Encontra Feira de Santana\" \/>\n\t\t<meta property=\"og:description\" content=\"As inscri\u00e7\u00f5es para cursos do Programa Nacional de Acesso ao Ensino T\u00e9cnico e Emprego (Pronatec) passam a ser realizadas nos Centros de Refer\u00eancia em Assist\u00eancia Social (CRAS) em quatro bairros de Feira de Santana. Ser\u00e3o realizadas no per\u00edodo de 16 a 22 deste m\u00eas, com oferta inicial de 400 vagas distribu\u00eddas entre 10 cursos. Os\" \/>\n\t\t<meta property=\"og:url\" content=\"https:\/\/www.encontrafeiradesantana.com.br\/sobre\/inscricoes-do-pronatec-em-feira-de-santana-serao-feitas-nos-cras\/\" \/>\n\t\t<meta property=\"article:published_time\" content=\"2014-01-16T11:44:37+00:00\" \/>\n\t\t<meta property=\"article:modified_time\" content=\"2019-04-29T20:46:26+00:00\" \/>\n\t\t<meta name=\"twitter:card\" content=\"summary\" \/>\n\t\t<meta name=\"twitter:title\" content=\"Inscri\u00e7\u00f5es do Pronatec em Feira de Santana ser\u00e3o feitas nos CRAS | Encontra Feira de Santana\" \/>\n\t\t<meta name=\"twitter:description\" content=\"As inscri\u00e7\u00f5es para cursos do Programa Nacional de Acesso ao Ensino T\u00e9cnico e Emprego (Pronatec) passam a ser realizadas nos Centros de Refer\u00eancia em Assist\u00eancia Social (CRAS) em quatro bairros de Feira de Santana. Ser\u00e3o realizadas no per\u00edodo de 16 a 22 deste m\u00eas, com oferta inicial de 400 vagas distribu\u00eddas entre 10 cursos. Os\" \/>\n\t\t<script type=\"application\/ld+json\" class=\"aioseo-schema\">\n\t\t\t{\"@context\":\"https:\\\/\\\/schema.org\",\"@graph\":[{\"@type\":\"Article\",\"@id\":\"https:\\\/\\\/www.encontrafeiradesantana.com.br\\\/sobre\\\/inscricoes-do-pronatec-em-feira-de-santana-serao-feitas-nos-cras\\\/#article\",\"name\":\"Inscri\\u00e7\\u00f5es do Pronatec em Feira de Santana ser\\u00e3o feitas nos CRAS | Encontra Feira de Santana\",\"headline\":\"Inscri\\u00e7\\u00f5es do Pronatec em Feira de Santana ser\\u00e3o feitas nos CRAS\",\"author\":{\"@id\":\"https:\\\/\\\/www.encontrafeiradesantana.com.br\\\/sobre\\\/author\\\/efeiradesantana\\\/#author\"},\"publisher\":{\"@id\":\"https:\\\/\\\/www.encontrafeiradesantana.com.br\\\/sobre\\\/#organization\"},\"datePublished\":\"2014-01-16T09:44:37-02:00\",\"dateModified\":\"2019-04-29T17:46:26-03:00\",\"inLanguage\":\"pt-BR\",\"mainEntityOfPage\":{\"@id\":\"https:\\\/\\\/www.encontrafeiradesantana.com.br\\\/sobre\\\/inscricoes-do-pronatec-em-feira-de-santana-serao-feitas-nos-cras\\\/#webpage\"},\"isPartOf\":{\"@id\":\"https:\\\/\\\/www.encontrafeiradesantana.com.br\\\/sobre\\\/inscricoes-do-pronatec-em-feira-de-santana-serao-feitas-nos-cras\\\/#webpage\"},\"articleSection\":\"Not\\u00edcias Feira de Santana\"},{\"@type\":\"BreadcrumbList\",\"@id\":\"https:\\\/\\\/www.encontrafeiradesantana.com.br\\\/sobre\\\/inscricoes-do-pronatec-em-feira-de-santana-serao-feitas-nos-cras\\\/#breadcrumblist\",\"itemListElement\":[{\"@type\":\"ListItem\",\"@id\":\"https:\\\/\\\/www.encontrafeiradesantana.com.br\\\/sobre#listItem\",\"position\":1,\"name\":\"In\\u00edcio\",\"item\":\"https:\\\/\\\/www.encontrafeiradesantana.com.br\\\/sobre\",\"nextItem\":{\"@type\":\"ListItem\",\"@id\":\"https:\\\/\\\/www.encontrafeiradesantana.com.br\\\/sobre\\\/noticias-em-feira-de-santana\\\/#listItem\",\"name\":\"Not\\u00edcias Feira de Santana\"}},{\"@type\":\"ListItem\",\"@id\":\"https:\\\/\\\/www.encontrafeiradesantana.com.br\\\/sobre\\\/noticias-em-feira-de-santana\\\/#listItem\",\"position\":2,\"name\":\"Not\\u00edcias Feira de Santana\",\"item\":\"https:\\\/\\\/www.encontrafeiradesantana.com.br\\\/sobre\\\/noticias-em-feira-de-santana\\\/\",\"nextItem\":{\"@type\":\"ListItem\",\"@id\":\"https:\\\/\\\/www.encontrafeiradesantana.com.br\\\/sobre\\\/inscricoes-do-pronatec-em-feira-de-santana-serao-feitas-nos-cras\\\/#listItem\",\"name\":\"Inscri\\u00e7\\u00f5es do Pronatec em Feira de Santana ser\\u00e3o feitas nos CRAS\"},\"previousItem\":{\"@type\":\"ListItem\",\"@id\":\"https:\\\/\\\/www.encontrafeiradesantana.com.br\\\/sobre#listItem\",\"name\":\"In\\u00edcio\"}},{\"@type\":\"ListItem\",\"@id\":\"https:\\\/\\\/www.encontrafeiradesantana.com.br\\\/sobre\\\/inscricoes-do-pronatec-em-feira-de-santana-serao-feitas-nos-cras\\\/#listItem\",\"position\":3,\"name\":\"Inscri\\u00e7\\u00f5es do Pronatec em Feira de Santana ser\\u00e3o feitas nos CRAS\",\"previousItem\":{\"@type\":\"ListItem\",\"@id\":\"https:\\\/\\\/www.encontrafeiradesantana.com.br\\\/sobre\\\/noticias-em-feira-de-santana\\\/#listItem\",\"name\":\"Not\\u00edcias Feira de Santana\"}}]},{\"@type\":\"Organization\",\"@id\":\"https:\\\/\\\/www.encontrafeiradesantana.com.br\\\/sobre\\\/#organization\",\"name\":\"Encontra Feira de Santana\",\"description\":\"Not\\u00edcias, eventos, informa\\u00e7\\u00f5es e dicas na cidade Feira de Santana e regi\\u00e3o.\",\"url\":\"https:\\\/\\\/www.encontrafeiradesantana.com.br\\\/sobre\\\/\"},{\"@type\":\"Person\",\"@id\":\"https:\\\/\\\/www.encontrafeiradesantana.com.br\\\/sobre\\\/author\\\/efeiradesantana\\\/#author\",\"url\":\"https:\\\/\\\/www.encontrafeiradesantana.com.br\\\/sobre\\\/author\\\/efeiradesantana\\\/\",\"name\":\"Encontra Feira de Santana\",\"image\":{\"@type\":\"ImageObject\",\"@id\":\"https:\\\/\\\/www.encontrafeiradesantana.com.br\\\/sobre\\\/inscricoes-do-pronatec-em-feira-de-santana-serao-feitas-nos-cras\\\/#authorImage\",\"url\":\"https:\\\/\\\/secure.gravatar.com\\\/avatar\\\/507340682b8270222e1f208e23198b6ae7e2c6a1033ae84e99bc6bce4f82a387?s=96&d=mm&r=g\",\"width\":96,\"height\":96,\"caption\":\"Encontra Feira de Santana\"}},{\"@type\":\"WebPage\",\"@id\":\"https:\\\/\\\/www.encontrafeiradesantana.com.br\\\/sobre\\\/inscricoes-do-pronatec-em-feira-de-santana-serao-feitas-nos-cras\\\/#webpage\",\"url\":\"https:\\\/\\\/www.encontrafeiradesantana.com.br\\\/sobre\\\/inscricoes-do-pronatec-em-feira-de-santana-serao-feitas-nos-cras\\\/\",\"name\":\"Inscri\\u00e7\\u00f5es do Pronatec em Feira de Santana ser\\u00e3o feitas nos CRAS | Encontra Feira de Santana\",\"description\":\"As inscri\\u00e7\\u00f5es para cursos do Programa Nacional de Acesso ao Ensino T\\u00e9cnico e Emprego (Pronatec) passam a ser realizadas nos Centros de Refer\\u00eancia em Assist\\u00eancia Social (CRAS) em quatro bairros de Feira de Santana. Ser\\u00e3o realizadas no per\\u00edodo de 16 a 22 deste m\\u00eas, com oferta inicial de 400 vagas distribu\\u00eddas entre 10 cursos. Os\",\"inLanguage\":\"pt-BR\",\"isPartOf\":{\"@id\":\"https:\\\/\\\/www.encontrafeiradesantana.com.br\\\/sobre\\\/#website\"},\"breadcrumb\":{\"@id\":\"https:\\\/\\\/www.encontrafeiradesantana.com.br\\\/sobre\\\/inscricoes-do-pronatec-em-feira-de-santana-serao-feitas-nos-cras\\\/#breadcrumblist\"},\"author\":{\"@id\":\"https:\\\/\\\/www.encontrafeiradesantana.com.br\\\/sobre\\\/author\\\/efeiradesantana\\\/#author\"},\"creator\":{\"@id\":\"https:\\\/\\\/www.encontrafeiradesantana.com.br\\\/sobre\\\/author\\\/efeiradesantana\\\/#author\"},\"datePublished\":\"2014-01-16T09:44:37-02:00\",\"dateModified\":\"2019-04-29T17:46:26-03:00\"},{\"@type\":\"WebSite\",\"@id\":\"https:\\\/\\\/www.encontrafeiradesantana.com.br\\\/sobre\\\/#website\",\"url\":\"https:\\\/\\\/www.encontrafeiradesantana.com.br\\\/sobre\\\/\",\"name\":\"Encontra Feira de Santana\",\"description\":\"Not\\u00edcias, eventos, informa\\u00e7\\u00f5es e dicas na cidade Feira de Santana e regi\\u00e3o.\",\"inLanguage\":\"pt-BR\",\"publisher\":{\"@id\":\"https:\\\/\\\/www.encontrafeiradesantana.com.br\\\/sobre\\\/#organization\"}}]}\n\t\t<\/script>\n\t\t<!-- All in One SEO -->\n\n","aioseo_head_json":{"title":"Inscri\u00e7\u00f5es do Pronatec em Feira de Santana ser\u00e3o feitas nos CRAS | Encontra Feira de Santana","description":"As inscri\u00e7\u00f5es para cursos do Programa Nacional de Acesso ao Ensino T\u00e9cnico e Emprego (Pronatec) passam a ser realizadas nos Centros de Refer\u00eancia em Assist\u00eancia Social (CRAS) em quatro bairros de Feira de Santana. Ser\u00e3o realizadas no per\u00edodo de 16 a 22 deste m\u00eas, com oferta inicial de 400 vagas distribu\u00eddas entre 10 cursos. Os","canonical_url":"https:\/\/www.encontrafeiradesantana.com.br\/sobre\/inscricoes-do-pronatec-em-feira-de-santana-serao-feitas-nos-cras\/","robots":"max-image-preview:large","keywords":"","webmasterTools":{"miscellaneous":""},"schema":{"@context":"https:\/\/schema.org","@graph":[{"@type":"Article","@id":"https:\/\/www.encontrafeiradesantana.com.br\/sobre\/inscricoes-do-pronatec-em-feira-de-santana-serao-feitas-nos-cras\/#article","name":"Inscri\u00e7\u00f5es do Pronatec em Feira de Santana ser\u00e3o feitas nos CRAS | Encontra Feira de Santana","headline":"Inscri\u00e7\u00f5es do Pronatec em Feira de Santana ser\u00e3o feitas nos CRAS","author":{"@id":"https:\/\/www.encontrafeiradesantana.com.br\/sobre\/author\/efeiradesantana\/#author"},"publisher":{"@id":"https:\/\/www.encontrafeiradesantana.com.br\/sobre\/#organization"},"datePublished":"2014-01-16T09:44:37-02:00","dateModified":"2019-04-29T17:46:26-03:00","inLanguage":"pt-BR","mainEntityOfPage":{"@id":"https:\/\/www.encontrafeiradesantana.com.br\/sobre\/inscricoes-do-pronatec-em-feira-de-santana-serao-feitas-nos-cras\/#webpage"},"isPartOf":{"@id":"https:\/\/www.encontrafeiradesantana.com.br\/sobre\/inscricoes-do-pronatec-em-feira-de-santana-serao-feitas-nos-cras\/#webpage"},"articleSection":"Not\u00edcias Feira de Santana"},{"@type":"BreadcrumbList","@id":"https:\/\/www.encontrafeiradesantana.com.br\/sobre\/inscricoes-do-pronatec-em-feira-de-santana-serao-feitas-nos-cras\/#breadcrumblist","itemListElement":[{"@type":"ListItem","@id":"https:\/\/www.encontrafeiradesantana.com.br\/sobre#listItem","position":1,"name":"In\u00edcio","item":"https:\/\/www.encontrafeiradesantana.com.br\/sobre","nextItem":{"@type":"ListItem","@id":"https:\/\/www.encontrafeiradesantana.com.br\/sobre\/noticias-em-feira-de-santana\/#listItem","name":"Not\u00edcias Feira de Santana"}},{"@type":"ListItem","@id":"https:\/\/www.encontrafeiradesantana.com.br\/sobre\/noticias-em-feira-de-santana\/#listItem","position":2,"name":"Not\u00edcias Feira de Santana","item":"https:\/\/www.encontrafeiradesantana.com.br\/sobre\/noticias-em-feira-de-santana\/","nextItem":{"@type":"ListItem","@id":"https:\/\/www.encontrafeiradesantana.com.br\/sobre\/inscricoes-do-pronatec-em-feira-de-santana-serao-feitas-nos-cras\/#listItem","name":"Inscri\u00e7\u00f5es do Pronatec em Feira de Santana ser\u00e3o feitas nos CRAS"},"previousItem":{"@type":"ListItem","@id":"https:\/\/www.encontrafeiradesantana.com.br\/sobre#listItem","name":"In\u00edcio"}},{"@type":"ListItem","@id":"https:\/\/www.encontrafeiradesantana.com.br\/sobre\/inscricoes-do-pronatec-em-feira-de-santana-serao-feitas-nos-cras\/#listItem","position":3,"name":"Inscri\u00e7\u00f5es do Pronatec em Feira de Santana ser\u00e3o feitas nos CRAS","previousItem":{"@type":"ListItem","@id":"https:\/\/www.encontrafeiradesantana.com.br\/sobre\/noticias-em-feira-de-santana\/#listItem","name":"Not\u00edcias Feira de Santana"}}]},{"@type":"Organization","@id":"https:\/\/www.encontrafeiradesantana.com.br\/sobre\/#organization","name":"Encontra Feira de Santana","description":"Not\u00edcias, eventos, informa\u00e7\u00f5es e dicas na cidade Feira de Santana e regi\u00e3o.","url":"https:\/\/www.encontrafeiradesantana.com.br\/sobre\/"},{"@type":"Person","@id":"https:\/\/www.encontrafeiradesantana.com.br\/sobre\/author\/efeiradesantana\/#author","url":"https:\/\/www.encontrafeiradesantana.com.br\/sobre\/author\/efeiradesantana\/","name":"Encontra Feira de Santana","image":{"@type":"ImageObject","@id":"https:\/\/www.encontrafeiradesantana.com.br\/sobre\/inscricoes-do-pronatec-em-feira-de-santana-serao-feitas-nos-cras\/#authorImage","url":"https:\/\/secure.gravatar.com\/avatar\/507340682b8270222e1f208e23198b6ae7e2c6a1033ae84e99bc6bce4f82a387?s=96&d=mm&r=g","width":96,"height":96,"caption":"Encontra Feira de Santana"}},{"@type":"WebPage","@id":"https:\/\/www.encontrafeiradesantana.com.br\/sobre\/inscricoes-do-pronatec-em-feira-de-santana-serao-feitas-nos-cras\/#webpage","url":"https:\/\/www.encontrafeiradesantana.com.br\/sobre\/inscricoes-do-pronatec-em-feira-de-santana-serao-feitas-nos-cras\/","name":"Inscri\u00e7\u00f5es do Pronatec em Feira de Santana ser\u00e3o feitas nos CRAS | Encontra Feira de Santana","description":"As inscri\u00e7\u00f5es para cursos do Programa Nacional de Acesso ao Ensino T\u00e9cnico e Emprego (Pronatec) passam a ser realizadas nos Centros de Refer\u00eancia em Assist\u00eancia Social (CRAS) em quatro bairros de Feira de Santana. Ser\u00e3o realizadas no per\u00edodo de 16 a 22 deste m\u00eas, com oferta inicial de 400 vagas distribu\u00eddas entre 10 cursos. Os","inLanguage":"pt-BR","isPartOf":{"@id":"https:\/\/www.encontrafeiradesantana.com.br\/sobre\/#website"},"breadcrumb":{"@id":"https:\/\/www.encontrafeiradesantana.com.br\/sobre\/inscricoes-do-pronatec-em-feira-de-santana-serao-feitas-nos-cras\/#breadcrumblist"},"author":{"@id":"https:\/\/www.encontrafeiradesantana.com.br\/sobre\/author\/efeiradesantana\/#author"},"creator":{"@id":"https:\/\/www.encontrafeiradesantana.com.br\/sobre\/author\/efeiradesantana\/#author"},"datePublished":"2014-01-16T09:44:37-02:00","dateModified":"2019-04-29T17:46:26-03:00"},{"@type":"WebSite","@id":"https:\/\/www.encontrafeiradesantana.com.br\/sobre\/#website","url":"https:\/\/www.encontrafeiradesantana.com.br\/sobre\/","name":"Encontra Feira de Santana","description":"Not\u00edcias, eventos, informa\u00e7\u00f5es e dicas na cidade Feira de Santana e regi\u00e3o.","inLanguage":"pt-BR","publisher":{"@id":"https:\/\/www.encontrafeiradesantana.com.br\/sobre\/#organization"}}]},"og:locale":"pt_BR","og:site_name":"Encontra Feira de Santana | Not\u00edcias, eventos, informa\u00e7\u00f5es e dicas na cidade Feira de Santana e regi\u00e3o.","og:type":"article","og:title":"Inscri\u00e7\u00f5es do Pronatec em Feira de Santana ser\u00e3o feitas nos CRAS | Encontra Feira de Santana","og:description":"As inscri\u00e7\u00f5es para cursos do Programa Nacional de Acesso ao Ensino T\u00e9cnico e Emprego (Pronatec) passam a ser realizadas nos Centros de Refer\u00eancia em Assist\u00eancia Social (CRAS) em quatro bairros de Feira de Santana. Ser\u00e3o realizadas no per\u00edodo de 16 a 22 deste m\u00eas, com oferta inicial de 400 vagas distribu\u00eddas entre 10 cursos. Os","og:url":"https:\/\/www.encontrafeiradesantana.com.br\/sobre\/inscricoes-do-pronatec-em-feira-de-santana-serao-feitas-nos-cras\/","article:published_time":"2014-01-16T11:44:37+00:00","article:modified_time":"2019-04-29T20:46:26+00:00","twitter:card":"summary","twitter:title":"Inscri\u00e7\u00f5es do Pronatec em Feira de Santana ser\u00e3o feitas nos CRAS | Encontra Feira de Santana","twitter:description":"As inscri\u00e7\u00f5es para cursos do Programa Nacional de Acesso ao Ensino T\u00e9cnico e Emprego (Pronatec) passam a ser realizadas nos Centros de Refer\u00eancia em Assist\u00eancia Social (CRAS) em quatro bairros de Feira de Santana. Ser\u00e3o realizadas no per\u00edodo de 16 a 22 deste m\u00eas, com oferta inicial de 400 vagas distribu\u00eddas entre 10 cursos. Os"},"aioseo_meta_data":{"post_id":"465","title":null,"description":null,"keywords":null,"keyphrases":null,"primary_term":null,"canonical_url":null,"og_title":null,"og_description":null,"og_object_type":"default","og_image_type":"default","og_image_url":null,"og_image_width":null,"og_image_height":null,"og_image_custom_url":null,"og_image_custom_fields":null,"og_video":null,"og_custom_url":null,"og_article_section":null,"og_article_tags":null,"twitter_use_og":false,"twitter_card":"default","twitter_image_type":"default","twitter_image_url":null,"twitter_image_custom_url":null,"twitter_image_custom_fields":null,"twitter_title":null,"twitter_description":null,"schema":{"blockGraphs":[],"customGraphs":[],"default":{"data":{"Article":[],"Course":[],"Dataset":[],"FAQPage":[],"Movie":[],"Person":[],"Product":[],"ProductReview":[],"Car":[],"Recipe":[],"Service":[],"SoftwareApplication":[],"WebPage":[]},"graphName":"Article","isEnabled":true},"graphs":[]},"schema_type":null,"schema_type_options":null,"pillar_content":false,"robots_default":true,"robots_noindex":false,"robots_noarchive":false,"robots_nosnippet":false,"robots_nofollow":false,"robots_noimageindex":false,"robots_noodp":false,"robots_notranslate":false,"robots_max_snippet":null,"robots_max_videopreview":null,"robots_max_imagepreview":"large","priority":null,"frequency":null,"local_seo":null,"breadcrumb_settings":null,"limit_modified_date":false,"ai":null,"created":"2021-04-20 14:17:09","updated":"2025-09-22 17:15:28","focus_keyword":null,"additional_keywords":null,"truseo_locale":null,"seo_analyzer_scan_date":null},"aioseo_breadcrumb":"<div class=\"aioseo-breadcrumbs\"><span class=\"aioseo-breadcrumb\">\n\t\t\t<a href=\"https:\/\/www.encontrafeiradesantana.com.br\/sobre\" title=\"In\u00edcio\">In\u00edcio<\/a>\n\t\t<\/span><span class=\"aioseo-breadcrumb-separator\">&raquo;<\/span><span class=\"aioseo-breadcrumb\">\n\t\t\t<a href=\"https:\/\/www.encontrafeiradesantana.com.br\/sobre\/noticias-em-feira-de-santana\/\" title=\"Not\u00edcias Feira de Santana\">Not\u00edcias Feira de Santana<\/a>\n\t\t<\/span><span class=\"aioseo-breadcrumb-separator\">&raquo;<\/span><span class=\"aioseo-breadcrumb\">\n\t\t\tInscri\u00e7\u00f5es do Pronatec em Feira de Santana ser\u00e3o feitas nos CRAS\n\t\t<\/span><\/div>","aioseo_breadcrumb_json":[{"label":"In\u00edcio","link":"https:\/\/www.encontrafeiradesantana.com.br\/sobre"},{"label":"Not\u00edcias Feira de Santana","link":"https:\/\/www.encontrafeiradesantana.com.br\/sobre\/noticias-em-feira-de-santana\/"},{"label":"Inscri\u00e7\u00f5es do Pronatec em Feira de Santana ser\u00e3o feitas nos CRAS","link":"https:\/\/www.encontrafeiradesantana.com.br\/sobre\/inscricoes-do-pronatec-em-feira-de-santana-serao-feitas-nos-cras\/"}],"_links":{"self":[{"href":"https:\/\/www.encontrafeiradesantana.com.br\/sobre\/wp-json\/wp\/v2\/posts\/465","targetHints":{"allow":["GET"]}}],"collection":[{"href":"https:\/\/www.encontrafeiradesantana.com.br\/sobre\/wp-json\/wp\/v2\/posts"}],"about":[{"href":"https:\/\/www.encontrafeiradesantana.com.br\/sobre\/wp-json\/wp\/v2\/types\/post"}],"author":[{"embeddable":true,"href":"https:\/\/www.encontrafeiradesantana.com.br\/sobre\/wp-json\/wp\/v2\/users\/1"}],"replies":[{"embeddable":true,"href":"https:\/\/www.encontrafeiradesantana.com.br\/sobre\/wp-json\/wp\/v2\/comments?post=465"}],"version-history":[{"count":2,"href":"https:\/\/www.encontrafeiradesantana.com.br\/sobre\/wp-json\/wp\/v2\/posts\/465\/revisions"}],"predecessor-version":[{"id":467,"href":"https:\/\/www.encontrafeiradesantana.com.br\/sobre\/wp-json\/wp\/v2\/posts\/465\/revisions\/467"}],"wp:attachment":[{"href":"https:\/\/www.encontrafeiradesantana.com.br\/sobre\/wp-json\/wp\/v2\/media?parent=465"}],"wp:term":[{"taxonomy":"category","embeddable":true,"href":"https:\/\/www.encontrafeiradesantana.com.br\/sobre\/wp-json\/wp\/v2\/categories?post=465"},{"taxonomy":"post_tag","embeddable":true,"href":"https:\/\/www.encontrafeiradesantana.com.br\/sobre\/wp-json\/wp\/v2\/tags?post=465"}],"curies":[{"name":"wp","href":"https:\/\/api.w.org\/{rel}","templated":true}]}}