{"id":446,"date":"2013-11-14T11:10:22","date_gmt":"2013-11-14T13:10:22","guid":{"rendered":"http:\/\/www.encontrafeiradesantana.com.br\/noticias\/?p=446"},"modified":"2019-04-29T17:46:26","modified_gmt":"2019-04-29T20:46:26","slug":"confira-as-vagas-de-emprego-em-feira-de-santana","status":"publish","type":"post","link":"https:\/\/www.encontrafeiradesantana.com.br\/sobre\/confira-as-vagas-de-emprego-em-feira-de-santana\/","title":{"rendered":"Confira as vagas de emprego em Feira de Santana"},"content":{"rendered":"<div class=\"3f468104ad11f00a3c9ac948316f4265\" data-index=\"1\" style=\"float: none; margin:0px;\">\n<ins class=\"adsbygoogle\"\r\n     style=\"display:block\"\r\n     data-ad-client=\"ca-pub-8585364105181520\"\r\n     data-ad-slot=\"8789329856\"\r\n     data-ad-format=\"auto\"\r\n     data-full-width-responsive=\"true\"><\/ins>\r\n<script>\r\n     (adsbygoogle = window.adsbygoogle || []).push({});\r\n<\/script>\r\n\n<\/div>\n<p>Confira as vagas de empregos oferecidas na regi\u00e3o de Feira de Santana.<\/p>\n<p><strong>Veja lista completa:<\/strong><\/p>\n<p>15 vagas de auxiliar de produ\u00e7\u00e3o para Portadoras de Necessidades Especiais (PNE). Sexo feminino, experi\u00eancia na \u00e1rea e ensino m\u00e9dio completo;<\/p>\n<p>3 vagas de telefonista para Portadora de Necessidades Especiais (PNE). Sexo Feminino, ensino m\u00e9dio completo, inform\u00e1tica b\u00e1sica e experi\u00eancia;<\/p>\n<p>1 vaga de ajudante de log\u00edstica para Portadores de Necessidades Especiais (PNE). Ambos os sexos, ensino m\u00e9dio completo, experi\u00eancia;<\/p>\n<p>2 vagas de auxiliar administrativo para Portadora de Necessidades Especiais (PNE). Sexo feminino, ensino m\u00e9dio completo e experi\u00eancia. Comparecer \u00e0 Rua Travessa Nossa Senhora de Lourdes, n\u00ba 55, Centro ou ligar para 75.3022-1327;<\/p>\n<p>1 vaga para costureiro com experi\u00eancia em estofados. Ambos os sexos, de prefer\u00eancia que more pr\u00f3ximo aos bairros Pedra do Descanso e Feira X. N\u00e3o exige escolaridade. Ligar para 75.8265-5352 ou 75.9102-1430;<\/p>\n<p>2 vagas para manicure. Sexo feminino, com experi\u00eancia. Ensino fundamental completo e 1 vaga para cabeleireiro, ambos os sexos e experi\u00eancia. Ensino fundamental completo. Comparecer \u00e0 Avenida Maria Quit\u00e9ria, n\u00ba 669, Bras\u00edlia;<\/p>\n<p>1 vaga para vendedor com carro ou moto para trabalhar em Feira de Santana e regi\u00e3o. Experi\u00eancia, escolaridade. Ligar para 75.9139-5590.<\/p>\n\n<div style=\"font-size: 0px; height: 0px; line-height: 0px; margin: 0; padding: 0; clear: both;\"><\/div>","protected":false},"excerpt":{"rendered":"<p>Confira as vagas de empregos oferecidas na regi\u00e3o de Feira de Santana. Veja lista completa: 15 vagas de auxiliar de produ\u00e7\u00e3o para Portadoras de Necessidades Especiais (PNE). Sexo feminino, experi\u00eancia na \u00e1rea e ensino m\u00e9dio completo; 3 vagas de telefonista para Portadora de Necessidades Especiais (PNE). Sexo Feminino, ensino m\u00e9dio completo, inform\u00e1tica b\u00e1sica e experi\u00eancia; 1 vaga de ajudante de log\u00edstica para Portadores de Necessidades Especiais (PNE). Ambos os sexos, ensino m\u00e9dio completo, experi\u00eancia; 2 vagas de auxiliar administrativo para Portadora de Necessidades Especiais (PNE). Sexo feminino, ensino m\u00e9dio completo e experi\u00eancia. Comparecer \u00e0 Rua Travessa Nossa Senhora de Lourdes, <\/p>\n","protected":false},"author":1,"featured_media":0,"comment_status":"open","ping_status":"closed","sticky":false,"template":"","format":"standard","meta":{"footnotes":""},"categories":[4],"tags":[],"class_list":["post-446","post","type-post","status-publish","format-standard","hentry","category-empregos-em-feira-de-santana"],"aioseo_notices":[],"_links":{"self":[{"href":"https:\/\/www.encontrafeiradesantana.com.br\/sobre\/wp-json\/wp\/v2\/posts\/446","targetHints":{"allow":["GET"]}}],"collection":[{"href":"https:\/\/www.encontrafeiradesantana.com.br\/sobre\/wp-json\/wp\/v2\/posts"}],"about":[{"href":"https:\/\/www.encontrafeiradesantana.com.br\/sobre\/wp-json\/wp\/v2\/types\/post"}],"author":[{"embeddable":true,"href":"https:\/\/www.encontrafeiradesantana.com.br\/sobre\/wp-json\/wp\/v2\/users\/1"}],"replies":[{"embeddable":true,"href":"https:\/\/www.encontrafeiradesantana.com.br\/sobre\/wp-json\/wp\/v2\/comments?post=446"}],"version-history":[{"count":1,"href":"https:\/\/www.encontrafeiradesantana.com.br\/sobre\/wp-json\/wp\/v2\/posts\/446\/revisions"}],"predecessor-version":[{"id":447,"href":"https:\/\/www.encontrafeiradesantana.com.br\/sobre\/wp-json\/wp\/v2\/posts\/446\/revisions\/447"}],"wp:attachment":[{"href":"https:\/\/www.encontrafeiradesantana.com.br\/sobre\/wp-json\/wp\/v2\/media?parent=446"}],"wp:term":[{"taxonomy":"category","embeddable":true,"href":"https:\/\/www.encontrafeiradesantana.com.br\/sobre\/wp-json\/wp\/v2\/categories?post=446"},{"taxonomy":"post_tag","embeddable":true,"href":"https:\/\/www.encontrafeiradesantana.com.br\/sobre\/wp-json\/wp\/v2\/tags?post=446"}],"curies":[{"name":"wp","href":"https:\/\/api.w.org\/{rel}","templated":true}]}}