{"id":2802,"date":"2026-09-05T03:39:15","date_gmt":"2026-09-05T06:39:15","guid":{"rendered":"https:\/\/www.encontrafeiradesantana.com.br\/sobre\/plantao-tira\/"},"modified":"2026-09-05T03:39:15","modified_gmt":"2026-09-05T06:39:15","slug":"plantao-tira","status":"publish","type":"post","link":"https:\/\/www.encontrafeiradesantana.com.br\/sobre\/plantao-tira\/","title":{"rendered":"Plant\u00e3o tira"},"content":{"rendered":"<div class=\"3f468104ad11f00a3c9ac948316f4265\" data-index=\"1\" style=\"float: none; margin:0px;\">\n<ins class=\"adsbygoogle\"\r\n     style=\"display:block\"\r\n     data-ad-client=\"ca-pub-8585364105181520\"\r\n     data-ad-slot=\"8789329856\"\r\n     data-ad-format=\"auto\"\r\n     data-full-width-responsive=\"true\"><\/ins>\r\n<script>\r\n     (adsbygoogle = window.adsbygoogle || []).push({});\r\n<\/script>\r\n\n<\/div>\n<h2>Plant\u00e3o de Esclarecimento para Agentes Culturais sobre Inscri\u00e7\u00f5es nos Editais da PNAB em Feira de Santana<\/h2>\n<p>Em Feira de Santana, a Prefeitura, por interm\u00e9dio da Secretaria Municipal de Cultura, Esporte e Lazer (SECEL), promover\u00e1 uma sess\u00e3o de esclarecimento virtual sobre a inscri\u00e7\u00e3o nos editais do 2\u00ba Ciclo da Pol\u00edtica Nacional Aldir Blanc de Fomento \u00e0 Cultura (PNAB). Este evento ocorrer\u00e1 no dia 3 de setembro de 2026, entre 19h30 e 20h30, utilizando a plataforma Google Meet.<\/p>\n<p>A atividade \u00e9 voltada a artistas, produtores e representantes de grupos e coletivos culturais que ainda possuam d\u00favidas sobre como proceder em rela\u00e7\u00e3o \u00e0s inscri\u00e7\u00f5es.<\/p>\n<h2>Acessando a Videoconfer\u00eancia no Google Meet<\/h2>\n<p>Os interessados em participar do plant\u00e3o tira-d\u00favidas podem acessar a videoconfer\u00eancia atrav\u00e9s do seguinte link: <a href=\"https:\/\/meet.google.com\/wvu-qzun-xjt\">Google Meet<\/a>. A participa\u00e7\u00e3o \u00e9 gratuita e encorajada para todos os agentes culturais que desejam esclarecer suas d\u00favidas sobre o processo.<\/p>\n<p><img decoding=\"async\" src=\"https:\/\/www.encontrafeiradesantana.com.br\/sobre\/wp-content\/uploads\/2026\/09\/plantao-tira.webp\" alt=\"inscri\u00e7\u00f5es editais PNAB Feira de Santana\" loading=\"lazy\" \/><\/p>\n<h2>Tipos de Editais Dispon\u00edveis<\/h2>\n<p>As inscri\u00e7\u00f5es para o 2\u00ba Ciclo da PNAB seguem abertas at\u00e9 o dia 21 de setembro de 2026. Desde o dia 17 de agosto de 2026, a SECEL disponibilizou um total de seis editais. As op\u00e7\u00f5es de editais incluem:<\/p>\n<ul>\n<li><strong>Meu Primeiro Edital<\/strong><\/li>\n<li><strong>Feira de Todas as Artes<\/strong><\/li>\n<li><strong>Ra\u00edzes da Princesa<\/strong><\/li>\n<li><strong>Encontro da Cultura<\/strong><\/li>\n<li><strong>TCC Pontos de Cultura<\/strong><\/li>\n<li><strong>Premia\u00e7\u00e3o de Pontos e Pont\u00f5es de Cultura<\/strong><\/li>\n<\/ul>\n<p>Cada edital apresenta diretrizes, categorias, crit\u00e9rios de sele\u00e7\u00e3o e a documenta\u00e7\u00e3o necess\u00e1ria espec\u00edfica para a inscri\u00e7\u00e3o.<\/p>\n<h2>O que \u00e9 a Pol\u00edtica Nacional Aldir Blanc?<\/h2>\n<p>A Pol\u00edtica Nacional Aldir Blanc de Fomento \u00e0 Cultura (PNAB) \u00e9 uma iniciativa lan\u00e7ada pela Lei Federal n\u00ba 14.399\/2022, com o intuito de criar um financiamento cont\u00ednuo para a cultura em todo o Brasil. Essa pol\u00edtica possibilita que a Uni\u00e3o repasse recursos financeiros para estados, o Distrito Federal e munic\u00edpios.<\/p>\n<p>Segundo a Prefeitura de Feira de Santana, o objetivo principal da PNAB \u00e9 fortalecer o setor cultural, aumentando o acesso aos recursos p\u00fablicos, estimulando a produ\u00e7\u00e3o art\u00edstica e valorizando os profissionais que atuam na \u00e1rea cultural, al\u00e9m de apoiar a\u00e7\u00f5es de prote\u00e7\u00e3o ao patrim\u00f4nio cultural, forma\u00e7\u00e3o, circula\u00e7\u00e3o e divulga\u00e7\u00e3o das diversas express\u00f5es culturais existentes.<\/p>\n<h2>Como Funcionam os Editais da PNAB?<\/h2>\n<p>Os editais da PNAB est\u00e3o estruturados com base em crit\u00e9rios que garantem a sele\u00e7\u00e3o de projetos que se adequem aos objetivos da pol\u00edtica cultural. Cada edital tem suas regras e exig\u00eancias espec\u00edficas, que devem ser rigorosamente seguidas pelos proponentes. Os interessados devem estar atentos \u00e0s datas e documenta\u00e7\u00e3o necess\u00e1ria para garantir que suas inscri\u00e7\u00f5es sejam v\u00e1lidas.<\/p>\n<h2>Quem Pode se Inscrever nos Editais?<\/h2>\n<p>Os editais da PNAB est\u00e3o abertos \u00e0 participa\u00e7\u00e3o de diversas categorias de agentes culturais, incluindo:<\/p>\n<ul>\n<li>Artistas individuais<\/li>\n<li>Grupos culturais<\/li>\n<li>Coletivos art\u00edsticos<\/li>\n<li>Produtores culturais<\/li>\n<li>Institui\u00e7\u00f5es que atuam no setor cultural<\/li>\n<\/ul>\n<p>O principal requisito \u00e9 que os participantes apresentem propostas que se alinhem com os objetivos dos editais espec\u00edficos aos quais est\u00e3o se inscrevendo.<\/p>\n<h2>Dicas para Preparar sua Inscri\u00e7\u00e3o<\/h2>\n<p>Para ter sucesso na inscri\u00e7\u00e3o nos editais da PNAB, considere as seguintes orienta\u00e7\u00f5es:<\/p>\n<ul>\n<li><strong>Leia atentamente o edital:<\/strong> Estude todas as regras e exig\u00eancias antes de iniciar sua proposta.<\/li>\n<li><strong>Prepare a documenta\u00e7\u00e3o necess\u00e1ria:<\/strong> Garanta que todos os documentos solicitados estejam prontos e organizados.<\/li>\n<li><strong>Fa\u00e7a um planejamento detalhado:<\/strong> Descreva sua proposta de forma clara e objetiva, definindo a relev\u00e2ncia da sua a\u00e7\u00e3o cultural.<\/li>\n<li><strong>Considere o impacto social:<\/strong> Elabore seu projeto ressaltando como ele beneficiar\u00e1 a comunidade ou o segmento cultural ao qual se destina.<\/li>\n<\/ul>\n<h2>Prazo e Datas Importantes<\/h2>\n<p>As inscri\u00e7\u00f5es para os editais da PNAB em Feira de Santana permanecem abertas at\u00e9 o dia 21 de setembro de 2026. N\u00e3o perca a oportunidade de participar e se certifique de que sua proposta esteja na sua forma final antes desse prazo.<\/p>\n<h2>Criterios de Sele\u00e7\u00e3o para os Editais<\/h2>\n<p>A sele\u00e7\u00e3o dos projetos seguir\u00e3o crit\u00e9rios espec\u00edficos, que podem incluir:<\/p>\n<ul>\n<li>Inova\u00e7\u00e3o e criatividade da proposta<\/li>\n<li>Adequa\u00e7\u00e3o ao p\u00fablico-alvo<\/li>\n<li>Sustentabilidade da iniciativa<\/li>\n<li>Impacto cultural e social<\/li>\n<\/ul>\n<p>Os detalhes exatos dos crit\u00e9rios podem ser encontrados no edital correspondente, e \u00e9 recomend\u00e1vel que os proponentes fa\u00e7am uma an\u00e1lise detalhada para alinhar suas propostas a esses crit\u00e9rios, aumentando assim suas chances de aprova\u00e7\u00e3o.<\/p>\n<h2>Documenta\u00e7\u00e3o Necess\u00e1ria para Inscri\u00e7\u00e3o<\/h2>\n<p>Para realizar a inscri\u00e7\u00e3o nos editais da PNAB, \u00e9 fundamental preparar uma documenta\u00e7\u00e3o completa, que geralmente inclui:<\/p>\n<ul>\n<li>Formul\u00e1rio de inscri\u00e7\u00e3o preenchido<\/li>\n<li>Comprovantes de resid\u00eancia<\/li>\n<li>Documenta\u00e7\u00e3o que comprove a atua\u00e7\u00e3o na \u00e1rea cultural<\/li>\n<li>Declara\u00e7\u00f5es e autoriza\u00e7\u00f5es necess\u00e1rias<\/li>\n<\/ul>\n<p>As informa\u00e7\u00f5es sobre a documenta\u00e7\u00e3o espec\u00edfica exigida est\u00e3o sempre dispon\u00edveis nos editais e devem ser revisadas com aten\u00e7\u00e3o para evitar contratempos no processo de inscri\u00e7\u00e3o.<\/p>\n<h2>Como o Apoio Cultural Pode Beneficiar Voc\u00ea?<\/h2>\n<p>Participar dos editais da PNAB pode trazer uma s\u00e9rie de benef\u00edcios, entre os quais:<\/p>\n<ul>\n<li>Acesso a recursos financeiros que podem apoiar a implementa\u00e7\u00e3o de projetos culturais<\/li>\n<li>Aumento da visibilidade para os artistas e grupos selecionados<\/li>\n<li>Possibilidade de fomento \u00e0 cultura local, dinamizando a economia e socializa\u00e7\u00e3o de conhecimentos<\/li>\n<li>Cria\u00e7\u00e3o de oportunidades de networking e parcerias no setor cultural<\/li>\n<\/ul>\n<p>Os benef\u00edcios n\u00e3o se restringem apenas ao apoio financeiro; eles podem abrir portas para novas colabora\u00e7\u00f5es e desenvolvimento profissional para todos os envolvidos. A participa\u00e7\u00e3o \u00e9 um importante impulso na carreira de artistas e agentes culturais.<\/p>\n<h2>Considera\u00e7\u00f5es Finais<\/h2>\n<p>Participar do plant\u00e3o tira-d\u00favidas e estar bem informado sobre o funcionamento dos editais da PNAB \u00e9 essencial para quem deseja aproveitar as oportunidades oferecidas e contribuir para o fortalecimento da cultura em Feira de Santana. N\u00e3o deixe de acessar as informa\u00e7\u00f5es necess\u00e1rias e se preparar adequadamente para suas inscri\u00e7\u00f5es.<\/p>\n\n<div style=\"font-size: 0px; height: 0px; line-height: 0px; margin: 0; padding: 0; clear: both;\"><\/div>","protected":false},"excerpt":{"rendered":"<p>Plant\u00e3o tira-d\u00favidas orienta sobre inscri\u00e7\u00f5es nos editais da PNAB.<\/p>\n","protected":false},"author":1,"featured_media":2801,"comment_status":"open","ping_status":"closed","sticky":false,"template":"","format":"standard","meta":{"footnotes":""},"categories":[6],"tags":[],"class_list":["post-2802","post","type-post","status-publish","format-standard","has-post-thumbnail","hentry","category-noticias-em-feira-de-santana","has_thumb"],"aioseo_notices":[],"aioseo_head":"\n\t\t<!-- All in One SEO 5.0.0.1 - aioseo.com -->\n\t<meta name=\"description\" content=\"Plant\u00e3o tira-d\u00favidas orienta sobre inscri\u00e7\u00f5es nos editais da PNAB.\" \/>\n\t<meta name=\"robots\" content=\"max-image-preview:large\" \/>\n\t<meta name=\"author\" content=\"Encontra Feira de Santana\"\/>\n\t<link rel=\"canonical\" href=\"https:\/\/www.encontrafeiradesantana.com.br\/sobre\/plantao-tira\/\" \/>\n\t<meta name=\"generator\" content=\"All in One SEO (AIOSEO) 5.0.0.1\" \/>\n\t\t<meta property=\"og:locale\" content=\"pt_BR\" \/>\n\t\t<meta property=\"og:site_name\" content=\"Encontra Feira de Santana | Not\u00edcias, eventos, informa\u00e7\u00f5es e dicas na cidade Feira de Santana e regi\u00e3o.\" \/>\n\t\t<meta property=\"og:type\" content=\"article\" \/>\n\t\t<meta property=\"og:title\" content=\"Plant\u00e3o tira | Encontra Feira de Santana\" \/>\n\t\t<meta property=\"og:description\" content=\"Plant\u00e3o tira-d\u00favidas orienta sobre inscri\u00e7\u00f5es nos editais da PNAB.\" \/>\n\t\t<meta property=\"og:url\" content=\"https:\/\/www.encontrafeiradesantana.com.br\/sobre\/plantao-tira\/\" \/>\n\t\t<meta property=\"article:published_time\" content=\"2026-09-05T06:39:15+00:00\" \/>\n\t\t<meta property=\"article:modified_time\" content=\"2026-09-05T06:39:15+00:00\" \/>\n\t\t<meta name=\"twitter:card\" content=\"summary\" \/>\n\t\t<meta name=\"twitter:title\" content=\"Plant\u00e3o tira | Encontra Feira de Santana\" \/>\n\t\t<meta name=\"twitter:description\" content=\"Plant\u00e3o tira-d\u00favidas orienta sobre inscri\u00e7\u00f5es nos editais da PNAB.\" \/>\n\t\t<script type=\"application\/ld+json\" class=\"aioseo-schema\">\n\t\t\t{\"@context\":\"https:\\\/\\\/schema.org\",\"@graph\":[{\"@type\":\"Article\",\"@id\":\"https:\\\/\\\/www.encontrafeiradesantana.com.br\\\/sobre\\\/plantao-tira\\\/#article\",\"name\":\"Plant\\u00e3o tira | Encontra Feira de Santana\",\"headline\":\"Plant\\u00e3o tira\",\"author\":{\"@id\":\"https:\\\/\\\/www.encontrafeiradesantana.com.br\\\/sobre\\\/author\\\/efeiradesantana\\\/#author\"},\"publisher\":{\"@id\":\"https:\\\/\\\/www.encontrafeiradesantana.com.br\\\/sobre\\\/#organization\"},\"image\":{\"@type\":\"ImageObject\",\"url\":\"https:\\\/\\\/www.encontrafeiradesantana.com.br\\\/sobre\\\/wp-content\\\/uploads\\\/2026\\\/09\\\/plantao-tira.webp\",\"width\":280,\"height\":280,\"caption\":\"inscri\\u00e7\\u00f5es editais PNAB Feira de Santana\"},\"datePublished\":\"2026-09-05T03:39:15-03:00\",\"dateModified\":\"2026-09-05T03:39:15-03:00\",\"inLanguage\":\"pt-BR\",\"mainEntityOfPage\":{\"@id\":\"https:\\\/\\\/www.encontrafeiradesantana.com.br\\\/sobre\\\/plantao-tira\\\/#webpage\"},\"isPartOf\":{\"@id\":\"https:\\\/\\\/www.encontrafeiradesantana.com.br\\\/sobre\\\/plantao-tira\\\/#webpage\"},\"articleSection\":\"Not\\u00edcias Feira de Santana\"},{\"@type\":\"BreadcrumbList\",\"@id\":\"https:\\\/\\\/www.encontrafeiradesantana.com.br\\\/sobre\\\/plantao-tira\\\/#breadcrumblist\",\"itemListElement\":[{\"@type\":\"ListItem\",\"@id\":\"https:\\\/\\\/www.encontrafeiradesantana.com.br\\\/sobre#listItem\",\"position\":1,\"name\":\"In\\u00edcio\",\"item\":\"https:\\\/\\\/www.encontrafeiradesantana.com.br\\\/sobre\",\"nextItem\":{\"@type\":\"ListItem\",\"@id\":\"https:\\\/\\\/www.encontrafeiradesantana.com.br\\\/sobre\\\/noticias-em-feira-de-santana\\\/#listItem\",\"name\":\"Not\\u00edcias Feira de Santana\"}},{\"@type\":\"ListItem\",\"@id\":\"https:\\\/\\\/www.encontrafeiradesantana.com.br\\\/sobre\\\/noticias-em-feira-de-santana\\\/#listItem\",\"position\":2,\"name\":\"Not\\u00edcias Feira de Santana\",\"item\":\"https:\\\/\\\/www.encontrafeiradesantana.com.br\\\/sobre\\\/noticias-em-feira-de-santana\\\/\",\"nextItem\":{\"@type\":\"ListItem\",\"@id\":\"https:\\\/\\\/www.encontrafeiradesantana.com.br\\\/sobre\\\/plantao-tira\\\/#listItem\",\"name\":\"Plant\\u00e3o tira\"},\"previousItem\":{\"@type\":\"ListItem\",\"@id\":\"https:\\\/\\\/www.encontrafeiradesantana.com.br\\\/sobre#listItem\",\"name\":\"In\\u00edcio\"}},{\"@type\":\"ListItem\",\"@id\":\"https:\\\/\\\/www.encontrafeiradesantana.com.br\\\/sobre\\\/plantao-tira\\\/#listItem\",\"position\":3,\"name\":\"Plant\\u00e3o tira\",\"previousItem\":{\"@type\":\"ListItem\",\"@id\":\"https:\\\/\\\/www.encontrafeiradesantana.com.br\\\/sobre\\\/noticias-em-feira-de-santana\\\/#listItem\",\"name\":\"Not\\u00edcias Feira de Santana\"}}]},{\"@type\":\"Organization\",\"@id\":\"https:\\\/\\\/www.encontrafeiradesantana.com.br\\\/sobre\\\/#organization\",\"name\":\"Encontra Feira de Santana\",\"description\":\"Not\\u00edcias, eventos, informa\\u00e7\\u00f5es e dicas na cidade Feira de Santana e regi\\u00e3o.\",\"url\":\"https:\\\/\\\/www.encontrafeiradesantana.com.br\\\/sobre\\\/\"},{\"@type\":\"Person\",\"@id\":\"https:\\\/\\\/www.encontrafeiradesantana.com.br\\\/sobre\\\/author\\\/efeiradesantana\\\/#author\",\"url\":\"https:\\\/\\\/www.encontrafeiradesantana.com.br\\\/sobre\\\/author\\\/efeiradesantana\\\/\",\"name\":\"Encontra Feira de Santana\",\"image\":{\"@type\":\"ImageObject\",\"@id\":\"https:\\\/\\\/www.encontrafeiradesantana.com.br\\\/sobre\\\/plantao-tira\\\/#authorImage\",\"url\":\"https:\\\/\\\/secure.gravatar.com\\\/avatar\\\/507340682b8270222e1f208e23198b6ae7e2c6a1033ae84e99bc6bce4f82a387?s=96&d=mm&r=g\",\"width\":96,\"height\":96,\"caption\":\"Encontra Feira de Santana\"}},{\"@type\":\"WebPage\",\"@id\":\"https:\\\/\\\/www.encontrafeiradesantana.com.br\\\/sobre\\\/plantao-tira\\\/#webpage\",\"url\":\"https:\\\/\\\/www.encontrafeiradesantana.com.br\\\/sobre\\\/plantao-tira\\\/\",\"name\":\"Plant\\u00e3o tira | Encontra Feira de Santana\",\"description\":\"Plant\\u00e3o tira-d\\u00favidas orienta sobre inscri\\u00e7\\u00f5es nos editais da PNAB.\",\"inLanguage\":\"pt-BR\",\"isPartOf\":{\"@id\":\"https:\\\/\\\/www.encontrafeiradesantana.com.br\\\/sobre\\\/#website\"},\"breadcrumb\":{\"@id\":\"https:\\\/\\\/www.encontrafeiradesantana.com.br\\\/sobre\\\/plantao-tira\\\/#breadcrumblist\"},\"author\":{\"@id\":\"https:\\\/\\\/www.encontrafeiradesantana.com.br\\\/sobre\\\/author\\\/efeiradesantana\\\/#author\"},\"creator\":{\"@id\":\"https:\\\/\\\/www.encontrafeiradesantana.com.br\\\/sobre\\\/author\\\/efeiradesantana\\\/#author\"},\"image\":{\"@type\":\"ImageObject\",\"url\":\"https:\\\/\\\/www.encontrafeiradesantana.com.br\\\/sobre\\\/wp-content\\\/uploads\\\/2026\\\/09\\\/plantao-tira.webp\",\"@id\":\"https:\\\/\\\/www.encontrafeiradesantana.com.br\\\/sobre\\\/plantao-tira\\\/#mainImage\",\"width\":280,\"height\":280,\"caption\":\"inscri\\u00e7\\u00f5es editais PNAB Feira de Santana\"},\"primaryImageOfPage\":{\"@id\":\"https:\\\/\\\/www.encontrafeiradesantana.com.br\\\/sobre\\\/plantao-tira\\\/#mainImage\"},\"datePublished\":\"2026-09-05T03:39:15-03:00\",\"dateModified\":\"2026-09-05T03:39:15-03:00\"},{\"@type\":\"WebSite\",\"@id\":\"https:\\\/\\\/www.encontrafeiradesantana.com.br\\\/sobre\\\/#website\",\"url\":\"https:\\\/\\\/www.encontrafeiradesantana.com.br\\\/sobre\\\/\",\"name\":\"Encontra Feira de Santana\",\"description\":\"Not\\u00edcias, eventos, informa\\u00e7\\u00f5es e dicas na cidade Feira de Santana e regi\\u00e3o.\",\"inLanguage\":\"pt-BR\",\"publisher\":{\"@id\":\"https:\\\/\\\/www.encontrafeiradesantana.com.br\\\/sobre\\\/#organization\"}}]}\n\t\t<\/script>\n\t\t<!-- All in One SEO -->\n\n","aioseo_head_json":{"title":"Plant\u00e3o tira | Encontra Feira de Santana","description":"Plant\u00e3o tira-d\u00favidas orienta sobre inscri\u00e7\u00f5es nos editais da PNAB.","canonical_url":"https:\/\/www.encontrafeiradesantana.com.br\/sobre\/plantao-tira\/","robots":"max-image-preview:large","keywords":"","webmasterTools":{"miscellaneous":""},"schema":{"@context":"https:\/\/schema.org","@graph":[{"@type":"Article","@id":"https:\/\/www.encontrafeiradesantana.com.br\/sobre\/plantao-tira\/#article","name":"Plant\u00e3o tira | Encontra Feira de Santana","headline":"Plant\u00e3o tira","author":{"@id":"https:\/\/www.encontrafeiradesantana.com.br\/sobre\/author\/efeiradesantana\/#author"},"publisher":{"@id":"https:\/\/www.encontrafeiradesantana.com.br\/sobre\/#organization"},"image":{"@type":"ImageObject","url":"https:\/\/www.encontrafeiradesantana.com.br\/sobre\/wp-content\/uploads\/2026\/09\/plantao-tira.webp","width":280,"height":280,"caption":"inscri\u00e7\u00f5es editais PNAB Feira de Santana"},"datePublished":"2026-09-05T03:39:15-03:00","dateModified":"2026-09-05T03:39:15-03:00","inLanguage":"pt-BR","mainEntityOfPage":{"@id":"https:\/\/www.encontrafeiradesantana.com.br\/sobre\/plantao-tira\/#webpage"},"isPartOf":{"@id":"https:\/\/www.encontrafeiradesantana.com.br\/sobre\/plantao-tira\/#webpage"},"articleSection":"Not\u00edcias Feira de Santana"},{"@type":"BreadcrumbList","@id":"https:\/\/www.encontrafeiradesantana.com.br\/sobre\/plantao-tira\/#breadcrumblist","itemListElement":[{"@type":"ListItem","@id":"https:\/\/www.encontrafeiradesantana.com.br\/sobre#listItem","position":1,"name":"In\u00edcio","item":"https:\/\/www.encontrafeiradesantana.com.br\/sobre","nextItem":{"@type":"ListItem","@id":"https:\/\/www.encontrafeiradesantana.com.br\/sobre\/noticias-em-feira-de-santana\/#listItem","name":"Not\u00edcias Feira de Santana"}},{"@type":"ListItem","@id":"https:\/\/www.encontrafeiradesantana.com.br\/sobre\/noticias-em-feira-de-santana\/#listItem","position":2,"name":"Not\u00edcias Feira de Santana","item":"https:\/\/www.encontrafeiradesantana.com.br\/sobre\/noticias-em-feira-de-santana\/","nextItem":{"@type":"ListItem","@id":"https:\/\/www.encontrafeiradesantana.com.br\/sobre\/plantao-tira\/#listItem","name":"Plant\u00e3o tira"},"previousItem":{"@type":"ListItem","@id":"https:\/\/www.encontrafeiradesantana.com.br\/sobre#listItem","name":"In\u00edcio"}},{"@type":"ListItem","@id":"https:\/\/www.encontrafeiradesantana.com.br\/sobre\/plantao-tira\/#listItem","position":3,"name":"Plant\u00e3o tira","previousItem":{"@type":"ListItem","@id":"https:\/\/www.encontrafeiradesantana.com.br\/sobre\/noticias-em-feira-de-santana\/#listItem","name":"Not\u00edcias Feira de Santana"}}]},{"@type":"Organization","@id":"https:\/\/www.encontrafeiradesantana.com.br\/sobre\/#organization","name":"Encontra Feira de Santana","description":"Not\u00edcias, eventos, informa\u00e7\u00f5es e dicas na cidade Feira de Santana e regi\u00e3o.","url":"https:\/\/www.encontrafeiradesantana.com.br\/sobre\/"},{"@type":"Person","@id":"https:\/\/www.encontrafeiradesantana.com.br\/sobre\/author\/efeiradesantana\/#author","url":"https:\/\/www.encontrafeiradesantana.com.br\/sobre\/author\/efeiradesantana\/","name":"Encontra Feira de Santana","image":{"@type":"ImageObject","@id":"https:\/\/www.encontrafeiradesantana.com.br\/sobre\/plantao-tira\/#authorImage","url":"https:\/\/secure.gravatar.com\/avatar\/507340682b8270222e1f208e23198b6ae7e2c6a1033ae84e99bc6bce4f82a387?s=96&d=mm&r=g","width":96,"height":96,"caption":"Encontra Feira de Santana"}},{"@type":"WebPage","@id":"https:\/\/www.encontrafeiradesantana.com.br\/sobre\/plantao-tira\/#webpage","url":"https:\/\/www.encontrafeiradesantana.com.br\/sobre\/plantao-tira\/","name":"Plant\u00e3o tira | Encontra Feira de Santana","description":"Plant\u00e3o tira-d\u00favidas orienta sobre inscri\u00e7\u00f5es nos editais da PNAB.","inLanguage":"pt-BR","isPartOf":{"@id":"https:\/\/www.encontrafeiradesantana.com.br\/sobre\/#website"},"breadcrumb":{"@id":"https:\/\/www.encontrafeiradesantana.com.br\/sobre\/plantao-tira\/#breadcrumblist"},"author":{"@id":"https:\/\/www.encontrafeiradesantana.com.br\/sobre\/author\/efeiradesantana\/#author"},"creator":{"@id":"https:\/\/www.encontrafeiradesantana.com.br\/sobre\/author\/efeiradesantana\/#author"},"image":{"@type":"ImageObject","url":"https:\/\/www.encontrafeiradesantana.com.br\/sobre\/wp-content\/uploads\/2026\/09\/plantao-tira.webp","@id":"https:\/\/www.encontrafeiradesantana.com.br\/sobre\/plantao-tira\/#mainImage","width":280,"height":280,"caption":"inscri\u00e7\u00f5es editais PNAB Feira de Santana"},"primaryImageOfPage":{"@id":"https:\/\/www.encontrafeiradesantana.com.br\/sobre\/plantao-tira\/#mainImage"},"datePublished":"2026-09-05T03:39:15-03:00","dateModified":"2026-09-05T03:39:15-03:00"},{"@type":"WebSite","@id":"https:\/\/www.encontrafeiradesantana.com.br\/sobre\/#website","url":"https:\/\/www.encontrafeiradesantana.com.br\/sobre\/","name":"Encontra Feira de Santana","description":"Not\u00edcias, eventos, informa\u00e7\u00f5es e dicas na cidade Feira de Santana e regi\u00e3o.","inLanguage":"pt-BR","publisher":{"@id":"https:\/\/www.encontrafeiradesantana.com.br\/sobre\/#organization"}}]},"og:locale":"pt_BR","og:site_name":"Encontra Feira de Santana | Not\u00edcias, eventos, informa\u00e7\u00f5es e dicas na cidade Feira de Santana e regi\u00e3o.","og:type":"article","og:title":"Plant\u00e3o tira | Encontra Feira de Santana","og:description":"Plant\u00e3o tira-d\u00favidas orienta sobre inscri\u00e7\u00f5es nos editais da PNAB.","og:url":"https:\/\/www.encontrafeiradesantana.com.br\/sobre\/plantao-tira\/","article:published_time":"2026-09-05T06:39:15+00:00","article:modified_time":"2026-09-05T06:39:15+00:00","twitter:card":"summary","twitter:title":"Plant\u00e3o tira | Encontra Feira de Santana","twitter:description":"Plant\u00e3o tira-d\u00favidas orienta sobre inscri\u00e7\u00f5es nos editais da PNAB."},"aioseo_meta_data":{"post_id":"2802","title":null,"description":null,"keywords":null,"keyphrases":null,"primary_term":null,"canonical_url":null,"og_title":null,"og_description":null,"og_object_type":"default","og_image_type":"default","og_image_url":null,"og_image_width":null,"og_image_height":null,"og_image_custom_url":null,"og_image_custom_fields":null,"og_video":null,"og_custom_url":null,"og_article_section":null,"og_article_tags":null,"twitter_use_og":false,"twitter_card":"default","twitter_image_type":"default","twitter_image_url":null,"twitter_image_custom_url":null,"twitter_image_custom_fields":null,"twitter_title":null,"twitter_description":null,"schema":{"blockGraphs":[],"customGraphs":[],"default":{"data":{"Article":[],"Course":[],"Dataset":[],"FAQPage":[],"Movie":[],"Person":[],"Product":[],"ProductReview":[],"Car":[],"Recipe":[],"Service":[],"SoftwareApplication":[],"WebPage":[]},"graphName":"Article","isEnabled":true},"graphs":[]},"schema_type":"default","schema_type_options":null,"pillar_content":false,"robots_default":true,"robots_noindex":false,"robots_noarchive":false,"robots_nosnippet":false,"robots_nofollow":false,"robots_noimageindex":false,"robots_noodp":false,"robots_notranslate":false,"robots_max_snippet":null,"robots_max_videopreview":null,"robots_max_imagepreview":"large","priority":null,"frequency":null,"local_seo":null,"breadcrumb_settings":null,"limit_modified_date":false,"ai":null,"created":"2026-09-05 06:39:15","updated":"2026-09-05 07:17:42","focus_keyword":null,"additional_keywords":null,"truseo_locale":null,"seo_analyzer_scan_date":null},"aioseo_breadcrumb":"<div class=\"aioseo-breadcrumbs\"><span class=\"aioseo-breadcrumb\">\n\t\t\t<a href=\"https:\/\/www.encontrafeiradesantana.com.br\/sobre\" title=\"In\u00edcio\">In\u00edcio<\/a>\n\t\t<\/span><span class=\"aioseo-breadcrumb-separator\">&raquo;<\/span><span class=\"aioseo-breadcrumb\">\n\t\t\t<a href=\"https:\/\/www.encontrafeiradesantana.com.br\/sobre\/noticias-em-feira-de-santana\/\" title=\"Not\u00edcias Feira de Santana\">Not\u00edcias Feira de Santana<\/a>\n\t\t<\/span><span class=\"aioseo-breadcrumb-separator\">&raquo;<\/span><span class=\"aioseo-breadcrumb\">\n\t\t\tPlant\u00e3o tira\n\t\t<\/span><\/div>","aioseo_breadcrumb_json":[{"label":"In\u00edcio","link":"https:\/\/www.encontrafeiradesantana.com.br\/sobre"},{"label":"Not\u00edcias Feira de Santana","link":"https:\/\/www.encontrafeiradesantana.com.br\/sobre\/noticias-em-feira-de-santana\/"},{"label":"Plant\u00e3o tira","link":"https:\/\/www.encontrafeiradesantana.com.br\/sobre\/plantao-tira\/"}],"_links":{"self":[{"href":"https:\/\/www.encontrafeiradesantana.com.br\/sobre\/wp-json\/wp\/v2\/posts\/2802","targetHints":{"allow":["GET"]}}],"collection":[{"href":"https:\/\/www.encontrafeiradesantana.com.br\/sobre\/wp-json\/wp\/v2\/posts"}],"about":[{"href":"https:\/\/www.encontrafeiradesantana.com.br\/sobre\/wp-json\/wp\/v2\/types\/post"}],"author":[{"embeddable":true,"href":"https:\/\/www.encontrafeiradesantana.com.br\/sobre\/wp-json\/wp\/v2\/users\/1"}],"replies":[{"embeddable":true,"href":"https:\/\/www.encontrafeiradesantana.com.br\/sobre\/wp-json\/wp\/v2\/comments?post=2802"}],"version-history":[{"count":0,"href":"https:\/\/www.encontrafeiradesantana.com.br\/sobre\/wp-json\/wp\/v2\/posts\/2802\/revisions"}],"wp:featuredmedia":[{"embeddable":true,"href":"https:\/\/www.encontrafeiradesantana.com.br\/sobre\/wp-json\/wp\/v2\/media\/2801"}],"wp:attachment":[{"href":"https:\/\/www.encontrafeiradesantana.com.br\/sobre\/wp-json\/wp\/v2\/media?parent=2802"}],"wp:term":[{"taxonomy":"category","embeddable":true,"href":"https:\/\/www.encontrafeiradesantana.com.br\/sobre\/wp-json\/wp\/v2\/categories?post=2802"},{"taxonomy":"post_tag","embeddable":true,"href":"https:\/\/www.encontrafeiradesantana.com.br\/sobre\/wp-json\/wp\/v2\/tags?post=2802"}],"curies":[{"name":"wp","href":"https:\/\/api.w.org\/{rel}","templated":true}]}}