{"id":2784,"date":"2026-09-02T03:39:34","date_gmt":"2026-09-02T06:39:34","guid":{"rendered":"https:\/\/www.encontrafeiradesantana.com.br\/sobre\/operacao-feira-mais-limpa-intensifica-combate-a-poluicao-visual-em-feira-de-santana\/"},"modified":"2026-09-02T03:39:34","modified_gmt":"2026-09-02T06:39:34","slug":"operacao-feira-mais-limpa-intensifica-combate-a-poluicao-visual-em-feira-de-santana","status":"publish","type":"post","link":"https:\/\/www.encontrafeiradesantana.com.br\/sobre\/operacao-feira-mais-limpa-intensifica-combate-a-poluicao-visual-em-feira-de-santana\/","title":{"rendered":"Opera\u00e7\u00e3o Feira Mais Limpa intensifica combate \u00e0 polui\u00e7\u00e3o visual em Feira de Santana"},"content":{"rendered":"<div class=\"3f468104ad11f00a3c9ac948316f4265\" data-index=\"1\" style=\"float: none; margin:0px;\">\n<ins class=\"adsbygoogle\"\r\n     style=\"display:block\"\r\n     data-ad-client=\"ca-pub-8585364105181520\"\r\n     data-ad-slot=\"8789329856\"\r\n     data-ad-format=\"auto\"\r\n     data-full-width-responsive=\"true\"><\/ins>\r\n<script>\r\n     (adsbygoogle = window.adsbygoogle || []).push({});\r\n<\/script>\r\n\n<\/div>\n<h2>Objetivos da Opera\u00e7\u00e3o Feira Mais Limpa<\/h2>\n<p>A <strong>Opera\u00e7\u00e3o Feira Mais Limpa<\/strong>, promovida pela Prefeitura de Feira de Santana por meio da <strong>Secretaria Municipal de Meio Ambiente e Recursos Naturais (SEMMAM)<\/strong>, visa intensificar o combate \u00e0 polui\u00e7\u00e3o visual na cidade. Este programa \u00e9 realizado de forma quinzenal, com a expectativa de promover um ambiente urbano mais organizado, est\u00e9tico e dentro das normas legais. O principal objetivo \u00e9 assegurar que as estruturas publicit\u00e1rias estejam de acordo com a legisla\u00e7\u00e3o local, contribuindo assim para a melhoria da qualidade de vida dos habitantes.<\/p>\n<h2>A\u00e7\u00f5es de Fiscaliza\u00e7\u00e3o em Feira de Santana<\/h2>\n<p>As opera\u00e7\u00f5es consistem em visitas regulares a diversas \u00e1reas da cidade, equipe de fiscaliza\u00e7\u00e3o da SEMMAM, junto com a <strong>Guarda Municipal<\/strong>, atua para verificar a regularidade das estruturas publicit\u00e1rias. Durante estas opera\u00e7\u00f5es, s\u00e3o identificadas pe\u00e7as instaladas sem a devida autoriza\u00e7\u00e3o, aquiescendo \u00e0s normas estabelecidas. A atua\u00e7\u00e3o \u00e9 incisiva, com retirada imediata de itens irregulares.<\/p>\n<h2>Irregularidades Identificadas nas Estruturas Publicit\u00e1rias<\/h2>\n<p>A fiscaliza\u00e7\u00e3o identificou v\u00e1rias irregularidades, principalmente sobre a instala\u00e7\u00e3o de an\u00fancios em locais n\u00e3o permitidos. As pe\u00e7as publicit\u00e1rias muitas vezes n\u00e3o possu\u00edam a autoriza\u00e7\u00e3o necess\u00e1ria ou estavam localizadas em \u00e1reas que comprometiam a est\u00e9tica da cidade. O trabalho da SEMMAM \u00e9 fundamental para garantir que a legisla\u00e7\u00e3o sobre publicidade seja respeitada.<\/p>\n<p><img decoding=\"async\" src=\"https:\/\/www.encontrafeiradesantana.com.br\/sobre\/wp-content\/uploads\/2026\/09\/operacao-feira-mais-limpa-intensifica-combate-a-poluicao-visual-em-feira-de-santana.webp\" alt=\"Opera\u00e7\u00e3o Feira Mais Limpa\" loading=\"lazy\" \/><\/p>\n<h2>Legisla\u00e7\u00e3o Municipal e Publicidade<\/h2>\n<p>A opera\u00e7\u00e3o est\u00e1 fundamentada na <strong>Lei Municipal n\u00ba 3.245\/2011<\/strong>, que regula a explora\u00e7\u00e3o de an\u00fancios e o uso de vias p\u00fablicas para fins publicit\u00e1rios. De acordo com essa legisla\u00e7\u00e3o, todas as estruturas publicit\u00e1rias devem ser instaladas mediante autoriza\u00e7\u00e3o pr\u00e9via e licenciamento adequado junto \u00e0 secretaria. A SEMMAM monitora a conformidade das instala\u00e7\u00f5es e atua para corrigir eventuais descuidos.<\/p>\n<h2>Import\u00e2ncia da Regulariza\u00e7\u00e3o das Estruturas<\/h2>\n<p>\u00c9 crucial que empresas e profissionais da publicidade mantenham suas estruturas regulares. A regulariza\u00e7\u00e3o n\u00e3o apenas evita penalidades, como tamb\u00e9m promove uma imagem mais profissional e respeitosa com o espa\u00e7o urbano. O cumprimento da legisla\u00e7\u00e3o contribui para a valoriza\u00e7\u00e3o do ambiente e, por conseguinte, para a qualidade de vida dos cidad\u00e3os.<\/p>\n<h2>Contribui\u00e7\u00f5es para o Ambiente Urbano<\/h2>\n<p>A opera\u00e7\u00e3o Feira Mais Limpa busca contribuir significativamente para a organiza\u00e7\u00e3o do espa\u00e7o urbano. Reduzindo a polui\u00e7\u00e3o visual, as a\u00e7\u00f5es n\u00e3o s\u00f3 embelezam a cidade, mas tamb\u00e9m melhoram a experi\u00eancia dos moradores e visitantes. Um ambiente mais limpo e ordenado tem impactos diretos na sa\u00fade mental e bem-estar da popula\u00e7\u00e3o.<\/p>\n<h2>Perspectivas Futuras da Opera\u00e7\u00e3o<\/h2>\n<p>O planejamento da SEMMAM prev\u00ea a continuidade e o fortalecimento das a\u00e7\u00f5es da Opera\u00e7\u00e3o Feira Mais Limpa. As pr\u00f3ximas atividades incluir\u00e3o uma abordagem mais educacional, que visa sensibilizar anunciantes sobre a import\u00e2ncia da conformidade com a legisla\u00e7\u00e3o. A inten\u00e7\u00e3o \u00e9 cultivar uma parceria entre o poder p\u00fablico e os anunciantes, promovendo um ambiente urbano harmonioso.<\/p>\n<h2>Impacto da Polui\u00e7\u00e3o Visual na Qualidade de Vida<\/h2>\n<p>A polui\u00e7\u00e3o visual pode afetar a qualidade de vida de diversas maneiras. Locais com excesso de an\u00fancios e estruturas desorganizadas tendem a provocar estresse e desconforto nos moradores. Este tipo de polui\u00e7\u00e3o interfere na percep\u00e7\u00e3o geral do espa\u00e7o urbano e, como consequ\u00eancia, na valoriza\u00e7\u00e3o da cidade por parte dos seus habitantes.<\/p>\n<h2>Depoimentos da Secret\u00e1ria Jaciara Costa<\/h2>\n<p>A secret\u00e1ria de Meio Ambiente e Recursos Naturais, <strong>Jaciara Costa<\/strong>, enfatiza a import\u00e2ncia das a\u00e7\u00f5es cont\u00ednuas para a prote\u00e7\u00e3o do ambiente urbano. Ela afirma: &#8220;Estamos realizando a Opera\u00e7\u00e3o Feira Mais Limpa de forma quinzenal, justamente para manter uma fiscaliza\u00e7\u00e3o cont\u00ednua e contribuir para o ordenamento da nossa cidade. A polui\u00e7\u00e3o visual interfere na qualidade do ambiente urbano, por isso \u00e9 essencial que as empresas sigam a legisla\u00e7\u00e3o e mantenham suas estruturas regularizadas&#8221;. Este depoimento refor\u00e7a o comprometimento da gest\u00e3o municipal com o bem-estar da popula\u00e7\u00e3o.<\/p>\n<h2>Como a Popula\u00e7\u00e3o Pode Contribuir<\/h2>\n<p>A participa\u00e7\u00e3o da popula\u00e7\u00e3o \u00e9 fundamental para o sucesso da Opera\u00e7\u00e3o Feira Mais Limpa. Os cidad\u00e3os podem contribuir denunciando irregularidades e articulando com o poder p\u00fablico para que as normas sejam cumpridas. Al\u00e9m disso, \u00e9 importante que todos estejam conscientes da necessidade de um espa\u00e7o p\u00fablico organizado e que cuidem do ambiente ao seu redor. Sua colabora\u00e7\u00e3o ajuda a manter a beleza e a ordem na cidade.<\/p>\n\n<div style=\"font-size: 0px; height: 0px; line-height: 0px; margin: 0; padding: 0; clear: both;\"><\/div>","protected":false},"excerpt":{"rendered":"<p>Opera\u00e7\u00e3o Feira Mais Limpa foca em reduzir a polui\u00e7\u00e3o visual em Feira de Santana.<\/p>\n","protected":false},"author":1,"featured_media":2783,"comment_status":"open","ping_status":"closed","sticky":false,"template":"","format":"standard","meta":{"footnotes":""},"categories":[6],"tags":[],"class_list":["post-2784","post","type-post","status-publish","format-standard","has-post-thumbnail","hentry","category-noticias-em-feira-de-santana","has_thumb"],"aioseo_notices":[],"aioseo_head":"\n\t\t<!-- All in One SEO 5.0.0.1 - aioseo.com -->\n\t<meta name=\"description\" content=\"Opera\u00e7\u00e3o Feira Mais Limpa foca em reduzir a polui\u00e7\u00e3o visual em Feira de Santana.\" \/>\n\t<meta name=\"robots\" content=\"max-image-preview:large\" \/>\n\t<meta name=\"author\" content=\"Encontra Feira de Santana\"\/>\n\t<link rel=\"canonical\" href=\"https:\/\/www.encontrafeiradesantana.com.br\/sobre\/operacao-feira-mais-limpa-intensifica-combate-a-poluicao-visual-em-feira-de-santana\/\" \/>\n\t<meta name=\"generator\" content=\"All in One SEO (AIOSEO) 5.0.0.1\" \/>\n\t\t<meta property=\"og:locale\" content=\"pt_BR\" \/>\n\t\t<meta property=\"og:site_name\" content=\"Encontra Feira de Santana | Not\u00edcias, eventos, informa\u00e7\u00f5es e dicas na cidade Feira de Santana e regi\u00e3o.\" \/>\n\t\t<meta property=\"og:type\" content=\"article\" \/>\n\t\t<meta property=\"og:title\" content=\"Opera\u00e7\u00e3o Feira Mais Limpa intensifica combate \u00e0 polui\u00e7\u00e3o visual em Feira de Santana | Encontra Feira de Santana\" \/>\n\t\t<meta property=\"og:description\" content=\"Opera\u00e7\u00e3o Feira Mais Limpa foca em reduzir a polui\u00e7\u00e3o visual em Feira de Santana.\" \/>\n\t\t<meta property=\"og:url\" content=\"https:\/\/www.encontrafeiradesantana.com.br\/sobre\/operacao-feira-mais-limpa-intensifica-combate-a-poluicao-visual-em-feira-de-santana\/\" \/>\n\t\t<meta property=\"article:published_time\" content=\"2026-09-02T06:39:34+00:00\" \/>\n\t\t<meta property=\"article:modified_time\" content=\"2026-09-02T06:39:34+00:00\" \/>\n\t\t<meta name=\"twitter:card\" content=\"summary\" \/>\n\t\t<meta name=\"twitter:title\" content=\"Opera\u00e7\u00e3o Feira Mais Limpa intensifica combate \u00e0 polui\u00e7\u00e3o visual em Feira de Santana | Encontra Feira de Santana\" \/>\n\t\t<meta name=\"twitter:description\" content=\"Opera\u00e7\u00e3o Feira Mais Limpa foca em reduzir a polui\u00e7\u00e3o visual em Feira de Santana.\" \/>\n\t\t<script type=\"application\/ld+json\" class=\"aioseo-schema\">\n\t\t\t{\"@context\":\"https:\\\/\\\/schema.org\",\"@graph\":[{\"@type\":\"Article\",\"@id\":\"https:\\\/\\\/www.encontrafeiradesantana.com.br\\\/sobre\\\/operacao-feira-mais-limpa-intensifica-combate-a-poluicao-visual-em-feira-de-santana\\\/#article\",\"name\":\"Opera\\u00e7\\u00e3o Feira Mais Limpa intensifica combate \\u00e0 polui\\u00e7\\u00e3o visual em Feira de Santana | Encontra Feira de Santana\",\"headline\":\"Opera\\u00e7\\u00e3o Feira Mais Limpa intensifica combate \\u00e0 polui\\u00e7\\u00e3o visual em Feira de Santana\",\"author\":{\"@id\":\"https:\\\/\\\/www.encontrafeiradesantana.com.br\\\/sobre\\\/author\\\/efeiradesantana\\\/#author\"},\"publisher\":{\"@id\":\"https:\\\/\\\/www.encontrafeiradesantana.com.br\\\/sobre\\\/#organization\"},\"image\":{\"@type\":\"ImageObject\",\"url\":\"https:\\\/\\\/www.encontrafeiradesantana.com.br\\\/sobre\\\/wp-content\\\/uploads\\\/2026\\\/09\\\/operacao-feira-mais-limpa-intensifica-combate-a-poluicao-visual-em-feira-de-santana.webp\",\"width\":280,\"height\":280,\"caption\":\"Opera\\u00e7\\u00e3o Feira Mais Limpa\"},\"datePublished\":\"2026-09-02T03:39:34-03:00\",\"dateModified\":\"2026-09-02T03:39:34-03:00\",\"inLanguage\":\"pt-BR\",\"mainEntityOfPage\":{\"@id\":\"https:\\\/\\\/www.encontrafeiradesantana.com.br\\\/sobre\\\/operacao-feira-mais-limpa-intensifica-combate-a-poluicao-visual-em-feira-de-santana\\\/#webpage\"},\"isPartOf\":{\"@id\":\"https:\\\/\\\/www.encontrafeiradesantana.com.br\\\/sobre\\\/operacao-feira-mais-limpa-intensifica-combate-a-poluicao-visual-em-feira-de-santana\\\/#webpage\"},\"articleSection\":\"Not\\u00edcias Feira de Santana\"},{\"@type\":\"BreadcrumbList\",\"@id\":\"https:\\\/\\\/www.encontrafeiradesantana.com.br\\\/sobre\\\/operacao-feira-mais-limpa-intensifica-combate-a-poluicao-visual-em-feira-de-santana\\\/#breadcrumblist\",\"itemListElement\":[{\"@type\":\"ListItem\",\"@id\":\"https:\\\/\\\/www.encontrafeiradesantana.com.br\\\/sobre#listItem\",\"position\":1,\"name\":\"In\\u00edcio\",\"item\":\"https:\\\/\\\/www.encontrafeiradesantana.com.br\\\/sobre\",\"nextItem\":{\"@type\":\"ListItem\",\"@id\":\"https:\\\/\\\/www.encontrafeiradesantana.com.br\\\/sobre\\\/noticias-em-feira-de-santana\\\/#listItem\",\"name\":\"Not\\u00edcias Feira de Santana\"}},{\"@type\":\"ListItem\",\"@id\":\"https:\\\/\\\/www.encontrafeiradesantana.com.br\\\/sobre\\\/noticias-em-feira-de-santana\\\/#listItem\",\"position\":2,\"name\":\"Not\\u00edcias Feira de Santana\",\"item\":\"https:\\\/\\\/www.encontrafeiradesantana.com.br\\\/sobre\\\/noticias-em-feira-de-santana\\\/\",\"nextItem\":{\"@type\":\"ListItem\",\"@id\":\"https:\\\/\\\/www.encontrafeiradesantana.com.br\\\/sobre\\\/operacao-feira-mais-limpa-intensifica-combate-a-poluicao-visual-em-feira-de-santana\\\/#listItem\",\"name\":\"Opera\\u00e7\\u00e3o Feira Mais Limpa intensifica combate \\u00e0 polui\\u00e7\\u00e3o visual em Feira de Santana\"},\"previousItem\":{\"@type\":\"ListItem\",\"@id\":\"https:\\\/\\\/www.encontrafeiradesantana.com.br\\\/sobre#listItem\",\"name\":\"In\\u00edcio\"}},{\"@type\":\"ListItem\",\"@id\":\"https:\\\/\\\/www.encontrafeiradesantana.com.br\\\/sobre\\\/operacao-feira-mais-limpa-intensifica-combate-a-poluicao-visual-em-feira-de-santana\\\/#listItem\",\"position\":3,\"name\":\"Opera\\u00e7\\u00e3o Feira Mais Limpa intensifica combate \\u00e0 polui\\u00e7\\u00e3o visual em Feira de Santana\",\"previousItem\":{\"@type\":\"ListItem\",\"@id\":\"https:\\\/\\\/www.encontrafeiradesantana.com.br\\\/sobre\\\/noticias-em-feira-de-santana\\\/#listItem\",\"name\":\"Not\\u00edcias Feira de Santana\"}}]},{\"@type\":\"Organization\",\"@id\":\"https:\\\/\\\/www.encontrafeiradesantana.com.br\\\/sobre\\\/#organization\",\"name\":\"Encontra Feira de Santana\",\"description\":\"Not\\u00edcias, eventos, informa\\u00e7\\u00f5es e dicas na cidade Feira de Santana e regi\\u00e3o.\",\"url\":\"https:\\\/\\\/www.encontrafeiradesantana.com.br\\\/sobre\\\/\"},{\"@type\":\"Person\",\"@id\":\"https:\\\/\\\/www.encontrafeiradesantana.com.br\\\/sobre\\\/author\\\/efeiradesantana\\\/#author\",\"url\":\"https:\\\/\\\/www.encontrafeiradesantana.com.br\\\/sobre\\\/author\\\/efeiradesantana\\\/\",\"name\":\"Encontra Feira de Santana\",\"image\":{\"@type\":\"ImageObject\",\"@id\":\"https:\\\/\\\/www.encontrafeiradesantana.com.br\\\/sobre\\\/operacao-feira-mais-limpa-intensifica-combate-a-poluicao-visual-em-feira-de-santana\\\/#authorImage\",\"url\":\"https:\\\/\\\/secure.gravatar.com\\\/avatar\\\/507340682b8270222e1f208e23198b6ae7e2c6a1033ae84e99bc6bce4f82a387?s=96&d=mm&r=g\",\"width\":96,\"height\":96,\"caption\":\"Encontra Feira de Santana\"}},{\"@type\":\"WebPage\",\"@id\":\"https:\\\/\\\/www.encontrafeiradesantana.com.br\\\/sobre\\\/operacao-feira-mais-limpa-intensifica-combate-a-poluicao-visual-em-feira-de-santana\\\/#webpage\",\"url\":\"https:\\\/\\\/www.encontrafeiradesantana.com.br\\\/sobre\\\/operacao-feira-mais-limpa-intensifica-combate-a-poluicao-visual-em-feira-de-santana\\\/\",\"name\":\"Opera\\u00e7\\u00e3o Feira Mais Limpa intensifica combate \\u00e0 polui\\u00e7\\u00e3o visual em Feira de Santana | Encontra Feira de Santana\",\"description\":\"Opera\\u00e7\\u00e3o Feira Mais Limpa foca em reduzir a polui\\u00e7\\u00e3o visual em Feira de Santana.\",\"inLanguage\":\"pt-BR\",\"isPartOf\":{\"@id\":\"https:\\\/\\\/www.encontrafeiradesantana.com.br\\\/sobre\\\/#website\"},\"breadcrumb\":{\"@id\":\"https:\\\/\\\/www.encontrafeiradesantana.com.br\\\/sobre\\\/operacao-feira-mais-limpa-intensifica-combate-a-poluicao-visual-em-feira-de-santana\\\/#breadcrumblist\"},\"author\":{\"@id\":\"https:\\\/\\\/www.encontrafeiradesantana.com.br\\\/sobre\\\/author\\\/efeiradesantana\\\/#author\"},\"creator\":{\"@id\":\"https:\\\/\\\/www.encontrafeiradesantana.com.br\\\/sobre\\\/author\\\/efeiradesantana\\\/#author\"},\"image\":{\"@type\":\"ImageObject\",\"url\":\"https:\\\/\\\/www.encontrafeiradesantana.com.br\\\/sobre\\\/wp-content\\\/uploads\\\/2026\\\/09\\\/operacao-feira-mais-limpa-intensifica-combate-a-poluicao-visual-em-feira-de-santana.webp\",\"@id\":\"https:\\\/\\\/www.encontrafeiradesantana.com.br\\\/sobre\\\/operacao-feira-mais-limpa-intensifica-combate-a-poluicao-visual-em-feira-de-santana\\\/#mainImage\",\"width\":280,\"height\":280,\"caption\":\"Opera\\u00e7\\u00e3o Feira Mais Limpa\"},\"primaryImageOfPage\":{\"@id\":\"https:\\\/\\\/www.encontrafeiradesantana.com.br\\\/sobre\\\/operacao-feira-mais-limpa-intensifica-combate-a-poluicao-visual-em-feira-de-santana\\\/#mainImage\"},\"datePublished\":\"2026-09-02T03:39:34-03:00\",\"dateModified\":\"2026-09-02T03:39:34-03:00\"},{\"@type\":\"WebSite\",\"@id\":\"https:\\\/\\\/www.encontrafeiradesantana.com.br\\\/sobre\\\/#website\",\"url\":\"https:\\\/\\\/www.encontrafeiradesantana.com.br\\\/sobre\\\/\",\"name\":\"Encontra Feira de Santana\",\"description\":\"Not\\u00edcias, eventos, informa\\u00e7\\u00f5es e dicas na cidade Feira de Santana e regi\\u00e3o.\",\"inLanguage\":\"pt-BR\",\"publisher\":{\"@id\":\"https:\\\/\\\/www.encontrafeiradesantana.com.br\\\/sobre\\\/#organization\"}}]}\n\t\t<\/script>\n\t\t<!-- All in One SEO -->\n\n","aioseo_head_json":{"title":"Opera\u00e7\u00e3o Feira Mais Limpa intensifica combate \u00e0 polui\u00e7\u00e3o visual em Feira de Santana | Encontra Feira de Santana","description":"Opera\u00e7\u00e3o Feira Mais Limpa foca em reduzir a polui\u00e7\u00e3o visual em Feira de Santana.","canonical_url":"https:\/\/www.encontrafeiradesantana.com.br\/sobre\/operacao-feira-mais-limpa-intensifica-combate-a-poluicao-visual-em-feira-de-santana\/","robots":"max-image-preview:large","keywords":"","webmasterTools":{"miscellaneous":""},"schema":{"@context":"https:\/\/schema.org","@graph":[{"@type":"Article","@id":"https:\/\/www.encontrafeiradesantana.com.br\/sobre\/operacao-feira-mais-limpa-intensifica-combate-a-poluicao-visual-em-feira-de-santana\/#article","name":"Opera\u00e7\u00e3o Feira Mais Limpa intensifica combate \u00e0 polui\u00e7\u00e3o visual em Feira de Santana | Encontra Feira de Santana","headline":"Opera\u00e7\u00e3o Feira Mais Limpa intensifica combate \u00e0 polui\u00e7\u00e3o visual em Feira de Santana","author":{"@id":"https:\/\/www.encontrafeiradesantana.com.br\/sobre\/author\/efeiradesantana\/#author"},"publisher":{"@id":"https:\/\/www.encontrafeiradesantana.com.br\/sobre\/#organization"},"image":{"@type":"ImageObject","url":"https:\/\/www.encontrafeiradesantana.com.br\/sobre\/wp-content\/uploads\/2026\/09\/operacao-feira-mais-limpa-intensifica-combate-a-poluicao-visual-em-feira-de-santana.webp","width":280,"height":280,"caption":"Opera\u00e7\u00e3o Feira Mais Limpa"},"datePublished":"2026-09-02T03:39:34-03:00","dateModified":"2026-09-02T03:39:34-03:00","inLanguage":"pt-BR","mainEntityOfPage":{"@id":"https:\/\/www.encontrafeiradesantana.com.br\/sobre\/operacao-feira-mais-limpa-intensifica-combate-a-poluicao-visual-em-feira-de-santana\/#webpage"},"isPartOf":{"@id":"https:\/\/www.encontrafeiradesantana.com.br\/sobre\/operacao-feira-mais-limpa-intensifica-combate-a-poluicao-visual-em-feira-de-santana\/#webpage"},"articleSection":"Not\u00edcias Feira de Santana"},{"@type":"BreadcrumbList","@id":"https:\/\/www.encontrafeiradesantana.com.br\/sobre\/operacao-feira-mais-limpa-intensifica-combate-a-poluicao-visual-em-feira-de-santana\/#breadcrumblist","itemListElement":[{"@type":"ListItem","@id":"https:\/\/www.encontrafeiradesantana.com.br\/sobre#listItem","position":1,"name":"In\u00edcio","item":"https:\/\/www.encontrafeiradesantana.com.br\/sobre","nextItem":{"@type":"ListItem","@id":"https:\/\/www.encontrafeiradesantana.com.br\/sobre\/noticias-em-feira-de-santana\/#listItem","name":"Not\u00edcias Feira de Santana"}},{"@type":"ListItem","@id":"https:\/\/www.encontrafeiradesantana.com.br\/sobre\/noticias-em-feira-de-santana\/#listItem","position":2,"name":"Not\u00edcias Feira de Santana","item":"https:\/\/www.encontrafeiradesantana.com.br\/sobre\/noticias-em-feira-de-santana\/","nextItem":{"@type":"ListItem","@id":"https:\/\/www.encontrafeiradesantana.com.br\/sobre\/operacao-feira-mais-limpa-intensifica-combate-a-poluicao-visual-em-feira-de-santana\/#listItem","name":"Opera\u00e7\u00e3o Feira Mais Limpa intensifica combate \u00e0 polui\u00e7\u00e3o visual em Feira de Santana"},"previousItem":{"@type":"ListItem","@id":"https:\/\/www.encontrafeiradesantana.com.br\/sobre#listItem","name":"In\u00edcio"}},{"@type":"ListItem","@id":"https:\/\/www.encontrafeiradesantana.com.br\/sobre\/operacao-feira-mais-limpa-intensifica-combate-a-poluicao-visual-em-feira-de-santana\/#listItem","position":3,"name":"Opera\u00e7\u00e3o Feira Mais Limpa intensifica combate \u00e0 polui\u00e7\u00e3o visual em Feira de Santana","previousItem":{"@type":"ListItem","@id":"https:\/\/www.encontrafeiradesantana.com.br\/sobre\/noticias-em-feira-de-santana\/#listItem","name":"Not\u00edcias Feira de Santana"}}]},{"@type":"Organization","@id":"https:\/\/www.encontrafeiradesantana.com.br\/sobre\/#organization","name":"Encontra Feira de Santana","description":"Not\u00edcias, eventos, informa\u00e7\u00f5es e dicas na cidade Feira de Santana e regi\u00e3o.","url":"https:\/\/www.encontrafeiradesantana.com.br\/sobre\/"},{"@type":"Person","@id":"https:\/\/www.encontrafeiradesantana.com.br\/sobre\/author\/efeiradesantana\/#author","url":"https:\/\/www.encontrafeiradesantana.com.br\/sobre\/author\/efeiradesantana\/","name":"Encontra Feira de Santana","image":{"@type":"ImageObject","@id":"https:\/\/www.encontrafeiradesantana.com.br\/sobre\/operacao-feira-mais-limpa-intensifica-combate-a-poluicao-visual-em-feira-de-santana\/#authorImage","url":"https:\/\/secure.gravatar.com\/avatar\/507340682b8270222e1f208e23198b6ae7e2c6a1033ae84e99bc6bce4f82a387?s=96&d=mm&r=g","width":96,"height":96,"caption":"Encontra Feira de Santana"}},{"@type":"WebPage","@id":"https:\/\/www.encontrafeiradesantana.com.br\/sobre\/operacao-feira-mais-limpa-intensifica-combate-a-poluicao-visual-em-feira-de-santana\/#webpage","url":"https:\/\/www.encontrafeiradesantana.com.br\/sobre\/operacao-feira-mais-limpa-intensifica-combate-a-poluicao-visual-em-feira-de-santana\/","name":"Opera\u00e7\u00e3o Feira Mais Limpa intensifica combate \u00e0 polui\u00e7\u00e3o visual em Feira de Santana | Encontra Feira de Santana","description":"Opera\u00e7\u00e3o Feira Mais Limpa foca em reduzir a polui\u00e7\u00e3o visual em Feira de Santana.","inLanguage":"pt-BR","isPartOf":{"@id":"https:\/\/www.encontrafeiradesantana.com.br\/sobre\/#website"},"breadcrumb":{"@id":"https:\/\/www.encontrafeiradesantana.com.br\/sobre\/operacao-feira-mais-limpa-intensifica-combate-a-poluicao-visual-em-feira-de-santana\/#breadcrumblist"},"author":{"@id":"https:\/\/www.encontrafeiradesantana.com.br\/sobre\/author\/efeiradesantana\/#author"},"creator":{"@id":"https:\/\/www.encontrafeiradesantana.com.br\/sobre\/author\/efeiradesantana\/#author"},"image":{"@type":"ImageObject","url":"https:\/\/www.encontrafeiradesantana.com.br\/sobre\/wp-content\/uploads\/2026\/09\/operacao-feira-mais-limpa-intensifica-combate-a-poluicao-visual-em-feira-de-santana.webp","@id":"https:\/\/www.encontrafeiradesantana.com.br\/sobre\/operacao-feira-mais-limpa-intensifica-combate-a-poluicao-visual-em-feira-de-santana\/#mainImage","width":280,"height":280,"caption":"Opera\u00e7\u00e3o Feira Mais Limpa"},"primaryImageOfPage":{"@id":"https:\/\/www.encontrafeiradesantana.com.br\/sobre\/operacao-feira-mais-limpa-intensifica-combate-a-poluicao-visual-em-feira-de-santana\/#mainImage"},"datePublished":"2026-09-02T03:39:34-03:00","dateModified":"2026-09-02T03:39:34-03:00"},{"@type":"WebSite","@id":"https:\/\/www.encontrafeiradesantana.com.br\/sobre\/#website","url":"https:\/\/www.encontrafeiradesantana.com.br\/sobre\/","name":"Encontra Feira de Santana","description":"Not\u00edcias, eventos, informa\u00e7\u00f5es e dicas na cidade Feira de Santana e regi\u00e3o.","inLanguage":"pt-BR","publisher":{"@id":"https:\/\/www.encontrafeiradesantana.com.br\/sobre\/#organization"}}]},"og:locale":"pt_BR","og:site_name":"Encontra Feira de Santana | Not\u00edcias, eventos, informa\u00e7\u00f5es e dicas na cidade Feira de Santana e regi\u00e3o.","og:type":"article","og:title":"Opera\u00e7\u00e3o Feira Mais Limpa intensifica combate \u00e0 polui\u00e7\u00e3o visual em Feira de Santana | Encontra Feira de Santana","og:description":"Opera\u00e7\u00e3o Feira Mais Limpa foca em reduzir a polui\u00e7\u00e3o visual em Feira de Santana.","og:url":"https:\/\/www.encontrafeiradesantana.com.br\/sobre\/operacao-feira-mais-limpa-intensifica-combate-a-poluicao-visual-em-feira-de-santana\/","article:published_time":"2026-09-02T06:39:34+00:00","article:modified_time":"2026-09-02T06:39:34+00:00","twitter:card":"summary","twitter:title":"Opera\u00e7\u00e3o Feira Mais Limpa intensifica combate \u00e0 polui\u00e7\u00e3o visual em Feira de Santana | Encontra Feira de Santana","twitter:description":"Opera\u00e7\u00e3o Feira Mais Limpa foca em reduzir a polui\u00e7\u00e3o visual em Feira de Santana."},"aioseo_meta_data":{"post_id":"2784","title":null,"description":null,"keywords":null,"keyphrases":null,"primary_term":null,"canonical_url":null,"og_title":null,"og_description":null,"og_object_type":"default","og_image_type":"default","og_image_url":null,"og_image_width":null,"og_image_height":null,"og_image_custom_url":null,"og_image_custom_fields":null,"og_video":null,"og_custom_url":null,"og_article_section":null,"og_article_tags":null,"twitter_use_og":false,"twitter_card":"default","twitter_image_type":"default","twitter_image_url":null,"twitter_image_custom_url":null,"twitter_image_custom_fields":null,"twitter_title":null,"twitter_description":null,"schema":{"blockGraphs":[],"customGraphs":[],"default":{"data":{"Article":[],"Course":[],"Dataset":[],"FAQPage":[],"Movie":[],"Person":[],"Product":[],"ProductReview":[],"Car":[],"Recipe":[],"Service":[],"SoftwareApplication":[],"WebPage":[]},"graphName":"Article","isEnabled":true},"graphs":[]},"schema_type":"default","schema_type_options":null,"pillar_content":false,"robots_default":true,"robots_noindex":false,"robots_noarchive":false,"robots_nosnippet":false,"robots_nofollow":false,"robots_noimageindex":false,"robots_noodp":false,"robots_notranslate":false,"robots_max_snippet":null,"robots_max_videopreview":null,"robots_max_imagepreview":"large","priority":null,"frequency":null,"local_seo":null,"breadcrumb_settings":null,"limit_modified_date":false,"ai":null,"created":"2026-09-02 06:39:34","updated":"2026-09-02 07:11:12","focus_keyword":null,"additional_keywords":null,"truseo_locale":null,"seo_analyzer_scan_date":null},"aioseo_breadcrumb":"<div class=\"aioseo-breadcrumbs\"><span class=\"aioseo-breadcrumb\">\n\t\t\t<a href=\"https:\/\/www.encontrafeiradesantana.com.br\/sobre\" title=\"In\u00edcio\">In\u00edcio<\/a>\n\t\t<\/span><span class=\"aioseo-breadcrumb-separator\">&raquo;<\/span><span class=\"aioseo-breadcrumb\">\n\t\t\t<a href=\"https:\/\/www.encontrafeiradesantana.com.br\/sobre\/noticias-em-feira-de-santana\/\" title=\"Not\u00edcias Feira de Santana\">Not\u00edcias Feira de Santana<\/a>\n\t\t<\/span><span class=\"aioseo-breadcrumb-separator\">&raquo;<\/span><span class=\"aioseo-breadcrumb\">\n\t\t\tOpera\u00e7\u00e3o Feira Mais Limpa intensifica combate \u00e0 polui\u00e7\u00e3o visual em Feira de Santana\n\t\t<\/span><\/div>","aioseo_breadcrumb_json":[{"label":"In\u00edcio","link":"https:\/\/www.encontrafeiradesantana.com.br\/sobre"},{"label":"Not\u00edcias Feira de Santana","link":"https:\/\/www.encontrafeiradesantana.com.br\/sobre\/noticias-em-feira-de-santana\/"},{"label":"Opera\u00e7\u00e3o Feira Mais Limpa intensifica combate \u00e0 polui\u00e7\u00e3o visual em Feira de Santana","link":"https:\/\/www.encontrafeiradesantana.com.br\/sobre\/operacao-feira-mais-limpa-intensifica-combate-a-poluicao-visual-em-feira-de-santana\/"}],"_links":{"self":[{"href":"https:\/\/www.encontrafeiradesantana.com.br\/sobre\/wp-json\/wp\/v2\/posts\/2784","targetHints":{"allow":["GET"]}}],"collection":[{"href":"https:\/\/www.encontrafeiradesantana.com.br\/sobre\/wp-json\/wp\/v2\/posts"}],"about":[{"href":"https:\/\/www.encontrafeiradesantana.com.br\/sobre\/wp-json\/wp\/v2\/types\/post"}],"author":[{"embeddable":true,"href":"https:\/\/www.encontrafeiradesantana.com.br\/sobre\/wp-json\/wp\/v2\/users\/1"}],"replies":[{"embeddable":true,"href":"https:\/\/www.encontrafeiradesantana.com.br\/sobre\/wp-json\/wp\/v2\/comments?post=2784"}],"version-history":[{"count":0,"href":"https:\/\/www.encontrafeiradesantana.com.br\/sobre\/wp-json\/wp\/v2\/posts\/2784\/revisions"}],"wp:featuredmedia":[{"embeddable":true,"href":"https:\/\/www.encontrafeiradesantana.com.br\/sobre\/wp-json\/wp\/v2\/media\/2783"}],"wp:attachment":[{"href":"https:\/\/www.encontrafeiradesantana.com.br\/sobre\/wp-json\/wp\/v2\/media?parent=2784"}],"wp:term":[{"taxonomy":"category","embeddable":true,"href":"https:\/\/www.encontrafeiradesantana.com.br\/sobre\/wp-json\/wp\/v2\/categories?post=2784"},{"taxonomy":"post_tag","embeddable":true,"href":"https:\/\/www.encontrafeiradesantana.com.br\/sobre\/wp-json\/wp\/v2\/tags?post=2784"}],"curies":[{"name":"wp","href":"https:\/\/api.w.org\/{rel}","templated":true}]}}