{"id":2778,"date":"2026-09-01T03:39:57","date_gmt":"2026-09-01T06:39:57","guid":{"rendered":"https:\/\/www.encontrafeiradesantana.com.br\/sobre\/semmam-recebe-propostas-para-compra-de-placas-para-identificar-lagoas-de-feira\/"},"modified":"2026-09-01T03:39:57","modified_gmt":"2026-09-01T06:39:57","slug":"semmam-recebe-propostas-para-compra-de-placas-para-identificar-lagoas-de-feira","status":"publish","type":"post","link":"https:\/\/www.encontrafeiradesantana.com.br\/sobre\/semmam-recebe-propostas-para-compra-de-placas-para-identificar-lagoas-de-feira\/","title":{"rendered":"Semmam recebe propostas para compra de placas para identificar lagoas de Feira"},"content":{"rendered":"<div class=\"3f468104ad11f00a3c9ac948316f4265\" data-index=\"1\" style=\"float: none; margin:0px;\">\n<ins class=\"adsbygoogle\"\r\n     style=\"display:block\"\r\n     data-ad-client=\"ca-pub-8585364105181520\"\r\n     data-ad-slot=\"8789329856\"\r\n     data-ad-format=\"auto\"\r\n     data-full-width-responsive=\"true\"><\/ins>\r\n<script>\r\n     (adsbygoogle = window.adsbygoogle || []).push({});\r\n<\/script>\r\n\n<\/div>\n<h2>O Papel da Semmam na Sinaliza\u00e7\u00e3o das Lagoas<\/h2>\n<p>A Secretaria Municipal de Meio Ambiente e Recursos Naturais (Semmam) desempenha um papel vital na gest\u00e3o dos corpos h\u00eddricos em Feira de Santana, especialmente no que diz respeito \u00e0 sinaliza\u00e7\u00e3o das lagoas. Este trabalho \u00e9 fundamental, pois garante que a popula\u00e7\u00e3o esteja ciente da localiza\u00e7\u00e3o e da import\u00e2ncia dessas fontes de \u00e1gua, que s\u00e3o um patrim\u00f4nio natural significativo da cidade.<\/p>\n<p>Atrav\u00e9s da aquisi\u00e7\u00e3o de placas de sinaliza\u00e7\u00e3o, a Semmam busca informar e educar a popula\u00e7\u00e3o sobre as lagoas, seu limite de cota d\u2019\u00e1gua e a necessidade da sua preserva\u00e7\u00e3o. A sinaliza\u00e7\u00e3o correta das lagoas \u00e9 um passo essencial para a gest\u00e3o ambiental, pois auxilia n\u00e3o apenas na conscientiza\u00e7\u00e3o, mas tamb\u00e9m na seguran\u00e7a da comunidade.<\/p>\n<h2>Benef\u00edcios das Placas de Identifica\u00e7\u00e3o<\/h2>\n<p>As placas de identifica\u00e7\u00e3o que est\u00e3o sendo adquiridas t\u00eam v\u00e1rias fun\u00e7\u00f5es. Entre os principais benef\u00edcios est\u00e3o:<\/p>\n<p><img decoding=\"async\" src=\"https:\/\/www.encontrafeiradesantana.com.br\/sobre\/wp-content\/uploads\/2026\/09\/semmam-recebe-propostas-para-compra-de-placas-para-identificar-lagoas-de-feira.webp\" alt=\"Semmam compra placas lagoas Feira\" loading=\"lazy\" \/><\/p>\n<ul>\n<li><strong>Informa\u00e7\u00e3o:<\/strong> As placas indicam a presen\u00e7a dos corpos d\u2019\u00e1gua, auxiliando na navega\u00e7\u00e3o e tamb\u00e9m no turismo local.<\/li>\n<li><strong>Limites de Constru\u00e7\u00e3o:<\/strong> A delimita\u00e7\u00e3o da cota d\u2019\u00e1gua \u00e9 crucial para evitar constru\u00e7\u00f5es inadequadas nas proximidades das lagoas, que poderiam levar \u00e0 eros\u00e3o ou \u00e0 polui\u00e7\u00e3o.<\/li>\n<li><strong>Conscientiza\u00e7\u00e3o:<\/strong> As placas promovem a educa\u00e7\u00e3o ambiental, incentivando a comunidade a cuidar e respeitar esses locais.<\/li>\n<li><strong>Seguran\u00e7a:<\/strong> A sinaliza\u00e7\u00e3o das lagoas pode ajudar a prevenir acidentes, especialmente em \u00e1reas onde a \u00e1gua n\u00e3o \u00e9 vis\u00edvel.<\/li>\n<\/ul>\n<h2>Lagoas de Feira de Santana: Um Patrim\u00f4nio Natural<\/h2>\n<p>Feira de Santana \u00e9 aben\u00e7oada com 35 lagoas, muitas delas localizadas em \u00e1reas urbanas estrat\u00e9gicas. Entre as lagoas mais conhecidas est\u00e3o:<\/p>\n<ul>\n<li><strong>Lagoa do Geladinho:<\/strong> Localizada no Parque Erivaldo Cerqueira, \u00e9 um espa\u00e7o de lazer e preserva\u00e7\u00e3o ambiental.<\/li>\n<li><strong>Lagoa do Prato Raso:<\/strong> Situada na Queimadinha, \u00e9 importante para a biodiversidade local.<\/li>\n<li><strong>Lagoa Salgada:<\/strong> Encontrada na Avenida Noide Cerqueira, \u00e9 um conhecido ponto de refer\u00eancia.<\/li>\n<\/ul>\n<p>Al\u00e9m dessas, o bairro Mangabeira abriga diversas lagoas, sendo uma das \u00e1reas com maior concentra\u00e7\u00e3o. O cuidado e a preserva\u00e7\u00e3o desses locais s\u00e3o essenciais para a qualidade de vida da popula\u00e7\u00e3o e a manuten\u00e7\u00e3o da biodiversidade urbana.<\/p>\n<h2>A Import\u00e2ncia da Conscientiza\u00e7\u00e3o Ambiental<\/h2>\n<p>A conscientiza\u00e7\u00e3o ambiental \u00e9 fundamental para o desenvolvimento sustent\u00e1vel. Atrav\u00e9s de campanhas de educa\u00e7\u00e3o, a Semmam visa promover um maior envolvimento da comunidade na preserva\u00e7\u00e3o das lagoas. A sinaliza\u00e7\u00e3o adequada \u00e9 apenas uma parte de um esfor\u00e7o maior para educar cidad\u00e3os sobre quest\u00f5es ambientais e a import\u00e2ncia de proteger nossos recursos h\u00eddricos.<\/p>\n<p>Com a informa\u00e7\u00e3o certa, os cidad\u00e3os podem se tornar defensores ativos da preserva\u00e7\u00e3o das lagoas, promovendo a\u00e7\u00f5es e participando de projetos voltados para a prote\u00e7\u00e3o deste patrim\u00f4nio natural.<\/p>\n<h2>Como as Placas Ajudam na Preserva\u00e7\u00e3o<\/h2>\n<p>A presen\u00e7a de placas de sinaliza\u00e7\u00e3o nas lagoas contribui diretamente para a preserva\u00e7\u00e3o ambiental. Elas servem como lembretes visuais da necessidade de cuidar desses locais. A sinaliza\u00e7\u00e3o adequada ajuda a: <\/p>\n<ul>\n<li><strong>Preventiva:<\/strong> Ao alertar sobre a proximidade da \u00e1gua, as placas podem prevenir quedas e outros acidentes. <\/li>\n<li><strong>Educa\u00e7\u00e3o:<\/strong> Informar sobre as diversas esp\u00e9cies de flora e fauna que habitam as lagoas, promovendo um respeito maior pelos mesmos.<\/li>\n<li><strong>Promo\u00e7\u00e3o de Pr\u00e1ticas Sustent\u00e1veis:<\/strong> Incentivar a pr\u00e1tica de coleta de lixo e preserva\u00e7\u00e3o do local.<\/li>\n<\/ul>\n<h2>Processo de Licita\u00e7\u00e3o para as Placas<\/h2>\n<p>Nos pr\u00f3ximos dias, a Semmam abrir\u00e1 um per\u00edodo para a apresenta\u00e7\u00e3o de propostas de or\u00e7amento para a aquisi\u00e7\u00e3o das placas. O processo de licita\u00e7\u00e3o ser\u00e1 direcionado a empresas que cumpram os requisitos estabelecidos pela secretaria. Este processo \u00e9 de suma import\u00e2ncia para garantir que os materiais e servi\u00e7os adquiridos sejam de qualidade e atendam \u00e0s necessidades da comunidade.<\/p>\n<h2>Requisitos para Empresas Interessadas<\/h2>\n<p>As empresas que desejam participar do processo precisam atender a algumas condi\u00e7\u00f5es, tais como:<\/p>\n<ul>\n<li><strong>Experi\u00eancia comprovada:<\/strong> \u00c9 necess\u00e1rio apresentar documenta\u00e7\u00e3o que comprove experi\u00eancias anteriores relevantes na \u00e1rea de sinaliza\u00e7\u00e3o ambiental.<\/li>\n<li><strong>Capacidade t\u00e9cnica:<\/strong> A empresa deve demonstrar que possui a infraestrutura necess\u00e1ria para a execu\u00e7\u00e3o do servi\u00e7o.<\/li>\n<li><strong>Propostas financeiras:<\/strong> As propostas devem ser enviadas dentro do per\u00edodo estabelecido e atender aos crit\u00e9rios de custo-benef\u00edcio.<\/li>\n<\/ul>\n<h2>Prazo para Envio das Propostas<\/h2>\n<p>A data limite para o envio das propostas \u00e9 de tr\u00eas dias ap\u00f3s a abertura do processo de licita\u00e7\u00e3o. As empresas interessadas dever\u00e3o enviar suas propostas para o e-mail da Semmam ou entreg\u00e1-las pessoalmente no Fundo Municipal de Defesa do Meio Ambiente. O cumprimento dos prazos \u00e9 essencial para a efetividade do processo e a aquisi\u00e7\u00e3o das placas no tempo desejado.<\/p>\n<h2>Impacto da Sinaliza\u00e7\u00e3o na Urbaniza\u00e7\u00e3o<\/h2>\n<p>A sinaliza\u00e7\u00e3o das lagoas n\u00e3o apenas contribui para a seguran\u00e7a e conscientiza\u00e7\u00e3o, mas tamb\u00e9m influencia o desenvolvimento urbano. Com a localiza\u00e7\u00e3o das lagoas bem sinalizada, o planejamento de projetos urbanos pode levar em considera\u00e7\u00e3o esses corpos d&#8217;\u00e1gua, evitando constru\u00e7\u00f5es que impactem negativamente a ecologia local. Isso promove um equil\u00edbrio na urbaniza\u00e7\u00e3o e na preserva\u00e7\u00e3o dos ecossistemas.<\/p>\n<h2>Futuro das Lagoas em Feira de Santana<\/h2>\n<p>O futuro das lagoas em Feira de Santana depende do envolvimento da comunidade e da Prefeitura, por meio da Semmam, em a\u00e7\u00f5es cont\u00ednuas de preserva\u00e7\u00e3o e educa\u00e7\u00e3o. Com a implanta\u00e7\u00e3o das placas de sinaliza\u00e7\u00e3o, espera-se n\u00e3o apenas alertar sobre a presen\u00e7a das lagoas, mas tamb\u00e9m fomentar um sentimento de pertencimento e cuidado entre os cidad\u00e3os. A preserva\u00e7\u00e3o dessas lagoas \u00e9 um ativo natural que deve ser protegido para as futuras gera\u00e7\u00f5es, e a Semmam est\u00e1 na vanguarda desse movimento.<\/p>\n\n<div style=\"font-size: 0px; height: 0px; line-height: 0px; margin: 0; padding: 0; clear: both;\"><\/div>","protected":false},"excerpt":{"rendered":"<p>Placas para identificar lagoas de Feira s\u00e3o parte da proposta da Semmam.<\/p>\n","protected":false},"author":1,"featured_media":2777,"comment_status":"open","ping_status":"closed","sticky":false,"template":"","format":"standard","meta":{"footnotes":""},"categories":[26],"tags":[],"class_list":["post-2778","post","type-post","status-publish","format-standard","has-post-thumbnail","hentry","category-cultura-em-feira-de-santana","has_thumb"],"aioseo_notices":[],"aioseo_head":"\n\t\t<!-- All in One SEO 5.0.0.1 - aioseo.com -->\n\t<meta name=\"description\" content=\"Placas para identificar lagoas de Feira s\u00e3o parte da proposta da Semmam.\" \/>\n\t<meta name=\"robots\" content=\"max-image-preview:large\" \/>\n\t<meta name=\"author\" content=\"Encontra Feira de Santana\"\/>\n\t<link rel=\"canonical\" href=\"https:\/\/www.encontrafeiradesantana.com.br\/sobre\/semmam-recebe-propostas-para-compra-de-placas-para-identificar-lagoas-de-feira\/\" \/>\n\t<meta name=\"generator\" content=\"All in One SEO (AIOSEO) 5.0.0.1\" \/>\n\t\t<meta property=\"og:locale\" content=\"pt_BR\" \/>\n\t\t<meta property=\"og:site_name\" content=\"Encontra Feira de Santana | Not\u00edcias, eventos, informa\u00e7\u00f5es e dicas na cidade Feira de Santana e regi\u00e3o.\" \/>\n\t\t<meta property=\"og:type\" content=\"article\" \/>\n\t\t<meta property=\"og:title\" content=\"Semmam recebe propostas para compra de placas para identificar lagoas de Feira | Encontra Feira de Santana\" \/>\n\t\t<meta property=\"og:description\" content=\"Placas para identificar lagoas de Feira s\u00e3o parte da proposta da Semmam.\" \/>\n\t\t<meta property=\"og:url\" content=\"https:\/\/www.encontrafeiradesantana.com.br\/sobre\/semmam-recebe-propostas-para-compra-de-placas-para-identificar-lagoas-de-feira\/\" \/>\n\t\t<meta property=\"article:published_time\" content=\"2026-09-01T06:39:57+00:00\" \/>\n\t\t<meta property=\"article:modified_time\" content=\"2026-09-01T06:39:57+00:00\" \/>\n\t\t<meta name=\"twitter:card\" content=\"summary\" \/>\n\t\t<meta name=\"twitter:title\" content=\"Semmam recebe propostas para compra de placas para identificar lagoas de Feira | Encontra Feira de Santana\" \/>\n\t\t<meta name=\"twitter:description\" content=\"Placas para identificar lagoas de Feira s\u00e3o parte da proposta da Semmam.\" \/>\n\t\t<script type=\"application\/ld+json\" class=\"aioseo-schema\">\n\t\t\t{\"@context\":\"https:\\\/\\\/schema.org\",\"@graph\":[{\"@type\":\"Article\",\"@id\":\"https:\\\/\\\/www.encontrafeiradesantana.com.br\\\/sobre\\\/semmam-recebe-propostas-para-compra-de-placas-para-identificar-lagoas-de-feira\\\/#article\",\"name\":\"Semmam recebe propostas para compra de placas para identificar lagoas de Feira | Encontra Feira de Santana\",\"headline\":\"Semmam recebe propostas para compra de placas para identificar lagoas de Feira\",\"author\":{\"@id\":\"https:\\\/\\\/www.encontrafeiradesantana.com.br\\\/sobre\\\/author\\\/efeiradesantana\\\/#author\"},\"publisher\":{\"@id\":\"https:\\\/\\\/www.encontrafeiradesantana.com.br\\\/sobre\\\/#organization\"},\"image\":{\"@type\":\"ImageObject\",\"url\":\"https:\\\/\\\/www.encontrafeiradesantana.com.br\\\/sobre\\\/wp-content\\\/uploads\\\/2026\\\/09\\\/semmam-recebe-propostas-para-compra-de-placas-para-identificar-lagoas-de-feira.webp\",\"width\":280,\"height\":280,\"caption\":\"Semmam compra placas lagoas Feira\"},\"datePublished\":\"2026-09-01T03:39:57-03:00\",\"dateModified\":\"2026-09-01T03:39:57-03:00\",\"inLanguage\":\"pt-BR\",\"mainEntityOfPage\":{\"@id\":\"https:\\\/\\\/www.encontrafeiradesantana.com.br\\\/sobre\\\/semmam-recebe-propostas-para-compra-de-placas-para-identificar-lagoas-de-feira\\\/#webpage\"},\"isPartOf\":{\"@id\":\"https:\\\/\\\/www.encontrafeiradesantana.com.br\\\/sobre\\\/semmam-recebe-propostas-para-compra-de-placas-para-identificar-lagoas-de-feira\\\/#webpage\"},\"articleSection\":\"Cultura Feira de Santana\"},{\"@type\":\"BreadcrumbList\",\"@id\":\"https:\\\/\\\/www.encontrafeiradesantana.com.br\\\/sobre\\\/semmam-recebe-propostas-para-compra-de-placas-para-identificar-lagoas-de-feira\\\/#breadcrumblist\",\"itemListElement\":[{\"@type\":\"ListItem\",\"@id\":\"https:\\\/\\\/www.encontrafeiradesantana.com.br\\\/sobre#listItem\",\"position\":1,\"name\":\"In\\u00edcio\",\"item\":\"https:\\\/\\\/www.encontrafeiradesantana.com.br\\\/sobre\",\"nextItem\":{\"@type\":\"ListItem\",\"@id\":\"https:\\\/\\\/www.encontrafeiradesantana.com.br\\\/sobre\\\/cultura-em-feira-de-santana\\\/#listItem\",\"name\":\"Cultura Feira de Santana\"}},{\"@type\":\"ListItem\",\"@id\":\"https:\\\/\\\/www.encontrafeiradesantana.com.br\\\/sobre\\\/cultura-em-feira-de-santana\\\/#listItem\",\"position\":2,\"name\":\"Cultura Feira de Santana\",\"item\":\"https:\\\/\\\/www.encontrafeiradesantana.com.br\\\/sobre\\\/cultura-em-feira-de-santana\\\/\",\"nextItem\":{\"@type\":\"ListItem\",\"@id\":\"https:\\\/\\\/www.encontrafeiradesantana.com.br\\\/sobre\\\/semmam-recebe-propostas-para-compra-de-placas-para-identificar-lagoas-de-feira\\\/#listItem\",\"name\":\"Semmam recebe propostas para compra de placas para identificar lagoas de Feira\"},\"previousItem\":{\"@type\":\"ListItem\",\"@id\":\"https:\\\/\\\/www.encontrafeiradesantana.com.br\\\/sobre#listItem\",\"name\":\"In\\u00edcio\"}},{\"@type\":\"ListItem\",\"@id\":\"https:\\\/\\\/www.encontrafeiradesantana.com.br\\\/sobre\\\/semmam-recebe-propostas-para-compra-de-placas-para-identificar-lagoas-de-feira\\\/#listItem\",\"position\":3,\"name\":\"Semmam recebe propostas para compra de placas para identificar lagoas de Feira\",\"previousItem\":{\"@type\":\"ListItem\",\"@id\":\"https:\\\/\\\/www.encontrafeiradesantana.com.br\\\/sobre\\\/cultura-em-feira-de-santana\\\/#listItem\",\"name\":\"Cultura Feira de Santana\"}}]},{\"@type\":\"Organization\",\"@id\":\"https:\\\/\\\/www.encontrafeiradesantana.com.br\\\/sobre\\\/#organization\",\"name\":\"Encontra Feira de Santana\",\"description\":\"Not\\u00edcias, eventos, informa\\u00e7\\u00f5es e dicas na cidade Feira de Santana e regi\\u00e3o.\",\"url\":\"https:\\\/\\\/www.encontrafeiradesantana.com.br\\\/sobre\\\/\"},{\"@type\":\"Person\",\"@id\":\"https:\\\/\\\/www.encontrafeiradesantana.com.br\\\/sobre\\\/author\\\/efeiradesantana\\\/#author\",\"url\":\"https:\\\/\\\/www.encontrafeiradesantana.com.br\\\/sobre\\\/author\\\/efeiradesantana\\\/\",\"name\":\"Encontra Feira de Santana\",\"image\":{\"@type\":\"ImageObject\",\"@id\":\"https:\\\/\\\/www.encontrafeiradesantana.com.br\\\/sobre\\\/semmam-recebe-propostas-para-compra-de-placas-para-identificar-lagoas-de-feira\\\/#authorImage\",\"url\":\"https:\\\/\\\/secure.gravatar.com\\\/avatar\\\/507340682b8270222e1f208e23198b6ae7e2c6a1033ae84e99bc6bce4f82a387?s=96&d=mm&r=g\",\"width\":96,\"height\":96,\"caption\":\"Encontra Feira de Santana\"}},{\"@type\":\"WebPage\",\"@id\":\"https:\\\/\\\/www.encontrafeiradesantana.com.br\\\/sobre\\\/semmam-recebe-propostas-para-compra-de-placas-para-identificar-lagoas-de-feira\\\/#webpage\",\"url\":\"https:\\\/\\\/www.encontrafeiradesantana.com.br\\\/sobre\\\/semmam-recebe-propostas-para-compra-de-placas-para-identificar-lagoas-de-feira\\\/\",\"name\":\"Semmam recebe propostas para compra de placas para identificar lagoas de Feira | Encontra Feira de Santana\",\"description\":\"Placas para identificar lagoas de Feira s\\u00e3o parte da proposta da Semmam.\",\"inLanguage\":\"pt-BR\",\"isPartOf\":{\"@id\":\"https:\\\/\\\/www.encontrafeiradesantana.com.br\\\/sobre\\\/#website\"},\"breadcrumb\":{\"@id\":\"https:\\\/\\\/www.encontrafeiradesantana.com.br\\\/sobre\\\/semmam-recebe-propostas-para-compra-de-placas-para-identificar-lagoas-de-feira\\\/#breadcrumblist\"},\"author\":{\"@id\":\"https:\\\/\\\/www.encontrafeiradesantana.com.br\\\/sobre\\\/author\\\/efeiradesantana\\\/#author\"},\"creator\":{\"@id\":\"https:\\\/\\\/www.encontrafeiradesantana.com.br\\\/sobre\\\/author\\\/efeiradesantana\\\/#author\"},\"image\":{\"@type\":\"ImageObject\",\"url\":\"https:\\\/\\\/www.encontrafeiradesantana.com.br\\\/sobre\\\/wp-content\\\/uploads\\\/2026\\\/09\\\/semmam-recebe-propostas-para-compra-de-placas-para-identificar-lagoas-de-feira.webp\",\"@id\":\"https:\\\/\\\/www.encontrafeiradesantana.com.br\\\/sobre\\\/semmam-recebe-propostas-para-compra-de-placas-para-identificar-lagoas-de-feira\\\/#mainImage\",\"width\":280,\"height\":280,\"caption\":\"Semmam compra placas lagoas Feira\"},\"primaryImageOfPage\":{\"@id\":\"https:\\\/\\\/www.encontrafeiradesantana.com.br\\\/sobre\\\/semmam-recebe-propostas-para-compra-de-placas-para-identificar-lagoas-de-feira\\\/#mainImage\"},\"datePublished\":\"2026-09-01T03:39:57-03:00\",\"dateModified\":\"2026-09-01T03:39:57-03:00\"},{\"@type\":\"WebSite\",\"@id\":\"https:\\\/\\\/www.encontrafeiradesantana.com.br\\\/sobre\\\/#website\",\"url\":\"https:\\\/\\\/www.encontrafeiradesantana.com.br\\\/sobre\\\/\",\"name\":\"Encontra Feira de Santana\",\"description\":\"Not\\u00edcias, eventos, informa\\u00e7\\u00f5es e dicas na cidade Feira de Santana e regi\\u00e3o.\",\"inLanguage\":\"pt-BR\",\"publisher\":{\"@id\":\"https:\\\/\\\/www.encontrafeiradesantana.com.br\\\/sobre\\\/#organization\"}}]}\n\t\t<\/script>\n\t\t<!-- All in One SEO -->\n\n","aioseo_head_json":{"title":"Semmam recebe propostas para compra de placas para identificar lagoas de Feira | Encontra Feira de Santana","description":"Placas para identificar lagoas de Feira s\u00e3o parte da proposta da Semmam.","canonical_url":"https:\/\/www.encontrafeiradesantana.com.br\/sobre\/semmam-recebe-propostas-para-compra-de-placas-para-identificar-lagoas-de-feira\/","robots":"max-image-preview:large","keywords":"","webmasterTools":{"miscellaneous":""},"schema":{"@context":"https:\/\/schema.org","@graph":[{"@type":"Article","@id":"https:\/\/www.encontrafeiradesantana.com.br\/sobre\/semmam-recebe-propostas-para-compra-de-placas-para-identificar-lagoas-de-feira\/#article","name":"Semmam recebe propostas para compra de placas para identificar lagoas de Feira | Encontra Feira de Santana","headline":"Semmam recebe propostas para compra de placas para identificar lagoas de Feira","author":{"@id":"https:\/\/www.encontrafeiradesantana.com.br\/sobre\/author\/efeiradesantana\/#author"},"publisher":{"@id":"https:\/\/www.encontrafeiradesantana.com.br\/sobre\/#organization"},"image":{"@type":"ImageObject","url":"https:\/\/www.encontrafeiradesantana.com.br\/sobre\/wp-content\/uploads\/2026\/09\/semmam-recebe-propostas-para-compra-de-placas-para-identificar-lagoas-de-feira.webp","width":280,"height":280,"caption":"Semmam compra placas lagoas Feira"},"datePublished":"2026-09-01T03:39:57-03:00","dateModified":"2026-09-01T03:39:57-03:00","inLanguage":"pt-BR","mainEntityOfPage":{"@id":"https:\/\/www.encontrafeiradesantana.com.br\/sobre\/semmam-recebe-propostas-para-compra-de-placas-para-identificar-lagoas-de-feira\/#webpage"},"isPartOf":{"@id":"https:\/\/www.encontrafeiradesantana.com.br\/sobre\/semmam-recebe-propostas-para-compra-de-placas-para-identificar-lagoas-de-feira\/#webpage"},"articleSection":"Cultura Feira de Santana"},{"@type":"BreadcrumbList","@id":"https:\/\/www.encontrafeiradesantana.com.br\/sobre\/semmam-recebe-propostas-para-compra-de-placas-para-identificar-lagoas-de-feira\/#breadcrumblist","itemListElement":[{"@type":"ListItem","@id":"https:\/\/www.encontrafeiradesantana.com.br\/sobre#listItem","position":1,"name":"In\u00edcio","item":"https:\/\/www.encontrafeiradesantana.com.br\/sobre","nextItem":{"@type":"ListItem","@id":"https:\/\/www.encontrafeiradesantana.com.br\/sobre\/cultura-em-feira-de-santana\/#listItem","name":"Cultura Feira de Santana"}},{"@type":"ListItem","@id":"https:\/\/www.encontrafeiradesantana.com.br\/sobre\/cultura-em-feira-de-santana\/#listItem","position":2,"name":"Cultura Feira de Santana","item":"https:\/\/www.encontrafeiradesantana.com.br\/sobre\/cultura-em-feira-de-santana\/","nextItem":{"@type":"ListItem","@id":"https:\/\/www.encontrafeiradesantana.com.br\/sobre\/semmam-recebe-propostas-para-compra-de-placas-para-identificar-lagoas-de-feira\/#listItem","name":"Semmam recebe propostas para compra de placas para identificar lagoas de Feira"},"previousItem":{"@type":"ListItem","@id":"https:\/\/www.encontrafeiradesantana.com.br\/sobre#listItem","name":"In\u00edcio"}},{"@type":"ListItem","@id":"https:\/\/www.encontrafeiradesantana.com.br\/sobre\/semmam-recebe-propostas-para-compra-de-placas-para-identificar-lagoas-de-feira\/#listItem","position":3,"name":"Semmam recebe propostas para compra de placas para identificar lagoas de Feira","previousItem":{"@type":"ListItem","@id":"https:\/\/www.encontrafeiradesantana.com.br\/sobre\/cultura-em-feira-de-santana\/#listItem","name":"Cultura Feira de Santana"}}]},{"@type":"Organization","@id":"https:\/\/www.encontrafeiradesantana.com.br\/sobre\/#organization","name":"Encontra Feira de Santana","description":"Not\u00edcias, eventos, informa\u00e7\u00f5es e dicas na cidade Feira de Santana e regi\u00e3o.","url":"https:\/\/www.encontrafeiradesantana.com.br\/sobre\/"},{"@type":"Person","@id":"https:\/\/www.encontrafeiradesantana.com.br\/sobre\/author\/efeiradesantana\/#author","url":"https:\/\/www.encontrafeiradesantana.com.br\/sobre\/author\/efeiradesantana\/","name":"Encontra Feira de Santana","image":{"@type":"ImageObject","@id":"https:\/\/www.encontrafeiradesantana.com.br\/sobre\/semmam-recebe-propostas-para-compra-de-placas-para-identificar-lagoas-de-feira\/#authorImage","url":"https:\/\/secure.gravatar.com\/avatar\/507340682b8270222e1f208e23198b6ae7e2c6a1033ae84e99bc6bce4f82a387?s=96&d=mm&r=g","width":96,"height":96,"caption":"Encontra Feira de Santana"}},{"@type":"WebPage","@id":"https:\/\/www.encontrafeiradesantana.com.br\/sobre\/semmam-recebe-propostas-para-compra-de-placas-para-identificar-lagoas-de-feira\/#webpage","url":"https:\/\/www.encontrafeiradesantana.com.br\/sobre\/semmam-recebe-propostas-para-compra-de-placas-para-identificar-lagoas-de-feira\/","name":"Semmam recebe propostas para compra de placas para identificar lagoas de Feira | Encontra Feira de Santana","description":"Placas para identificar lagoas de Feira s\u00e3o parte da proposta da Semmam.","inLanguage":"pt-BR","isPartOf":{"@id":"https:\/\/www.encontrafeiradesantana.com.br\/sobre\/#website"},"breadcrumb":{"@id":"https:\/\/www.encontrafeiradesantana.com.br\/sobre\/semmam-recebe-propostas-para-compra-de-placas-para-identificar-lagoas-de-feira\/#breadcrumblist"},"author":{"@id":"https:\/\/www.encontrafeiradesantana.com.br\/sobre\/author\/efeiradesantana\/#author"},"creator":{"@id":"https:\/\/www.encontrafeiradesantana.com.br\/sobre\/author\/efeiradesantana\/#author"},"image":{"@type":"ImageObject","url":"https:\/\/www.encontrafeiradesantana.com.br\/sobre\/wp-content\/uploads\/2026\/09\/semmam-recebe-propostas-para-compra-de-placas-para-identificar-lagoas-de-feira.webp","@id":"https:\/\/www.encontrafeiradesantana.com.br\/sobre\/semmam-recebe-propostas-para-compra-de-placas-para-identificar-lagoas-de-feira\/#mainImage","width":280,"height":280,"caption":"Semmam compra placas lagoas Feira"},"primaryImageOfPage":{"@id":"https:\/\/www.encontrafeiradesantana.com.br\/sobre\/semmam-recebe-propostas-para-compra-de-placas-para-identificar-lagoas-de-feira\/#mainImage"},"datePublished":"2026-09-01T03:39:57-03:00","dateModified":"2026-09-01T03:39:57-03:00"},{"@type":"WebSite","@id":"https:\/\/www.encontrafeiradesantana.com.br\/sobre\/#website","url":"https:\/\/www.encontrafeiradesantana.com.br\/sobre\/","name":"Encontra Feira de Santana","description":"Not\u00edcias, eventos, informa\u00e7\u00f5es e dicas na cidade Feira de Santana e regi\u00e3o.","inLanguage":"pt-BR","publisher":{"@id":"https:\/\/www.encontrafeiradesantana.com.br\/sobre\/#organization"}}]},"og:locale":"pt_BR","og:site_name":"Encontra Feira de Santana | Not\u00edcias, eventos, informa\u00e7\u00f5es e dicas na cidade Feira de Santana e regi\u00e3o.","og:type":"article","og:title":"Semmam recebe propostas para compra de placas para identificar lagoas de Feira | Encontra Feira de Santana","og:description":"Placas para identificar lagoas de Feira s\u00e3o parte da proposta da Semmam.","og:url":"https:\/\/www.encontrafeiradesantana.com.br\/sobre\/semmam-recebe-propostas-para-compra-de-placas-para-identificar-lagoas-de-feira\/","article:published_time":"2026-09-01T06:39:57+00:00","article:modified_time":"2026-09-01T06:39:57+00:00","twitter:card":"summary","twitter:title":"Semmam recebe propostas para compra de placas para identificar lagoas de Feira | Encontra Feira de Santana","twitter:description":"Placas para identificar lagoas de Feira s\u00e3o parte da proposta da Semmam."},"aioseo_meta_data":{"post_id":"2778","title":null,"description":null,"keywords":null,"keyphrases":null,"primary_term":null,"canonical_url":null,"og_title":null,"og_description":null,"og_object_type":"default","og_image_type":"default","og_image_url":null,"og_image_width":null,"og_image_height":null,"og_image_custom_url":null,"og_image_custom_fields":null,"og_video":null,"og_custom_url":null,"og_article_section":null,"og_article_tags":null,"twitter_use_og":false,"twitter_card":"default","twitter_image_type":"default","twitter_image_url":null,"twitter_image_custom_url":null,"twitter_image_custom_fields":null,"twitter_title":null,"twitter_description":null,"schema":{"blockGraphs":[],"customGraphs":[],"default":{"data":{"Article":[],"Course":[],"Dataset":[],"FAQPage":[],"Movie":[],"Person":[],"Product":[],"ProductReview":[],"Car":[],"Recipe":[],"Service":[],"SoftwareApplication":[],"WebPage":[]},"graphName":"Article","isEnabled":true},"graphs":[]},"schema_type":"default","schema_type_options":null,"pillar_content":false,"robots_default":true,"robots_noindex":false,"robots_noarchive":false,"robots_nosnippet":false,"robots_nofollow":false,"robots_noimageindex":false,"robots_noodp":false,"robots_notranslate":false,"robots_max_snippet":null,"robots_max_videopreview":null,"robots_max_imagepreview":"large","priority":null,"frequency":null,"local_seo":null,"breadcrumb_settings":null,"limit_modified_date":false,"ai":null,"created":"2026-09-01 06:39:57","updated":"2026-09-01 06:53:58","focus_keyword":null,"additional_keywords":null,"truseo_locale":null,"seo_analyzer_scan_date":null},"aioseo_breadcrumb":"<div class=\"aioseo-breadcrumbs\"><span class=\"aioseo-breadcrumb\">\n\t\t\t<a href=\"https:\/\/www.encontrafeiradesantana.com.br\/sobre\" title=\"In\u00edcio\">In\u00edcio<\/a>\n\t\t<\/span><span class=\"aioseo-breadcrumb-separator\">&raquo;<\/span><span class=\"aioseo-breadcrumb\">\n\t\t\t<a href=\"https:\/\/www.encontrafeiradesantana.com.br\/sobre\/cultura-em-feira-de-santana\/\" title=\"Cultura Feira de Santana\">Cultura Feira de Santana<\/a>\n\t\t<\/span><span class=\"aioseo-breadcrumb-separator\">&raquo;<\/span><span class=\"aioseo-breadcrumb\">\n\t\t\tSemmam recebe propostas para compra de placas para identificar lagoas de Feira\n\t\t<\/span><\/div>","aioseo_breadcrumb_json":[{"label":"In\u00edcio","link":"https:\/\/www.encontrafeiradesantana.com.br\/sobre"},{"label":"Cultura Feira de Santana","link":"https:\/\/www.encontrafeiradesantana.com.br\/sobre\/cultura-em-feira-de-santana\/"},{"label":"Semmam recebe propostas para compra de placas para identificar lagoas de Feira","link":"https:\/\/www.encontrafeiradesantana.com.br\/sobre\/semmam-recebe-propostas-para-compra-de-placas-para-identificar-lagoas-de-feira\/"}],"_links":{"self":[{"href":"https:\/\/www.encontrafeiradesantana.com.br\/sobre\/wp-json\/wp\/v2\/posts\/2778","targetHints":{"allow":["GET"]}}],"collection":[{"href":"https:\/\/www.encontrafeiradesantana.com.br\/sobre\/wp-json\/wp\/v2\/posts"}],"about":[{"href":"https:\/\/www.encontrafeiradesantana.com.br\/sobre\/wp-json\/wp\/v2\/types\/post"}],"author":[{"embeddable":true,"href":"https:\/\/www.encontrafeiradesantana.com.br\/sobre\/wp-json\/wp\/v2\/users\/1"}],"replies":[{"embeddable":true,"href":"https:\/\/www.encontrafeiradesantana.com.br\/sobre\/wp-json\/wp\/v2\/comments?post=2778"}],"version-history":[{"count":0,"href":"https:\/\/www.encontrafeiradesantana.com.br\/sobre\/wp-json\/wp\/v2\/posts\/2778\/revisions"}],"wp:featuredmedia":[{"embeddable":true,"href":"https:\/\/www.encontrafeiradesantana.com.br\/sobre\/wp-json\/wp\/v2\/media\/2777"}],"wp:attachment":[{"href":"https:\/\/www.encontrafeiradesantana.com.br\/sobre\/wp-json\/wp\/v2\/media?parent=2778"}],"wp:term":[{"taxonomy":"category","embeddable":true,"href":"https:\/\/www.encontrafeiradesantana.com.br\/sobre\/wp-json\/wp\/v2\/categories?post=2778"},{"taxonomy":"post_tag","embeddable":true,"href":"https:\/\/www.encontrafeiradesantana.com.br\/sobre\/wp-json\/wp\/v2\/tags?post=2778"}],"curies":[{"name":"wp","href":"https:\/\/api.w.org\/{rel}","templated":true}]}}