{"id":2772,"date":"2026-08-31T03:39:41","date_gmt":"2026-08-31T06:39:41","guid":{"rendered":"https:\/\/www.encontrafeiradesantana.com.br\/sobre\/secretaria-da-mulher-promove-seminario-sobre-politicas-publicas-no-ministerio-publico-estadual\/"},"modified":"2026-08-31T03:39:41","modified_gmt":"2026-08-31T06:39:41","slug":"secretaria-da-mulher-promove-seminario-sobre-politicas-publicas-no-ministerio-publico-estadual","status":"publish","type":"post","link":"https:\/\/www.encontrafeiradesantana.com.br\/sobre\/secretaria-da-mulher-promove-seminario-sobre-politicas-publicas-no-ministerio-publico-estadual\/","title":{"rendered":"Secretaria da Mulher promove semin\u00e1rio sobre pol\u00edticas p\u00fablicas no Minist\u00e9rio P\u00fablico Estadual"},"content":{"rendered":"<div class=\"3f468104ad11f00a3c9ac948316f4265\" data-index=\"1\" style=\"float: none; margin:0px;\">\n<ins class=\"adsbygoogle\"\r\n     style=\"display:block\"\r\n     data-ad-client=\"ca-pub-8585364105181520\"\r\n     data-ad-slot=\"8789329856\"\r\n     data-ad-format=\"auto\"\r\n     data-full-width-responsive=\"true\"><\/ins>\r\n<script>\r\n     (adsbygoogle = window.adsbygoogle || []).push({});\r\n<\/script>\r\n\n<\/div>\n<h2>Objetivos do Semin\u00e1rio sobre Pol\u00edticas P\u00fablicas<\/h2>\n<p>O semin\u00e1rio intitulado <strong>&#8220;Pol\u00edticas P\u00fablicas para Mulheres: Interfaces e Desafios&#8221;<\/strong> foi organizado pela <strong>Secretaria Municipal de Pol\u00edticas P\u00fablicas para Mulheres<\/strong> e ocorreu no audit\u00f3rio do Minist\u00e9rio P\u00fablico da Bahia em Feira de Santana. Este evento foi uma iniciativa significativa almejando envolver diversos setores e \u00f3rg\u00e3os governamentais na discuss\u00e3o de pol\u00edticas voltadas para a prote\u00e7\u00e3o e empoderamento das mulheres. O semin\u00e1rio surgiu como parte da campanha <em>Agosto Lil\u00e1s<\/em>, que visa a conscientiza\u00e7\u00e3o sobre a viol\u00eancia contra as mulheres e o fortalecimento de suas diretrizes de prote\u00e7\u00e3o.<\/p>\n<h2>Import\u00e2ncia da Rede de Prote\u00e7\u00e3o \u00e0s Mulheres<\/h2>\n<p>A rede de prote\u00e7\u00e3o \u00e0s mulheres \u00e9 um componente vital nas estrat\u00e9gias de enfrentamento \u00e0 viol\u00eancia de g\u00eanero. Durante o semin\u00e1rio, representantes de diversas entidades, como ONGs, Minist\u00e9rios e \u00f3rg\u00e3os envolvidos na defesa dos direitos das mulheres, se reuniram para discutir como cada parte pode contribuir de maneira conjunta e eficaz. A colabora\u00e7\u00e3o entre esses organismos \u00e9 essencial para criar um ambiente seguro e de apoio, onde as v\u00edtimas possam buscar ajuda e terem seus direitos respeitados.<\/p>\n<h2>Palestras Relevantes do Evento<\/h2>\n<p>O evento contou com uma s\u00e9rie de palestras que abordaram temas cr\u00edticos na atua\u00e7\u00e3o da rede de prote\u00e7\u00e3o. A presen\u00e7a de especialistas em \u00e1reas espec\u00edficas garantiu uma abordagem abrangente e informativa. As palestras foram divididas em t\u00f3picos, incluindo:<\/p>\n<ul>\n<li><strong>Legisla\u00e7\u00e3o Municipal<\/strong><\/li>\n<li><strong>Mecanismos de preven\u00e7\u00e3o<\/strong><\/li>\n<li><strong>Combate \u00e0 viol\u00eancia obst\u00e9trica<\/strong><\/li>\n<\/ul>\n<p>Estes temas mostram como \u00e9 necess\u00e1ria uma interven\u00e7\u00e3o em m\u00faltiplas frentes para garantir a efetividade das pol\u00edticas p\u00fablicas.<\/p>\n<p><img decoding=\"async\" src=\"https:\/\/www.encontrafeiradesantana.com.br\/sobre\/wp-content\/uploads\/2026\/08\/secretaria-da-mulher-promove-seminario-sobre-politicas-publicas-no-ministerio-publico-estadual.webp\" alt=\"Semin\u00e1rio sobre pol\u00edticas p\u00fablicas\" loading=\"lazy\" \/><\/p>\n<h2>A Atua\u00e7\u00e3o da Legisla\u00e7\u00e3o Municipal<\/h2>\n<p>A legisla\u00e7\u00e3o municipal desempenha um papel crucial na prote\u00e7\u00e3o das mulheres. Durante o semin\u00e1rio, a advogada Dra. Let\u00edcia de Jesus apresentou uma explana\u00e7\u00e3o detalhada sobre as leis locais que visam proteger as mulheres e punir os agressores. O conhecimento e o entendimento da legisla\u00e7\u00e3o s\u00e3o fundamentais para que profissionais das \u00e1reas legal e de sa\u00fade possam atuar adequadamente nos casos de viol\u00eancia, e cada munic\u00edpio deve adaptar suas leis para melhor atender \u00e0s necessidades de suas cidad\u00e3s. Essa palestra n\u00e3o apenas esclareceu a legisla\u00e7\u00e3o existente, mas tamb\u00e9m trouxe \u00e0 tona a import\u00e2ncia da sua atualiza\u00e7\u00e3o e fiscaliza\u00e7\u00e3o.<\/p>\n<h2>Mecanismos de Preven\u00e7\u00e3o \u00e0 Viol\u00eancia<\/h2>\n<p>Para efetivamente combater a viol\u00eancia contra as mulheres, \u00e9 necess\u00e1rio implementar mecanismos de preven\u00e7\u00e3o consistentes e eficazes. O semin\u00e1rio proporcionou uma discuss\u00e3o rica sobre como as institui\u00e7\u00f5es podem trabalhar juntas para criar campanhas educativas e servi\u00e7os de suporte que informe e previnam a viol\u00eancia. Os palestrantes enfatizaram a relev\u00e2ncia de iniciativas que visem tanto o empoderamento feminino quanto a educa\u00e7\u00e3o comunit\u00e1ria na desconstru\u00e7\u00e3o da cultura machista.<\/p>\n<h2>Desafios no Enfrentamento da Viol\u00eancia Obst\u00e9trica<\/h2>\n<p>Durante o evento, um dos pontos de destaque foi a quest\u00e3o da viol\u00eancia obst\u00e9trica. A especialista Margarete Martins abordou as dificuldades enfrentadas pelas mulheres no momento do parto e as limita\u00e7\u00f5es do sistema de sa\u00fade em abordar essas situa\u00e7\u00f5es delicadas. Essa forma de viol\u00eancia \u00e9 frequentemente invisibilizada, mas pontos discutidos, como a notifica\u00e7\u00e3o compuls\u00f3ria, s\u00e3o essenciais para enfrentar essa quest\u00e3o. A desmistifica\u00e7\u00e3o e a conscientiza\u00e7\u00e3o sobre os direitos das gestantes s\u00e3o passos fundamentais para um atendimento humanizado e respeitoso.<\/p>\n<h2>O Papel da Per\u00edcia Criminal<\/h2>\n<p>A Per\u00edcia Criminal \u00e9 outro elemento chave no enfrentamento \u00e0 viol\u00eancia contra as mulheres. A perita Jacialda Vieira destacou a import\u00e2ncia da atua\u00e7\u00e3o pericial para a coleta de provas que garantam a responsabiliza\u00e7\u00e3o dos agressores. A contribui\u00e7\u00e3o da per\u00edcia \u00e9 crucial para assegurar que os casos de viol\u00eancia sejam tratados com a seriedade necess\u00e1ria e que as v\u00edtimas tenham seus direitos garantidos. Uma coleta de provas adequada, aliada a um sistema judici\u00e1rio comprometido, pode transformar o cen\u00e1rio da impunidade enfrentado por muitas mulheres.<\/p>\n<h2>Notifica\u00e7\u00e3o Compuls\u00f3ria e Seus Impactos<\/h2>\n<p>A notifica\u00e7\u00e3o compuls\u00f3ria nos casos de viol\u00eancia contra as mulheres foi amplamente discutida. Os profissionais da sa\u00fade t\u00eam a responsabilidade legal e \u00e9tica de reportar essas situa\u00e7\u00f5es, mas a implementa\u00e7\u00e3o dessa pr\u00e1tica ainda apresenta desafios. Margarete Martins abordou as quest\u00f5es enfrentadas pelos profissionais de sa\u00fade, como o estigma e a falta de treinamento adequado, que podem dificultar o reconhecimento e a notifica\u00e7\u00e3o desses casos. Uma abordagem cooperativa entre as institui\u00e7\u00f5es de sa\u00fade e a rede de prote\u00e7\u00e3o pode criar um ambiente mais seguro e eficiente para a den\u00fancia.<\/p>\n<h2>Reflex\u00f5es sobre o Enfrentamento da Viol\u00eancia<\/h2>\n<p>Ap\u00f3s as palestras e debates, o semin\u00e1rio gerou um espa\u00e7o de reflex\u00e3o sobre o enfrentamento da viol\u00eancia contra as mulheres. Os participantes tiveram a oportunidade de compartilhar experi\u00eancias e vis\u00f5es sobre como cada um pode contribuir para a rede de prote\u00e7\u00e3o. A troca de ideias e a constru\u00e7\u00e3o conjunta de solu\u00e7\u00f5es demonstraram a import\u00e2ncia do engajamento de toda a sociedade na busca pela preven\u00e7\u00e3o e combate \u00e0 viol\u00eancia. Essa mobiliza\u00e7\u00e3o \u00e9 essencial para que as a\u00e7\u00f5es sejam efetivas e alcancem as mulheres que mais necessitam de apoio.<\/p>\n<h2>Compromissos Futuros da Secretaria da Mulher<\/h2>\n<p>A secret\u00e1ria municipal de Pol\u00edticas P\u00fablicas para Mulheres, Neinha Bastos, reafirmou o compromisso do munic\u00edpio em n\u00e3o apenas discutir, mas tamb\u00e9m em implementar a\u00e7\u00f5es concretas que fortale\u00e7am a rede de prote\u00e7\u00e3o. O semin\u00e1rio se destacou como uma oportunidade para firmar alian\u00e7as entre diferentes setores e criar um plano de a\u00e7\u00e3o que leve em considera\u00e7\u00e3o as particularidades locais. Conforme a secret\u00e1ria, \u00e9 vital que o enfrentamento \u00e0 viol\u00eancia se torne uma prioridade cont\u00ednua na agenda pol\u00edtica, engajando cada vez mais a sociedade civil e as institui\u00e7\u00f5es no processo. O trabalho conjunto entre governo, sociedade e institui\u00e7\u00f5es pode causar um impacto real e duradouro, trazendo mudan\u00e7as significativas na vida das mulheres.<\/p>\n\n<div style=\"font-size: 0px; height: 0px; line-height: 0px; margin: 0; padding: 0; clear: both;\"><\/div>","protected":false},"excerpt":{"rendered":"<p>Semin\u00e1rio sobre Pol\u00edticas P\u00fablicas no Minist\u00e9rio P\u00fablico Estadual traz important\u00edssimos avan\u00e7os.<\/p>\n","protected":false},"author":1,"featured_media":2771,"comment_status":"open","ping_status":"closed","sticky":false,"template":"","format":"standard","meta":{"footnotes":""},"categories":[26],"tags":[],"class_list":["post-2772","post","type-post","status-publish","format-standard","has-post-thumbnail","hentry","category-cultura-em-feira-de-santana","has_thumb"],"aioseo_notices":[],"aioseo_head":"\n\t\t<!-- All in One SEO 5.0.0.1 - aioseo.com -->\n\t<meta name=\"description\" content=\"Semin\u00e1rio sobre Pol\u00edticas P\u00fablicas no Minist\u00e9rio P\u00fablico Estadual traz important\u00edssimos avan\u00e7os.\" \/>\n\t<meta name=\"robots\" content=\"max-image-preview:large\" \/>\n\t<meta name=\"author\" content=\"Encontra Feira de Santana\"\/>\n\t<link rel=\"canonical\" href=\"https:\/\/www.encontrafeiradesantana.com.br\/sobre\/secretaria-da-mulher-promove-seminario-sobre-politicas-publicas-no-ministerio-publico-estadual\/\" \/>\n\t<meta name=\"generator\" content=\"All in One SEO (AIOSEO) 5.0.0.1\" \/>\n\t\t<meta property=\"og:locale\" content=\"pt_BR\" \/>\n\t\t<meta property=\"og:site_name\" content=\"Encontra Feira de Santana | Not\u00edcias, eventos, informa\u00e7\u00f5es e dicas na cidade Feira de Santana e regi\u00e3o.\" \/>\n\t\t<meta property=\"og:type\" content=\"article\" \/>\n\t\t<meta property=\"og:title\" content=\"Secretaria da Mulher promove semin\u00e1rio sobre pol\u00edticas p\u00fablicas no Minist\u00e9rio P\u00fablico Estadual | Encontra Feira de Santana\" \/>\n\t\t<meta property=\"og:description\" content=\"Semin\u00e1rio sobre Pol\u00edticas P\u00fablicas no Minist\u00e9rio P\u00fablico Estadual traz important\u00edssimos avan\u00e7os.\" \/>\n\t\t<meta property=\"og:url\" content=\"https:\/\/www.encontrafeiradesantana.com.br\/sobre\/secretaria-da-mulher-promove-seminario-sobre-politicas-publicas-no-ministerio-publico-estadual\/\" \/>\n\t\t<meta property=\"article:published_time\" content=\"2026-08-31T06:39:41+00:00\" \/>\n\t\t<meta property=\"article:modified_time\" content=\"2026-08-31T06:39:41+00:00\" \/>\n\t\t<meta name=\"twitter:card\" content=\"summary\" \/>\n\t\t<meta name=\"twitter:title\" content=\"Secretaria da Mulher promove semin\u00e1rio sobre pol\u00edticas p\u00fablicas no Minist\u00e9rio P\u00fablico Estadual | Encontra Feira de Santana\" \/>\n\t\t<meta name=\"twitter:description\" content=\"Semin\u00e1rio sobre Pol\u00edticas P\u00fablicas no Minist\u00e9rio P\u00fablico Estadual traz important\u00edssimos avan\u00e7os.\" \/>\n\t\t<script type=\"application\/ld+json\" class=\"aioseo-schema\">\n\t\t\t{\"@context\":\"https:\\\/\\\/schema.org\",\"@graph\":[{\"@type\":\"Article\",\"@id\":\"https:\\\/\\\/www.encontrafeiradesantana.com.br\\\/sobre\\\/secretaria-da-mulher-promove-seminario-sobre-politicas-publicas-no-ministerio-publico-estadual\\\/#article\",\"name\":\"Secretaria da Mulher promove semin\\u00e1rio sobre pol\\u00edticas p\\u00fablicas no Minist\\u00e9rio P\\u00fablico Estadual | Encontra Feira de Santana\",\"headline\":\"Secretaria da Mulher promove semin\\u00e1rio sobre pol\\u00edticas p\\u00fablicas no Minist\\u00e9rio P\\u00fablico Estadual\",\"author\":{\"@id\":\"https:\\\/\\\/www.encontrafeiradesantana.com.br\\\/sobre\\\/author\\\/efeiradesantana\\\/#author\"},\"publisher\":{\"@id\":\"https:\\\/\\\/www.encontrafeiradesantana.com.br\\\/sobre\\\/#organization\"},\"image\":{\"@type\":\"ImageObject\",\"url\":\"https:\\\/\\\/www.encontrafeiradesantana.com.br\\\/sobre\\\/wp-content\\\/uploads\\\/2026\\\/08\\\/secretaria-da-mulher-promove-seminario-sobre-politicas-publicas-no-ministerio-publico-estadual.webp\",\"width\":280,\"height\":280,\"caption\":\"Semin\\u00e1rio sobre pol\\u00edticas p\\u00fablicas\"},\"datePublished\":\"2026-08-31T03:39:41-03:00\",\"dateModified\":\"2026-08-31T03:39:41-03:00\",\"inLanguage\":\"pt-BR\",\"mainEntityOfPage\":{\"@id\":\"https:\\\/\\\/www.encontrafeiradesantana.com.br\\\/sobre\\\/secretaria-da-mulher-promove-seminario-sobre-politicas-publicas-no-ministerio-publico-estadual\\\/#webpage\"},\"isPartOf\":{\"@id\":\"https:\\\/\\\/www.encontrafeiradesantana.com.br\\\/sobre\\\/secretaria-da-mulher-promove-seminario-sobre-politicas-publicas-no-ministerio-publico-estadual\\\/#webpage\"},\"articleSection\":\"Cultura Feira de Santana\"},{\"@type\":\"BreadcrumbList\",\"@id\":\"https:\\\/\\\/www.encontrafeiradesantana.com.br\\\/sobre\\\/secretaria-da-mulher-promove-seminario-sobre-politicas-publicas-no-ministerio-publico-estadual\\\/#breadcrumblist\",\"itemListElement\":[{\"@type\":\"ListItem\",\"@id\":\"https:\\\/\\\/www.encontrafeiradesantana.com.br\\\/sobre#listItem\",\"position\":1,\"name\":\"In\\u00edcio\",\"item\":\"https:\\\/\\\/www.encontrafeiradesantana.com.br\\\/sobre\",\"nextItem\":{\"@type\":\"ListItem\",\"@id\":\"https:\\\/\\\/www.encontrafeiradesantana.com.br\\\/sobre\\\/cultura-em-feira-de-santana\\\/#listItem\",\"name\":\"Cultura Feira de Santana\"}},{\"@type\":\"ListItem\",\"@id\":\"https:\\\/\\\/www.encontrafeiradesantana.com.br\\\/sobre\\\/cultura-em-feira-de-santana\\\/#listItem\",\"position\":2,\"name\":\"Cultura Feira de Santana\",\"item\":\"https:\\\/\\\/www.encontrafeiradesantana.com.br\\\/sobre\\\/cultura-em-feira-de-santana\\\/\",\"nextItem\":{\"@type\":\"ListItem\",\"@id\":\"https:\\\/\\\/www.encontrafeiradesantana.com.br\\\/sobre\\\/secretaria-da-mulher-promove-seminario-sobre-politicas-publicas-no-ministerio-publico-estadual\\\/#listItem\",\"name\":\"Secretaria da Mulher promove semin\\u00e1rio sobre pol\\u00edticas p\\u00fablicas no Minist\\u00e9rio P\\u00fablico Estadual\"},\"previousItem\":{\"@type\":\"ListItem\",\"@id\":\"https:\\\/\\\/www.encontrafeiradesantana.com.br\\\/sobre#listItem\",\"name\":\"In\\u00edcio\"}},{\"@type\":\"ListItem\",\"@id\":\"https:\\\/\\\/www.encontrafeiradesantana.com.br\\\/sobre\\\/secretaria-da-mulher-promove-seminario-sobre-politicas-publicas-no-ministerio-publico-estadual\\\/#listItem\",\"position\":3,\"name\":\"Secretaria da Mulher promove semin\\u00e1rio sobre pol\\u00edticas p\\u00fablicas no Minist\\u00e9rio P\\u00fablico Estadual\",\"previousItem\":{\"@type\":\"ListItem\",\"@id\":\"https:\\\/\\\/www.encontrafeiradesantana.com.br\\\/sobre\\\/cultura-em-feira-de-santana\\\/#listItem\",\"name\":\"Cultura Feira de Santana\"}}]},{\"@type\":\"Organization\",\"@id\":\"https:\\\/\\\/www.encontrafeiradesantana.com.br\\\/sobre\\\/#organization\",\"name\":\"Encontra Feira de Santana\",\"description\":\"Not\\u00edcias, eventos, informa\\u00e7\\u00f5es e dicas na cidade Feira de Santana e regi\\u00e3o.\",\"url\":\"https:\\\/\\\/www.encontrafeiradesantana.com.br\\\/sobre\\\/\"},{\"@type\":\"Person\",\"@id\":\"https:\\\/\\\/www.encontrafeiradesantana.com.br\\\/sobre\\\/author\\\/efeiradesantana\\\/#author\",\"url\":\"https:\\\/\\\/www.encontrafeiradesantana.com.br\\\/sobre\\\/author\\\/efeiradesantana\\\/\",\"name\":\"Encontra Feira de Santana\",\"image\":{\"@type\":\"ImageObject\",\"@id\":\"https:\\\/\\\/www.encontrafeiradesantana.com.br\\\/sobre\\\/secretaria-da-mulher-promove-seminario-sobre-politicas-publicas-no-ministerio-publico-estadual\\\/#authorImage\",\"url\":\"https:\\\/\\\/secure.gravatar.com\\\/avatar\\\/507340682b8270222e1f208e23198b6ae7e2c6a1033ae84e99bc6bce4f82a387?s=96&d=mm&r=g\",\"width\":96,\"height\":96,\"caption\":\"Encontra Feira de Santana\"}},{\"@type\":\"WebPage\",\"@id\":\"https:\\\/\\\/www.encontrafeiradesantana.com.br\\\/sobre\\\/secretaria-da-mulher-promove-seminario-sobre-politicas-publicas-no-ministerio-publico-estadual\\\/#webpage\",\"url\":\"https:\\\/\\\/www.encontrafeiradesantana.com.br\\\/sobre\\\/secretaria-da-mulher-promove-seminario-sobre-politicas-publicas-no-ministerio-publico-estadual\\\/\",\"name\":\"Secretaria da Mulher promove semin\\u00e1rio sobre pol\\u00edticas p\\u00fablicas no Minist\\u00e9rio P\\u00fablico Estadual | Encontra Feira de Santana\",\"description\":\"Semin\\u00e1rio sobre Pol\\u00edticas P\\u00fablicas no Minist\\u00e9rio P\\u00fablico Estadual traz important\\u00edssimos avan\\u00e7os.\",\"inLanguage\":\"pt-BR\",\"isPartOf\":{\"@id\":\"https:\\\/\\\/www.encontrafeiradesantana.com.br\\\/sobre\\\/#website\"},\"breadcrumb\":{\"@id\":\"https:\\\/\\\/www.encontrafeiradesantana.com.br\\\/sobre\\\/secretaria-da-mulher-promove-seminario-sobre-politicas-publicas-no-ministerio-publico-estadual\\\/#breadcrumblist\"},\"author\":{\"@id\":\"https:\\\/\\\/www.encontrafeiradesantana.com.br\\\/sobre\\\/author\\\/efeiradesantana\\\/#author\"},\"creator\":{\"@id\":\"https:\\\/\\\/www.encontrafeiradesantana.com.br\\\/sobre\\\/author\\\/efeiradesantana\\\/#author\"},\"image\":{\"@type\":\"ImageObject\",\"url\":\"https:\\\/\\\/www.encontrafeiradesantana.com.br\\\/sobre\\\/wp-content\\\/uploads\\\/2026\\\/08\\\/secretaria-da-mulher-promove-seminario-sobre-politicas-publicas-no-ministerio-publico-estadual.webp\",\"@id\":\"https:\\\/\\\/www.encontrafeiradesantana.com.br\\\/sobre\\\/secretaria-da-mulher-promove-seminario-sobre-politicas-publicas-no-ministerio-publico-estadual\\\/#mainImage\",\"width\":280,\"height\":280,\"caption\":\"Semin\\u00e1rio sobre pol\\u00edticas p\\u00fablicas\"},\"primaryImageOfPage\":{\"@id\":\"https:\\\/\\\/www.encontrafeiradesantana.com.br\\\/sobre\\\/secretaria-da-mulher-promove-seminario-sobre-politicas-publicas-no-ministerio-publico-estadual\\\/#mainImage\"},\"datePublished\":\"2026-08-31T03:39:41-03:00\",\"dateModified\":\"2026-08-31T03:39:41-03:00\"},{\"@type\":\"WebSite\",\"@id\":\"https:\\\/\\\/www.encontrafeiradesantana.com.br\\\/sobre\\\/#website\",\"url\":\"https:\\\/\\\/www.encontrafeiradesantana.com.br\\\/sobre\\\/\",\"name\":\"Encontra Feira de Santana\",\"description\":\"Not\\u00edcias, eventos, informa\\u00e7\\u00f5es e dicas na cidade Feira de Santana e regi\\u00e3o.\",\"inLanguage\":\"pt-BR\",\"publisher\":{\"@id\":\"https:\\\/\\\/www.encontrafeiradesantana.com.br\\\/sobre\\\/#organization\"}}]}\n\t\t<\/script>\n\t\t<!-- All in One SEO -->\n\n","aioseo_head_json":{"title":"Secretaria da Mulher promove semin\u00e1rio sobre pol\u00edticas p\u00fablicas no Minist\u00e9rio P\u00fablico Estadual | Encontra Feira de Santana","description":"Semin\u00e1rio sobre Pol\u00edticas P\u00fablicas no Minist\u00e9rio P\u00fablico Estadual traz important\u00edssimos avan\u00e7os.","canonical_url":"https:\/\/www.encontrafeiradesantana.com.br\/sobre\/secretaria-da-mulher-promove-seminario-sobre-politicas-publicas-no-ministerio-publico-estadual\/","robots":"max-image-preview:large","keywords":"","webmasterTools":{"miscellaneous":""},"schema":{"@context":"https:\/\/schema.org","@graph":[{"@type":"Article","@id":"https:\/\/www.encontrafeiradesantana.com.br\/sobre\/secretaria-da-mulher-promove-seminario-sobre-politicas-publicas-no-ministerio-publico-estadual\/#article","name":"Secretaria da Mulher promove semin\u00e1rio sobre pol\u00edticas p\u00fablicas no Minist\u00e9rio P\u00fablico Estadual | Encontra Feira de Santana","headline":"Secretaria da Mulher promove semin\u00e1rio sobre pol\u00edticas p\u00fablicas no Minist\u00e9rio P\u00fablico Estadual","author":{"@id":"https:\/\/www.encontrafeiradesantana.com.br\/sobre\/author\/efeiradesantana\/#author"},"publisher":{"@id":"https:\/\/www.encontrafeiradesantana.com.br\/sobre\/#organization"},"image":{"@type":"ImageObject","url":"https:\/\/www.encontrafeiradesantana.com.br\/sobre\/wp-content\/uploads\/2026\/08\/secretaria-da-mulher-promove-seminario-sobre-politicas-publicas-no-ministerio-publico-estadual.webp","width":280,"height":280,"caption":"Semin\u00e1rio sobre pol\u00edticas p\u00fablicas"},"datePublished":"2026-08-31T03:39:41-03:00","dateModified":"2026-08-31T03:39:41-03:00","inLanguage":"pt-BR","mainEntityOfPage":{"@id":"https:\/\/www.encontrafeiradesantana.com.br\/sobre\/secretaria-da-mulher-promove-seminario-sobre-politicas-publicas-no-ministerio-publico-estadual\/#webpage"},"isPartOf":{"@id":"https:\/\/www.encontrafeiradesantana.com.br\/sobre\/secretaria-da-mulher-promove-seminario-sobre-politicas-publicas-no-ministerio-publico-estadual\/#webpage"},"articleSection":"Cultura Feira de Santana"},{"@type":"BreadcrumbList","@id":"https:\/\/www.encontrafeiradesantana.com.br\/sobre\/secretaria-da-mulher-promove-seminario-sobre-politicas-publicas-no-ministerio-publico-estadual\/#breadcrumblist","itemListElement":[{"@type":"ListItem","@id":"https:\/\/www.encontrafeiradesantana.com.br\/sobre#listItem","position":1,"name":"In\u00edcio","item":"https:\/\/www.encontrafeiradesantana.com.br\/sobre","nextItem":{"@type":"ListItem","@id":"https:\/\/www.encontrafeiradesantana.com.br\/sobre\/cultura-em-feira-de-santana\/#listItem","name":"Cultura Feira de Santana"}},{"@type":"ListItem","@id":"https:\/\/www.encontrafeiradesantana.com.br\/sobre\/cultura-em-feira-de-santana\/#listItem","position":2,"name":"Cultura Feira de Santana","item":"https:\/\/www.encontrafeiradesantana.com.br\/sobre\/cultura-em-feira-de-santana\/","nextItem":{"@type":"ListItem","@id":"https:\/\/www.encontrafeiradesantana.com.br\/sobre\/secretaria-da-mulher-promove-seminario-sobre-politicas-publicas-no-ministerio-publico-estadual\/#listItem","name":"Secretaria da Mulher promove semin\u00e1rio sobre pol\u00edticas p\u00fablicas no Minist\u00e9rio P\u00fablico Estadual"},"previousItem":{"@type":"ListItem","@id":"https:\/\/www.encontrafeiradesantana.com.br\/sobre#listItem","name":"In\u00edcio"}},{"@type":"ListItem","@id":"https:\/\/www.encontrafeiradesantana.com.br\/sobre\/secretaria-da-mulher-promove-seminario-sobre-politicas-publicas-no-ministerio-publico-estadual\/#listItem","position":3,"name":"Secretaria da Mulher promove semin\u00e1rio sobre pol\u00edticas p\u00fablicas no Minist\u00e9rio P\u00fablico Estadual","previousItem":{"@type":"ListItem","@id":"https:\/\/www.encontrafeiradesantana.com.br\/sobre\/cultura-em-feira-de-santana\/#listItem","name":"Cultura Feira de Santana"}}]},{"@type":"Organization","@id":"https:\/\/www.encontrafeiradesantana.com.br\/sobre\/#organization","name":"Encontra Feira de Santana","description":"Not\u00edcias, eventos, informa\u00e7\u00f5es e dicas na cidade Feira de Santana e regi\u00e3o.","url":"https:\/\/www.encontrafeiradesantana.com.br\/sobre\/"},{"@type":"Person","@id":"https:\/\/www.encontrafeiradesantana.com.br\/sobre\/author\/efeiradesantana\/#author","url":"https:\/\/www.encontrafeiradesantana.com.br\/sobre\/author\/efeiradesantana\/","name":"Encontra Feira de Santana","image":{"@type":"ImageObject","@id":"https:\/\/www.encontrafeiradesantana.com.br\/sobre\/secretaria-da-mulher-promove-seminario-sobre-politicas-publicas-no-ministerio-publico-estadual\/#authorImage","url":"https:\/\/secure.gravatar.com\/avatar\/507340682b8270222e1f208e23198b6ae7e2c6a1033ae84e99bc6bce4f82a387?s=96&d=mm&r=g","width":96,"height":96,"caption":"Encontra Feira de Santana"}},{"@type":"WebPage","@id":"https:\/\/www.encontrafeiradesantana.com.br\/sobre\/secretaria-da-mulher-promove-seminario-sobre-politicas-publicas-no-ministerio-publico-estadual\/#webpage","url":"https:\/\/www.encontrafeiradesantana.com.br\/sobre\/secretaria-da-mulher-promove-seminario-sobre-politicas-publicas-no-ministerio-publico-estadual\/","name":"Secretaria da Mulher promove semin\u00e1rio sobre pol\u00edticas p\u00fablicas no Minist\u00e9rio P\u00fablico Estadual | Encontra Feira de Santana","description":"Semin\u00e1rio sobre Pol\u00edticas P\u00fablicas no Minist\u00e9rio P\u00fablico Estadual traz important\u00edssimos avan\u00e7os.","inLanguage":"pt-BR","isPartOf":{"@id":"https:\/\/www.encontrafeiradesantana.com.br\/sobre\/#website"},"breadcrumb":{"@id":"https:\/\/www.encontrafeiradesantana.com.br\/sobre\/secretaria-da-mulher-promove-seminario-sobre-politicas-publicas-no-ministerio-publico-estadual\/#breadcrumblist"},"author":{"@id":"https:\/\/www.encontrafeiradesantana.com.br\/sobre\/author\/efeiradesantana\/#author"},"creator":{"@id":"https:\/\/www.encontrafeiradesantana.com.br\/sobre\/author\/efeiradesantana\/#author"},"image":{"@type":"ImageObject","url":"https:\/\/www.encontrafeiradesantana.com.br\/sobre\/wp-content\/uploads\/2026\/08\/secretaria-da-mulher-promove-seminario-sobre-politicas-publicas-no-ministerio-publico-estadual.webp","@id":"https:\/\/www.encontrafeiradesantana.com.br\/sobre\/secretaria-da-mulher-promove-seminario-sobre-politicas-publicas-no-ministerio-publico-estadual\/#mainImage","width":280,"height":280,"caption":"Semin\u00e1rio sobre pol\u00edticas p\u00fablicas"},"primaryImageOfPage":{"@id":"https:\/\/www.encontrafeiradesantana.com.br\/sobre\/secretaria-da-mulher-promove-seminario-sobre-politicas-publicas-no-ministerio-publico-estadual\/#mainImage"},"datePublished":"2026-08-31T03:39:41-03:00","dateModified":"2026-08-31T03:39:41-03:00"},{"@type":"WebSite","@id":"https:\/\/www.encontrafeiradesantana.com.br\/sobre\/#website","url":"https:\/\/www.encontrafeiradesantana.com.br\/sobre\/","name":"Encontra Feira de Santana","description":"Not\u00edcias, eventos, informa\u00e7\u00f5es e dicas na cidade Feira de Santana e regi\u00e3o.","inLanguage":"pt-BR","publisher":{"@id":"https:\/\/www.encontrafeiradesantana.com.br\/sobre\/#organization"}}]},"og:locale":"pt_BR","og:site_name":"Encontra Feira de Santana | Not\u00edcias, eventos, informa\u00e7\u00f5es e dicas na cidade Feira de Santana e regi\u00e3o.","og:type":"article","og:title":"Secretaria da Mulher promove semin\u00e1rio sobre pol\u00edticas p\u00fablicas no Minist\u00e9rio P\u00fablico Estadual | Encontra Feira de Santana","og:description":"Semin\u00e1rio sobre Pol\u00edticas P\u00fablicas no Minist\u00e9rio P\u00fablico Estadual traz important\u00edssimos avan\u00e7os.","og:url":"https:\/\/www.encontrafeiradesantana.com.br\/sobre\/secretaria-da-mulher-promove-seminario-sobre-politicas-publicas-no-ministerio-publico-estadual\/","article:published_time":"2026-08-31T06:39:41+00:00","article:modified_time":"2026-08-31T06:39:41+00:00","twitter:card":"summary","twitter:title":"Secretaria da Mulher promove semin\u00e1rio sobre pol\u00edticas p\u00fablicas no Minist\u00e9rio P\u00fablico Estadual | Encontra Feira de Santana","twitter:description":"Semin\u00e1rio sobre Pol\u00edticas P\u00fablicas no Minist\u00e9rio P\u00fablico Estadual traz important\u00edssimos avan\u00e7os."},"aioseo_meta_data":{"post_id":"2772","title":null,"description":null,"keywords":null,"keyphrases":null,"primary_term":null,"canonical_url":null,"og_title":null,"og_description":null,"og_object_type":"default","og_image_type":"default","og_image_url":null,"og_image_width":null,"og_image_height":null,"og_image_custom_url":null,"og_image_custom_fields":null,"og_video":null,"og_custom_url":null,"og_article_section":null,"og_article_tags":null,"twitter_use_og":false,"twitter_card":"default","twitter_image_type":"default","twitter_image_url":null,"twitter_image_custom_url":null,"twitter_image_custom_fields":null,"twitter_title":null,"twitter_description":null,"schema":{"blockGraphs":[],"customGraphs":[],"default":{"data":{"Article":[],"Course":[],"Dataset":[],"FAQPage":[],"Movie":[],"Person":[],"Product":[],"ProductReview":[],"Car":[],"Recipe":[],"Service":[],"SoftwareApplication":[],"WebPage":[]},"graphName":"Article","isEnabled":true},"graphs":[]},"schema_type":"default","schema_type_options":null,"pillar_content":false,"robots_default":true,"robots_noindex":false,"robots_noarchive":false,"robots_nosnippet":false,"robots_nofollow":false,"robots_noimageindex":false,"robots_noodp":false,"robots_notranslate":false,"robots_max_snippet":null,"robots_max_videopreview":null,"robots_max_imagepreview":"large","priority":null,"frequency":null,"local_seo":null,"breadcrumb_settings":null,"limit_modified_date":false,"ai":null,"created":"2026-08-31 06:39:41","updated":"2026-08-31 06:42:15","focus_keyword":null,"additional_keywords":null,"truseo_locale":null,"seo_analyzer_scan_date":null},"aioseo_breadcrumb":"<div class=\"aioseo-breadcrumbs\"><span class=\"aioseo-breadcrumb\">\n\t\t\t<a href=\"https:\/\/www.encontrafeiradesantana.com.br\/sobre\" title=\"In\u00edcio\">In\u00edcio<\/a>\n\t\t<\/span><span class=\"aioseo-breadcrumb-separator\">&raquo;<\/span><span class=\"aioseo-breadcrumb\">\n\t\t\t<a href=\"https:\/\/www.encontrafeiradesantana.com.br\/sobre\/cultura-em-feira-de-santana\/\" title=\"Cultura Feira de Santana\">Cultura Feira de Santana<\/a>\n\t\t<\/span><span class=\"aioseo-breadcrumb-separator\">&raquo;<\/span><span class=\"aioseo-breadcrumb\">\n\t\t\tSecretaria da Mulher promove semin\u00e1rio sobre pol\u00edticas p\u00fablicas no Minist\u00e9rio P\u00fablico Estadual\n\t\t<\/span><\/div>","aioseo_breadcrumb_json":[{"label":"In\u00edcio","link":"https:\/\/www.encontrafeiradesantana.com.br\/sobre"},{"label":"Cultura Feira de Santana","link":"https:\/\/www.encontrafeiradesantana.com.br\/sobre\/cultura-em-feira-de-santana\/"},{"label":"Secretaria da Mulher promove semin\u00e1rio sobre pol\u00edticas p\u00fablicas no Minist\u00e9rio P\u00fablico Estadual","link":"https:\/\/www.encontrafeiradesantana.com.br\/sobre\/secretaria-da-mulher-promove-seminario-sobre-politicas-publicas-no-ministerio-publico-estadual\/"}],"_links":{"self":[{"href":"https:\/\/www.encontrafeiradesantana.com.br\/sobre\/wp-json\/wp\/v2\/posts\/2772","targetHints":{"allow":["GET"]}}],"collection":[{"href":"https:\/\/www.encontrafeiradesantana.com.br\/sobre\/wp-json\/wp\/v2\/posts"}],"about":[{"href":"https:\/\/www.encontrafeiradesantana.com.br\/sobre\/wp-json\/wp\/v2\/types\/post"}],"author":[{"embeddable":true,"href":"https:\/\/www.encontrafeiradesantana.com.br\/sobre\/wp-json\/wp\/v2\/users\/1"}],"replies":[{"embeddable":true,"href":"https:\/\/www.encontrafeiradesantana.com.br\/sobre\/wp-json\/wp\/v2\/comments?post=2772"}],"version-history":[{"count":0,"href":"https:\/\/www.encontrafeiradesantana.com.br\/sobre\/wp-json\/wp\/v2\/posts\/2772\/revisions"}],"wp:featuredmedia":[{"embeddable":true,"href":"https:\/\/www.encontrafeiradesantana.com.br\/sobre\/wp-json\/wp\/v2\/media\/2771"}],"wp:attachment":[{"href":"https:\/\/www.encontrafeiradesantana.com.br\/sobre\/wp-json\/wp\/v2\/media?parent=2772"}],"wp:term":[{"taxonomy":"category","embeddable":true,"href":"https:\/\/www.encontrafeiradesantana.com.br\/sobre\/wp-json\/wp\/v2\/categories?post=2772"},{"taxonomy":"post_tag","embeddable":true,"href":"https:\/\/www.encontrafeiradesantana.com.br\/sobre\/wp-json\/wp\/v2\/tags?post=2772"}],"curies":[{"name":"wp","href":"https:\/\/api.w.org\/{rel}","templated":true}]}}