{"id":2770,"date":"2026-08-31T03:38:47","date_gmt":"2026-08-31T06:38:47","guid":{"rendered":"https:\/\/www.encontrafeiradesantana.com.br\/sobre\/praca-bernardino-bahia-recebe-abertura-da-caravana-verger-e-celebra-tradicao-da-fotografia-em-feira\/"},"modified":"2026-08-31T03:38:47","modified_gmt":"2026-08-31T06:38:47","slug":"praca-bernardino-bahia-recebe-abertura-da-caravana-verger-e-celebra-tradicao-da-fotografia-em-feira","status":"publish","type":"post","link":"https:\/\/www.encontrafeiradesantana.com.br\/sobre\/praca-bernardino-bahia-recebe-abertura-da-caravana-verger-e-celebra-tradicao-da-fotografia-em-feira\/","title":{"rendered":"Pra\u00e7a Bernardino Bahia recebe abertura da Caravana Verger e celebra tradi\u00e7\u00e3o da fotografia em Feira"},"content":{"rendered":"<div class=\"3f468104ad11f00a3c9ac948316f4265\" data-index=\"1\" style=\"float: none; margin:0px;\">\n<ins class=\"adsbygoogle\"\r\n     style=\"display:block\"\r\n     data-ad-client=\"ca-pub-8585364105181520\"\r\n     data-ad-slot=\"8789329856\"\r\n     data-ad-format=\"auto\"\r\n     data-full-width-responsive=\"true\"><\/ins>\r\n<script>\r\n     (adsbygoogle = window.adsbygoogle || []).push({});\r\n<\/script>\r\n\n<\/div>\n<h2>Hist\u00f3ria da Pra\u00e7a Bernardino Bahia<\/h2>\n<p>A Pra\u00e7a Bernardino Bahia, conhecida por muitos como Pra\u00e7a do Lambe-Lambe, \u00e9 um importante marco cultural em Feira de Santana. Esta pra\u00e7a tem um papel central na hist\u00f3ria da cidade, n\u00e3o apenas por sua localiza\u00e7\u00e3o geogr\u00e1fica, mas tamb\u00e9m por suas conex\u00f5es com a tradi\u00e7\u00e3o fotogr\u00e1fica. Ao longo das d\u00e9cadas, a pra\u00e7a serviu como um ponto de encontro para fot\u00f3grafos que utilizavam o estilo Lambe-Lambe, um m\u00e9todo cl\u00e1ssico de fotografia que remete a uma \u00e9poca em que os retratos eram mais do que simples imagens: eram mem\u00f3rias criadas na hora e transformadas em arte.<\/p>\n<p>Aftnal de contas, o local \u00e9 refer\u00eancia n\u00e3o apenas para a popula\u00e7\u00e3o feirense, mas tamb\u00e9m para visitantes que buscam entender a rica tradi\u00e7\u00e3o cultural da cidade. Hist\u00f3rias de gera\u00e7\u00f5es podem ser ouvidas nas conversas animadas que ocorrem ao redor da pra\u00e7a, ilustrando como um espa\u00e7o f\u00edsico pode carregar um peso t\u00e3o significativo na vida social de uma comunidade.<\/p>\n<h2>O que \u00e9 a Caravana Verger?<\/h2>\n<p>A Caravana Verger \u00e9 uma exposi\u00e7\u00e3o itinerante que destaca os trabalhos do renomado fot\u00f3grafo e etn\u00f3logo Pierre Verger. Essa caravana tem como objetivo levar a arte da fotografia a espa\u00e7os p\u00fablicos, democratizando o acesso \u00e0 cultura e fazendo com que mais pessoas possam apreciar obras importantes. Atrav\u00e9s de imagens que capturam a vida, a natureza e as tradi\u00e7\u00f5es brasileiras, a exposi\u00e7\u00e3o fornece uma nova perspectiva sobre a fotografia e estimula reflex\u00f5es sobre a identidade cultural.<\/p>\n<p><img decoding=\"async\" src=\"https:\/\/www.encontrafeiradesantana.com.br\/sobre\/wp-content\/uploads\/2026\/08\/praca-bernardino-bahia-recebe-abertura-da-caravana-verger-e-celebra-tradicao-da-fotografia-em-feira.webp\" alt=\"Pra\u00e7a Bernardino Bahia\" loading=\"lazy\" \/><\/p>\n<p>A iniciativa, que tem o apoio da Prefeitura de Feira de Santana por meio da Secretaria de Cultura, Esporte e Lazer (SECEL), contribui para a valoriza\u00e7\u00e3o da cultura local e do patrim\u00f4nio art\u00edstico, promovendo intera\u00e7\u00f5es entre a arte e o cotidiano, especialmente em um espa\u00e7o como a Pra\u00e7a Bernardino Bahia.<\/p>\n<h2>Abertura da Exposi\u00e7\u00e3o: Um Evento Inesquec\u00edvel<\/h2>\n<p>No dia 27 de agosto de 2026, a Pra\u00e7a Bernardino Bahia se encheu de vida com a abertura da Caravana Verger. O evento n\u00e3o apenas inaugurou a exposi\u00e7\u00e3o, mas tamb\u00e9m fez uma celebra\u00e7\u00e3o da conex\u00e3o entre arte e comunidade. Diversas obras foram dispostas pela pra\u00e7a, permitindo que todos os presentes pudessem apreciar as fotografias ao ar livre, em um formato que combina com a vitalidade do centro da cidade.<\/p>\n<p>A atmosfera vibrante do evento foi ainda mais enriquecida pela apresenta\u00e7\u00e3o do m\u00fasico Z\u00e9 das Congas, que trouxe ritmos e sons que ecoavam a cultura local, integrando a m\u00fasica \u00e0 experi\u00eancia visual oferecida pela exposi\u00e7\u00e3o. Essa fus\u00e3o entre diferentes formas de arte real\u00e7ou ainda mais o significado do dia, criando um espa\u00e7o de celebra\u00e7\u00e3o coletiva da cultura e da mem\u00f3ria fotogr\u00e1fica.<\/p>\n<h2>A Import\u00e2ncia da Fotografia na Cultura Local<\/h2>\n<p>A fotografia desempenha um papel crucial em documentar e preservar as mem\u00f3rias de uma sociedade. Em Feira de Santana, essa forma de arte \u00e9 especialmente significativa, pois captura n\u00e3o apenas o visual, mas tamb\u00e9m o esp\u00edrito da comunidade. A Pra\u00e7a do Lambe-Lambe, por exemplo, \u00e9 um testemunho hist\u00f3rico da evolu\u00e7\u00e3o da fotografia na cidade. Os fot\u00f3grafos que trabalham no estilo Lambe-Lambe t\u00eam sido essenciais para dar vida \u00e0s recorda\u00e7\u00f5es de toda uma gera\u00e7\u00e3o, produzindo retratos que s\u00e3o incorporados \u00e0 identidade cultural local.<\/p>\n<p>A import\u00e2ncia da fotografia vai al\u00e9m do mero registro visual; ela se torna um meio de express\u00e3o cultural, permitindo que a hist\u00f3ria e as tradi\u00e7\u00f5es de um povo sejam contadas de maneira visual. A Caravana Verger, ao abordar essa tem\u00e1tica, refor\u00e7a a relev\u00e2ncia da fotografia na constru\u00e7\u00e3o da mem\u00f3ria coletiva e na valoriza\u00e7\u00e3o das identidades locais.<\/p>\n<h2>O Papel da Prefeitura na Iniciativa<\/h2>\n<p>A Secretaria de Cultura, Esporte e Lazer de Feira de Santana, sob a lideran\u00e7a do secret\u00e1rio Cristiano L\u00f4bo, teve um papel fundamental na realiza\u00e7\u00e3o da Caravana Verger. A prefeitura n\u00e3o apenas apoiou logisticamente o evento, mas tamb\u00e9m reconheceu a sua import\u00e2ncia para a valoriza\u00e7\u00e3o da arte e cultura na cidade. L\u00f4bo enfatizou que a ocupa\u00e7\u00e3o de espa\u00e7os p\u00fablicos por manifesta\u00e7\u00f5es art\u00edsticas, como a Caravana Verger, \u00e9 uma maneira de aproximar a cultura das pessoas, tornando-a acess\u00edvel a todos.<\/p>\n<p>Al\u00e9m disso, a gest\u00e3o municipal tem se empenhado em promover eventos que fortifiquem as tradi\u00e7\u00f5es culturais da cidade, criando um ambiente prop\u00edcio para o desenvolvimento art\u00edstico e a celebra\u00e7\u00e3o da mem\u00f3ria coletiva. A iniciativa representa um compromisso em integrar a arte ao espa\u00e7o p\u00fablico, possibilitando um contato mais pr\u00f3ximo entre a popula\u00e7\u00e3o e a cultura.<\/p>\n<h2>Participa\u00e7\u00e3o Art\u00edstica durante a Abertura<\/h2>\n<p>A abertura da Caravana Verger foi uma celebra\u00e7\u00e3o art\u00edstica multifacetada. A presen\u00e7a de Z\u00e9 das Congas trouxe um toque musical que foi muito apreciado pelos visitantes, enriquecendo a experi\u00eancia da exposi\u00e7\u00e3o. O artista n\u00e3o apenas animou o ambiente com suas m\u00fasicas contagiantes, mas tamb\u00e9m contribuiu para a constru\u00e7\u00e3o de uma identidade cultural \u00fanica, caracterizada pela mistura de tradi\u00e7\u00f5es.<\/p>\n<p>Essa participa\u00e7\u00e3o art\u00edstica \u00e9 um complemento essencial para eventos culturais, transformando espa\u00e7os p\u00fablicos em palcos vibrantes onde diversas express\u00f5es art\u00edsticas podem coexistir. A intera\u00e7\u00e3o entre m\u00fasica, fotografia e o p\u00fablico cria um ambiente din\u00e2mico que potencializa a troca de experi\u00eancias e a aprecia\u00e7\u00e3o da cultura.<\/p>\n<h2>Experi\u00eancias de Visitantes na Exposi\u00e7\u00e3o<\/h2>\n<p>Os visitantes da Caravana Verger relataram experi\u00eancias emocionantes ao percorrer as diversas obras expostas. A possibilidade de contemplar a fotografia ao ar livre, livre do formato tradicional de museus e galerias, foi um aspecto muito elogiado. Muitos tiveram a chance de se reconectar com suas pr\u00f3prias mem\u00f3rias enquanto observavam as fotografias, criando um espa\u00e7o de reflex\u00e3o e sentimento.<\/p>\n<p>A intera\u00e7\u00e3o direta com as obras tamb\u00e9m permitiu que os visitantes se sentissem parte do evento, tornando a experi\u00eancia mais engajadora. A sensibilidade das imagens expostas, assim como o ambiente comunit\u00e1rio da pra\u00e7a, proporcionaram um cen\u00e1rio que estimulava di\u00e1logos e trocas culturais, enriquecendo ainda mais a viv\u00eancia de cada um.<\/p>\n<h2>Mem\u00f3rias da Pra\u00e7a do Lambe-Lambe<\/h2>\n<p>A Pra\u00e7a do Lambe-Lambe \u00e9, sem d\u00favida, um local que tem um forte simbolismo para muitas pessoas em Feira de Santana. Para muitos feirenses, a lembran\u00e7a de ter feito suas fotos 3&#215;4 ou retratos de fam\u00edlia nesse espa\u00e7o traz uma nostalgia profunda. Essas mem\u00f3rias individuais se entrela\u00e7am com as hist\u00f3rias coletivas da cidade, fortalecendo o v\u00ednculo entre a pra\u00e7a e a popula\u00e7\u00e3o.<\/p>\n<p>As narrativas de cada visitante ao espa\u00e7o contam n\u00e3o apenas a hist\u00f3ria pessoal, mas tamb\u00e9m a mem\u00f3ria coletiva de uma cidade que se reconhece na fotografia. A fun\u00e7\u00e3o da pra\u00e7a, ent\u00e3o, vai para al\u00e9m do espa\u00e7o f\u00edsico, transformando-se em um reposit\u00f3rio de hist\u00f3rias e emo\u00e7\u00f5es que fazem parte da heran\u00e7a cultural de Feira de Santana.<\/p>\n<h2>O Curador e sua Vis\u00e3o para a Exposi\u00e7\u00e3o<\/h2>\n<p>Alexandre San Goes, o curador da Caravana Verger, trouxe uma vis\u00e3o clara e significativa para a exposi\u00e7\u00e3o. Nascido em Feira de Santana, ele possui uma conex\u00e3o pessoal com a cidade, que influencia seu trabalho e suas escolhas art\u00edsticas. San Goes enfatizou a import\u00e2ncia de trazer a fotografia para a pra\u00e7a, considerando-a um local que j\u00e1 carrega uma hist\u00f3ria rica relacionada \u00e0 arte fotogr\u00e1fica.<\/p>\n<p>Em suas palavras, a pra\u00e7a \u00e9 um espa\u00e7o emblem\u00e1tico que tamb\u00e9m representa um ponto de encontro para v\u00e1rias culturas e tradi\u00e7\u00f5es na cidade. Seu curadoria focou n\u00e3o apenas nas obras de Pierre Verger, mas tamb\u00e9m na rela\u00e7\u00e3o intr\u00ednseca entre o espa\u00e7o p\u00fablico e a arte, destacando a import\u00e2ncia de ocupar esses espa\u00e7os com express\u00f5es art\u00edsticas que dialoguem com a popula\u00e7\u00e3o.<\/p>\n<h2>A Caravana Verger e a Arte Ao Ar Livre<\/h2>\n<p>A proposta da Caravana Verger reflete uma tend\u00eancia crescente na arte contempor\u00e2nea: levar a arte para fora dos muros das galerias e museus, tornando-a acess\u00edvel a um p\u00fablico mais amplo. Essa abordagem busca quebrar as barreiras entre a arte e a popula\u00e7\u00e3o, permitindo que todos tenham acesso a experi\u00eancias culturais significativas.<\/p>\n<p>Exposi\u00e7\u00f5es ao ar livre, como a Caravana Verger, promovem um novo consumo de arte, onde a intera\u00e7\u00e3o do p\u00fablico se torna parte da obra. Essa din\u00e2mica ajuda a criar um ambiente onde o di\u00e1logo entre o espectador e a arte \u00e9 favorecido, transformando a experi\u00eancia em algo mais participativo e inclusivo. Com o apoio de a\u00e7\u00f5es dessa natureza, a fotografia e outras formas de arte tendem a se integrar ainda mais \u00e0 vida cotidiana das pessoas, promovendo uma cultura mais vibrante e ativa.<\/p>\n\n<div style=\"font-size: 0px; height: 0px; line-height: 0px; margin: 0; padding: 0; clear: both;\"><\/div>","protected":false},"excerpt":{"rendered":"<p>Descubra como a Pra\u00e7a Bernardino Bahia celebra a arte da fotografia com a Caravana Verger.<\/p>\n","protected":false},"author":1,"featured_media":2769,"comment_status":"open","ping_status":"closed","sticky":false,"template":"","format":"standard","meta":{"footnotes":""},"categories":[26],"tags":[],"class_list":["post-2770","post","type-post","status-publish","format-standard","has-post-thumbnail","hentry","category-cultura-em-feira-de-santana","has_thumb"],"aioseo_notices":[],"aioseo_head":"\n\t\t<!-- All in One SEO 5.0.0.1 - aioseo.com -->\n\t<meta name=\"description\" content=\"Descubra como a Pra\u00e7a Bernardino Bahia celebra a arte da fotografia com a Caravana Verger.\" \/>\n\t<meta name=\"robots\" content=\"max-image-preview:large\" \/>\n\t<meta name=\"author\" content=\"Encontra Feira de Santana\"\/>\n\t<link rel=\"canonical\" href=\"https:\/\/www.encontrafeiradesantana.com.br\/sobre\/praca-bernardino-bahia-recebe-abertura-da-caravana-verger-e-celebra-tradicao-da-fotografia-em-feira\/\" \/>\n\t<meta name=\"generator\" content=\"All in One SEO (AIOSEO) 5.0.0.1\" \/>\n\t\t<meta property=\"og:locale\" content=\"pt_BR\" \/>\n\t\t<meta property=\"og:site_name\" content=\"Encontra Feira de Santana | Not\u00edcias, eventos, informa\u00e7\u00f5es e dicas na cidade Feira de Santana e regi\u00e3o.\" \/>\n\t\t<meta property=\"og:type\" content=\"article\" \/>\n\t\t<meta property=\"og:title\" content=\"Pra\u00e7a Bernardino Bahia recebe abertura da Caravana Verger e celebra tradi\u00e7\u00e3o da fotografia em Feira | Encontra Feira de Santana\" \/>\n\t\t<meta property=\"og:description\" content=\"Descubra como a Pra\u00e7a Bernardino Bahia celebra a arte da fotografia com a Caravana Verger.\" \/>\n\t\t<meta property=\"og:url\" content=\"https:\/\/www.encontrafeiradesantana.com.br\/sobre\/praca-bernardino-bahia-recebe-abertura-da-caravana-verger-e-celebra-tradicao-da-fotografia-em-feira\/\" \/>\n\t\t<meta property=\"article:published_time\" content=\"2026-08-31T06:38:47+00:00\" \/>\n\t\t<meta property=\"article:modified_time\" content=\"2026-08-31T06:38:47+00:00\" \/>\n\t\t<meta name=\"twitter:card\" content=\"summary\" \/>\n\t\t<meta name=\"twitter:title\" content=\"Pra\u00e7a Bernardino Bahia recebe abertura da Caravana Verger e celebra tradi\u00e7\u00e3o da fotografia em Feira | Encontra Feira de Santana\" \/>\n\t\t<meta name=\"twitter:description\" content=\"Descubra como a Pra\u00e7a Bernardino Bahia celebra a arte da fotografia com a Caravana Verger.\" \/>\n\t\t<script type=\"application\/ld+json\" class=\"aioseo-schema\">\n\t\t\t{\"@context\":\"https:\\\/\\\/schema.org\",\"@graph\":[{\"@type\":\"Article\",\"@id\":\"https:\\\/\\\/www.encontrafeiradesantana.com.br\\\/sobre\\\/praca-bernardino-bahia-recebe-abertura-da-caravana-verger-e-celebra-tradicao-da-fotografia-em-feira\\\/#article\",\"name\":\"Pra\\u00e7a Bernardino Bahia recebe abertura da Caravana Verger e celebra tradi\\u00e7\\u00e3o da fotografia em Feira | Encontra Feira de Santana\",\"headline\":\"Pra\\u00e7a Bernardino Bahia recebe abertura da Caravana Verger e celebra tradi\\u00e7\\u00e3o da fotografia em Feira\",\"author\":{\"@id\":\"https:\\\/\\\/www.encontrafeiradesantana.com.br\\\/sobre\\\/author\\\/efeiradesantana\\\/#author\"},\"publisher\":{\"@id\":\"https:\\\/\\\/www.encontrafeiradesantana.com.br\\\/sobre\\\/#organization\"},\"image\":{\"@type\":\"ImageObject\",\"url\":\"https:\\\/\\\/www.encontrafeiradesantana.com.br\\\/sobre\\\/wp-content\\\/uploads\\\/2026\\\/08\\\/praca-bernardino-bahia-recebe-abertura-da-caravana-verger-e-celebra-tradicao-da-fotografia-em-feira.webp\",\"width\":280,\"height\":280,\"caption\":\"Pra\\u00e7a Bernardino Bahia\"},\"datePublished\":\"2026-08-31T03:38:47-03:00\",\"dateModified\":\"2026-08-31T03:38:47-03:00\",\"inLanguage\":\"pt-BR\",\"mainEntityOfPage\":{\"@id\":\"https:\\\/\\\/www.encontrafeiradesantana.com.br\\\/sobre\\\/praca-bernardino-bahia-recebe-abertura-da-caravana-verger-e-celebra-tradicao-da-fotografia-em-feira\\\/#webpage\"},\"isPartOf\":{\"@id\":\"https:\\\/\\\/www.encontrafeiradesantana.com.br\\\/sobre\\\/praca-bernardino-bahia-recebe-abertura-da-caravana-verger-e-celebra-tradicao-da-fotografia-em-feira\\\/#webpage\"},\"articleSection\":\"Cultura Feira de Santana\"},{\"@type\":\"BreadcrumbList\",\"@id\":\"https:\\\/\\\/www.encontrafeiradesantana.com.br\\\/sobre\\\/praca-bernardino-bahia-recebe-abertura-da-caravana-verger-e-celebra-tradicao-da-fotografia-em-feira\\\/#breadcrumblist\",\"itemListElement\":[{\"@type\":\"ListItem\",\"@id\":\"https:\\\/\\\/www.encontrafeiradesantana.com.br\\\/sobre#listItem\",\"position\":1,\"name\":\"In\\u00edcio\",\"item\":\"https:\\\/\\\/www.encontrafeiradesantana.com.br\\\/sobre\",\"nextItem\":{\"@type\":\"ListItem\",\"@id\":\"https:\\\/\\\/www.encontrafeiradesantana.com.br\\\/sobre\\\/cultura-em-feira-de-santana\\\/#listItem\",\"name\":\"Cultura Feira de Santana\"}},{\"@type\":\"ListItem\",\"@id\":\"https:\\\/\\\/www.encontrafeiradesantana.com.br\\\/sobre\\\/cultura-em-feira-de-santana\\\/#listItem\",\"position\":2,\"name\":\"Cultura Feira de Santana\",\"item\":\"https:\\\/\\\/www.encontrafeiradesantana.com.br\\\/sobre\\\/cultura-em-feira-de-santana\\\/\",\"nextItem\":{\"@type\":\"ListItem\",\"@id\":\"https:\\\/\\\/www.encontrafeiradesantana.com.br\\\/sobre\\\/praca-bernardino-bahia-recebe-abertura-da-caravana-verger-e-celebra-tradicao-da-fotografia-em-feira\\\/#listItem\",\"name\":\"Pra\\u00e7a Bernardino Bahia recebe abertura da Caravana Verger e celebra tradi\\u00e7\\u00e3o da fotografia em Feira\"},\"previousItem\":{\"@type\":\"ListItem\",\"@id\":\"https:\\\/\\\/www.encontrafeiradesantana.com.br\\\/sobre#listItem\",\"name\":\"In\\u00edcio\"}},{\"@type\":\"ListItem\",\"@id\":\"https:\\\/\\\/www.encontrafeiradesantana.com.br\\\/sobre\\\/praca-bernardino-bahia-recebe-abertura-da-caravana-verger-e-celebra-tradicao-da-fotografia-em-feira\\\/#listItem\",\"position\":3,\"name\":\"Pra\\u00e7a Bernardino Bahia recebe abertura da Caravana Verger e celebra tradi\\u00e7\\u00e3o da fotografia em Feira\",\"previousItem\":{\"@type\":\"ListItem\",\"@id\":\"https:\\\/\\\/www.encontrafeiradesantana.com.br\\\/sobre\\\/cultura-em-feira-de-santana\\\/#listItem\",\"name\":\"Cultura Feira de Santana\"}}]},{\"@type\":\"Organization\",\"@id\":\"https:\\\/\\\/www.encontrafeiradesantana.com.br\\\/sobre\\\/#organization\",\"name\":\"Encontra Feira de Santana\",\"description\":\"Not\\u00edcias, eventos, informa\\u00e7\\u00f5es e dicas na cidade Feira de Santana e regi\\u00e3o.\",\"url\":\"https:\\\/\\\/www.encontrafeiradesantana.com.br\\\/sobre\\\/\"},{\"@type\":\"Person\",\"@id\":\"https:\\\/\\\/www.encontrafeiradesantana.com.br\\\/sobre\\\/author\\\/efeiradesantana\\\/#author\",\"url\":\"https:\\\/\\\/www.encontrafeiradesantana.com.br\\\/sobre\\\/author\\\/efeiradesantana\\\/\",\"name\":\"Encontra Feira de Santana\",\"image\":{\"@type\":\"ImageObject\",\"@id\":\"https:\\\/\\\/www.encontrafeiradesantana.com.br\\\/sobre\\\/praca-bernardino-bahia-recebe-abertura-da-caravana-verger-e-celebra-tradicao-da-fotografia-em-feira\\\/#authorImage\",\"url\":\"https:\\\/\\\/secure.gravatar.com\\\/avatar\\\/507340682b8270222e1f208e23198b6ae7e2c6a1033ae84e99bc6bce4f82a387?s=96&d=mm&r=g\",\"width\":96,\"height\":96,\"caption\":\"Encontra Feira de Santana\"}},{\"@type\":\"WebPage\",\"@id\":\"https:\\\/\\\/www.encontrafeiradesantana.com.br\\\/sobre\\\/praca-bernardino-bahia-recebe-abertura-da-caravana-verger-e-celebra-tradicao-da-fotografia-em-feira\\\/#webpage\",\"url\":\"https:\\\/\\\/www.encontrafeiradesantana.com.br\\\/sobre\\\/praca-bernardino-bahia-recebe-abertura-da-caravana-verger-e-celebra-tradicao-da-fotografia-em-feira\\\/\",\"name\":\"Pra\\u00e7a Bernardino Bahia recebe abertura da Caravana Verger e celebra tradi\\u00e7\\u00e3o da fotografia em Feira | Encontra Feira de Santana\",\"description\":\"Descubra como a Pra\\u00e7a Bernardino Bahia celebra a arte da fotografia com a Caravana Verger.\",\"inLanguage\":\"pt-BR\",\"isPartOf\":{\"@id\":\"https:\\\/\\\/www.encontrafeiradesantana.com.br\\\/sobre\\\/#website\"},\"breadcrumb\":{\"@id\":\"https:\\\/\\\/www.encontrafeiradesantana.com.br\\\/sobre\\\/praca-bernardino-bahia-recebe-abertura-da-caravana-verger-e-celebra-tradicao-da-fotografia-em-feira\\\/#breadcrumblist\"},\"author\":{\"@id\":\"https:\\\/\\\/www.encontrafeiradesantana.com.br\\\/sobre\\\/author\\\/efeiradesantana\\\/#author\"},\"creator\":{\"@id\":\"https:\\\/\\\/www.encontrafeiradesantana.com.br\\\/sobre\\\/author\\\/efeiradesantana\\\/#author\"},\"image\":{\"@type\":\"ImageObject\",\"url\":\"https:\\\/\\\/www.encontrafeiradesantana.com.br\\\/sobre\\\/wp-content\\\/uploads\\\/2026\\\/08\\\/praca-bernardino-bahia-recebe-abertura-da-caravana-verger-e-celebra-tradicao-da-fotografia-em-feira.webp\",\"@id\":\"https:\\\/\\\/www.encontrafeiradesantana.com.br\\\/sobre\\\/praca-bernardino-bahia-recebe-abertura-da-caravana-verger-e-celebra-tradicao-da-fotografia-em-feira\\\/#mainImage\",\"width\":280,\"height\":280,\"caption\":\"Pra\\u00e7a Bernardino Bahia\"},\"primaryImageOfPage\":{\"@id\":\"https:\\\/\\\/www.encontrafeiradesantana.com.br\\\/sobre\\\/praca-bernardino-bahia-recebe-abertura-da-caravana-verger-e-celebra-tradicao-da-fotografia-em-feira\\\/#mainImage\"},\"datePublished\":\"2026-08-31T03:38:47-03:00\",\"dateModified\":\"2026-08-31T03:38:47-03:00\"},{\"@type\":\"WebSite\",\"@id\":\"https:\\\/\\\/www.encontrafeiradesantana.com.br\\\/sobre\\\/#website\",\"url\":\"https:\\\/\\\/www.encontrafeiradesantana.com.br\\\/sobre\\\/\",\"name\":\"Encontra Feira de Santana\",\"description\":\"Not\\u00edcias, eventos, informa\\u00e7\\u00f5es e dicas na cidade Feira de Santana e regi\\u00e3o.\",\"inLanguage\":\"pt-BR\",\"publisher\":{\"@id\":\"https:\\\/\\\/www.encontrafeiradesantana.com.br\\\/sobre\\\/#organization\"}}]}\n\t\t<\/script>\n\t\t<!-- All in One SEO -->\n\n","aioseo_head_json":{"title":"Pra\u00e7a Bernardino Bahia recebe abertura da Caravana Verger e celebra tradi\u00e7\u00e3o da fotografia em Feira | Encontra Feira de Santana","description":"Descubra como a Pra\u00e7a Bernardino Bahia celebra a arte da fotografia com a Caravana Verger.","canonical_url":"https:\/\/www.encontrafeiradesantana.com.br\/sobre\/praca-bernardino-bahia-recebe-abertura-da-caravana-verger-e-celebra-tradicao-da-fotografia-em-feira\/","robots":"max-image-preview:large","keywords":"","webmasterTools":{"miscellaneous":""},"schema":{"@context":"https:\/\/schema.org","@graph":[{"@type":"Article","@id":"https:\/\/www.encontrafeiradesantana.com.br\/sobre\/praca-bernardino-bahia-recebe-abertura-da-caravana-verger-e-celebra-tradicao-da-fotografia-em-feira\/#article","name":"Pra\u00e7a Bernardino Bahia recebe abertura da Caravana Verger e celebra tradi\u00e7\u00e3o da fotografia em Feira | Encontra Feira de Santana","headline":"Pra\u00e7a Bernardino Bahia recebe abertura da Caravana Verger e celebra tradi\u00e7\u00e3o da fotografia em Feira","author":{"@id":"https:\/\/www.encontrafeiradesantana.com.br\/sobre\/author\/efeiradesantana\/#author"},"publisher":{"@id":"https:\/\/www.encontrafeiradesantana.com.br\/sobre\/#organization"},"image":{"@type":"ImageObject","url":"https:\/\/www.encontrafeiradesantana.com.br\/sobre\/wp-content\/uploads\/2026\/08\/praca-bernardino-bahia-recebe-abertura-da-caravana-verger-e-celebra-tradicao-da-fotografia-em-feira.webp","width":280,"height":280,"caption":"Pra\u00e7a Bernardino Bahia"},"datePublished":"2026-08-31T03:38:47-03:00","dateModified":"2026-08-31T03:38:47-03:00","inLanguage":"pt-BR","mainEntityOfPage":{"@id":"https:\/\/www.encontrafeiradesantana.com.br\/sobre\/praca-bernardino-bahia-recebe-abertura-da-caravana-verger-e-celebra-tradicao-da-fotografia-em-feira\/#webpage"},"isPartOf":{"@id":"https:\/\/www.encontrafeiradesantana.com.br\/sobre\/praca-bernardino-bahia-recebe-abertura-da-caravana-verger-e-celebra-tradicao-da-fotografia-em-feira\/#webpage"},"articleSection":"Cultura Feira de Santana"},{"@type":"BreadcrumbList","@id":"https:\/\/www.encontrafeiradesantana.com.br\/sobre\/praca-bernardino-bahia-recebe-abertura-da-caravana-verger-e-celebra-tradicao-da-fotografia-em-feira\/#breadcrumblist","itemListElement":[{"@type":"ListItem","@id":"https:\/\/www.encontrafeiradesantana.com.br\/sobre#listItem","position":1,"name":"In\u00edcio","item":"https:\/\/www.encontrafeiradesantana.com.br\/sobre","nextItem":{"@type":"ListItem","@id":"https:\/\/www.encontrafeiradesantana.com.br\/sobre\/cultura-em-feira-de-santana\/#listItem","name":"Cultura Feira de Santana"}},{"@type":"ListItem","@id":"https:\/\/www.encontrafeiradesantana.com.br\/sobre\/cultura-em-feira-de-santana\/#listItem","position":2,"name":"Cultura Feira de Santana","item":"https:\/\/www.encontrafeiradesantana.com.br\/sobre\/cultura-em-feira-de-santana\/","nextItem":{"@type":"ListItem","@id":"https:\/\/www.encontrafeiradesantana.com.br\/sobre\/praca-bernardino-bahia-recebe-abertura-da-caravana-verger-e-celebra-tradicao-da-fotografia-em-feira\/#listItem","name":"Pra\u00e7a Bernardino Bahia recebe abertura da Caravana Verger e celebra tradi\u00e7\u00e3o da fotografia em Feira"},"previousItem":{"@type":"ListItem","@id":"https:\/\/www.encontrafeiradesantana.com.br\/sobre#listItem","name":"In\u00edcio"}},{"@type":"ListItem","@id":"https:\/\/www.encontrafeiradesantana.com.br\/sobre\/praca-bernardino-bahia-recebe-abertura-da-caravana-verger-e-celebra-tradicao-da-fotografia-em-feira\/#listItem","position":3,"name":"Pra\u00e7a Bernardino Bahia recebe abertura da Caravana Verger e celebra tradi\u00e7\u00e3o da fotografia em Feira","previousItem":{"@type":"ListItem","@id":"https:\/\/www.encontrafeiradesantana.com.br\/sobre\/cultura-em-feira-de-santana\/#listItem","name":"Cultura Feira de Santana"}}]},{"@type":"Organization","@id":"https:\/\/www.encontrafeiradesantana.com.br\/sobre\/#organization","name":"Encontra Feira de Santana","description":"Not\u00edcias, eventos, informa\u00e7\u00f5es e dicas na cidade Feira de Santana e regi\u00e3o.","url":"https:\/\/www.encontrafeiradesantana.com.br\/sobre\/"},{"@type":"Person","@id":"https:\/\/www.encontrafeiradesantana.com.br\/sobre\/author\/efeiradesantana\/#author","url":"https:\/\/www.encontrafeiradesantana.com.br\/sobre\/author\/efeiradesantana\/","name":"Encontra Feira de Santana","image":{"@type":"ImageObject","@id":"https:\/\/www.encontrafeiradesantana.com.br\/sobre\/praca-bernardino-bahia-recebe-abertura-da-caravana-verger-e-celebra-tradicao-da-fotografia-em-feira\/#authorImage","url":"https:\/\/secure.gravatar.com\/avatar\/507340682b8270222e1f208e23198b6ae7e2c6a1033ae84e99bc6bce4f82a387?s=96&d=mm&r=g","width":96,"height":96,"caption":"Encontra Feira de Santana"}},{"@type":"WebPage","@id":"https:\/\/www.encontrafeiradesantana.com.br\/sobre\/praca-bernardino-bahia-recebe-abertura-da-caravana-verger-e-celebra-tradicao-da-fotografia-em-feira\/#webpage","url":"https:\/\/www.encontrafeiradesantana.com.br\/sobre\/praca-bernardino-bahia-recebe-abertura-da-caravana-verger-e-celebra-tradicao-da-fotografia-em-feira\/","name":"Pra\u00e7a Bernardino Bahia recebe abertura da Caravana Verger e celebra tradi\u00e7\u00e3o da fotografia em Feira | Encontra Feira de Santana","description":"Descubra como a Pra\u00e7a Bernardino Bahia celebra a arte da fotografia com a Caravana Verger.","inLanguage":"pt-BR","isPartOf":{"@id":"https:\/\/www.encontrafeiradesantana.com.br\/sobre\/#website"},"breadcrumb":{"@id":"https:\/\/www.encontrafeiradesantana.com.br\/sobre\/praca-bernardino-bahia-recebe-abertura-da-caravana-verger-e-celebra-tradicao-da-fotografia-em-feira\/#breadcrumblist"},"author":{"@id":"https:\/\/www.encontrafeiradesantana.com.br\/sobre\/author\/efeiradesantana\/#author"},"creator":{"@id":"https:\/\/www.encontrafeiradesantana.com.br\/sobre\/author\/efeiradesantana\/#author"},"image":{"@type":"ImageObject","url":"https:\/\/www.encontrafeiradesantana.com.br\/sobre\/wp-content\/uploads\/2026\/08\/praca-bernardino-bahia-recebe-abertura-da-caravana-verger-e-celebra-tradicao-da-fotografia-em-feira.webp","@id":"https:\/\/www.encontrafeiradesantana.com.br\/sobre\/praca-bernardino-bahia-recebe-abertura-da-caravana-verger-e-celebra-tradicao-da-fotografia-em-feira\/#mainImage","width":280,"height":280,"caption":"Pra\u00e7a Bernardino Bahia"},"primaryImageOfPage":{"@id":"https:\/\/www.encontrafeiradesantana.com.br\/sobre\/praca-bernardino-bahia-recebe-abertura-da-caravana-verger-e-celebra-tradicao-da-fotografia-em-feira\/#mainImage"},"datePublished":"2026-08-31T03:38:47-03:00","dateModified":"2026-08-31T03:38:47-03:00"},{"@type":"WebSite","@id":"https:\/\/www.encontrafeiradesantana.com.br\/sobre\/#website","url":"https:\/\/www.encontrafeiradesantana.com.br\/sobre\/","name":"Encontra Feira de Santana","description":"Not\u00edcias, eventos, informa\u00e7\u00f5es e dicas na cidade Feira de Santana e regi\u00e3o.","inLanguage":"pt-BR","publisher":{"@id":"https:\/\/www.encontrafeiradesantana.com.br\/sobre\/#organization"}}]},"og:locale":"pt_BR","og:site_name":"Encontra Feira de Santana | Not\u00edcias, eventos, informa\u00e7\u00f5es e dicas na cidade Feira de Santana e regi\u00e3o.","og:type":"article","og:title":"Pra\u00e7a Bernardino Bahia recebe abertura da Caravana Verger e celebra tradi\u00e7\u00e3o da fotografia em Feira | Encontra Feira de Santana","og:description":"Descubra como a Pra\u00e7a Bernardino Bahia celebra a arte da fotografia com a Caravana Verger.","og:url":"https:\/\/www.encontrafeiradesantana.com.br\/sobre\/praca-bernardino-bahia-recebe-abertura-da-caravana-verger-e-celebra-tradicao-da-fotografia-em-feira\/","article:published_time":"2026-08-31T06:38:47+00:00","article:modified_time":"2026-08-31T06:38:47+00:00","twitter:card":"summary","twitter:title":"Pra\u00e7a Bernardino Bahia recebe abertura da Caravana Verger e celebra tradi\u00e7\u00e3o da fotografia em Feira | Encontra Feira de Santana","twitter:description":"Descubra como a Pra\u00e7a Bernardino Bahia celebra a arte da fotografia com a Caravana Verger."},"aioseo_meta_data":{"post_id":"2770","title":null,"description":null,"keywords":null,"keyphrases":null,"primary_term":null,"canonical_url":null,"og_title":null,"og_description":null,"og_object_type":"default","og_image_type":"default","og_image_url":null,"og_image_width":null,"og_image_height":null,"og_image_custom_url":null,"og_image_custom_fields":null,"og_video":null,"og_custom_url":null,"og_article_section":null,"og_article_tags":null,"twitter_use_og":false,"twitter_card":"default","twitter_image_type":"default","twitter_image_url":null,"twitter_image_custom_url":null,"twitter_image_custom_fields":null,"twitter_title":null,"twitter_description":null,"schema":{"blockGraphs":[],"customGraphs":[],"default":{"data":{"Article":[],"Course":[],"Dataset":[],"FAQPage":[],"Movie":[],"Person":[],"Product":[],"ProductReview":[],"Car":[],"Recipe":[],"Service":[],"SoftwareApplication":[],"WebPage":[]},"graphName":"Article","isEnabled":true},"graphs":[]},"schema_type":"default","schema_type_options":null,"pillar_content":false,"robots_default":true,"robots_noindex":false,"robots_noarchive":false,"robots_nosnippet":false,"robots_nofollow":false,"robots_noimageindex":false,"robots_noodp":false,"robots_notranslate":false,"robots_max_snippet":null,"robots_max_videopreview":null,"robots_max_imagepreview":"large","priority":null,"frequency":null,"local_seo":null,"breadcrumb_settings":null,"limit_modified_date":false,"ai":null,"created":"2026-08-31 06:38:47","updated":"2026-08-31 06:42:15","focus_keyword":null,"additional_keywords":null,"truseo_locale":null,"seo_analyzer_scan_date":null},"aioseo_breadcrumb":"<div class=\"aioseo-breadcrumbs\"><span class=\"aioseo-breadcrumb\">\n\t\t\t<a href=\"https:\/\/www.encontrafeiradesantana.com.br\/sobre\" title=\"In\u00edcio\">In\u00edcio<\/a>\n\t\t<\/span><span class=\"aioseo-breadcrumb-separator\">&raquo;<\/span><span class=\"aioseo-breadcrumb\">\n\t\t\t<a href=\"https:\/\/www.encontrafeiradesantana.com.br\/sobre\/cultura-em-feira-de-santana\/\" title=\"Cultura Feira de Santana\">Cultura Feira de Santana<\/a>\n\t\t<\/span><span class=\"aioseo-breadcrumb-separator\">&raquo;<\/span><span class=\"aioseo-breadcrumb\">\n\t\t\tPra\u00e7a Bernardino Bahia recebe abertura da Caravana Verger e celebra tradi\u00e7\u00e3o da fotografia em Feira\n\t\t<\/span><\/div>","aioseo_breadcrumb_json":[{"label":"In\u00edcio","link":"https:\/\/www.encontrafeiradesantana.com.br\/sobre"},{"label":"Cultura Feira de Santana","link":"https:\/\/www.encontrafeiradesantana.com.br\/sobre\/cultura-em-feira-de-santana\/"},{"label":"Pra\u00e7a Bernardino Bahia recebe abertura da Caravana Verger e celebra tradi\u00e7\u00e3o da fotografia em Feira","link":"https:\/\/www.encontrafeiradesantana.com.br\/sobre\/praca-bernardino-bahia-recebe-abertura-da-caravana-verger-e-celebra-tradicao-da-fotografia-em-feira\/"}],"_links":{"self":[{"href":"https:\/\/www.encontrafeiradesantana.com.br\/sobre\/wp-json\/wp\/v2\/posts\/2770","targetHints":{"allow":["GET"]}}],"collection":[{"href":"https:\/\/www.encontrafeiradesantana.com.br\/sobre\/wp-json\/wp\/v2\/posts"}],"about":[{"href":"https:\/\/www.encontrafeiradesantana.com.br\/sobre\/wp-json\/wp\/v2\/types\/post"}],"author":[{"embeddable":true,"href":"https:\/\/www.encontrafeiradesantana.com.br\/sobre\/wp-json\/wp\/v2\/users\/1"}],"replies":[{"embeddable":true,"href":"https:\/\/www.encontrafeiradesantana.com.br\/sobre\/wp-json\/wp\/v2\/comments?post=2770"}],"version-history":[{"count":0,"href":"https:\/\/www.encontrafeiradesantana.com.br\/sobre\/wp-json\/wp\/v2\/posts\/2770\/revisions"}],"wp:featuredmedia":[{"embeddable":true,"href":"https:\/\/www.encontrafeiradesantana.com.br\/sobre\/wp-json\/wp\/v2\/media\/2769"}],"wp:attachment":[{"href":"https:\/\/www.encontrafeiradesantana.com.br\/sobre\/wp-json\/wp\/v2\/media?parent=2770"}],"wp:term":[{"taxonomy":"category","embeddable":true,"href":"https:\/\/www.encontrafeiradesantana.com.br\/sobre\/wp-json\/wp\/v2\/categories?post=2770"},{"taxonomy":"post_tag","embeddable":true,"href":"https:\/\/www.encontrafeiradesantana.com.br\/sobre\/wp-json\/wp\/v2\/tags?post=2770"}],"curies":[{"name":"wp","href":"https:\/\/api.w.org\/{rel}","templated":true}]}}