{"id":275,"date":"2013-06-28T00:01:50","date_gmt":"2013-06-28T03:01:50","guid":{"rendered":"http:\/\/www.encontrafeiradesantana.com.br\/noticias\/?p=275"},"modified":"2019-04-29T17:46:27","modified_gmt":"2019-04-29T20:46:27","slug":"sao-pedro-tera-60-horas-de-forro-nos-distritos-de-feira-de-santana","status":"publish","type":"post","link":"https:\/\/www.encontrafeiradesantana.com.br\/sobre\/sao-pedro-tera-60-horas-de-forro-nos-distritos-de-feira-de-santana\/","title":{"rendered":"S\u00e3o Pedro ter\u00e1 60 horas de forr\u00f3 nos distritos de Feira de Santana"},"content":{"rendered":"<div class=\"3f468104ad11f00a3c9ac948316f4265\" data-index=\"1\" style=\"float: none; margin:0px;\">\n<ins class=\"adsbygoogle\"\r\n     style=\"display:block\"\r\n     data-ad-client=\"ca-pub-8585364105181520\"\r\n     data-ad-slot=\"8789329856\"\r\n     data-ad-format=\"auto\"\r\n     data-full-width-responsive=\"true\"><\/ins>\r\n<script>\r\n     (adsbygoogle = window.adsbygoogle || []).push({});\r\n<\/script>\r\n\n<\/div>\n<p>Todos os caminhos levam \u00e0 zona rural de Feira de Santana, durante os festejos de S\u00e3o Pedro, de sexta-feira, 28, a domingo, 30, e quem curte o arrasta-p\u00e9 ter\u00e1 este ano mais de 60 horas de shows de forr\u00f3 com grandes atra\u00e7\u00f5es promovidas pela Prefeitura, atrav\u00e9s da Secretaria de Cultura, Esporte e Lazer (Secel), nos distritos de Humildes, Bonfim de Feira e Ja\u00edba.<\/p>\n<p>Em Humildes as comemora\u00e7\u00f5es oficiais do S\u00e3o Pedro ser\u00e3o durante tr\u00eas dias e j\u00e1 se constituem na principal festa do g\u00eanero do interior da Bahia. As atra\u00e7\u00f5es est\u00e3o entre os destaques nos cen\u00e1rios estadual e nacional, mas valorizam tamb\u00e9m os artistas da terra.<\/p>\n<p>A festa ser\u00e1 aberta nesta sexta-feira, 28, \u00e0s 19h, com show de Beijo Roubado. Uma hora depois entra em cena Muleka Travessa, seguido por apresenta\u00e7\u00f5es de Kart Love, Catuaba com Amendoim e Mulher do Patr\u00e3o, animando o arrasta-p\u00e9 at\u00e9 a madrugada.<\/p>\n<p>No s\u00e1bado, dia 29, a anima\u00e7\u00e3o come\u00e7a tamb\u00e9m \u00e0s 19h, com show do Forr\u00f3 Os Moleques &amp; Cia. Logo depois o agito fica por conta de Sandro de Castro, M\u00e1rcia Porto e a t\u00e3o esperada apresenta\u00e7\u00e3o de Pablo, seguida do show do forrozeiro Dr. Edy.<\/p>\n<p>No domingo, 30, a festa ser\u00e1 aberta pelo forrozeiro J. Sobrinho, seguido pelo show de Capim Molhado, Timba\u00faba e, como principal anima\u00e7\u00e3o da noite, a apresenta\u00e7\u00e3o de Fl\u00e1vio Jos\u00e9, terminando com show da banda Del\u00edrios do Olhar.<\/p>\n<p>Ja\u00edba<\/p>\n<p>No distrito de Ja\u00edba as comemora\u00e7\u00f5es de S\u00e3o Pedro ser\u00e3o de dois dias de muita anima\u00e7\u00e3o. A abertura, no s\u00e1bado, 29, a partir das 19h, ser\u00e1 com show de L\u00e9o e Seus Teclados, seguido por Karrascos do Forr\u00f3, Namoro On Line, Kixoteando e encerrando a noite com Forrozeiros do Norte.<\/p>\n<p>Domingo, 30, a abertura com show de Vaqueirama, seguido por apresenta\u00e7\u00e3o de Roquinho, Jhone Ribeiro, Carlos Pita e Dell Feliz.<\/p>\n<p>Bonfim de Feira<\/p>\n<p>No distrito de Bonfim de Feira tamb\u00e9m ser\u00e3o realizados dois dias de shows. No s\u00e1bado, 29, passam pelo palco Mayrone, Calango Ti\u00e3o, Mulher Bandida, Marron Glac\u00ea e Xoxota\u00ea. J\u00e1 no domingo, 30, a anima\u00e7\u00e3o fica por conta dos shows de Marcelo Magalh\u00e3es, Vald\u00f4mio, Marzinho Venturini, Lua Cheia e Suti\u00e3 Rendado.<\/p>\n<p><em>Fonte: Acorda Cidade<\/em><\/p>\n\n<div style=\"font-size: 0px; height: 0px; line-height: 0px; margin: 0; padding: 0; clear: both;\"><\/div>","protected":false},"excerpt":{"rendered":"<p>Todos os caminhos levam \u00e0 zona rural de Feira de Santana, durante os festejos de S\u00e3o Pedro, de sexta-feira, 28, a domingo, 30, e quem curte o arrasta-p\u00e9 ter\u00e1 este ano mais de 60 horas de shows de forr\u00f3 com grandes atra\u00e7\u00f5es promovidas pela Prefeitura, atrav\u00e9s da Secretaria de Cultura, Esporte e Lazer (Secel), nos distritos de Humildes, Bonfim de Feira e Ja\u00edba. Em Humildes as comemora\u00e7\u00f5es oficiais do S\u00e3o Pedro ser\u00e3o durante tr\u00eas dias e j\u00e1 se constituem na principal festa do g\u00eanero do interior da Bahia. As atra\u00e7\u00f5es est\u00e3o entre os destaques nos cen\u00e1rios estadual e nacional, mas <\/p>\n","protected":false},"author":1,"featured_media":0,"comment_status":"open","ping_status":"closed","sticky":false,"template":"","format":"standard","meta":{"footnotes":""},"categories":[6,8],"tags":[12],"class_list":["post-275","post","type-post","status-publish","format-standard","hentry","category-noticias-em-feira-de-santana","category-servicos-em-feira-de-santana","tag-feira-de-santana"],"aioseo_notices":[],"_links":{"self":[{"href":"https:\/\/www.encontrafeiradesantana.com.br\/sobre\/wp-json\/wp\/v2\/posts\/275","targetHints":{"allow":["GET"]}}],"collection":[{"href":"https:\/\/www.encontrafeiradesantana.com.br\/sobre\/wp-json\/wp\/v2\/posts"}],"about":[{"href":"https:\/\/www.encontrafeiradesantana.com.br\/sobre\/wp-json\/wp\/v2\/types\/post"}],"author":[{"embeddable":true,"href":"https:\/\/www.encontrafeiradesantana.com.br\/sobre\/wp-json\/wp\/v2\/users\/1"}],"replies":[{"embeddable":true,"href":"https:\/\/www.encontrafeiradesantana.com.br\/sobre\/wp-json\/wp\/v2\/comments?post=275"}],"version-history":[{"count":2,"href":"https:\/\/www.encontrafeiradesantana.com.br\/sobre\/wp-json\/wp\/v2\/posts\/275\/revisions"}],"predecessor-version":[{"id":526,"href":"https:\/\/www.encontrafeiradesantana.com.br\/sobre\/wp-json\/wp\/v2\/posts\/275\/revisions\/526"}],"wp:attachment":[{"href":"https:\/\/www.encontrafeiradesantana.com.br\/sobre\/wp-json\/wp\/v2\/media?parent=275"}],"wp:term":[{"taxonomy":"category","embeddable":true,"href":"https:\/\/www.encontrafeiradesantana.com.br\/sobre\/wp-json\/wp\/v2\/categories?post=275"},{"taxonomy":"post_tag","embeddable":true,"href":"https:\/\/www.encontrafeiradesantana.com.br\/sobre\/wp-json\/wp\/v2\/tags?post=275"}],"curies":[{"name":"wp","href":"https:\/\/api.w.org\/{rel}","templated":true}]}}