{"id":2744,"date":"2026-08-27T03:37:31","date_gmt":"2026-08-27T06:37:31","guid":{"rendered":"https:\/\/www.encontrafeiradesantana.com.br\/sobre\/feira-de-santana-participa-de-formacao-nacional-voltada-a-agricultura-urbana-e-periurbana\/"},"modified":"2026-08-27T03:37:31","modified_gmt":"2026-08-27T06:37:31","slug":"feira-de-santana-participa-de-formacao-nacional-voltada-a-agricultura-urbana-e-periurbana","status":"publish","type":"post","link":"https:\/\/www.encontrafeiradesantana.com.br\/sobre\/feira-de-santana-participa-de-formacao-nacional-voltada-a-agricultura-urbana-e-periurbana\/","title":{"rendered":"Feira de Santana participa de forma\u00e7\u00e3o nacional voltada \u00e0 Agricultura Urbana e Periurbana"},"content":{"rendered":"<div class=\"3f468104ad11f00a3c9ac948316f4265\" data-index=\"1\" style=\"float: none; margin:0px;\">\n<ins class=\"adsbygoogle\"\r\n     style=\"display:block\"\r\n     data-ad-client=\"ca-pub-8585364105181520\"\r\n     data-ad-slot=\"8789329856\"\r\n     data-ad-format=\"auto\"\r\n     data-full-width-responsive=\"true\"><\/ins>\r\n<script>\r\n     (adsbygoogle = window.adsbygoogle || []).push({});\r\n<\/script>\r\n\n<\/div>\n<h2>Feira de Santana e a Agricultura Urbana<\/h2>\n<p>A cidade de Feira de Santana tem se destacado na implementa\u00e7\u00e3o de pr\u00e1ticas de <strong>agricultura urbana<\/strong> e periurbana, reconhecendo a import\u00e2ncia desses modelos para o desenvolvimento sustent\u00e1vel e a seguran\u00e7a alimentar. A agricultura nos centros urbanos e nas \u00e1reas adjacentes torna-se uma solu\u00e7\u00e3o vi\u00e1vel para v\u00e1rias quest\u00f5es contempor\u00e2neas, como a escassez de espa\u00e7o para cultivo, a necessidade de alimentos frescos e acess\u00edveis, e a promo\u00e7\u00e3o da inclus\u00e3o social.<\/p>\n<h2>O Papel da Forma\u00e7\u00e3o de Lideran\u00e7as<\/h2>\n<p>A forma\u00e7\u00e3o de lideran\u00e7as no contexto da agricultura urbana tem sido um dos pilares para o fortalecimento dessas iniciativas. Ao capacitar representantes das cidades, busca-se criar um conhecimento aplicado que permita que os participantes possam introduzir pr\u00e1ticas de cultivo e gest\u00e3o agr\u00edcola em seus respectivos munic\u00edpios. Isso se traduz em uma maior efici\u00eancia nas pol\u00edticas p\u00fablicas que envolvem alimenta\u00e7\u00e3o, sustentabilidade e desenvolvimento social.<\/p>\n<h2>Encontros Presenciais: O que Esperar?<\/h2>\n<p>Os encontros realizados em Vit\u00f3ria da Conquista, nos dias 24 e 25 de agosto de 2026, reuniram lideran\u00e7as de diversas cidades baianas, incluindo Feira de Santana, para discutir a forma\u00e7\u00e3o em <strong>agricultura urbana e periurbana<\/strong>. Durante esses encontros, os participantes puderam compartilhar experi\u00eancias e desafios enfrentados em suas comunidades, al\u00e9m de trabalhar em grupos para o desenvolvimento de propostas e solu\u00e7\u00f5es locais.<\/p>\n<p><img decoding=\"async\" src=\"https:\/\/www.encontrafeiradesantana.com.br\/sobre\/wp-content\/uploads\/2026\/08\/feira-de-santana-participa-de-formacao-nacional-voltada-a-agricultura-urbana-e-periurbana.webp\" alt=\"Agricultura Urbana e Periurbana\" loading=\"lazy\" \/><\/p>\n<h2>Projetos-Piloto: Transformando Ideias em A\u00e7\u00f5es<\/h2>\n<p>O desenvolvimento de projetos-piloto \u00e9 uma estrat\u00e9gia fundamental abordada durante a forma\u00e7\u00e3o. Os participantes foram incentivados a elaborar propostas que possam ser implementadas em suas cidades, buscando n\u00e3o apenas o conhecimento te\u00f3rico, mas uma aplica\u00e7\u00e3o pr\u00e1tica que beneficie a popula\u00e7\u00e3o local. Esse enfoque pr\u00e1tico visa transformar teorias em a\u00e7\u00f5es vis\u00edveis e efetivas que impactam a comunidade de forma positiva.<\/p>\n<h2>Visitas de Campo: Aprendizado Pr\u00e1tico<\/h2>\n<p>Uma das atividades programadas foi a visita \u00e0 Horta Comunit\u00e1ria do Jardim Val\u00e9ria, que exemplifica uma iniciativa de sucesso em <strong>agricultura urbana<\/strong>. Essa experi\u00eancia pr\u00e1tica permite aos participantes observar como a agricultura urbana pode florescer em ambientes urbanos, al\u00e9m de oferecer insights sobre manejo, t\u00e9cnicas de cultivo e a colabora\u00e7\u00e3o entre moradores para a constru\u00e7\u00e3o de espa\u00e7os comunit\u00e1rios produtivos.<\/p>\n<h2>Parcerias Importantes para o Sucesso<\/h2>\n<p>A colabora\u00e7\u00e3o entre as esferas p\u00fablica e privada, assim como entre diferentes munic\u00edpios, \u00e9 essencial para o sucesso da agricultura urbana. O projeto promovido pela <strong>Funda\u00e7\u00e3o Getulio Vargas (FGVces)<\/strong>, em parceria com o <strong>Minist\u00e9rio do Desenvolvimento e Assist\u00eancia Social, Fam\u00edlia e Combate \u00e0 Fome (MDS)<\/strong>, \u00e9 um exemplo de como parcerias bem estruturadas podem acelerar a implementa\u00e7\u00e3o de pol\u00edticas eficientes e inovadoras, promovendo melhorias significativas na qualidade de vida da popula\u00e7\u00e3o.<\/p>\n<h2>Impacto das Pol\u00edticas P\u00fablicas na Comunidade<\/h2>\n<p>A implementa\u00e7\u00e3o de pol\u00edticas p\u00fablicas focadas na agricultura urbana pode resultar em diversos benef\u00edcios para a comunidade, como a gera\u00e7\u00e3o de emprego, a oferta de alimentos frescos e acess\u00edveis e a promo\u00e7\u00e3o da sustentabilidade. Essas iniciativas n\u00e3o apenas ajudam a aliviar a pobreza e a inseguran\u00e7a alimentar, mas tamb\u00e9m aumentam a conscientiza\u00e7\u00e3o ambiental e incentivam a participa\u00e7\u00e3o cidad\u00e3 nas quest\u00f5es locais.<\/p>\n<h2>Troca de Experi\u00eancias: Aprendizados entre Cidades<\/h2>\n<p>A troca de experi\u00eancias entre as cidades participantes durante o evento foi crucial. Ao compartilhar os desafios e sucessos, as lideran\u00e7as puderam aprender com as experi\u00eancias dos outros, ampliando seu repert\u00f3rio de solu\u00e7\u00f5es e abordagens. Essa pr\u00e1tica de aprendizado colaborativo \u00e9 vital para enfrentar os desafios comuns da agricultura urbana e criar redes de apoio entre os munic\u00edpios.<\/p>\n<h2>Desafios da Agricultura Urbana e Periurbana<\/h2>\n<p>No entanto, a agricultura urbana enfrenta muitos desafios. A falta de espa\u00e7o adequado, a resist\u00eancia cultural em algumas comunidades e as limita\u00e7\u00f5es or\u00e7ament\u00e1rias s\u00e3o apenas alguns dos obst\u00e1culos que precisam ser superados. Al\u00e9m disso, quest\u00f5es como a adequa\u00e7\u00e3o de legisla\u00e7\u00e3o e a promo\u00e7\u00e3o de pr\u00e1ticas sustent\u00e1veis s\u00e3o fundamentais para garantir o sucesso a longo prazo dessas iniciativas.<\/p>\n<h2>O Futuro da Agricultura nas Cidades<\/h2>\n<p>\u00c0 medida que as cidades continuam a crescer, a agricultura urbana e periurbana deve ser considerada uma parte vital do desenvolvimento urbano. Iniciativas como as que est\u00e3o sendo promovidas em Feira de Santana servem de modelo para outras cidades no Brasil e no mundo, mostrando que \u00e9 poss\u00edvel integrar pr\u00e1ticas agr\u00edcolas no ambiente urbano de maneira sustent\u00e1vel e eficaz. O futuro da agricultura nas cidades depende da continuidade da forma\u00e7\u00e3o de lideran\u00e7as e da cria\u00e7\u00e3o de pol\u00edticas p\u00fablicas que favore\u00e7am e incentivem essa pr\u00e1tica.<\/p>\n\n<div style=\"font-size: 0px; height: 0px; line-height: 0px; margin: 0; padding: 0; clear: both;\"><\/div>","protected":false},"excerpt":{"rendered":"<p>Descubra como o setor de Agricultura Urbana e Periurbana est\u00e1 se reinventando em Feira de Santana.<\/p>\n","protected":false},"author":1,"featured_media":2743,"comment_status":"open","ping_status":"closed","sticky":false,"template":"","format":"standard","meta":{"footnotes":""},"categories":[26],"tags":[],"class_list":["post-2744","post","type-post","status-publish","format-standard","has-post-thumbnail","hentry","category-cultura-em-feira-de-santana","has_thumb"],"aioseo_notices":[],"aioseo_head":"\n\t\t<!-- All in One SEO 5.0.0.1 - aioseo.com -->\n\t<meta name=\"description\" content=\"Descubra como o setor de Agricultura Urbana e Periurbana est\u00e1 se reinventando em Feira de Santana.\" \/>\n\t<meta name=\"robots\" content=\"max-image-preview:large\" \/>\n\t<meta name=\"author\" content=\"Encontra Feira de Santana\"\/>\n\t<link rel=\"canonical\" href=\"https:\/\/www.encontrafeiradesantana.com.br\/sobre\/feira-de-santana-participa-de-formacao-nacional-voltada-a-agricultura-urbana-e-periurbana\/\" \/>\n\t<meta name=\"generator\" content=\"All in One SEO (AIOSEO) 5.0.0.1\" \/>\n\t\t<meta property=\"og:locale\" content=\"pt_BR\" \/>\n\t\t<meta property=\"og:site_name\" content=\"Encontra Feira de Santana | Not\u00edcias, eventos, informa\u00e7\u00f5es e dicas na cidade Feira de Santana e regi\u00e3o.\" \/>\n\t\t<meta property=\"og:type\" content=\"article\" \/>\n\t\t<meta property=\"og:title\" content=\"Feira de Santana participa de forma\u00e7\u00e3o nacional voltada \u00e0 Agricultura Urbana e Periurbana | Encontra Feira de Santana\" \/>\n\t\t<meta property=\"og:description\" content=\"Descubra como o setor de Agricultura Urbana e Periurbana est\u00e1 se reinventando em Feira de Santana.\" \/>\n\t\t<meta property=\"og:url\" content=\"https:\/\/www.encontrafeiradesantana.com.br\/sobre\/feira-de-santana-participa-de-formacao-nacional-voltada-a-agricultura-urbana-e-periurbana\/\" \/>\n\t\t<meta property=\"article:published_time\" content=\"2026-08-27T06:37:31+00:00\" \/>\n\t\t<meta property=\"article:modified_time\" content=\"2026-08-27T06:37:31+00:00\" \/>\n\t\t<meta name=\"twitter:card\" content=\"summary\" \/>\n\t\t<meta name=\"twitter:title\" content=\"Feira de Santana participa de forma\u00e7\u00e3o nacional voltada \u00e0 Agricultura Urbana e Periurbana | Encontra Feira de Santana\" \/>\n\t\t<meta name=\"twitter:description\" content=\"Descubra como o setor de Agricultura Urbana e Periurbana est\u00e1 se reinventando em Feira de Santana.\" \/>\n\t\t<script type=\"application\/ld+json\" class=\"aioseo-schema\">\n\t\t\t{\"@context\":\"https:\\\/\\\/schema.org\",\"@graph\":[{\"@type\":\"Article\",\"@id\":\"https:\\\/\\\/www.encontrafeiradesantana.com.br\\\/sobre\\\/feira-de-santana-participa-de-formacao-nacional-voltada-a-agricultura-urbana-e-periurbana\\\/#article\",\"name\":\"Feira de Santana participa de forma\\u00e7\\u00e3o nacional voltada \\u00e0 Agricultura Urbana e Periurbana | Encontra Feira de Santana\",\"headline\":\"Feira de Santana participa de forma\\u00e7\\u00e3o nacional voltada \\u00e0 Agricultura Urbana e Periurbana\",\"author\":{\"@id\":\"https:\\\/\\\/www.encontrafeiradesantana.com.br\\\/sobre\\\/author\\\/efeiradesantana\\\/#author\"},\"publisher\":{\"@id\":\"https:\\\/\\\/www.encontrafeiradesantana.com.br\\\/sobre\\\/#organization\"},\"image\":{\"@type\":\"ImageObject\",\"url\":\"https:\\\/\\\/www.encontrafeiradesantana.com.br\\\/sobre\\\/wp-content\\\/uploads\\\/2026\\\/08\\\/feira-de-santana-participa-de-formacao-nacional-voltada-a-agricultura-urbana-e-periurbana.webp\",\"width\":280,\"height\":280,\"caption\":\"Agricultura Urbana e Periurbana\"},\"datePublished\":\"2026-08-27T03:37:31-03:00\",\"dateModified\":\"2026-08-27T03:37:31-03:00\",\"inLanguage\":\"pt-BR\",\"mainEntityOfPage\":{\"@id\":\"https:\\\/\\\/www.encontrafeiradesantana.com.br\\\/sobre\\\/feira-de-santana-participa-de-formacao-nacional-voltada-a-agricultura-urbana-e-periurbana\\\/#webpage\"},\"isPartOf\":{\"@id\":\"https:\\\/\\\/www.encontrafeiradesantana.com.br\\\/sobre\\\/feira-de-santana-participa-de-formacao-nacional-voltada-a-agricultura-urbana-e-periurbana\\\/#webpage\"},\"articleSection\":\"Cultura Feira de Santana\"},{\"@type\":\"BreadcrumbList\",\"@id\":\"https:\\\/\\\/www.encontrafeiradesantana.com.br\\\/sobre\\\/feira-de-santana-participa-de-formacao-nacional-voltada-a-agricultura-urbana-e-periurbana\\\/#breadcrumblist\",\"itemListElement\":[{\"@type\":\"ListItem\",\"@id\":\"https:\\\/\\\/www.encontrafeiradesantana.com.br\\\/sobre#listItem\",\"position\":1,\"name\":\"In\\u00edcio\",\"item\":\"https:\\\/\\\/www.encontrafeiradesantana.com.br\\\/sobre\",\"nextItem\":{\"@type\":\"ListItem\",\"@id\":\"https:\\\/\\\/www.encontrafeiradesantana.com.br\\\/sobre\\\/cultura-em-feira-de-santana\\\/#listItem\",\"name\":\"Cultura Feira de Santana\"}},{\"@type\":\"ListItem\",\"@id\":\"https:\\\/\\\/www.encontrafeiradesantana.com.br\\\/sobre\\\/cultura-em-feira-de-santana\\\/#listItem\",\"position\":2,\"name\":\"Cultura Feira de Santana\",\"item\":\"https:\\\/\\\/www.encontrafeiradesantana.com.br\\\/sobre\\\/cultura-em-feira-de-santana\\\/\",\"nextItem\":{\"@type\":\"ListItem\",\"@id\":\"https:\\\/\\\/www.encontrafeiradesantana.com.br\\\/sobre\\\/feira-de-santana-participa-de-formacao-nacional-voltada-a-agricultura-urbana-e-periurbana\\\/#listItem\",\"name\":\"Feira de Santana participa de forma\\u00e7\\u00e3o nacional voltada \\u00e0 Agricultura Urbana e Periurbana\"},\"previousItem\":{\"@type\":\"ListItem\",\"@id\":\"https:\\\/\\\/www.encontrafeiradesantana.com.br\\\/sobre#listItem\",\"name\":\"In\\u00edcio\"}},{\"@type\":\"ListItem\",\"@id\":\"https:\\\/\\\/www.encontrafeiradesantana.com.br\\\/sobre\\\/feira-de-santana-participa-de-formacao-nacional-voltada-a-agricultura-urbana-e-periurbana\\\/#listItem\",\"position\":3,\"name\":\"Feira de Santana participa de forma\\u00e7\\u00e3o nacional voltada \\u00e0 Agricultura Urbana e Periurbana\",\"previousItem\":{\"@type\":\"ListItem\",\"@id\":\"https:\\\/\\\/www.encontrafeiradesantana.com.br\\\/sobre\\\/cultura-em-feira-de-santana\\\/#listItem\",\"name\":\"Cultura Feira de Santana\"}}]},{\"@type\":\"Organization\",\"@id\":\"https:\\\/\\\/www.encontrafeiradesantana.com.br\\\/sobre\\\/#organization\",\"name\":\"Encontra Feira de Santana\",\"description\":\"Not\\u00edcias, eventos, informa\\u00e7\\u00f5es e dicas na cidade Feira de Santana e regi\\u00e3o.\",\"url\":\"https:\\\/\\\/www.encontrafeiradesantana.com.br\\\/sobre\\\/\"},{\"@type\":\"Person\",\"@id\":\"https:\\\/\\\/www.encontrafeiradesantana.com.br\\\/sobre\\\/author\\\/efeiradesantana\\\/#author\",\"url\":\"https:\\\/\\\/www.encontrafeiradesantana.com.br\\\/sobre\\\/author\\\/efeiradesantana\\\/\",\"name\":\"Encontra Feira de Santana\",\"image\":{\"@type\":\"ImageObject\",\"@id\":\"https:\\\/\\\/www.encontrafeiradesantana.com.br\\\/sobre\\\/feira-de-santana-participa-de-formacao-nacional-voltada-a-agricultura-urbana-e-periurbana\\\/#authorImage\",\"url\":\"https:\\\/\\\/secure.gravatar.com\\\/avatar\\\/507340682b8270222e1f208e23198b6ae7e2c6a1033ae84e99bc6bce4f82a387?s=96&d=mm&r=g\",\"width\":96,\"height\":96,\"caption\":\"Encontra Feira de Santana\"}},{\"@type\":\"WebPage\",\"@id\":\"https:\\\/\\\/www.encontrafeiradesantana.com.br\\\/sobre\\\/feira-de-santana-participa-de-formacao-nacional-voltada-a-agricultura-urbana-e-periurbana\\\/#webpage\",\"url\":\"https:\\\/\\\/www.encontrafeiradesantana.com.br\\\/sobre\\\/feira-de-santana-participa-de-formacao-nacional-voltada-a-agricultura-urbana-e-periurbana\\\/\",\"name\":\"Feira de Santana participa de forma\\u00e7\\u00e3o nacional voltada \\u00e0 Agricultura Urbana e Periurbana | Encontra Feira de Santana\",\"description\":\"Descubra como o setor de Agricultura Urbana e Periurbana est\\u00e1 se reinventando em Feira de Santana.\",\"inLanguage\":\"pt-BR\",\"isPartOf\":{\"@id\":\"https:\\\/\\\/www.encontrafeiradesantana.com.br\\\/sobre\\\/#website\"},\"breadcrumb\":{\"@id\":\"https:\\\/\\\/www.encontrafeiradesantana.com.br\\\/sobre\\\/feira-de-santana-participa-de-formacao-nacional-voltada-a-agricultura-urbana-e-periurbana\\\/#breadcrumblist\"},\"author\":{\"@id\":\"https:\\\/\\\/www.encontrafeiradesantana.com.br\\\/sobre\\\/author\\\/efeiradesantana\\\/#author\"},\"creator\":{\"@id\":\"https:\\\/\\\/www.encontrafeiradesantana.com.br\\\/sobre\\\/author\\\/efeiradesantana\\\/#author\"},\"image\":{\"@type\":\"ImageObject\",\"url\":\"https:\\\/\\\/www.encontrafeiradesantana.com.br\\\/sobre\\\/wp-content\\\/uploads\\\/2026\\\/08\\\/feira-de-santana-participa-de-formacao-nacional-voltada-a-agricultura-urbana-e-periurbana.webp\",\"@id\":\"https:\\\/\\\/www.encontrafeiradesantana.com.br\\\/sobre\\\/feira-de-santana-participa-de-formacao-nacional-voltada-a-agricultura-urbana-e-periurbana\\\/#mainImage\",\"width\":280,\"height\":280,\"caption\":\"Agricultura Urbana e Periurbana\"},\"primaryImageOfPage\":{\"@id\":\"https:\\\/\\\/www.encontrafeiradesantana.com.br\\\/sobre\\\/feira-de-santana-participa-de-formacao-nacional-voltada-a-agricultura-urbana-e-periurbana\\\/#mainImage\"},\"datePublished\":\"2026-08-27T03:37:31-03:00\",\"dateModified\":\"2026-08-27T03:37:31-03:00\"},{\"@type\":\"WebSite\",\"@id\":\"https:\\\/\\\/www.encontrafeiradesantana.com.br\\\/sobre\\\/#website\",\"url\":\"https:\\\/\\\/www.encontrafeiradesantana.com.br\\\/sobre\\\/\",\"name\":\"Encontra Feira de Santana\",\"description\":\"Not\\u00edcias, eventos, informa\\u00e7\\u00f5es e dicas na cidade Feira de Santana e regi\\u00e3o.\",\"inLanguage\":\"pt-BR\",\"publisher\":{\"@id\":\"https:\\\/\\\/www.encontrafeiradesantana.com.br\\\/sobre\\\/#organization\"}}]}\n\t\t<\/script>\n\t\t<!-- All in One SEO -->\n\n","aioseo_head_json":{"title":"Feira de Santana participa de forma\u00e7\u00e3o nacional voltada \u00e0 Agricultura Urbana e Periurbana | Encontra Feira de Santana","description":"Descubra como o setor de Agricultura Urbana e Periurbana est\u00e1 se reinventando em Feira de Santana.","canonical_url":"https:\/\/www.encontrafeiradesantana.com.br\/sobre\/feira-de-santana-participa-de-formacao-nacional-voltada-a-agricultura-urbana-e-periurbana\/","robots":"max-image-preview:large","keywords":"","webmasterTools":{"miscellaneous":""},"schema":{"@context":"https:\/\/schema.org","@graph":[{"@type":"Article","@id":"https:\/\/www.encontrafeiradesantana.com.br\/sobre\/feira-de-santana-participa-de-formacao-nacional-voltada-a-agricultura-urbana-e-periurbana\/#article","name":"Feira de Santana participa de forma\u00e7\u00e3o nacional voltada \u00e0 Agricultura Urbana e Periurbana | Encontra Feira de Santana","headline":"Feira de Santana participa de forma\u00e7\u00e3o nacional voltada \u00e0 Agricultura Urbana e Periurbana","author":{"@id":"https:\/\/www.encontrafeiradesantana.com.br\/sobre\/author\/efeiradesantana\/#author"},"publisher":{"@id":"https:\/\/www.encontrafeiradesantana.com.br\/sobre\/#organization"},"image":{"@type":"ImageObject","url":"https:\/\/www.encontrafeiradesantana.com.br\/sobre\/wp-content\/uploads\/2026\/08\/feira-de-santana-participa-de-formacao-nacional-voltada-a-agricultura-urbana-e-periurbana.webp","width":280,"height":280,"caption":"Agricultura Urbana e Periurbana"},"datePublished":"2026-08-27T03:37:31-03:00","dateModified":"2026-08-27T03:37:31-03:00","inLanguage":"pt-BR","mainEntityOfPage":{"@id":"https:\/\/www.encontrafeiradesantana.com.br\/sobre\/feira-de-santana-participa-de-formacao-nacional-voltada-a-agricultura-urbana-e-periurbana\/#webpage"},"isPartOf":{"@id":"https:\/\/www.encontrafeiradesantana.com.br\/sobre\/feira-de-santana-participa-de-formacao-nacional-voltada-a-agricultura-urbana-e-periurbana\/#webpage"},"articleSection":"Cultura Feira de Santana"},{"@type":"BreadcrumbList","@id":"https:\/\/www.encontrafeiradesantana.com.br\/sobre\/feira-de-santana-participa-de-formacao-nacional-voltada-a-agricultura-urbana-e-periurbana\/#breadcrumblist","itemListElement":[{"@type":"ListItem","@id":"https:\/\/www.encontrafeiradesantana.com.br\/sobre#listItem","position":1,"name":"In\u00edcio","item":"https:\/\/www.encontrafeiradesantana.com.br\/sobre","nextItem":{"@type":"ListItem","@id":"https:\/\/www.encontrafeiradesantana.com.br\/sobre\/cultura-em-feira-de-santana\/#listItem","name":"Cultura Feira de Santana"}},{"@type":"ListItem","@id":"https:\/\/www.encontrafeiradesantana.com.br\/sobre\/cultura-em-feira-de-santana\/#listItem","position":2,"name":"Cultura Feira de Santana","item":"https:\/\/www.encontrafeiradesantana.com.br\/sobre\/cultura-em-feira-de-santana\/","nextItem":{"@type":"ListItem","@id":"https:\/\/www.encontrafeiradesantana.com.br\/sobre\/feira-de-santana-participa-de-formacao-nacional-voltada-a-agricultura-urbana-e-periurbana\/#listItem","name":"Feira de Santana participa de forma\u00e7\u00e3o nacional voltada \u00e0 Agricultura Urbana e Periurbana"},"previousItem":{"@type":"ListItem","@id":"https:\/\/www.encontrafeiradesantana.com.br\/sobre#listItem","name":"In\u00edcio"}},{"@type":"ListItem","@id":"https:\/\/www.encontrafeiradesantana.com.br\/sobre\/feira-de-santana-participa-de-formacao-nacional-voltada-a-agricultura-urbana-e-periurbana\/#listItem","position":3,"name":"Feira de Santana participa de forma\u00e7\u00e3o nacional voltada \u00e0 Agricultura Urbana e Periurbana","previousItem":{"@type":"ListItem","@id":"https:\/\/www.encontrafeiradesantana.com.br\/sobre\/cultura-em-feira-de-santana\/#listItem","name":"Cultura Feira de Santana"}}]},{"@type":"Organization","@id":"https:\/\/www.encontrafeiradesantana.com.br\/sobre\/#organization","name":"Encontra Feira de Santana","description":"Not\u00edcias, eventos, informa\u00e7\u00f5es e dicas na cidade Feira de Santana e regi\u00e3o.","url":"https:\/\/www.encontrafeiradesantana.com.br\/sobre\/"},{"@type":"Person","@id":"https:\/\/www.encontrafeiradesantana.com.br\/sobre\/author\/efeiradesantana\/#author","url":"https:\/\/www.encontrafeiradesantana.com.br\/sobre\/author\/efeiradesantana\/","name":"Encontra Feira de Santana","image":{"@type":"ImageObject","@id":"https:\/\/www.encontrafeiradesantana.com.br\/sobre\/feira-de-santana-participa-de-formacao-nacional-voltada-a-agricultura-urbana-e-periurbana\/#authorImage","url":"https:\/\/secure.gravatar.com\/avatar\/507340682b8270222e1f208e23198b6ae7e2c6a1033ae84e99bc6bce4f82a387?s=96&d=mm&r=g","width":96,"height":96,"caption":"Encontra Feira de Santana"}},{"@type":"WebPage","@id":"https:\/\/www.encontrafeiradesantana.com.br\/sobre\/feira-de-santana-participa-de-formacao-nacional-voltada-a-agricultura-urbana-e-periurbana\/#webpage","url":"https:\/\/www.encontrafeiradesantana.com.br\/sobre\/feira-de-santana-participa-de-formacao-nacional-voltada-a-agricultura-urbana-e-periurbana\/","name":"Feira de Santana participa de forma\u00e7\u00e3o nacional voltada \u00e0 Agricultura Urbana e Periurbana | Encontra Feira de Santana","description":"Descubra como o setor de Agricultura Urbana e Periurbana est\u00e1 se reinventando em Feira de Santana.","inLanguage":"pt-BR","isPartOf":{"@id":"https:\/\/www.encontrafeiradesantana.com.br\/sobre\/#website"},"breadcrumb":{"@id":"https:\/\/www.encontrafeiradesantana.com.br\/sobre\/feira-de-santana-participa-de-formacao-nacional-voltada-a-agricultura-urbana-e-periurbana\/#breadcrumblist"},"author":{"@id":"https:\/\/www.encontrafeiradesantana.com.br\/sobre\/author\/efeiradesantana\/#author"},"creator":{"@id":"https:\/\/www.encontrafeiradesantana.com.br\/sobre\/author\/efeiradesantana\/#author"},"image":{"@type":"ImageObject","url":"https:\/\/www.encontrafeiradesantana.com.br\/sobre\/wp-content\/uploads\/2026\/08\/feira-de-santana-participa-de-formacao-nacional-voltada-a-agricultura-urbana-e-periurbana.webp","@id":"https:\/\/www.encontrafeiradesantana.com.br\/sobre\/feira-de-santana-participa-de-formacao-nacional-voltada-a-agricultura-urbana-e-periurbana\/#mainImage","width":280,"height":280,"caption":"Agricultura Urbana e Periurbana"},"primaryImageOfPage":{"@id":"https:\/\/www.encontrafeiradesantana.com.br\/sobre\/feira-de-santana-participa-de-formacao-nacional-voltada-a-agricultura-urbana-e-periurbana\/#mainImage"},"datePublished":"2026-08-27T03:37:31-03:00","dateModified":"2026-08-27T03:37:31-03:00"},{"@type":"WebSite","@id":"https:\/\/www.encontrafeiradesantana.com.br\/sobre\/#website","url":"https:\/\/www.encontrafeiradesantana.com.br\/sobre\/","name":"Encontra Feira de Santana","description":"Not\u00edcias, eventos, informa\u00e7\u00f5es e dicas na cidade Feira de Santana e regi\u00e3o.","inLanguage":"pt-BR","publisher":{"@id":"https:\/\/www.encontrafeiradesantana.com.br\/sobre\/#organization"}}]},"og:locale":"pt_BR","og:site_name":"Encontra Feira de Santana | Not\u00edcias, eventos, informa\u00e7\u00f5es e dicas na cidade Feira de Santana e regi\u00e3o.","og:type":"article","og:title":"Feira de Santana participa de forma\u00e7\u00e3o nacional voltada \u00e0 Agricultura Urbana e Periurbana | Encontra Feira de Santana","og:description":"Descubra como o setor de Agricultura Urbana e Periurbana est\u00e1 se reinventando em Feira de Santana.","og:url":"https:\/\/www.encontrafeiradesantana.com.br\/sobre\/feira-de-santana-participa-de-formacao-nacional-voltada-a-agricultura-urbana-e-periurbana\/","article:published_time":"2026-08-27T06:37:31+00:00","article:modified_time":"2026-08-27T06:37:31+00:00","twitter:card":"summary","twitter:title":"Feira de Santana participa de forma\u00e7\u00e3o nacional voltada \u00e0 Agricultura Urbana e Periurbana | Encontra Feira de Santana","twitter:description":"Descubra como o setor de Agricultura Urbana e Periurbana est\u00e1 se reinventando em Feira de Santana."},"aioseo_meta_data":{"post_id":"2744","title":null,"description":null,"keywords":null,"keyphrases":null,"primary_term":null,"canonical_url":null,"og_title":null,"og_description":null,"og_object_type":"default","og_image_type":"default","og_image_url":null,"og_image_width":null,"og_image_height":null,"og_image_custom_url":null,"og_image_custom_fields":null,"og_video":null,"og_custom_url":null,"og_article_section":null,"og_article_tags":null,"twitter_use_og":false,"twitter_card":"default","twitter_image_type":"default","twitter_image_url":null,"twitter_image_custom_url":null,"twitter_image_custom_fields":null,"twitter_title":null,"twitter_description":null,"schema":{"blockGraphs":[],"customGraphs":[],"default":{"data":{"Article":[],"Course":[],"Dataset":[],"FAQPage":[],"Movie":[],"Person":[],"Product":[],"ProductReview":[],"Car":[],"Recipe":[],"Service":[],"SoftwareApplication":[],"WebPage":[]},"graphName":"Article","isEnabled":true},"graphs":[]},"schema_type":"default","schema_type_options":null,"pillar_content":false,"robots_default":true,"robots_noindex":false,"robots_noarchive":false,"robots_nosnippet":false,"robots_nofollow":false,"robots_noimageindex":false,"robots_noodp":false,"robots_notranslate":false,"robots_max_snippet":null,"robots_max_videopreview":null,"robots_max_imagepreview":"large","priority":null,"frequency":null,"local_seo":null,"breadcrumb_settings":null,"limit_modified_date":false,"ai":null,"created":"2026-08-27 06:37:31","updated":"2026-08-27 06:38:44","focus_keyword":null,"additional_keywords":null,"truseo_locale":null,"seo_analyzer_scan_date":null},"aioseo_breadcrumb":"<div class=\"aioseo-breadcrumbs\"><span class=\"aioseo-breadcrumb\">\n\t\t\t<a href=\"https:\/\/www.encontrafeiradesantana.com.br\/sobre\" title=\"In\u00edcio\">In\u00edcio<\/a>\n\t\t<\/span><span class=\"aioseo-breadcrumb-separator\">&raquo;<\/span><span class=\"aioseo-breadcrumb\">\n\t\t\t<a href=\"https:\/\/www.encontrafeiradesantana.com.br\/sobre\/cultura-em-feira-de-santana\/\" title=\"Cultura Feira de Santana\">Cultura Feira de Santana<\/a>\n\t\t<\/span><span class=\"aioseo-breadcrumb-separator\">&raquo;<\/span><span class=\"aioseo-breadcrumb\">\n\t\t\tFeira de Santana participa de forma\u00e7\u00e3o nacional voltada \u00e0 Agricultura Urbana e Periurbana\n\t\t<\/span><\/div>","aioseo_breadcrumb_json":[{"label":"In\u00edcio","link":"https:\/\/www.encontrafeiradesantana.com.br\/sobre"},{"label":"Cultura Feira de Santana","link":"https:\/\/www.encontrafeiradesantana.com.br\/sobre\/cultura-em-feira-de-santana\/"},{"label":"Feira de Santana participa de forma\u00e7\u00e3o nacional voltada \u00e0 Agricultura Urbana e Periurbana","link":"https:\/\/www.encontrafeiradesantana.com.br\/sobre\/feira-de-santana-participa-de-formacao-nacional-voltada-a-agricultura-urbana-e-periurbana\/"}],"_links":{"self":[{"href":"https:\/\/www.encontrafeiradesantana.com.br\/sobre\/wp-json\/wp\/v2\/posts\/2744","targetHints":{"allow":["GET"]}}],"collection":[{"href":"https:\/\/www.encontrafeiradesantana.com.br\/sobre\/wp-json\/wp\/v2\/posts"}],"about":[{"href":"https:\/\/www.encontrafeiradesantana.com.br\/sobre\/wp-json\/wp\/v2\/types\/post"}],"author":[{"embeddable":true,"href":"https:\/\/www.encontrafeiradesantana.com.br\/sobre\/wp-json\/wp\/v2\/users\/1"}],"replies":[{"embeddable":true,"href":"https:\/\/www.encontrafeiradesantana.com.br\/sobre\/wp-json\/wp\/v2\/comments?post=2744"}],"version-history":[{"count":0,"href":"https:\/\/www.encontrafeiradesantana.com.br\/sobre\/wp-json\/wp\/v2\/posts\/2744\/revisions"}],"wp:featuredmedia":[{"embeddable":true,"href":"https:\/\/www.encontrafeiradesantana.com.br\/sobre\/wp-json\/wp\/v2\/media\/2743"}],"wp:attachment":[{"href":"https:\/\/www.encontrafeiradesantana.com.br\/sobre\/wp-json\/wp\/v2\/media?parent=2744"}],"wp:term":[{"taxonomy":"category","embeddable":true,"href":"https:\/\/www.encontrafeiradesantana.com.br\/sobre\/wp-json\/wp\/v2\/categories?post=2744"},{"taxonomy":"post_tag","embeddable":true,"href":"https:\/\/www.encontrafeiradesantana.com.br\/sobre\/wp-json\/wp\/v2\/tags?post=2744"}],"curies":[{"name":"wp","href":"https:\/\/api.w.org\/{rel}","templated":true}]}}