{"id":2738,"date":"2026-08-26T03:37:58","date_gmt":"2026-08-26T06:37:58","guid":{"rendered":"https:\/\/www.encontrafeiradesantana.com.br\/sobre\/panorama-iii-tera-mais-cinco-ruas-pavimentadas-e-100-das-vias-urbanizadas\/"},"modified":"2026-08-26T03:37:58","modified_gmt":"2026-08-26T06:37:58","slug":"panorama-iii-tera-mais-cinco-ruas-pavimentadas-e-100-das-vias-urbanizadas","status":"publish","type":"post","link":"https:\/\/www.encontrafeiradesantana.com.br\/sobre\/panorama-iii-tera-mais-cinco-ruas-pavimentadas-e-100-das-vias-urbanizadas\/","title":{"rendered":"Panorama III ter\u00e1 mais cinco ruas pavimentadas e 100% das vias urbanizadas"},"content":{"rendered":"<div class=\"3f468104ad11f00a3c9ac948316f4265\" data-index=\"1\" style=\"float: none; margin:0px;\">\n<ins class=\"adsbygoogle\"\r\n     style=\"display:block\"\r\n     data-ad-client=\"ca-pub-8585364105181520\"\r\n     data-ad-slot=\"8789329856\"\r\n     data-ad-format=\"auto\"\r\n     data-full-width-responsive=\"true\"><\/ins>\r\n<script>\r\n     (adsbygoogle = window.adsbygoogle || []).push({});\r\n<\/script>\r\n\n<\/div>\n<h2>An\u00fancio do Prefeito sobre Pavimenta\u00e7\u00e3o<\/h2>\n<p>No dia 25 de agosto de 2026, o prefeito Jos\u00e9 Ronaldo de Carvalho fez um an\u00fancio importante para a comunidade, referente \u00e0 pavimenta\u00e7\u00e3o de cinco ruas do Conjunto Panorama III, localizado no bairro Tomba. Com essa nova a\u00e7\u00e3o, ser\u00e1 poss\u00edvel que todas as vias dentro da localidade sejam pavimentadas, colocando fim a uma antiga demanda dos moradores. O prefeito ressaltou que a execu\u00e7\u00e3o das obras \u00e9 um marco significativo que atender\u00e1 aos anseios que perduravam por muito tempo.<\/p>\n<h2>Ruas S\u00e3o Lu\u00eds, B e E: Novidades<\/h2>\n<p>As ruas que receber\u00e3o o novo asfaltamento incluem a Rua S\u00e3o Lu\u00eds e outras vias identificadas como B e E, al\u00e9m de duas ruas adicionais na comunidade. Este projeto faz parte de um esfor\u00e7o cont\u00ednuo da Prefeitura de Feira de Santana para aprimorar a infraestrutura urbana, promovendo um ambiente mais seguro e acess\u00edvel aos seus habitantes.<\/p>\n<h2>Melhoria na Mobilidade e Acessibilidade<\/h2>\n<p>A pavimenta\u00e7\u00e3o em paralelep\u00edpedo proporcionar\u00e1 melhorias significativas na mobilidade e na acessibilidade na \u00e1rea. Comunidades bem estruturadas s\u00e3o fundamentais para a circula\u00e7\u00e3o n\u00e3o apenas de ve\u00edculos, mas tamb\u00e9m para o deslocamento a p\u00e9, aumentando a qualidade de vida para todos os residentes. O trabalho visa resolver problemas antigos relacionados ao tr\u00e1fego e ao acesso, que se tornavam barreiras para o desenvolvimento local.<\/p>\n<p><img decoding=\"async\" src=\"https:\/\/www.encontrafeiradesantana.com.br\/sobre\/wp-content\/uploads\/2026\/08\/panorama-iii-tera-mais-cinco-ruas-pavimentadas-e-100-das-vias-urbanizadas.webp\" alt=\"Panorama III\" loading=\"lazy\" \/><\/p>\n<h2>Import\u00e2ncia da Pavimenta\u00e7\u00e3o para a Comunidade<\/h2>\n<p>Durante o evento, o prefeito Jos\u00e9 Ronaldo destacou a relev\u00e2ncia da obra ao afirmar: &#8220;Estamos autorizando a pavimenta\u00e7\u00e3o das \u00faltimas ruas que ainda n\u00e3o receberam melhorias no Panorama III. Com essa obra, vamos alcan\u00e7ar 100% das vias pavimentadas na localidade, garantindo mais conforto, seguran\u00e7a e dignidade para os moradores&#8221;. Esta declara\u00e7\u00e3o ressoa com os desejos da comunidade, que esperava por melhorias h\u00e1 anos, reafirmando o compromisso da administra\u00e7\u00e3o com o bem-estar do cidad\u00e3o.<\/p>\n<h2>Redu\u00e7\u00e3o de Poeira e Lama<\/h2>\n<p>A pavimenta\u00e7\u00e3o tamb\u00e9m trar\u00e1 benef\u00edcios significativos em rela\u00e7\u00e3o \u00e0 poeira durante per\u00edodos secos e \u00e0 lama durante as chuvas. Esses problemas frequentemente afetam a qualidade de vida das fam\u00edlias, e a nova infraestrutura deve ajudar a minimizar esses impactos, permitindo que a popula\u00e7\u00e3o viva em um ambiente mais limpo e saud\u00e1vel. Tal interven\u00e7\u00e3o \u00e9 vital para a preserva\u00e7\u00e3o do bem-estar dos residentes do Panorama III.<\/p>\n<h2>Compromisso com a Infraestrutura Urbana<\/h2>\n<p>De acordo com o prefeito, a conclus\u00e3o da pavimenta\u00e7\u00e3o das ruas representa mais um progresso na infraestrutura da cidade de Feira de Santana. Ele comentou sobre o compromisso da administra\u00e7\u00e3o p\u00fablica em continuar a implementar obras que efetivamente transformem a realidade das comunidades locais: &#8220;Nosso compromisso \u00e9 continuar levando obras que transformem a vida das pessoas e promovam o desenvolvimento das comunidades&#8221;. Esse fortalecimento da infraestrutura \u00e9 considerado essencial para a cria\u00e7\u00e3o de condi\u00e7\u00f5es adequadas de vida e crescimento nas \u00e1reas urbanas.<\/p>\n<h2>Obras que Transformam Vidas<\/h2>\n<p>As obras de pavimenta\u00e7\u00e3o s\u00e3o um reflexo do potencial transformador que melhorias na infraestrutura p\u00fablica podem ter na vida das pessoas. O investimento em vias adequadas n\u00e3o s\u00f3 moderniza a \u00e1rea urbana mas tamb\u00e9m resulta em um aumento da autoestima da comunidade, promovendo um sentimento de pertencimento e valoriza\u00e7\u00e3o do espa\u00e7o onde residem. O prefeito ressaltou a import\u00e2ncia desse tipo de interven\u00e7\u00e3o para estimular o crescimento e desenvolvimento da cidade como um todo.<\/p>\n<h2>Acesso Facilitar\u00e1 o Dia a Dia<\/h2>\n<p>A nova pavimenta\u00e7\u00e3o tem a inten\u00e7\u00e3o de facilitar o dia a dia dos cidad\u00e3os que residem em Panorama III, permitindo acesso mais f\u00e1cil a servi\u00e7os essenciais, como transporte p\u00fablico, escolas e hospitais. Facilitar a circula\u00e7\u00e3o de ve\u00edculos e pedestres impacta diretamente na qualidade de vida, criando um ambiente mais fluido e acess\u00edvel. Al\u00e9m disso, melhorias desse tipo podem aumentar a seguran\u00e7a nas ruas, reduzindo acidentes e promovendo a tranquilidade dos usu\u00e1rios.<\/p>\n<h2>Participa\u00e7\u00e3o da Comunidade no Processo<\/h2>\n<p>As obras visam atender n\u00e3o apenas \u00e0 demanda de infraestrutura, mas tamb\u00e9m reconhecem a import\u00e2ncia da participa\u00e7\u00e3o da comunidade no processo de desenvolvimento urbano. A administra\u00e7\u00e3o p\u00fablica enfatiza o di\u00e1logo constante com os moradores para compreender suas necessidades e prioridades, garantindo que as interven\u00e7\u00f5es realizadas sejam efetivas e apropriadamente direcionadas. Isso demonstra um compromisso com a transpar\u00eancia e a inclus\u00e3o no planejamento urbano.<\/p>\n<h2>Expectativas dos Moradores<\/h2>\n<p>Os moradores de Panorama III est\u00e3o aguardando ansiosamente a execu\u00e7\u00e3o das obras e os efeitos positivos que esta a\u00e7\u00e3o trar\u00e1 \u00e0 vida cotidiana. Muitos expressaram sua satisfa\u00e7\u00e3o com o an\u00fancio, vendo nele uma promessa de um futuro melhor e mais promissor para suas fam\u00edlias. A expectativa \u00e9 que essas melhorias n\u00e3o apenas resolvam problemas de infraestrutura, mas tamb\u00e9m incentivem uma maior coes\u00e3o comunit\u00e1ria, unindo os moradores em torno de um objetivo comum: viver em um local mais seguro e organizado.<\/p>\n\n<div style=\"font-size: 0px; height: 0px; line-height: 0px; margin: 0; padding: 0; clear: both;\"><\/div>","protected":false},"excerpt":{"rendered":"<p>Panorama III agora conta com 100% das vias urbanizadas e cinco novas ruas pavimentadas.<\/p>\n","protected":false},"author":1,"featured_media":2737,"comment_status":"open","ping_status":"closed","sticky":false,"template":"","format":"standard","meta":{"footnotes":""},"categories":[25],"tags":[],"class_list":["post-2738","post","type-post","status-publish","format-standard","has-post-thumbnail","hentry","category-construcao-em-feira-de-santana","has_thumb"],"aioseo_notices":[],"aioseo_head":"\n\t\t<!-- All in One SEO 5.0.0.1 - aioseo.com -->\n\t<meta name=\"description\" content=\"Panorama III agora conta com 100% das vias urbanizadas e cinco novas ruas pavimentadas.\" \/>\n\t<meta name=\"robots\" content=\"max-image-preview:large\" \/>\n\t<meta name=\"author\" content=\"Encontra Feira de Santana\"\/>\n\t<link rel=\"canonical\" href=\"https:\/\/www.encontrafeiradesantana.com.br\/sobre\/panorama-iii-tera-mais-cinco-ruas-pavimentadas-e-100-das-vias-urbanizadas\/\" \/>\n\t<meta name=\"generator\" content=\"All in One SEO (AIOSEO) 5.0.0.1\" \/>\n\t\t<meta property=\"og:locale\" content=\"pt_BR\" \/>\n\t\t<meta property=\"og:site_name\" content=\"Encontra Feira de Santana | Not\u00edcias, eventos, informa\u00e7\u00f5es e dicas na cidade Feira de Santana e regi\u00e3o.\" \/>\n\t\t<meta property=\"og:type\" content=\"article\" \/>\n\t\t<meta property=\"og:title\" content=\"Panorama III ter\u00e1 mais cinco ruas pavimentadas e 100% das vias urbanizadas | Encontra Feira de Santana\" \/>\n\t\t<meta property=\"og:description\" content=\"Panorama III agora conta com 100% das vias urbanizadas e cinco novas ruas pavimentadas.\" \/>\n\t\t<meta property=\"og:url\" content=\"https:\/\/www.encontrafeiradesantana.com.br\/sobre\/panorama-iii-tera-mais-cinco-ruas-pavimentadas-e-100-das-vias-urbanizadas\/\" \/>\n\t\t<meta property=\"article:published_time\" content=\"2026-08-26T06:37:58+00:00\" \/>\n\t\t<meta property=\"article:modified_time\" content=\"2026-08-26T06:37:58+00:00\" \/>\n\t\t<meta name=\"twitter:card\" content=\"summary\" \/>\n\t\t<meta name=\"twitter:title\" content=\"Panorama III ter\u00e1 mais cinco ruas pavimentadas e 100% das vias urbanizadas | Encontra Feira de Santana\" \/>\n\t\t<meta name=\"twitter:description\" content=\"Panorama III agora conta com 100% das vias urbanizadas e cinco novas ruas pavimentadas.\" \/>\n\t\t<script type=\"application\/ld+json\" class=\"aioseo-schema\">\n\t\t\t{\"@context\":\"https:\\\/\\\/schema.org\",\"@graph\":[{\"@type\":\"Article\",\"@id\":\"https:\\\/\\\/www.encontrafeiradesantana.com.br\\\/sobre\\\/panorama-iii-tera-mais-cinco-ruas-pavimentadas-e-100-das-vias-urbanizadas\\\/#article\",\"name\":\"Panorama III ter\\u00e1 mais cinco ruas pavimentadas e 100% das vias urbanizadas | Encontra Feira de Santana\",\"headline\":\"Panorama III ter\\u00e1 mais cinco ruas pavimentadas e 100% das vias urbanizadas\",\"author\":{\"@id\":\"https:\\\/\\\/www.encontrafeiradesantana.com.br\\\/sobre\\\/author\\\/efeiradesantana\\\/#author\"},\"publisher\":{\"@id\":\"https:\\\/\\\/www.encontrafeiradesantana.com.br\\\/sobre\\\/#organization\"},\"image\":{\"@type\":\"ImageObject\",\"url\":\"https:\\\/\\\/www.encontrafeiradesantana.com.br\\\/sobre\\\/wp-content\\\/uploads\\\/2026\\\/08\\\/panorama-iii-tera-mais-cinco-ruas-pavimentadas-e-100-das-vias-urbanizadas.webp\",\"width\":280,\"height\":280,\"caption\":\"Panorama III\"},\"datePublished\":\"2026-08-26T03:37:58-03:00\",\"dateModified\":\"2026-08-26T03:37:58-03:00\",\"inLanguage\":\"pt-BR\",\"mainEntityOfPage\":{\"@id\":\"https:\\\/\\\/www.encontrafeiradesantana.com.br\\\/sobre\\\/panorama-iii-tera-mais-cinco-ruas-pavimentadas-e-100-das-vias-urbanizadas\\\/#webpage\"},\"isPartOf\":{\"@id\":\"https:\\\/\\\/www.encontrafeiradesantana.com.br\\\/sobre\\\/panorama-iii-tera-mais-cinco-ruas-pavimentadas-e-100-das-vias-urbanizadas\\\/#webpage\"},\"articleSection\":\"Constru\\u00e7\\u00e3o Feira de Santana\"},{\"@type\":\"BreadcrumbList\",\"@id\":\"https:\\\/\\\/www.encontrafeiradesantana.com.br\\\/sobre\\\/panorama-iii-tera-mais-cinco-ruas-pavimentadas-e-100-das-vias-urbanizadas\\\/#breadcrumblist\",\"itemListElement\":[{\"@type\":\"ListItem\",\"@id\":\"https:\\\/\\\/www.encontrafeiradesantana.com.br\\\/sobre#listItem\",\"position\":1,\"name\":\"In\\u00edcio\",\"item\":\"https:\\\/\\\/www.encontrafeiradesantana.com.br\\\/sobre\",\"nextItem\":{\"@type\":\"ListItem\",\"@id\":\"https:\\\/\\\/www.encontrafeiradesantana.com.br\\\/sobre\\\/construcao-em-feira-de-santana\\\/#listItem\",\"name\":\"Constru\\u00e7\\u00e3o Feira de Santana\"}},{\"@type\":\"ListItem\",\"@id\":\"https:\\\/\\\/www.encontrafeiradesantana.com.br\\\/sobre\\\/construcao-em-feira-de-santana\\\/#listItem\",\"position\":2,\"name\":\"Constru\\u00e7\\u00e3o Feira de Santana\",\"item\":\"https:\\\/\\\/www.encontrafeiradesantana.com.br\\\/sobre\\\/construcao-em-feira-de-santana\\\/\",\"nextItem\":{\"@type\":\"ListItem\",\"@id\":\"https:\\\/\\\/www.encontrafeiradesantana.com.br\\\/sobre\\\/panorama-iii-tera-mais-cinco-ruas-pavimentadas-e-100-das-vias-urbanizadas\\\/#listItem\",\"name\":\"Panorama III ter\\u00e1 mais cinco ruas pavimentadas e 100% das vias urbanizadas\"},\"previousItem\":{\"@type\":\"ListItem\",\"@id\":\"https:\\\/\\\/www.encontrafeiradesantana.com.br\\\/sobre#listItem\",\"name\":\"In\\u00edcio\"}},{\"@type\":\"ListItem\",\"@id\":\"https:\\\/\\\/www.encontrafeiradesantana.com.br\\\/sobre\\\/panorama-iii-tera-mais-cinco-ruas-pavimentadas-e-100-das-vias-urbanizadas\\\/#listItem\",\"position\":3,\"name\":\"Panorama III ter\\u00e1 mais cinco ruas pavimentadas e 100% das vias urbanizadas\",\"previousItem\":{\"@type\":\"ListItem\",\"@id\":\"https:\\\/\\\/www.encontrafeiradesantana.com.br\\\/sobre\\\/construcao-em-feira-de-santana\\\/#listItem\",\"name\":\"Constru\\u00e7\\u00e3o Feira de Santana\"}}]},{\"@type\":\"Organization\",\"@id\":\"https:\\\/\\\/www.encontrafeiradesantana.com.br\\\/sobre\\\/#organization\",\"name\":\"Encontra Feira de Santana\",\"description\":\"Not\\u00edcias, eventos, informa\\u00e7\\u00f5es e dicas na cidade Feira de Santana e regi\\u00e3o.\",\"url\":\"https:\\\/\\\/www.encontrafeiradesantana.com.br\\\/sobre\\\/\"},{\"@type\":\"Person\",\"@id\":\"https:\\\/\\\/www.encontrafeiradesantana.com.br\\\/sobre\\\/author\\\/efeiradesantana\\\/#author\",\"url\":\"https:\\\/\\\/www.encontrafeiradesantana.com.br\\\/sobre\\\/author\\\/efeiradesantana\\\/\",\"name\":\"Encontra Feira de Santana\",\"image\":{\"@type\":\"ImageObject\",\"@id\":\"https:\\\/\\\/www.encontrafeiradesantana.com.br\\\/sobre\\\/panorama-iii-tera-mais-cinco-ruas-pavimentadas-e-100-das-vias-urbanizadas\\\/#authorImage\",\"url\":\"https:\\\/\\\/secure.gravatar.com\\\/avatar\\\/507340682b8270222e1f208e23198b6ae7e2c6a1033ae84e99bc6bce4f82a387?s=96&d=mm&r=g\",\"width\":96,\"height\":96,\"caption\":\"Encontra Feira de Santana\"}},{\"@type\":\"WebPage\",\"@id\":\"https:\\\/\\\/www.encontrafeiradesantana.com.br\\\/sobre\\\/panorama-iii-tera-mais-cinco-ruas-pavimentadas-e-100-das-vias-urbanizadas\\\/#webpage\",\"url\":\"https:\\\/\\\/www.encontrafeiradesantana.com.br\\\/sobre\\\/panorama-iii-tera-mais-cinco-ruas-pavimentadas-e-100-das-vias-urbanizadas\\\/\",\"name\":\"Panorama III ter\\u00e1 mais cinco ruas pavimentadas e 100% das vias urbanizadas | Encontra Feira de Santana\",\"description\":\"Panorama III agora conta com 100% das vias urbanizadas e cinco novas ruas pavimentadas.\",\"inLanguage\":\"pt-BR\",\"isPartOf\":{\"@id\":\"https:\\\/\\\/www.encontrafeiradesantana.com.br\\\/sobre\\\/#website\"},\"breadcrumb\":{\"@id\":\"https:\\\/\\\/www.encontrafeiradesantana.com.br\\\/sobre\\\/panorama-iii-tera-mais-cinco-ruas-pavimentadas-e-100-das-vias-urbanizadas\\\/#breadcrumblist\"},\"author\":{\"@id\":\"https:\\\/\\\/www.encontrafeiradesantana.com.br\\\/sobre\\\/author\\\/efeiradesantana\\\/#author\"},\"creator\":{\"@id\":\"https:\\\/\\\/www.encontrafeiradesantana.com.br\\\/sobre\\\/author\\\/efeiradesantana\\\/#author\"},\"image\":{\"@type\":\"ImageObject\",\"url\":\"https:\\\/\\\/www.encontrafeiradesantana.com.br\\\/sobre\\\/wp-content\\\/uploads\\\/2026\\\/08\\\/panorama-iii-tera-mais-cinco-ruas-pavimentadas-e-100-das-vias-urbanizadas.webp\",\"@id\":\"https:\\\/\\\/www.encontrafeiradesantana.com.br\\\/sobre\\\/panorama-iii-tera-mais-cinco-ruas-pavimentadas-e-100-das-vias-urbanizadas\\\/#mainImage\",\"width\":280,\"height\":280,\"caption\":\"Panorama III\"},\"primaryImageOfPage\":{\"@id\":\"https:\\\/\\\/www.encontrafeiradesantana.com.br\\\/sobre\\\/panorama-iii-tera-mais-cinco-ruas-pavimentadas-e-100-das-vias-urbanizadas\\\/#mainImage\"},\"datePublished\":\"2026-08-26T03:37:58-03:00\",\"dateModified\":\"2026-08-26T03:37:58-03:00\"},{\"@type\":\"WebSite\",\"@id\":\"https:\\\/\\\/www.encontrafeiradesantana.com.br\\\/sobre\\\/#website\",\"url\":\"https:\\\/\\\/www.encontrafeiradesantana.com.br\\\/sobre\\\/\",\"name\":\"Encontra Feira de Santana\",\"description\":\"Not\\u00edcias, eventos, informa\\u00e7\\u00f5es e dicas na cidade Feira de Santana e regi\\u00e3o.\",\"inLanguage\":\"pt-BR\",\"publisher\":{\"@id\":\"https:\\\/\\\/www.encontrafeiradesantana.com.br\\\/sobre\\\/#organization\"}}]}\n\t\t<\/script>\n\t\t<!-- All in One SEO -->\n\n","aioseo_head_json":{"title":"Panorama III ter\u00e1 mais cinco ruas pavimentadas e 100% das vias urbanizadas | Encontra Feira de Santana","description":"Panorama III agora conta com 100% das vias urbanizadas e cinco novas ruas pavimentadas.","canonical_url":"https:\/\/www.encontrafeiradesantana.com.br\/sobre\/panorama-iii-tera-mais-cinco-ruas-pavimentadas-e-100-das-vias-urbanizadas\/","robots":"max-image-preview:large","keywords":"","webmasterTools":{"miscellaneous":""},"schema":{"@context":"https:\/\/schema.org","@graph":[{"@type":"Article","@id":"https:\/\/www.encontrafeiradesantana.com.br\/sobre\/panorama-iii-tera-mais-cinco-ruas-pavimentadas-e-100-das-vias-urbanizadas\/#article","name":"Panorama III ter\u00e1 mais cinco ruas pavimentadas e 100% das vias urbanizadas | Encontra Feira de Santana","headline":"Panorama III ter\u00e1 mais cinco ruas pavimentadas e 100% das vias urbanizadas","author":{"@id":"https:\/\/www.encontrafeiradesantana.com.br\/sobre\/author\/efeiradesantana\/#author"},"publisher":{"@id":"https:\/\/www.encontrafeiradesantana.com.br\/sobre\/#organization"},"image":{"@type":"ImageObject","url":"https:\/\/www.encontrafeiradesantana.com.br\/sobre\/wp-content\/uploads\/2026\/08\/panorama-iii-tera-mais-cinco-ruas-pavimentadas-e-100-das-vias-urbanizadas.webp","width":280,"height":280,"caption":"Panorama III"},"datePublished":"2026-08-26T03:37:58-03:00","dateModified":"2026-08-26T03:37:58-03:00","inLanguage":"pt-BR","mainEntityOfPage":{"@id":"https:\/\/www.encontrafeiradesantana.com.br\/sobre\/panorama-iii-tera-mais-cinco-ruas-pavimentadas-e-100-das-vias-urbanizadas\/#webpage"},"isPartOf":{"@id":"https:\/\/www.encontrafeiradesantana.com.br\/sobre\/panorama-iii-tera-mais-cinco-ruas-pavimentadas-e-100-das-vias-urbanizadas\/#webpage"},"articleSection":"Constru\u00e7\u00e3o Feira de Santana"},{"@type":"BreadcrumbList","@id":"https:\/\/www.encontrafeiradesantana.com.br\/sobre\/panorama-iii-tera-mais-cinco-ruas-pavimentadas-e-100-das-vias-urbanizadas\/#breadcrumblist","itemListElement":[{"@type":"ListItem","@id":"https:\/\/www.encontrafeiradesantana.com.br\/sobre#listItem","position":1,"name":"In\u00edcio","item":"https:\/\/www.encontrafeiradesantana.com.br\/sobre","nextItem":{"@type":"ListItem","@id":"https:\/\/www.encontrafeiradesantana.com.br\/sobre\/construcao-em-feira-de-santana\/#listItem","name":"Constru\u00e7\u00e3o Feira de Santana"}},{"@type":"ListItem","@id":"https:\/\/www.encontrafeiradesantana.com.br\/sobre\/construcao-em-feira-de-santana\/#listItem","position":2,"name":"Constru\u00e7\u00e3o Feira de Santana","item":"https:\/\/www.encontrafeiradesantana.com.br\/sobre\/construcao-em-feira-de-santana\/","nextItem":{"@type":"ListItem","@id":"https:\/\/www.encontrafeiradesantana.com.br\/sobre\/panorama-iii-tera-mais-cinco-ruas-pavimentadas-e-100-das-vias-urbanizadas\/#listItem","name":"Panorama III ter\u00e1 mais cinco ruas pavimentadas e 100% das vias urbanizadas"},"previousItem":{"@type":"ListItem","@id":"https:\/\/www.encontrafeiradesantana.com.br\/sobre#listItem","name":"In\u00edcio"}},{"@type":"ListItem","@id":"https:\/\/www.encontrafeiradesantana.com.br\/sobre\/panorama-iii-tera-mais-cinco-ruas-pavimentadas-e-100-das-vias-urbanizadas\/#listItem","position":3,"name":"Panorama III ter\u00e1 mais cinco ruas pavimentadas e 100% das vias urbanizadas","previousItem":{"@type":"ListItem","@id":"https:\/\/www.encontrafeiradesantana.com.br\/sobre\/construcao-em-feira-de-santana\/#listItem","name":"Constru\u00e7\u00e3o Feira de Santana"}}]},{"@type":"Organization","@id":"https:\/\/www.encontrafeiradesantana.com.br\/sobre\/#organization","name":"Encontra Feira de Santana","description":"Not\u00edcias, eventos, informa\u00e7\u00f5es e dicas na cidade Feira de Santana e regi\u00e3o.","url":"https:\/\/www.encontrafeiradesantana.com.br\/sobre\/"},{"@type":"Person","@id":"https:\/\/www.encontrafeiradesantana.com.br\/sobre\/author\/efeiradesantana\/#author","url":"https:\/\/www.encontrafeiradesantana.com.br\/sobre\/author\/efeiradesantana\/","name":"Encontra Feira de Santana","image":{"@type":"ImageObject","@id":"https:\/\/www.encontrafeiradesantana.com.br\/sobre\/panorama-iii-tera-mais-cinco-ruas-pavimentadas-e-100-das-vias-urbanizadas\/#authorImage","url":"https:\/\/secure.gravatar.com\/avatar\/507340682b8270222e1f208e23198b6ae7e2c6a1033ae84e99bc6bce4f82a387?s=96&d=mm&r=g","width":96,"height":96,"caption":"Encontra Feira de Santana"}},{"@type":"WebPage","@id":"https:\/\/www.encontrafeiradesantana.com.br\/sobre\/panorama-iii-tera-mais-cinco-ruas-pavimentadas-e-100-das-vias-urbanizadas\/#webpage","url":"https:\/\/www.encontrafeiradesantana.com.br\/sobre\/panorama-iii-tera-mais-cinco-ruas-pavimentadas-e-100-das-vias-urbanizadas\/","name":"Panorama III ter\u00e1 mais cinco ruas pavimentadas e 100% das vias urbanizadas | Encontra Feira de Santana","description":"Panorama III agora conta com 100% das vias urbanizadas e cinco novas ruas pavimentadas.","inLanguage":"pt-BR","isPartOf":{"@id":"https:\/\/www.encontrafeiradesantana.com.br\/sobre\/#website"},"breadcrumb":{"@id":"https:\/\/www.encontrafeiradesantana.com.br\/sobre\/panorama-iii-tera-mais-cinco-ruas-pavimentadas-e-100-das-vias-urbanizadas\/#breadcrumblist"},"author":{"@id":"https:\/\/www.encontrafeiradesantana.com.br\/sobre\/author\/efeiradesantana\/#author"},"creator":{"@id":"https:\/\/www.encontrafeiradesantana.com.br\/sobre\/author\/efeiradesantana\/#author"},"image":{"@type":"ImageObject","url":"https:\/\/www.encontrafeiradesantana.com.br\/sobre\/wp-content\/uploads\/2026\/08\/panorama-iii-tera-mais-cinco-ruas-pavimentadas-e-100-das-vias-urbanizadas.webp","@id":"https:\/\/www.encontrafeiradesantana.com.br\/sobre\/panorama-iii-tera-mais-cinco-ruas-pavimentadas-e-100-das-vias-urbanizadas\/#mainImage","width":280,"height":280,"caption":"Panorama III"},"primaryImageOfPage":{"@id":"https:\/\/www.encontrafeiradesantana.com.br\/sobre\/panorama-iii-tera-mais-cinco-ruas-pavimentadas-e-100-das-vias-urbanizadas\/#mainImage"},"datePublished":"2026-08-26T03:37:58-03:00","dateModified":"2026-08-26T03:37:58-03:00"},{"@type":"WebSite","@id":"https:\/\/www.encontrafeiradesantana.com.br\/sobre\/#website","url":"https:\/\/www.encontrafeiradesantana.com.br\/sobre\/","name":"Encontra Feira de Santana","description":"Not\u00edcias, eventos, informa\u00e7\u00f5es e dicas na cidade Feira de Santana e regi\u00e3o.","inLanguage":"pt-BR","publisher":{"@id":"https:\/\/www.encontrafeiradesantana.com.br\/sobre\/#organization"}}]},"og:locale":"pt_BR","og:site_name":"Encontra Feira de Santana | Not\u00edcias, eventos, informa\u00e7\u00f5es e dicas na cidade Feira de Santana e regi\u00e3o.","og:type":"article","og:title":"Panorama III ter\u00e1 mais cinco ruas pavimentadas e 100% das vias urbanizadas | Encontra Feira de Santana","og:description":"Panorama III agora conta com 100% das vias urbanizadas e cinco novas ruas pavimentadas.","og:url":"https:\/\/www.encontrafeiradesantana.com.br\/sobre\/panorama-iii-tera-mais-cinco-ruas-pavimentadas-e-100-das-vias-urbanizadas\/","article:published_time":"2026-08-26T06:37:58+00:00","article:modified_time":"2026-08-26T06:37:58+00:00","twitter:card":"summary","twitter:title":"Panorama III ter\u00e1 mais cinco ruas pavimentadas e 100% das vias urbanizadas | Encontra Feira de Santana","twitter:description":"Panorama III agora conta com 100% das vias urbanizadas e cinco novas ruas pavimentadas."},"aioseo_meta_data":{"post_id":"2738","title":null,"description":null,"keywords":null,"keyphrases":null,"primary_term":null,"canonical_url":null,"og_title":null,"og_description":null,"og_object_type":"default","og_image_type":"default","og_image_url":null,"og_image_width":null,"og_image_height":null,"og_image_custom_url":null,"og_image_custom_fields":null,"og_video":null,"og_custom_url":null,"og_article_section":null,"og_article_tags":null,"twitter_use_og":false,"twitter_card":"default","twitter_image_type":"default","twitter_image_url":null,"twitter_image_custom_url":null,"twitter_image_custom_fields":null,"twitter_title":null,"twitter_description":null,"schema":{"blockGraphs":[],"customGraphs":[],"default":{"data":{"Article":[],"Course":[],"Dataset":[],"FAQPage":[],"Movie":[],"Person":[],"Product":[],"ProductReview":[],"Car":[],"Recipe":[],"Service":[],"SoftwareApplication":[],"WebPage":[]},"graphName":"Article","isEnabled":true},"graphs":[]},"schema_type":"default","schema_type_options":null,"pillar_content":false,"robots_default":true,"robots_noindex":false,"robots_noarchive":false,"robots_nosnippet":false,"robots_nofollow":false,"robots_noimageindex":false,"robots_noodp":false,"robots_notranslate":false,"robots_max_snippet":null,"robots_max_videopreview":null,"robots_max_imagepreview":"large","priority":null,"frequency":null,"local_seo":null,"breadcrumb_settings":null,"limit_modified_date":false,"ai":null,"created":"2026-08-26 06:37:58","updated":"2026-08-26 06:43:23","focus_keyword":null,"additional_keywords":null,"truseo_locale":null,"seo_analyzer_scan_date":null},"aioseo_breadcrumb":"<div class=\"aioseo-breadcrumbs\"><span class=\"aioseo-breadcrumb\">\n\t\t\t<a href=\"https:\/\/www.encontrafeiradesantana.com.br\/sobre\" title=\"In\u00edcio\">In\u00edcio<\/a>\n\t\t<\/span><span class=\"aioseo-breadcrumb-separator\">&raquo;<\/span><span class=\"aioseo-breadcrumb\">\n\t\t\t<a href=\"https:\/\/www.encontrafeiradesantana.com.br\/sobre\/construcao-em-feira-de-santana\/\" title=\"Constru\u00e7\u00e3o Feira de Santana\">Constru\u00e7\u00e3o Feira de Santana<\/a>\n\t\t<\/span><span class=\"aioseo-breadcrumb-separator\">&raquo;<\/span><span class=\"aioseo-breadcrumb\">\n\t\t\tPanorama III ter\u00e1 mais cinco ruas pavimentadas e 100% das vias urbanizadas\n\t\t<\/span><\/div>","aioseo_breadcrumb_json":[{"label":"In\u00edcio","link":"https:\/\/www.encontrafeiradesantana.com.br\/sobre"},{"label":"Constru\u00e7\u00e3o Feira de Santana","link":"https:\/\/www.encontrafeiradesantana.com.br\/sobre\/construcao-em-feira-de-santana\/"},{"label":"Panorama III ter\u00e1 mais cinco ruas pavimentadas e 100% das vias urbanizadas","link":"https:\/\/www.encontrafeiradesantana.com.br\/sobre\/panorama-iii-tera-mais-cinco-ruas-pavimentadas-e-100-das-vias-urbanizadas\/"}],"_links":{"self":[{"href":"https:\/\/www.encontrafeiradesantana.com.br\/sobre\/wp-json\/wp\/v2\/posts\/2738","targetHints":{"allow":["GET"]}}],"collection":[{"href":"https:\/\/www.encontrafeiradesantana.com.br\/sobre\/wp-json\/wp\/v2\/posts"}],"about":[{"href":"https:\/\/www.encontrafeiradesantana.com.br\/sobre\/wp-json\/wp\/v2\/types\/post"}],"author":[{"embeddable":true,"href":"https:\/\/www.encontrafeiradesantana.com.br\/sobre\/wp-json\/wp\/v2\/users\/1"}],"replies":[{"embeddable":true,"href":"https:\/\/www.encontrafeiradesantana.com.br\/sobre\/wp-json\/wp\/v2\/comments?post=2738"}],"version-history":[{"count":0,"href":"https:\/\/www.encontrafeiradesantana.com.br\/sobre\/wp-json\/wp\/v2\/posts\/2738\/revisions"}],"wp:featuredmedia":[{"embeddable":true,"href":"https:\/\/www.encontrafeiradesantana.com.br\/sobre\/wp-json\/wp\/v2\/media\/2737"}],"wp:attachment":[{"href":"https:\/\/www.encontrafeiradesantana.com.br\/sobre\/wp-json\/wp\/v2\/media?parent=2738"}],"wp:term":[{"taxonomy":"category","embeddable":true,"href":"https:\/\/www.encontrafeiradesantana.com.br\/sobre\/wp-json\/wp\/v2\/categories?post=2738"},{"taxonomy":"post_tag","embeddable":true,"href":"https:\/\/www.encontrafeiradesantana.com.br\/sobre\/wp-json\/wp\/v2\/tags?post=2738"}],"curies":[{"name":"wp","href":"https:\/\/api.w.org\/{rel}","templated":true}]}}