{"id":272,"date":"2013-06-26T00:01:53","date_gmt":"2013-06-26T03:01:53","guid":{"rendered":"http:\/\/www.encontrafeiradesantana.com.br\/noticias\/?p=272"},"modified":"2019-04-29T17:46:27","modified_gmt":"2019-04-29T20:46:27","slug":"minha-rua-tem-nome-sera-lancado-em-26-de-junho-em-feira-de-santana","status":"publish","type":"post","link":"https:\/\/www.encontrafeiradesantana.com.br\/sobre\/minha-rua-tem-nome-sera-lancado-em-26-de-junho-em-feira-de-santana\/","title":{"rendered":"Minha Rua Tem Nome ser\u00e1 lan\u00e7ado em 26 de junho em Feira de Santana"},"content":{"rendered":"<div class=\"3f468104ad11f00a3c9ac948316f4265\" data-index=\"1\" style=\"float: none; margin:0px;\">\n<ins class=\"adsbygoogle\"\r\n     style=\"display:block\"\r\n     data-ad-client=\"ca-pub-8585364105181520\"\r\n     data-ad-slot=\"8789329856\"\r\n     data-ad-format=\"auto\"\r\n     data-full-width-responsive=\"true\"><\/ins>\r\n<script>\r\n     (adsbygoogle = window.adsbygoogle || []).push({});\r\n<\/script>\r\n\n<\/div>\n<p>Nesta quarta-feira, 26, \u00e0s 8h, ser\u00e1 lan\u00e7ado no bairro Tomba o projeto Minha Rua Tem Nome, que visa regularizar e corrigir n\u00fameros do C\u00f3digo de Endere\u00e7amento Postal (CEP) e os nomes de ruas de Feira de Santana. O Tomba \u00e9 considerado o bairro com maior \u00edndice de problemas relacionados a endere\u00e7o.<\/p>\n<p>A iniciativa da Prefeitura de Feira de Santana, atrav\u00e9s da Secretaria de Planejamento, conta com o apoio dos Correios e Empresa Baiana de \u00c1guas e Saneamento (Embasa). A a\u00e7\u00e3o contar\u00e1 com a participa\u00e7\u00e3o de agentes comunit\u00e1rios de sa\u00fade e agentes das regi\u00f5es administrativas, que atuar\u00e3o como multiplicadores de informa\u00e7\u00f5es junto \u00e0 comunidade.<\/p>\n<p>O secret\u00e1rio de Planejamento, Carlos Brito, observa que o trabalho a ser realizado no bairro Tomba servir\u00e1 como um projeto-piloto para as demais localidades do munic\u00edpio.<\/p>\n<p>\u201c\u00c9 uma regi\u00e3o da cidade que sofre com um grave problema que \u00e9 a grande incid\u00eancia de loteamentos irregulares, sem registro na Prefeitura, o que conseq\u00fcentemente acarreta em dificuldades para os Correios no que diz respeito ao CEP, bem como em rela\u00e7\u00e3o aos nomes de ruas\u201d, explica.<\/p>\n<p>O secret\u00e1rio acrescenta que um grande n\u00famero de pessoas tem procurado a Secretaria de Planejamento com objetivo de regularizar situa\u00e7\u00f5es referentes a nome de ruas e n\u00famero do CEP. &#8220;Temos casos de ruas com mais de um nome, por exemplo, ou pessoas que ainda n\u00e3o possuem CEP&#8221;, pontua.<\/p>\n<p><em>Fonte: Prefeitura Municipal de Feira de Santana<\/em><\/p>\n\n<div style=\"font-size: 0px; height: 0px; line-height: 0px; margin: 0; padding: 0; clear: both;\"><\/div>","protected":false},"excerpt":{"rendered":"<p>Nesta quarta-feira, 26, \u00e0s 8h, ser\u00e1 lan\u00e7ado no bairro Tomba o projeto Minha Rua Tem Nome, que visa regularizar e corrigir n\u00fameros do C\u00f3digo de Endere\u00e7amento Postal (CEP) e os nomes de ruas de Feira de Santana. O Tomba \u00e9 considerado o bairro com maior \u00edndice de problemas relacionados a endere\u00e7o. A iniciativa da Prefeitura de Feira de Santana, atrav\u00e9s da Secretaria de Planejamento, conta com o apoio dos Correios e Empresa Baiana de \u00c1guas e Saneamento (Embasa). A a\u00e7\u00e3o contar\u00e1 com a participa\u00e7\u00e3o de agentes comunit\u00e1rios de sa\u00fade e agentes das regi\u00f5es administrativas, que atuar\u00e3o como multiplicadores de informa\u00e7\u00f5es <\/p>\n","protected":false},"author":1,"featured_media":0,"comment_status":"open","ping_status":"closed","sticky":false,"template":"","format":"standard","meta":{"footnotes":""},"categories":[6,8],"tags":[12],"class_list":["post-272","post","type-post","status-publish","format-standard","hentry","category-noticias-em-feira-de-santana","category-servicos-em-feira-de-santana","tag-feira-de-santana"],"aioseo_notices":[],"_links":{"self":[{"href":"https:\/\/www.encontrafeiradesantana.com.br\/sobre\/wp-json\/wp\/v2\/posts\/272","targetHints":{"allow":["GET"]}}],"collection":[{"href":"https:\/\/www.encontrafeiradesantana.com.br\/sobre\/wp-json\/wp\/v2\/posts"}],"about":[{"href":"https:\/\/www.encontrafeiradesantana.com.br\/sobre\/wp-json\/wp\/v2\/types\/post"}],"author":[{"embeddable":true,"href":"https:\/\/www.encontrafeiradesantana.com.br\/sobre\/wp-json\/wp\/v2\/users\/1"}],"replies":[{"embeddable":true,"href":"https:\/\/www.encontrafeiradesantana.com.br\/sobre\/wp-json\/wp\/v2\/comments?post=272"}],"version-history":[{"count":2,"href":"https:\/\/www.encontrafeiradesantana.com.br\/sobre\/wp-json\/wp\/v2\/posts\/272\/revisions"}],"predecessor-version":[{"id":527,"href":"https:\/\/www.encontrafeiradesantana.com.br\/sobre\/wp-json\/wp\/v2\/posts\/272\/revisions\/527"}],"wp:attachment":[{"href":"https:\/\/www.encontrafeiradesantana.com.br\/sobre\/wp-json\/wp\/v2\/media?parent=272"}],"wp:term":[{"taxonomy":"category","embeddable":true,"href":"https:\/\/www.encontrafeiradesantana.com.br\/sobre\/wp-json\/wp\/v2\/categories?post=272"},{"taxonomy":"post_tag","embeddable":true,"href":"https:\/\/www.encontrafeiradesantana.com.br\/sobre\/wp-json\/wp\/v2\/tags?post=272"}],"curies":[{"name":"wp","href":"https:\/\/api.w.org\/{rel}","templated":true}]}}