{"id":2716,"date":"2026-08-22T03:38:46","date_gmt":"2026-08-22T06:38:46","guid":{"rendered":"https:\/\/www.encontrafeiradesantana.com.br\/sobre\/seinfra-executa-obras-de-reforma-e-manutencao-em-14-quadras-e-campos-esportivos-de-feira\/"},"modified":"2026-08-22T03:38:46","modified_gmt":"2026-08-22T06:38:46","slug":"seinfra-executa-obras-de-reforma-e-manutencao-em-14-quadras-e-campos-esportivos-de-feira","status":"publish","type":"post","link":"https:\/\/www.encontrafeiradesantana.com.br\/sobre\/seinfra-executa-obras-de-reforma-e-manutencao-em-14-quadras-e-campos-esportivos-de-feira\/","title":{"rendered":"Seinfra executa obras de reforma e manuten\u00e7\u00e3o em 14 quadras e campos esportivos de Feira"},"content":{"rendered":"<div class=\"3f468104ad11f00a3c9ac948316f4265\" data-index=\"1\" style=\"float: none; margin:0px;\">\n<ins class=\"adsbygoogle\"\r\n     style=\"display:block\"\r\n     data-ad-client=\"ca-pub-8585364105181520\"\r\n     data-ad-slot=\"8789329856\"\r\n     data-ad-format=\"auto\"\r\n     data-full-width-responsive=\"true\"><\/ins>\r\n<script>\r\n     (adsbygoogle = window.adsbygoogle || []).push({});\r\n<\/script>\r\n\n<\/div>\n<h2>Objetivo das Reformas e Manuten\u00e7\u00f5es<\/h2>\n<p>A Secretaria Municipal de Infraestrutura (Seinfra) da Prefeitura de Feira de Santana est\u00e1 focada em revitalizar e manter as instala\u00e7\u00f5es esportivas do munic\u00edpio. O principal objetivo das obras \u00e9 melhorar e ampliar os espa\u00e7os destinados ao lazer e \u00e0 pr\u00e1tica de atividades esportivas, sendo fundamentais para a comunidade, tanto na \u00e1rea urbana quanto na zona rural. Com esse investimento, espera-se n\u00e3o apenas preservar os locais existentes, mas tamb\u00e9m proporcionar um ambiente adequado para a conviv\u00eancia social e a pr\u00e1tica de esportes.<\/p>\n<h2>Locais Beneficiados pelas Obras<\/h2>\n<p>As interven\u00e7\u00f5es est\u00e3o sendo realizadas em diversos pontos da cidade, incluindo tanto a \u00e1rea central quanto os distritos. Ao todo, 14 equipamentos esportivos est\u00e3o sendo reformados, abrangendo:<\/p>\n<ul>\n<li>11 campos de futebol<\/li>\n<li>Um gin\u00e1sio poliesportivo<\/li>\n<li>Uma quadra de beach tennis<\/li>\n<li>Uma pista de bicicross<\/li>\n<\/ul>\n<p>Esses locais est\u00e3o distribu\u00eddos por quatro distritos e nove bairros de Feira de Santana, garantindo um acesso facilitado a diversas comunidades.<\/p>\n<p><img decoding=\"async\" src=\"https:\/\/www.encontrafeiradesantana.com.br\/sobre\/wp-content\/uploads\/2026\/08\/seinfra-executa-obras-de-reforma-e-manutencao-em-14-quadras-e-campos-esportivos-de-feira.webp\" alt=\"Seinfra Feira\" loading=\"lazy\" \/><\/p>\n<h2>Detalhes das Interven\u00e7\u00f5es em Campos de Futebol<\/h2>\n<p>Os campos de futebol est\u00e3o passando por reformas significativas para garantir a seguran\u00e7a e o conforto dos atletas. Os servi\u00e7os incluem:<\/p>\n<ul>\n<li>Substitui\u00e7\u00e3o de grama e melhorias no gramado.<\/li>\n<li>Reestrutura\u00e7\u00e3o das \u00e1reas de apoio, como vesti\u00e1rios e banheiros.<\/li>\n<li>Instala\u00e7\u00e3o de novas ilumina\u00e7\u00f5es para permitir a pr\u00e1tica de esportes durante a noite.<\/li>\n<li>Melhorias nas cercas e na prote\u00e7\u00e3o contra intemp\u00e9ries.<\/li>\n<\/ul>\n<p>Essas reformas visam criar um ambiente mais prop\u00edcio para o desenvolvimento esportivo, permitindo que os jogadores possam treinar e competir em condi\u00e7\u00f5es adequadas.<\/p>\n<h2>Amplia\u00e7\u00e3o da infraestrutura esportiva em Humildes<\/h2>\n<p>No distrito de Humildes, as interven\u00e7\u00f5es s\u00e3o ainda mais abrangentes, incluindo n\u00e3o s\u00f3 os campos de futebol, mas tamb\u00e9m o Gin\u00e1sio Municipal. As obras nesse local envolvem:<\/p>\n<ul>\n<li>Moderniza\u00e7\u00e3o da quadra interna, com novos pisos e marca\u00e7\u00f5es.<\/li>\n<li>Melhorias na infraestrutura de som e ilumina\u00e7\u00e3o.<\/li>\n<li>Reforma dos espa\u00e7os de conv\u00edvio e arquibancadas para maiores confortos aos espectadores.<\/li>\n<\/ul>\n<p>Com essas a\u00e7\u00f5es, a administra\u00e7\u00e3o busca atender \u00e0 demanda por espa\u00e7os que favore\u00e7am pr\u00e1ticas esportivas em grupo, como v\u00f4lei, basquete e outras atividades.<\/p>\n<h2>Constru\u00e7\u00e3o da nova quadra de beach tennis<\/h2>\n<p>Outra novidade \u00e9 a constru\u00e7\u00e3o de uma nova quadra de beach tennis no distrito da Matinha. Essa iniciativa amplia a oferta de modalidades esportivas dispon\u00edveis na regi\u00e3o e promete:<\/p>\n<ul>\n<li>Promover atividades que incentivem a intera\u00e7\u00e3o social e a pr\u00e1tica esportiva.<\/li>\n<li>Servir como um novo ponto de encontro para os amantes do esporte.<\/li>\n<\/ul>\n<p>A quadra representa uma contribui\u00e7\u00e3o significativa para a diversifica\u00e7\u00e3o da pr\u00e1tica esportiva no munic\u00edpio, atraindo n\u00e3o apenas moradores locais, mas tamb\u00e9m visitantes de \u00e1reas vizinhas.<\/p>\n<h2>Melhorias na Pista de Bicicross<\/h2>\n<p>A Pista de Bicicross, localizada no bairro Morada das \u00c1rvores, tamb\u00e9m receber\u00e1 melhorias significativas. Este espa\u00e7o \u00e9 um importante ponto de encontro para os atletas e para a realiza\u00e7\u00e3o de competi\u00e7\u00f5es. As interven\u00e7\u00f5es incluem:<\/p>\n<ul>\n<li>Reformula\u00e7\u00e3o do tra\u00e7ado da pista para aumentar o n\u00edvel de seguran\u00e7a e a performance dos bicicrossistas.<\/li>\n<li>Instala\u00e7\u00e3o de novas barreiras e elementos t\u00e9cnicos que agregam desafio e seguran\u00e7a ao percurso.<\/li>\n<li>Cria\u00e7\u00e3o de \u00e1reas de apoio para espectadores e equipes.<\/li>\n<\/ul>\n<p>Essas a\u00e7\u00f5es visam consolidar a pista de bicicross como um espa\u00e7o de refer\u00eancia na realiza\u00e7\u00e3o de eventos competitivos, bem como um local de lazer para a comunidade.<\/p>\n<h2>Impacto na Qualidade de Vida dos Cidad\u00e3os<\/h2>\n<p>As reformas e manuten\u00e7\u00f5es nos espa\u00e7os esportivos t\u00eam um impacto direto na qualidade de vida da popula\u00e7\u00e3o de Feira de Santana. Ao proporcionarem locais adequados para a pr\u00e1tica de esportes e lazer, as a\u00e7\u00f5es contribuem para:<\/p>\n<ul>\n<li>Melhorar a sa\u00fade f\u00edsica e mental dos cidad\u00e3os, incentivando a atividade f\u00edsica regular.<\/li>\n<li>Fortalecer a conviv\u00eancia comunit\u00e1ria, uma vez que os espa\u00e7os p\u00fablicos servem como ponto de encontro.<\/li>\n<li>Reduzir a evas\u00e3o para outros munic\u00edpios em busca de op\u00e7\u00f5es de lazer, mantendo a popula\u00e7\u00e3o ativa dentro de sua cidade.<\/li>\n<\/ul>\n<p>Assim, a administra\u00e7\u00e3o municipal reafirma seu compromisso em criar um ambiente prop\u00edcio para a viv\u00eancia saud\u00e1vel e ativa de seus cidad\u00e3os.<\/p>\n<h2>Compromisso da Administra\u00e7\u00e3o Municipal<\/h2>\n<p>Atrav\u00e9s dessas reformas, a administra\u00e7\u00e3o municipal de Feira de Santana demonstra um forte compromisso com o incentivo ao esporte e ao lazer. A promo\u00e7\u00e3o de espa\u00e7os adequados para a pr\u00e1tica de atividades f\u00edsicas \u00e9 uma prioridade, considerando:<\/p>\n<ul>\n<li>A necessidade de investimento em infraestrutura para garantir a seguran\u00e7a e o bem-estar dos usu\u00e1rios.<\/li>\n<li>A import\u00e2ncia de oferecer variadas op\u00e7\u00f5es esportivas que atendam diferentes faixas et\u00e1rias e interesses.<\/li>\n<\/ul>\n<p>Essa vis\u00e3o se evidencia em iniciativas cont\u00ednuas que buscam atender a demanda da popula\u00e7\u00e3o e promover uma vida mais saud\u00e1vel em diversas \u00e1reas da cidade.<\/p>\n<h2>Import\u00e2ncia do Esporte para a Comunidade<\/h2>\n<p>A pr\u00e1tica de esportes \u00e9 fundamental para o desenvolvimento social e emocional da comunidade. A presen\u00e7a de espa\u00e7os adequados e bem mantidos gera benef\u00edcios significativos, tais como:<\/p>\n<ul>\n<li>Desenvolvimento de habilidades sociais entre os praticantes.<\/li>\n<li>Integra\u00e7\u00e3o de grupos diversos, promovendo o respeito e a amizade.<\/li>\n<li>Est\u00edmulo ao engajamento em atividades coletivas, criando um senso de pertencimento e uni\u00e3o.<\/li>\n<\/ul>\n<p>O esporte torna-se, assim, um catalisador para a constru\u00e7\u00e3o de uma sociedade mais coesa e harmoniosa.<\/p>\n<h2>Futuro do Lazer em Feira de Santana<\/h2>\n<p>Com as interven\u00e7\u00f5es atualmente em curso, o futuro do lazer em Feira de Santana se apresenta promissor. Al\u00e9m das reformas, planos para novas modalidades e eventos est\u00e3o sendo considerados, visando:<\/p>\n<ul>\n<li>Atra\u00e7\u00e3o de competi\u00e7\u00f5es regionais e nacionais, elevando o status da cidade como local de eventos esportivos.<\/li>\n<li>Cria\u00e7\u00e3o de programas educativos que incentivem a pr\u00e1tica esportiva desde a inf\u00e2ncia.<\/li>\n<li>Desenvolvimento de parcerias com escolas e institui\u00e7\u00f5es locais para promover o esporte como ferramenta de inclus\u00e3o social.<\/li>\n<\/ul>\n<p>Essas iniciativas buscam n\u00e3o apenas aumentar as op\u00e7\u00f5es de lazer, mas tamb\u00e9m assegurar que Feira de Santana continue sendo uma cidade acolhedora para atletas e amantes do esporte.<\/p>\n\n<div style=\"font-size: 0px; height: 0px; line-height: 0px; margin: 0; padding: 0; clear: both;\"><\/div>","protected":false},"excerpt":{"rendered":"<p>Seinfra realiza reformas e manuten\u00e7\u00e3o em quadras e campos em Feira.<\/p>\n","protected":false},"author":1,"featured_media":2715,"comment_status":"open","ping_status":"closed","sticky":false,"template":"","format":"standard","meta":{"footnotes":""},"categories":[24],"tags":[],"class_list":["post-2716","post","type-post","status-publish","format-standard","has-post-thumbnail","hentry","category-concursos-em-feira-de-santana","has_thumb"],"aioseo_notices":[],"aioseo_head":"\n\t\t<!-- All in One SEO 5.0.0.1 - aioseo.com -->\n\t<meta name=\"description\" content=\"Seinfra realiza reformas e manuten\u00e7\u00e3o em quadras e campos em Feira.\" \/>\n\t<meta name=\"robots\" content=\"max-image-preview:large\" \/>\n\t<meta name=\"author\" content=\"Encontra Feira de Santana\"\/>\n\t<link rel=\"canonical\" href=\"https:\/\/www.encontrafeiradesantana.com.br\/sobre\/seinfra-executa-obras-de-reforma-e-manutencao-em-14-quadras-e-campos-esportivos-de-feira\/\" \/>\n\t<meta name=\"generator\" content=\"All in One SEO (AIOSEO) 5.0.0.1\" \/>\n\t\t<meta property=\"og:locale\" content=\"pt_BR\" \/>\n\t\t<meta property=\"og:site_name\" content=\"Encontra Feira de Santana | Not\u00edcias, eventos, informa\u00e7\u00f5es e dicas na cidade Feira de Santana e regi\u00e3o.\" \/>\n\t\t<meta property=\"og:type\" content=\"article\" \/>\n\t\t<meta property=\"og:title\" content=\"Seinfra executa obras de reforma e manuten\u00e7\u00e3o em 14 quadras e campos esportivos de Feira | Encontra Feira de Santana\" \/>\n\t\t<meta property=\"og:description\" content=\"Seinfra realiza reformas e manuten\u00e7\u00e3o em quadras e campos em Feira.\" \/>\n\t\t<meta property=\"og:url\" content=\"https:\/\/www.encontrafeiradesantana.com.br\/sobre\/seinfra-executa-obras-de-reforma-e-manutencao-em-14-quadras-e-campos-esportivos-de-feira\/\" \/>\n\t\t<meta property=\"article:published_time\" content=\"2026-08-22T06:38:46+00:00\" \/>\n\t\t<meta property=\"article:modified_time\" content=\"2026-08-22T06:38:46+00:00\" \/>\n\t\t<meta name=\"twitter:card\" content=\"summary\" \/>\n\t\t<meta name=\"twitter:title\" content=\"Seinfra executa obras de reforma e manuten\u00e7\u00e3o em 14 quadras e campos esportivos de Feira | Encontra Feira de Santana\" \/>\n\t\t<meta name=\"twitter:description\" content=\"Seinfra realiza reformas e manuten\u00e7\u00e3o em quadras e campos em Feira.\" \/>\n\t\t<script type=\"application\/ld+json\" class=\"aioseo-schema\">\n\t\t\t{\"@context\":\"https:\\\/\\\/schema.org\",\"@graph\":[{\"@type\":\"Article\",\"@id\":\"https:\\\/\\\/www.encontrafeiradesantana.com.br\\\/sobre\\\/seinfra-executa-obras-de-reforma-e-manutencao-em-14-quadras-e-campos-esportivos-de-feira\\\/#article\",\"name\":\"Seinfra executa obras de reforma e manuten\\u00e7\\u00e3o em 14 quadras e campos esportivos de Feira | Encontra Feira de Santana\",\"headline\":\"Seinfra executa obras de reforma e manuten\\u00e7\\u00e3o em 14 quadras e campos esportivos de Feira\",\"author\":{\"@id\":\"https:\\\/\\\/www.encontrafeiradesantana.com.br\\\/sobre\\\/author\\\/efeiradesantana\\\/#author\"},\"publisher\":{\"@id\":\"https:\\\/\\\/www.encontrafeiradesantana.com.br\\\/sobre\\\/#organization\"},\"image\":{\"@type\":\"ImageObject\",\"url\":\"https:\\\/\\\/www.encontrafeiradesantana.com.br\\\/sobre\\\/wp-content\\\/uploads\\\/2026\\\/08\\\/seinfra-executa-obras-de-reforma-e-manutencao-em-14-quadras-e-campos-esportivos-de-feira.webp\",\"width\":280,\"height\":280,\"caption\":\"Seinfra Feira\"},\"datePublished\":\"2026-08-22T03:38:46-03:00\",\"dateModified\":\"2026-08-22T03:38:46-03:00\",\"inLanguage\":\"pt-BR\",\"mainEntityOfPage\":{\"@id\":\"https:\\\/\\\/www.encontrafeiradesantana.com.br\\\/sobre\\\/seinfra-executa-obras-de-reforma-e-manutencao-em-14-quadras-e-campos-esportivos-de-feira\\\/#webpage\"},\"isPartOf\":{\"@id\":\"https:\\\/\\\/www.encontrafeiradesantana.com.br\\\/sobre\\\/seinfra-executa-obras-de-reforma-e-manutencao-em-14-quadras-e-campos-esportivos-de-feira\\\/#webpage\"},\"articleSection\":\"Concursos Feira de Santana\"},{\"@type\":\"BreadcrumbList\",\"@id\":\"https:\\\/\\\/www.encontrafeiradesantana.com.br\\\/sobre\\\/seinfra-executa-obras-de-reforma-e-manutencao-em-14-quadras-e-campos-esportivos-de-feira\\\/#breadcrumblist\",\"itemListElement\":[{\"@type\":\"ListItem\",\"@id\":\"https:\\\/\\\/www.encontrafeiradesantana.com.br\\\/sobre#listItem\",\"position\":1,\"name\":\"In\\u00edcio\",\"item\":\"https:\\\/\\\/www.encontrafeiradesantana.com.br\\\/sobre\",\"nextItem\":{\"@type\":\"ListItem\",\"@id\":\"https:\\\/\\\/www.encontrafeiradesantana.com.br\\\/sobre\\\/concursos-em-feira-de-santana\\\/#listItem\",\"name\":\"Concursos Feira de Santana\"}},{\"@type\":\"ListItem\",\"@id\":\"https:\\\/\\\/www.encontrafeiradesantana.com.br\\\/sobre\\\/concursos-em-feira-de-santana\\\/#listItem\",\"position\":2,\"name\":\"Concursos Feira de Santana\",\"item\":\"https:\\\/\\\/www.encontrafeiradesantana.com.br\\\/sobre\\\/concursos-em-feira-de-santana\\\/\",\"nextItem\":{\"@type\":\"ListItem\",\"@id\":\"https:\\\/\\\/www.encontrafeiradesantana.com.br\\\/sobre\\\/seinfra-executa-obras-de-reforma-e-manutencao-em-14-quadras-e-campos-esportivos-de-feira\\\/#listItem\",\"name\":\"Seinfra executa obras de reforma e manuten\\u00e7\\u00e3o em 14 quadras e campos esportivos de Feira\"},\"previousItem\":{\"@type\":\"ListItem\",\"@id\":\"https:\\\/\\\/www.encontrafeiradesantana.com.br\\\/sobre#listItem\",\"name\":\"In\\u00edcio\"}},{\"@type\":\"ListItem\",\"@id\":\"https:\\\/\\\/www.encontrafeiradesantana.com.br\\\/sobre\\\/seinfra-executa-obras-de-reforma-e-manutencao-em-14-quadras-e-campos-esportivos-de-feira\\\/#listItem\",\"position\":3,\"name\":\"Seinfra executa obras de reforma e manuten\\u00e7\\u00e3o em 14 quadras e campos esportivos de Feira\",\"previousItem\":{\"@type\":\"ListItem\",\"@id\":\"https:\\\/\\\/www.encontrafeiradesantana.com.br\\\/sobre\\\/concursos-em-feira-de-santana\\\/#listItem\",\"name\":\"Concursos Feira de Santana\"}}]},{\"@type\":\"Organization\",\"@id\":\"https:\\\/\\\/www.encontrafeiradesantana.com.br\\\/sobre\\\/#organization\",\"name\":\"Encontra Feira de Santana\",\"description\":\"Not\\u00edcias, eventos, informa\\u00e7\\u00f5es e dicas na cidade Feira de Santana e regi\\u00e3o.\",\"url\":\"https:\\\/\\\/www.encontrafeiradesantana.com.br\\\/sobre\\\/\"},{\"@type\":\"Person\",\"@id\":\"https:\\\/\\\/www.encontrafeiradesantana.com.br\\\/sobre\\\/author\\\/efeiradesantana\\\/#author\",\"url\":\"https:\\\/\\\/www.encontrafeiradesantana.com.br\\\/sobre\\\/author\\\/efeiradesantana\\\/\",\"name\":\"Encontra Feira de Santana\",\"image\":{\"@type\":\"ImageObject\",\"@id\":\"https:\\\/\\\/www.encontrafeiradesantana.com.br\\\/sobre\\\/seinfra-executa-obras-de-reforma-e-manutencao-em-14-quadras-e-campos-esportivos-de-feira\\\/#authorImage\",\"url\":\"https:\\\/\\\/secure.gravatar.com\\\/avatar\\\/507340682b8270222e1f208e23198b6ae7e2c6a1033ae84e99bc6bce4f82a387?s=96&d=mm&r=g\",\"width\":96,\"height\":96,\"caption\":\"Encontra Feira de Santana\"}},{\"@type\":\"WebPage\",\"@id\":\"https:\\\/\\\/www.encontrafeiradesantana.com.br\\\/sobre\\\/seinfra-executa-obras-de-reforma-e-manutencao-em-14-quadras-e-campos-esportivos-de-feira\\\/#webpage\",\"url\":\"https:\\\/\\\/www.encontrafeiradesantana.com.br\\\/sobre\\\/seinfra-executa-obras-de-reforma-e-manutencao-em-14-quadras-e-campos-esportivos-de-feira\\\/\",\"name\":\"Seinfra executa obras de reforma e manuten\\u00e7\\u00e3o em 14 quadras e campos esportivos de Feira | Encontra Feira de Santana\",\"description\":\"Seinfra realiza reformas e manuten\\u00e7\\u00e3o em quadras e campos em Feira.\",\"inLanguage\":\"pt-BR\",\"isPartOf\":{\"@id\":\"https:\\\/\\\/www.encontrafeiradesantana.com.br\\\/sobre\\\/#website\"},\"breadcrumb\":{\"@id\":\"https:\\\/\\\/www.encontrafeiradesantana.com.br\\\/sobre\\\/seinfra-executa-obras-de-reforma-e-manutencao-em-14-quadras-e-campos-esportivos-de-feira\\\/#breadcrumblist\"},\"author\":{\"@id\":\"https:\\\/\\\/www.encontrafeiradesantana.com.br\\\/sobre\\\/author\\\/efeiradesantana\\\/#author\"},\"creator\":{\"@id\":\"https:\\\/\\\/www.encontrafeiradesantana.com.br\\\/sobre\\\/author\\\/efeiradesantana\\\/#author\"},\"image\":{\"@type\":\"ImageObject\",\"url\":\"https:\\\/\\\/www.encontrafeiradesantana.com.br\\\/sobre\\\/wp-content\\\/uploads\\\/2026\\\/08\\\/seinfra-executa-obras-de-reforma-e-manutencao-em-14-quadras-e-campos-esportivos-de-feira.webp\",\"@id\":\"https:\\\/\\\/www.encontrafeiradesantana.com.br\\\/sobre\\\/seinfra-executa-obras-de-reforma-e-manutencao-em-14-quadras-e-campos-esportivos-de-feira\\\/#mainImage\",\"width\":280,\"height\":280,\"caption\":\"Seinfra Feira\"},\"primaryImageOfPage\":{\"@id\":\"https:\\\/\\\/www.encontrafeiradesantana.com.br\\\/sobre\\\/seinfra-executa-obras-de-reforma-e-manutencao-em-14-quadras-e-campos-esportivos-de-feira\\\/#mainImage\"},\"datePublished\":\"2026-08-22T03:38:46-03:00\",\"dateModified\":\"2026-08-22T03:38:46-03:00\"},{\"@type\":\"WebSite\",\"@id\":\"https:\\\/\\\/www.encontrafeiradesantana.com.br\\\/sobre\\\/#website\",\"url\":\"https:\\\/\\\/www.encontrafeiradesantana.com.br\\\/sobre\\\/\",\"name\":\"Encontra Feira de Santana\",\"description\":\"Not\\u00edcias, eventos, informa\\u00e7\\u00f5es e dicas na cidade Feira de Santana e regi\\u00e3o.\",\"inLanguage\":\"pt-BR\",\"publisher\":{\"@id\":\"https:\\\/\\\/www.encontrafeiradesantana.com.br\\\/sobre\\\/#organization\"}}]}\n\t\t<\/script>\n\t\t<!-- All in One SEO -->\n\n","aioseo_head_json":{"title":"Seinfra executa obras de reforma e manuten\u00e7\u00e3o em 14 quadras e campos esportivos de Feira | Encontra Feira de Santana","description":"Seinfra realiza reformas e manuten\u00e7\u00e3o em quadras e campos em Feira.","canonical_url":"https:\/\/www.encontrafeiradesantana.com.br\/sobre\/seinfra-executa-obras-de-reforma-e-manutencao-em-14-quadras-e-campos-esportivos-de-feira\/","robots":"max-image-preview:large","keywords":"","webmasterTools":{"miscellaneous":""},"schema":{"@context":"https:\/\/schema.org","@graph":[{"@type":"Article","@id":"https:\/\/www.encontrafeiradesantana.com.br\/sobre\/seinfra-executa-obras-de-reforma-e-manutencao-em-14-quadras-e-campos-esportivos-de-feira\/#article","name":"Seinfra executa obras de reforma e manuten\u00e7\u00e3o em 14 quadras e campos esportivos de Feira | Encontra Feira de Santana","headline":"Seinfra executa obras de reforma e manuten\u00e7\u00e3o em 14 quadras e campos esportivos de Feira","author":{"@id":"https:\/\/www.encontrafeiradesantana.com.br\/sobre\/author\/efeiradesantana\/#author"},"publisher":{"@id":"https:\/\/www.encontrafeiradesantana.com.br\/sobre\/#organization"},"image":{"@type":"ImageObject","url":"https:\/\/www.encontrafeiradesantana.com.br\/sobre\/wp-content\/uploads\/2026\/08\/seinfra-executa-obras-de-reforma-e-manutencao-em-14-quadras-e-campos-esportivos-de-feira.webp","width":280,"height":280,"caption":"Seinfra Feira"},"datePublished":"2026-08-22T03:38:46-03:00","dateModified":"2026-08-22T03:38:46-03:00","inLanguage":"pt-BR","mainEntityOfPage":{"@id":"https:\/\/www.encontrafeiradesantana.com.br\/sobre\/seinfra-executa-obras-de-reforma-e-manutencao-em-14-quadras-e-campos-esportivos-de-feira\/#webpage"},"isPartOf":{"@id":"https:\/\/www.encontrafeiradesantana.com.br\/sobre\/seinfra-executa-obras-de-reforma-e-manutencao-em-14-quadras-e-campos-esportivos-de-feira\/#webpage"},"articleSection":"Concursos Feira de Santana"},{"@type":"BreadcrumbList","@id":"https:\/\/www.encontrafeiradesantana.com.br\/sobre\/seinfra-executa-obras-de-reforma-e-manutencao-em-14-quadras-e-campos-esportivos-de-feira\/#breadcrumblist","itemListElement":[{"@type":"ListItem","@id":"https:\/\/www.encontrafeiradesantana.com.br\/sobre#listItem","position":1,"name":"In\u00edcio","item":"https:\/\/www.encontrafeiradesantana.com.br\/sobre","nextItem":{"@type":"ListItem","@id":"https:\/\/www.encontrafeiradesantana.com.br\/sobre\/concursos-em-feira-de-santana\/#listItem","name":"Concursos Feira de Santana"}},{"@type":"ListItem","@id":"https:\/\/www.encontrafeiradesantana.com.br\/sobre\/concursos-em-feira-de-santana\/#listItem","position":2,"name":"Concursos Feira de Santana","item":"https:\/\/www.encontrafeiradesantana.com.br\/sobre\/concursos-em-feira-de-santana\/","nextItem":{"@type":"ListItem","@id":"https:\/\/www.encontrafeiradesantana.com.br\/sobre\/seinfra-executa-obras-de-reforma-e-manutencao-em-14-quadras-e-campos-esportivos-de-feira\/#listItem","name":"Seinfra executa obras de reforma e manuten\u00e7\u00e3o em 14 quadras e campos esportivos de Feira"},"previousItem":{"@type":"ListItem","@id":"https:\/\/www.encontrafeiradesantana.com.br\/sobre#listItem","name":"In\u00edcio"}},{"@type":"ListItem","@id":"https:\/\/www.encontrafeiradesantana.com.br\/sobre\/seinfra-executa-obras-de-reforma-e-manutencao-em-14-quadras-e-campos-esportivos-de-feira\/#listItem","position":3,"name":"Seinfra executa obras de reforma e manuten\u00e7\u00e3o em 14 quadras e campos esportivos de Feira","previousItem":{"@type":"ListItem","@id":"https:\/\/www.encontrafeiradesantana.com.br\/sobre\/concursos-em-feira-de-santana\/#listItem","name":"Concursos Feira de Santana"}}]},{"@type":"Organization","@id":"https:\/\/www.encontrafeiradesantana.com.br\/sobre\/#organization","name":"Encontra Feira de Santana","description":"Not\u00edcias, eventos, informa\u00e7\u00f5es e dicas na cidade Feira de Santana e regi\u00e3o.","url":"https:\/\/www.encontrafeiradesantana.com.br\/sobre\/"},{"@type":"Person","@id":"https:\/\/www.encontrafeiradesantana.com.br\/sobre\/author\/efeiradesantana\/#author","url":"https:\/\/www.encontrafeiradesantana.com.br\/sobre\/author\/efeiradesantana\/","name":"Encontra Feira de Santana","image":{"@type":"ImageObject","@id":"https:\/\/www.encontrafeiradesantana.com.br\/sobre\/seinfra-executa-obras-de-reforma-e-manutencao-em-14-quadras-e-campos-esportivos-de-feira\/#authorImage","url":"https:\/\/secure.gravatar.com\/avatar\/507340682b8270222e1f208e23198b6ae7e2c6a1033ae84e99bc6bce4f82a387?s=96&d=mm&r=g","width":96,"height":96,"caption":"Encontra Feira de Santana"}},{"@type":"WebPage","@id":"https:\/\/www.encontrafeiradesantana.com.br\/sobre\/seinfra-executa-obras-de-reforma-e-manutencao-em-14-quadras-e-campos-esportivos-de-feira\/#webpage","url":"https:\/\/www.encontrafeiradesantana.com.br\/sobre\/seinfra-executa-obras-de-reforma-e-manutencao-em-14-quadras-e-campos-esportivos-de-feira\/","name":"Seinfra executa obras de reforma e manuten\u00e7\u00e3o em 14 quadras e campos esportivos de Feira | Encontra Feira de Santana","description":"Seinfra realiza reformas e manuten\u00e7\u00e3o em quadras e campos em Feira.","inLanguage":"pt-BR","isPartOf":{"@id":"https:\/\/www.encontrafeiradesantana.com.br\/sobre\/#website"},"breadcrumb":{"@id":"https:\/\/www.encontrafeiradesantana.com.br\/sobre\/seinfra-executa-obras-de-reforma-e-manutencao-em-14-quadras-e-campos-esportivos-de-feira\/#breadcrumblist"},"author":{"@id":"https:\/\/www.encontrafeiradesantana.com.br\/sobre\/author\/efeiradesantana\/#author"},"creator":{"@id":"https:\/\/www.encontrafeiradesantana.com.br\/sobre\/author\/efeiradesantana\/#author"},"image":{"@type":"ImageObject","url":"https:\/\/www.encontrafeiradesantana.com.br\/sobre\/wp-content\/uploads\/2026\/08\/seinfra-executa-obras-de-reforma-e-manutencao-em-14-quadras-e-campos-esportivos-de-feira.webp","@id":"https:\/\/www.encontrafeiradesantana.com.br\/sobre\/seinfra-executa-obras-de-reforma-e-manutencao-em-14-quadras-e-campos-esportivos-de-feira\/#mainImage","width":280,"height":280,"caption":"Seinfra Feira"},"primaryImageOfPage":{"@id":"https:\/\/www.encontrafeiradesantana.com.br\/sobre\/seinfra-executa-obras-de-reforma-e-manutencao-em-14-quadras-e-campos-esportivos-de-feira\/#mainImage"},"datePublished":"2026-08-22T03:38:46-03:00","dateModified":"2026-08-22T03:38:46-03:00"},{"@type":"WebSite","@id":"https:\/\/www.encontrafeiradesantana.com.br\/sobre\/#website","url":"https:\/\/www.encontrafeiradesantana.com.br\/sobre\/","name":"Encontra Feira de Santana","description":"Not\u00edcias, eventos, informa\u00e7\u00f5es e dicas na cidade Feira de Santana e regi\u00e3o.","inLanguage":"pt-BR","publisher":{"@id":"https:\/\/www.encontrafeiradesantana.com.br\/sobre\/#organization"}}]},"og:locale":"pt_BR","og:site_name":"Encontra Feira de Santana | Not\u00edcias, eventos, informa\u00e7\u00f5es e dicas na cidade Feira de Santana e regi\u00e3o.","og:type":"article","og:title":"Seinfra executa obras de reforma e manuten\u00e7\u00e3o em 14 quadras e campos esportivos de Feira | Encontra Feira de Santana","og:description":"Seinfra realiza reformas e manuten\u00e7\u00e3o em quadras e campos em Feira.","og:url":"https:\/\/www.encontrafeiradesantana.com.br\/sobre\/seinfra-executa-obras-de-reforma-e-manutencao-em-14-quadras-e-campos-esportivos-de-feira\/","article:published_time":"2026-08-22T06:38:46+00:00","article:modified_time":"2026-08-22T06:38:46+00:00","twitter:card":"summary","twitter:title":"Seinfra executa obras de reforma e manuten\u00e7\u00e3o em 14 quadras e campos esportivos de Feira | Encontra Feira de Santana","twitter:description":"Seinfra realiza reformas e manuten\u00e7\u00e3o em quadras e campos em Feira."},"aioseo_meta_data":{"post_id":"2716","title":null,"description":null,"keywords":null,"keyphrases":null,"primary_term":null,"canonical_url":null,"og_title":null,"og_description":null,"og_object_type":"default","og_image_type":"default","og_image_url":null,"og_image_width":null,"og_image_height":null,"og_image_custom_url":null,"og_image_custom_fields":null,"og_video":null,"og_custom_url":null,"og_article_section":null,"og_article_tags":null,"twitter_use_og":false,"twitter_card":"default","twitter_image_type":"default","twitter_image_url":null,"twitter_image_custom_url":null,"twitter_image_custom_fields":null,"twitter_title":null,"twitter_description":null,"schema":{"blockGraphs":[],"customGraphs":[],"default":{"data":{"Article":[],"Course":[],"Dataset":[],"FAQPage":[],"Movie":[],"Person":[],"Product":[],"ProductReview":[],"Car":[],"Recipe":[],"Service":[],"SoftwareApplication":[],"WebPage":[]},"graphName":"Article","isEnabled":true},"graphs":[]},"schema_type":"default","schema_type_options":null,"pillar_content":false,"robots_default":true,"robots_noindex":false,"robots_noarchive":false,"robots_nosnippet":false,"robots_nofollow":false,"robots_noimageindex":false,"robots_noodp":false,"robots_notranslate":false,"robots_max_snippet":null,"robots_max_videopreview":null,"robots_max_imagepreview":"large","priority":null,"frequency":null,"local_seo":null,"breadcrumb_settings":null,"limit_modified_date":false,"ai":null,"created":"2026-08-22 06:38:46","updated":"2026-08-22 07:21:11","focus_keyword":null,"additional_keywords":null,"truseo_locale":null,"seo_analyzer_scan_date":null},"aioseo_breadcrumb":"<div class=\"aioseo-breadcrumbs\"><span class=\"aioseo-breadcrumb\">\n\t\t\t<a href=\"https:\/\/www.encontrafeiradesantana.com.br\/sobre\" title=\"In\u00edcio\">In\u00edcio<\/a>\n\t\t<\/span><span class=\"aioseo-breadcrumb-separator\">&raquo;<\/span><span class=\"aioseo-breadcrumb\">\n\t\t\t<a href=\"https:\/\/www.encontrafeiradesantana.com.br\/sobre\/concursos-em-feira-de-santana\/\" title=\"Concursos Feira de Santana\">Concursos Feira de Santana<\/a>\n\t\t<\/span><span class=\"aioseo-breadcrumb-separator\">&raquo;<\/span><span class=\"aioseo-breadcrumb\">\n\t\t\tSeinfra executa obras de reforma e manuten\u00e7\u00e3o em 14 quadras e campos esportivos de Feira\n\t\t<\/span><\/div>","aioseo_breadcrumb_json":[{"label":"In\u00edcio","link":"https:\/\/www.encontrafeiradesantana.com.br\/sobre"},{"label":"Concursos Feira de Santana","link":"https:\/\/www.encontrafeiradesantana.com.br\/sobre\/concursos-em-feira-de-santana\/"},{"label":"Seinfra executa obras de reforma e manuten\u00e7\u00e3o em 14 quadras e campos esportivos de Feira","link":"https:\/\/www.encontrafeiradesantana.com.br\/sobre\/seinfra-executa-obras-de-reforma-e-manutencao-em-14-quadras-e-campos-esportivos-de-feira\/"}],"_links":{"self":[{"href":"https:\/\/www.encontrafeiradesantana.com.br\/sobre\/wp-json\/wp\/v2\/posts\/2716","targetHints":{"allow":["GET"]}}],"collection":[{"href":"https:\/\/www.encontrafeiradesantana.com.br\/sobre\/wp-json\/wp\/v2\/posts"}],"about":[{"href":"https:\/\/www.encontrafeiradesantana.com.br\/sobre\/wp-json\/wp\/v2\/types\/post"}],"author":[{"embeddable":true,"href":"https:\/\/www.encontrafeiradesantana.com.br\/sobre\/wp-json\/wp\/v2\/users\/1"}],"replies":[{"embeddable":true,"href":"https:\/\/www.encontrafeiradesantana.com.br\/sobre\/wp-json\/wp\/v2\/comments?post=2716"}],"version-history":[{"count":0,"href":"https:\/\/www.encontrafeiradesantana.com.br\/sobre\/wp-json\/wp\/v2\/posts\/2716\/revisions"}],"wp:featuredmedia":[{"embeddable":true,"href":"https:\/\/www.encontrafeiradesantana.com.br\/sobre\/wp-json\/wp\/v2\/media\/2715"}],"wp:attachment":[{"href":"https:\/\/www.encontrafeiradesantana.com.br\/sobre\/wp-json\/wp\/v2\/media?parent=2716"}],"wp:term":[{"taxonomy":"category","embeddable":true,"href":"https:\/\/www.encontrafeiradesantana.com.br\/sobre\/wp-json\/wp\/v2\/categories?post=2716"},{"taxonomy":"post_tag","embeddable":true,"href":"https:\/\/www.encontrafeiradesantana.com.br\/sobre\/wp-json\/wp\/v2\/tags?post=2716"}],"curies":[{"name":"wp","href":"https:\/\/api.w.org\/{rel}","templated":true}]}}