{"id":2710,"date":"2026-08-21T20:44:37","date_gmt":"2026-08-21T23:44:37","guid":{"rendered":"https:\/\/www.encontrafeiradesantana.com.br\/sobre\/prefeitura-de-feira-leva-pavimentacao-asfaltica-a-12-caminhos-do-conjunto-feira-ix\/"},"modified":"2026-08-21T20:44:37","modified_gmt":"2026-08-21T23:44:37","slug":"prefeitura-de-feira-leva-pavimentacao-asfaltica-a-12-caminhos-do-conjunto-feira-ix","status":"publish","type":"post","link":"https:\/\/www.encontrafeiradesantana.com.br\/sobre\/prefeitura-de-feira-leva-pavimentacao-asfaltica-a-12-caminhos-do-conjunto-feira-ix\/","title":{"rendered":"Prefeitura de Feira leva pavimenta\u00e7\u00e3o asf\u00e1ltica a 12 caminhos do conjunto Feira IX"},"content":{"rendered":"<div class=\"3f468104ad11f00a3c9ac948316f4265\" data-index=\"1\" style=\"float: none; margin:0px;\">\n<ins class=\"adsbygoogle\"\r\n     style=\"display:block\"\r\n     data-ad-client=\"ca-pub-8585364105181520\"\r\n     data-ad-slot=\"8789329856\"\r\n     data-ad-format=\"auto\"\r\n     data-full-width-responsive=\"true\"><\/ins>\r\n<script>\r\n     (adsbygoogle = window.adsbygoogle || []).push({});\r\n<\/script>\r\n\n<\/div>\n<h2>Obras de Pavimenta\u00e7\u00e3o no Feira IX<\/h2>\n<p>A pavimenta\u00e7\u00e3o asf\u00e1ltica no conjunto Feira IX \u00e9 uma a\u00e7\u00e3o significativa promovida pela prefeitura local, visando o aprimoramento da infraestrutura da regi\u00e3o. A execu\u00e7\u00e3o desse projeto trouxe melhorias consider\u00e1veis na acessibilidade, com a aplica\u00e7\u00e3o de Concreto Betuminoso Usinado a Quente (CBUQ) em 12 caminhos distintos. Esta iniciativa foi oficialmente anunciada pelo prefeito Jos\u00e9 Ronaldo de Carvalho em uma cerim\u00f4nia realizada na tarde do dia 20 de agosto de 2026, marcando um passo importante para a cidade.<\/p>\n<h2>Impactos da Pavimenta\u00e7\u00e3o na Comunidade<\/h2>\n<p>A melhoria das condi\u00e7\u00f5es das vias impacta diretamente o dia a dia dos moradores. Com as ruas pavimentadas, espera-se uma redu\u00e7\u00e3o na poeira, menos buracos e mais seguran\u00e7a para a circula\u00e7\u00e3o de ve\u00edculos e pedestres. Essas mudan\u00e7as t\u00eam um efeito positivo n\u00e3o apenas na qualidade de vida dos residentes, mas tamb\u00e9m na valoriza\u00e7\u00e3o dos im\u00f3veis e no desenvolvimento comercial da \u00e1rea.<\/p>\n<h2>Compromisso da Prefeitura com a Infraestrutura<\/h2>\n<p>A decis\u00e3o da prefeitura de investir em pavimenta\u00e7\u00e3o asf\u00e1ltica reflete o compromisso com o desenvolvimento urbano e a melhoria cont\u00ednua da infraestrutura de Feira de Santana. O prefeito Jos\u00e9 Ronaldo ressaltou a import\u00e2ncia dessas obras para garantir condi\u00e7\u00f5es dignas de tr\u00e1fego e transporte na cidade, priorizando regi\u00f5es que mais necessitam de interven\u00e7\u00e3o e servi\u00e7os de qualidade.<\/p>\n<p><img decoding=\"async\" src=\"https:\/\/www.encontrafeiradesantana.com.br\/sobre\/wp-content\/uploads\/2026\/08\/prefeitura-de-feira-leva-pavimentacao-asfaltica-a-12-caminhos-do-conjunto-feira-ix.webp\" alt=\"pavimenta\u00e7\u00e3o asf\u00e1ltica\" loading=\"lazy\" \/><\/p>\n<h2>Caminhos Pavimentados: Quais Foram Escolhidos?<\/h2>\n<p>Os caminhos que receber\u00e3o a nova pavimenta\u00e7\u00e3o incluem:<\/p>\n<ul>\n<li>Caminho 01<\/li>\n<li>Caminho 02<\/li>\n<li>Caminho 07<\/li>\n<li>Caminho 08<\/li>\n<li>Caminho 14<\/li>\n<li>Caminho 16<\/li>\n<li>Caminho 20<\/li>\n<li>Caminho 21<\/li>\n<li>Caminho 28<\/li>\n<li>Caminho 29<\/li>\n<li>Caminho 32<\/li>\n<li>Caminho 34<\/li>\n<\/ul>\n<p>Essas \u00e1reas foram escolhidas com base na necessidade de melhorias, e a previs\u00e3o \u00e9 que os trabalhos sejam realizados de forma \u00e1gil e com recursos adequados para garantir a durabilidade da pavimenta\u00e7\u00e3o.<\/p>\n<h2>A Import\u00e2ncia do CBUQ na Pavimenta\u00e7\u00e3o<\/h2>\n<p>O CBUQ \u00e9 um material amplamente utilizado em projetos de pavimenta\u00e7\u00e3o devido \u00e0 sua resist\u00eancia e durabilidade. A escolha desse concreto betuminoso \u00e9 crucial para assegurar que as vias suportem o tr\u00e1fego intenso, al\u00e9m de possibilitar uma superf\u00edcie mais uniforme e segura. Seu uso traz benef\u00edcios no longo prazo, minimizando a necessidade de manuten\u00e7\u00f5es frequentes.<\/p>\n<h2>Simultaneidade das Obras em Diferentes Bairros<\/h2>\n<p>A prefeitura est\u00e1 realizando obras de pavimenta\u00e7\u00e3o em m\u00faltiplas localidades ao mesmo tempo, o que demonstra um planejamento estrat\u00e9gico para atender v\u00e1rias comunidades simultaneamente. Al\u00e9m do conjunto Feira IX, o bairro Fraternidade tamb\u00e9m est\u00e1 recebendo reformas, aumentando a efici\u00eancia dos servi\u00e7os prestados e otimizando o uso de recursos.<\/p>\n<h2>Depoimentos de Moradores sobre as Mudan\u00e7as<\/h2>\n<p>Os moradores do conjunto Feira IX expressaram sua satisfa\u00e7\u00e3o com as obras em andamento. Muitos relatam que a pavimenta\u00e7\u00e3o traz novas esperan\u00e7as para a melhoria da qualidade de vida. &#8220;Antes, era dif\u00edcil transitar por aqui, principalmente em dias de chuva. Agora, j\u00e1 podemos perceber a diferen\u00e7a na facilidade para se locomover&#8221;, comenta uma residente. Esses relatos refletem a expectativa positiva em rela\u00e7\u00e3o \u00e0s mudan\u00e7as na infraestrutura local.<\/p>\n<h2>Expectativas para o Futuro da Infraestrutura<\/h2>\n<p>As expectativas para o futuro s\u00e3o bastante otimistas. Com a conclus\u00e3o das obras de pavimenta\u00e7\u00e3o, a comunidade espera n\u00e3o apenas uma melhoria na mobilidade, mas tamb\u00e9m um aumento nas oportunidades de neg\u00f3cios e servi\u00e7os. A pavimenta\u00e7\u00e3o \u00e9 um passo fundamental para transformar o conjunto Feira IX em um local mais agrad\u00e1vel e acess\u00edvel.<\/p>\n<h2>Acompanhamento das Obras pela Prefeitura<\/h2>\n<p>A equipe da prefeitura, incluindo o diretor de Obras da Seinfra, Ianco Pinho, est\u00e1 monitorando de perto o progresso das obras. Essa supervis\u00e3o visa garantir que todos os padr\u00f5es de qualidade sejam atendidos e que o prazo de execu\u00e7\u00e3o seja cumprido. O acompanhamento rigoroso \u00e9 um indicativo do comprometimento da administra\u00e7\u00e3o municipal com a efici\u00eancia e a transpar\u00eancia nas obras p\u00fablicas.<\/p>\n<h2>Como a Pavimenta\u00e7\u00e3o Melhora a Qualidade de Vida?<\/h2>\n<p>A pavimenta\u00e7\u00e3o de ruas e caminhos \u00e9 essencial para promover uma melhor qualidade de vida. Al\u00e9m de facilitar o deslocamento, a pavimenta\u00e7\u00e3o reduz problemas como poeira e alagamentos, melhora a est\u00e9tica do local e, consequentemente, valoriza os im\u00f3veis. Vias bem estruturadas tamb\u00e9m contribuem para a seguran\u00e7a no tr\u00e2nsito, reduzindo acidentes e promovendo um ambiente mais acolhedor para os cidad\u00e3os.<\/p>\n\n<div style=\"font-size: 0px; height: 0px; line-height: 0px; margin: 0; padding: 0; clear: both;\"><\/div>","protected":false},"excerpt":{"rendered":"<p>Feira IX recebe pavimenta\u00e7\u00e3o asf\u00e1ltica em 12 caminhos para melhor acessibilidade.<\/p>\n","protected":false},"author":1,"featured_media":2709,"comment_status":"open","ping_status":"closed","sticky":false,"template":"","format":"standard","meta":{"footnotes":""},"categories":[25],"tags":[],"class_list":["post-2710","post","type-post","status-publish","format-standard","has-post-thumbnail","hentry","category-construcao-em-feira-de-santana","has_thumb"],"aioseo_notices":[],"aioseo_head":"\n\t\t<!-- All in One SEO 5.0.0.1 - aioseo.com -->\n\t<meta name=\"description\" content=\"Feira IX recebe pavimenta\u00e7\u00e3o asf\u00e1ltica em 12 caminhos para melhor acessibilidade.\" \/>\n\t<meta name=\"robots\" content=\"max-image-preview:large\" \/>\n\t<meta name=\"author\" content=\"Encontra Feira de Santana\"\/>\n\t<link rel=\"canonical\" href=\"https:\/\/www.encontrafeiradesantana.com.br\/sobre\/prefeitura-de-feira-leva-pavimentacao-asfaltica-a-12-caminhos-do-conjunto-feira-ix\/\" \/>\n\t<meta name=\"generator\" content=\"All in One SEO (AIOSEO) 5.0.0.1\" \/>\n\t\t<meta property=\"og:locale\" content=\"pt_BR\" \/>\n\t\t<meta property=\"og:site_name\" content=\"Encontra Feira de Santana | Not\u00edcias, eventos, informa\u00e7\u00f5es e dicas na cidade Feira de Santana e regi\u00e3o.\" \/>\n\t\t<meta property=\"og:type\" content=\"article\" \/>\n\t\t<meta property=\"og:title\" content=\"Prefeitura de Feira leva pavimenta\u00e7\u00e3o asf\u00e1ltica a 12 caminhos do conjunto Feira IX | Encontra Feira de Santana\" \/>\n\t\t<meta property=\"og:description\" content=\"Feira IX recebe pavimenta\u00e7\u00e3o asf\u00e1ltica em 12 caminhos para melhor acessibilidade.\" \/>\n\t\t<meta property=\"og:url\" content=\"https:\/\/www.encontrafeiradesantana.com.br\/sobre\/prefeitura-de-feira-leva-pavimentacao-asfaltica-a-12-caminhos-do-conjunto-feira-ix\/\" \/>\n\t\t<meta property=\"article:published_time\" content=\"2026-08-21T23:44:37+00:00\" \/>\n\t\t<meta property=\"article:modified_time\" content=\"2026-08-21T23:44:37+00:00\" \/>\n\t\t<meta name=\"twitter:card\" content=\"summary\" \/>\n\t\t<meta name=\"twitter:title\" content=\"Prefeitura de Feira leva pavimenta\u00e7\u00e3o asf\u00e1ltica a 12 caminhos do conjunto Feira IX | Encontra Feira de Santana\" \/>\n\t\t<meta name=\"twitter:description\" content=\"Feira IX recebe pavimenta\u00e7\u00e3o asf\u00e1ltica em 12 caminhos para melhor acessibilidade.\" \/>\n\t\t<script type=\"application\/ld+json\" class=\"aioseo-schema\">\n\t\t\t{\"@context\":\"https:\\\/\\\/schema.org\",\"@graph\":[{\"@type\":\"Article\",\"@id\":\"https:\\\/\\\/www.encontrafeiradesantana.com.br\\\/sobre\\\/prefeitura-de-feira-leva-pavimentacao-asfaltica-a-12-caminhos-do-conjunto-feira-ix\\\/#article\",\"name\":\"Prefeitura de Feira leva pavimenta\\u00e7\\u00e3o asf\\u00e1ltica a 12 caminhos do conjunto Feira IX | Encontra Feira de Santana\",\"headline\":\"Prefeitura de Feira leva pavimenta\\u00e7\\u00e3o asf\\u00e1ltica a 12 caminhos do conjunto Feira IX\",\"author\":{\"@id\":\"https:\\\/\\\/www.encontrafeiradesantana.com.br\\\/sobre\\\/author\\\/efeiradesantana\\\/#author\"},\"publisher\":{\"@id\":\"https:\\\/\\\/www.encontrafeiradesantana.com.br\\\/sobre\\\/#organization\"},\"image\":{\"@type\":\"ImageObject\",\"url\":\"https:\\\/\\\/www.encontrafeiradesantana.com.br\\\/sobre\\\/wp-content\\\/uploads\\\/2026\\\/08\\\/prefeitura-de-feira-leva-pavimentacao-asfaltica-a-12-caminhos-do-conjunto-feira-ix.webp\",\"width\":280,\"height\":280,\"caption\":\"pavimenta\\u00e7\\u00e3o asf\\u00e1ltica\"},\"datePublished\":\"2026-08-21T20:44:37-03:00\",\"dateModified\":\"2026-08-21T20:44:37-03:00\",\"inLanguage\":\"pt-BR\",\"mainEntityOfPage\":{\"@id\":\"https:\\\/\\\/www.encontrafeiradesantana.com.br\\\/sobre\\\/prefeitura-de-feira-leva-pavimentacao-asfaltica-a-12-caminhos-do-conjunto-feira-ix\\\/#webpage\"},\"isPartOf\":{\"@id\":\"https:\\\/\\\/www.encontrafeiradesantana.com.br\\\/sobre\\\/prefeitura-de-feira-leva-pavimentacao-asfaltica-a-12-caminhos-do-conjunto-feira-ix\\\/#webpage\"},\"articleSection\":\"Constru\\u00e7\\u00e3o Feira de Santana\"},{\"@type\":\"BreadcrumbList\",\"@id\":\"https:\\\/\\\/www.encontrafeiradesantana.com.br\\\/sobre\\\/prefeitura-de-feira-leva-pavimentacao-asfaltica-a-12-caminhos-do-conjunto-feira-ix\\\/#breadcrumblist\",\"itemListElement\":[{\"@type\":\"ListItem\",\"@id\":\"https:\\\/\\\/www.encontrafeiradesantana.com.br\\\/sobre#listItem\",\"position\":1,\"name\":\"In\\u00edcio\",\"item\":\"https:\\\/\\\/www.encontrafeiradesantana.com.br\\\/sobre\",\"nextItem\":{\"@type\":\"ListItem\",\"@id\":\"https:\\\/\\\/www.encontrafeiradesantana.com.br\\\/sobre\\\/construcao-em-feira-de-santana\\\/#listItem\",\"name\":\"Constru\\u00e7\\u00e3o Feira de Santana\"}},{\"@type\":\"ListItem\",\"@id\":\"https:\\\/\\\/www.encontrafeiradesantana.com.br\\\/sobre\\\/construcao-em-feira-de-santana\\\/#listItem\",\"position\":2,\"name\":\"Constru\\u00e7\\u00e3o Feira de Santana\",\"item\":\"https:\\\/\\\/www.encontrafeiradesantana.com.br\\\/sobre\\\/construcao-em-feira-de-santana\\\/\",\"nextItem\":{\"@type\":\"ListItem\",\"@id\":\"https:\\\/\\\/www.encontrafeiradesantana.com.br\\\/sobre\\\/prefeitura-de-feira-leva-pavimentacao-asfaltica-a-12-caminhos-do-conjunto-feira-ix\\\/#listItem\",\"name\":\"Prefeitura de Feira leva pavimenta\\u00e7\\u00e3o asf\\u00e1ltica a 12 caminhos do conjunto Feira IX\"},\"previousItem\":{\"@type\":\"ListItem\",\"@id\":\"https:\\\/\\\/www.encontrafeiradesantana.com.br\\\/sobre#listItem\",\"name\":\"In\\u00edcio\"}},{\"@type\":\"ListItem\",\"@id\":\"https:\\\/\\\/www.encontrafeiradesantana.com.br\\\/sobre\\\/prefeitura-de-feira-leva-pavimentacao-asfaltica-a-12-caminhos-do-conjunto-feira-ix\\\/#listItem\",\"position\":3,\"name\":\"Prefeitura de Feira leva pavimenta\\u00e7\\u00e3o asf\\u00e1ltica a 12 caminhos do conjunto Feira IX\",\"previousItem\":{\"@type\":\"ListItem\",\"@id\":\"https:\\\/\\\/www.encontrafeiradesantana.com.br\\\/sobre\\\/construcao-em-feira-de-santana\\\/#listItem\",\"name\":\"Constru\\u00e7\\u00e3o Feira de Santana\"}}]},{\"@type\":\"Organization\",\"@id\":\"https:\\\/\\\/www.encontrafeiradesantana.com.br\\\/sobre\\\/#organization\",\"name\":\"Encontra Feira de Santana\",\"description\":\"Not\\u00edcias, eventos, informa\\u00e7\\u00f5es e dicas na cidade Feira de Santana e regi\\u00e3o.\",\"url\":\"https:\\\/\\\/www.encontrafeiradesantana.com.br\\\/sobre\\\/\"},{\"@type\":\"Person\",\"@id\":\"https:\\\/\\\/www.encontrafeiradesantana.com.br\\\/sobre\\\/author\\\/efeiradesantana\\\/#author\",\"url\":\"https:\\\/\\\/www.encontrafeiradesantana.com.br\\\/sobre\\\/author\\\/efeiradesantana\\\/\",\"name\":\"Encontra Feira de Santana\",\"image\":{\"@type\":\"ImageObject\",\"@id\":\"https:\\\/\\\/www.encontrafeiradesantana.com.br\\\/sobre\\\/prefeitura-de-feira-leva-pavimentacao-asfaltica-a-12-caminhos-do-conjunto-feira-ix\\\/#authorImage\",\"url\":\"https:\\\/\\\/secure.gravatar.com\\\/avatar\\\/507340682b8270222e1f208e23198b6ae7e2c6a1033ae84e99bc6bce4f82a387?s=96&d=mm&r=g\",\"width\":96,\"height\":96,\"caption\":\"Encontra Feira de Santana\"}},{\"@type\":\"WebPage\",\"@id\":\"https:\\\/\\\/www.encontrafeiradesantana.com.br\\\/sobre\\\/prefeitura-de-feira-leva-pavimentacao-asfaltica-a-12-caminhos-do-conjunto-feira-ix\\\/#webpage\",\"url\":\"https:\\\/\\\/www.encontrafeiradesantana.com.br\\\/sobre\\\/prefeitura-de-feira-leva-pavimentacao-asfaltica-a-12-caminhos-do-conjunto-feira-ix\\\/\",\"name\":\"Prefeitura de Feira leva pavimenta\\u00e7\\u00e3o asf\\u00e1ltica a 12 caminhos do conjunto Feira IX | Encontra Feira de Santana\",\"description\":\"Feira IX recebe pavimenta\\u00e7\\u00e3o asf\\u00e1ltica em 12 caminhos para melhor acessibilidade.\",\"inLanguage\":\"pt-BR\",\"isPartOf\":{\"@id\":\"https:\\\/\\\/www.encontrafeiradesantana.com.br\\\/sobre\\\/#website\"},\"breadcrumb\":{\"@id\":\"https:\\\/\\\/www.encontrafeiradesantana.com.br\\\/sobre\\\/prefeitura-de-feira-leva-pavimentacao-asfaltica-a-12-caminhos-do-conjunto-feira-ix\\\/#breadcrumblist\"},\"author\":{\"@id\":\"https:\\\/\\\/www.encontrafeiradesantana.com.br\\\/sobre\\\/author\\\/efeiradesantana\\\/#author\"},\"creator\":{\"@id\":\"https:\\\/\\\/www.encontrafeiradesantana.com.br\\\/sobre\\\/author\\\/efeiradesantana\\\/#author\"},\"image\":{\"@type\":\"ImageObject\",\"url\":\"https:\\\/\\\/www.encontrafeiradesantana.com.br\\\/sobre\\\/wp-content\\\/uploads\\\/2026\\\/08\\\/prefeitura-de-feira-leva-pavimentacao-asfaltica-a-12-caminhos-do-conjunto-feira-ix.webp\",\"@id\":\"https:\\\/\\\/www.encontrafeiradesantana.com.br\\\/sobre\\\/prefeitura-de-feira-leva-pavimentacao-asfaltica-a-12-caminhos-do-conjunto-feira-ix\\\/#mainImage\",\"width\":280,\"height\":280,\"caption\":\"pavimenta\\u00e7\\u00e3o asf\\u00e1ltica\"},\"primaryImageOfPage\":{\"@id\":\"https:\\\/\\\/www.encontrafeiradesantana.com.br\\\/sobre\\\/prefeitura-de-feira-leva-pavimentacao-asfaltica-a-12-caminhos-do-conjunto-feira-ix\\\/#mainImage\"},\"datePublished\":\"2026-08-21T20:44:37-03:00\",\"dateModified\":\"2026-08-21T20:44:37-03:00\"},{\"@type\":\"WebSite\",\"@id\":\"https:\\\/\\\/www.encontrafeiradesantana.com.br\\\/sobre\\\/#website\",\"url\":\"https:\\\/\\\/www.encontrafeiradesantana.com.br\\\/sobre\\\/\",\"name\":\"Encontra Feira de Santana\",\"description\":\"Not\\u00edcias, eventos, informa\\u00e7\\u00f5es e dicas na cidade Feira de Santana e regi\\u00e3o.\",\"inLanguage\":\"pt-BR\",\"publisher\":{\"@id\":\"https:\\\/\\\/www.encontrafeiradesantana.com.br\\\/sobre\\\/#organization\"}}]}\n\t\t<\/script>\n\t\t<!-- All in One SEO -->\n\n","aioseo_head_json":{"title":"Prefeitura de Feira leva pavimenta\u00e7\u00e3o asf\u00e1ltica a 12 caminhos do conjunto Feira IX | Encontra Feira de Santana","description":"Feira IX recebe pavimenta\u00e7\u00e3o asf\u00e1ltica em 12 caminhos para melhor acessibilidade.","canonical_url":"https:\/\/www.encontrafeiradesantana.com.br\/sobre\/prefeitura-de-feira-leva-pavimentacao-asfaltica-a-12-caminhos-do-conjunto-feira-ix\/","robots":"max-image-preview:large","keywords":"","webmasterTools":{"miscellaneous":""},"schema":{"@context":"https:\/\/schema.org","@graph":[{"@type":"Article","@id":"https:\/\/www.encontrafeiradesantana.com.br\/sobre\/prefeitura-de-feira-leva-pavimentacao-asfaltica-a-12-caminhos-do-conjunto-feira-ix\/#article","name":"Prefeitura de Feira leva pavimenta\u00e7\u00e3o asf\u00e1ltica a 12 caminhos do conjunto Feira IX | Encontra Feira de Santana","headline":"Prefeitura de Feira leva pavimenta\u00e7\u00e3o asf\u00e1ltica a 12 caminhos do conjunto Feira IX","author":{"@id":"https:\/\/www.encontrafeiradesantana.com.br\/sobre\/author\/efeiradesantana\/#author"},"publisher":{"@id":"https:\/\/www.encontrafeiradesantana.com.br\/sobre\/#organization"},"image":{"@type":"ImageObject","url":"https:\/\/www.encontrafeiradesantana.com.br\/sobre\/wp-content\/uploads\/2026\/08\/prefeitura-de-feira-leva-pavimentacao-asfaltica-a-12-caminhos-do-conjunto-feira-ix.webp","width":280,"height":280,"caption":"pavimenta\u00e7\u00e3o asf\u00e1ltica"},"datePublished":"2026-08-21T20:44:37-03:00","dateModified":"2026-08-21T20:44:37-03:00","inLanguage":"pt-BR","mainEntityOfPage":{"@id":"https:\/\/www.encontrafeiradesantana.com.br\/sobre\/prefeitura-de-feira-leva-pavimentacao-asfaltica-a-12-caminhos-do-conjunto-feira-ix\/#webpage"},"isPartOf":{"@id":"https:\/\/www.encontrafeiradesantana.com.br\/sobre\/prefeitura-de-feira-leva-pavimentacao-asfaltica-a-12-caminhos-do-conjunto-feira-ix\/#webpage"},"articleSection":"Constru\u00e7\u00e3o Feira de Santana"},{"@type":"BreadcrumbList","@id":"https:\/\/www.encontrafeiradesantana.com.br\/sobre\/prefeitura-de-feira-leva-pavimentacao-asfaltica-a-12-caminhos-do-conjunto-feira-ix\/#breadcrumblist","itemListElement":[{"@type":"ListItem","@id":"https:\/\/www.encontrafeiradesantana.com.br\/sobre#listItem","position":1,"name":"In\u00edcio","item":"https:\/\/www.encontrafeiradesantana.com.br\/sobre","nextItem":{"@type":"ListItem","@id":"https:\/\/www.encontrafeiradesantana.com.br\/sobre\/construcao-em-feira-de-santana\/#listItem","name":"Constru\u00e7\u00e3o Feira de Santana"}},{"@type":"ListItem","@id":"https:\/\/www.encontrafeiradesantana.com.br\/sobre\/construcao-em-feira-de-santana\/#listItem","position":2,"name":"Constru\u00e7\u00e3o Feira de Santana","item":"https:\/\/www.encontrafeiradesantana.com.br\/sobre\/construcao-em-feira-de-santana\/","nextItem":{"@type":"ListItem","@id":"https:\/\/www.encontrafeiradesantana.com.br\/sobre\/prefeitura-de-feira-leva-pavimentacao-asfaltica-a-12-caminhos-do-conjunto-feira-ix\/#listItem","name":"Prefeitura de Feira leva pavimenta\u00e7\u00e3o asf\u00e1ltica a 12 caminhos do conjunto Feira IX"},"previousItem":{"@type":"ListItem","@id":"https:\/\/www.encontrafeiradesantana.com.br\/sobre#listItem","name":"In\u00edcio"}},{"@type":"ListItem","@id":"https:\/\/www.encontrafeiradesantana.com.br\/sobre\/prefeitura-de-feira-leva-pavimentacao-asfaltica-a-12-caminhos-do-conjunto-feira-ix\/#listItem","position":3,"name":"Prefeitura de Feira leva pavimenta\u00e7\u00e3o asf\u00e1ltica a 12 caminhos do conjunto Feira IX","previousItem":{"@type":"ListItem","@id":"https:\/\/www.encontrafeiradesantana.com.br\/sobre\/construcao-em-feira-de-santana\/#listItem","name":"Constru\u00e7\u00e3o Feira de Santana"}}]},{"@type":"Organization","@id":"https:\/\/www.encontrafeiradesantana.com.br\/sobre\/#organization","name":"Encontra Feira de Santana","description":"Not\u00edcias, eventos, informa\u00e7\u00f5es e dicas na cidade Feira de Santana e regi\u00e3o.","url":"https:\/\/www.encontrafeiradesantana.com.br\/sobre\/"},{"@type":"Person","@id":"https:\/\/www.encontrafeiradesantana.com.br\/sobre\/author\/efeiradesantana\/#author","url":"https:\/\/www.encontrafeiradesantana.com.br\/sobre\/author\/efeiradesantana\/","name":"Encontra Feira de Santana","image":{"@type":"ImageObject","@id":"https:\/\/www.encontrafeiradesantana.com.br\/sobre\/prefeitura-de-feira-leva-pavimentacao-asfaltica-a-12-caminhos-do-conjunto-feira-ix\/#authorImage","url":"https:\/\/secure.gravatar.com\/avatar\/507340682b8270222e1f208e23198b6ae7e2c6a1033ae84e99bc6bce4f82a387?s=96&d=mm&r=g","width":96,"height":96,"caption":"Encontra Feira de Santana"}},{"@type":"WebPage","@id":"https:\/\/www.encontrafeiradesantana.com.br\/sobre\/prefeitura-de-feira-leva-pavimentacao-asfaltica-a-12-caminhos-do-conjunto-feira-ix\/#webpage","url":"https:\/\/www.encontrafeiradesantana.com.br\/sobre\/prefeitura-de-feira-leva-pavimentacao-asfaltica-a-12-caminhos-do-conjunto-feira-ix\/","name":"Prefeitura de Feira leva pavimenta\u00e7\u00e3o asf\u00e1ltica a 12 caminhos do conjunto Feira IX | Encontra Feira de Santana","description":"Feira IX recebe pavimenta\u00e7\u00e3o asf\u00e1ltica em 12 caminhos para melhor acessibilidade.","inLanguage":"pt-BR","isPartOf":{"@id":"https:\/\/www.encontrafeiradesantana.com.br\/sobre\/#website"},"breadcrumb":{"@id":"https:\/\/www.encontrafeiradesantana.com.br\/sobre\/prefeitura-de-feira-leva-pavimentacao-asfaltica-a-12-caminhos-do-conjunto-feira-ix\/#breadcrumblist"},"author":{"@id":"https:\/\/www.encontrafeiradesantana.com.br\/sobre\/author\/efeiradesantana\/#author"},"creator":{"@id":"https:\/\/www.encontrafeiradesantana.com.br\/sobre\/author\/efeiradesantana\/#author"},"image":{"@type":"ImageObject","url":"https:\/\/www.encontrafeiradesantana.com.br\/sobre\/wp-content\/uploads\/2026\/08\/prefeitura-de-feira-leva-pavimentacao-asfaltica-a-12-caminhos-do-conjunto-feira-ix.webp","@id":"https:\/\/www.encontrafeiradesantana.com.br\/sobre\/prefeitura-de-feira-leva-pavimentacao-asfaltica-a-12-caminhos-do-conjunto-feira-ix\/#mainImage","width":280,"height":280,"caption":"pavimenta\u00e7\u00e3o asf\u00e1ltica"},"primaryImageOfPage":{"@id":"https:\/\/www.encontrafeiradesantana.com.br\/sobre\/prefeitura-de-feira-leva-pavimentacao-asfaltica-a-12-caminhos-do-conjunto-feira-ix\/#mainImage"},"datePublished":"2026-08-21T20:44:37-03:00","dateModified":"2026-08-21T20:44:37-03:00"},{"@type":"WebSite","@id":"https:\/\/www.encontrafeiradesantana.com.br\/sobre\/#website","url":"https:\/\/www.encontrafeiradesantana.com.br\/sobre\/","name":"Encontra Feira de Santana","description":"Not\u00edcias, eventos, informa\u00e7\u00f5es e dicas na cidade Feira de Santana e regi\u00e3o.","inLanguage":"pt-BR","publisher":{"@id":"https:\/\/www.encontrafeiradesantana.com.br\/sobre\/#organization"}}]},"og:locale":"pt_BR","og:site_name":"Encontra Feira de Santana | Not\u00edcias, eventos, informa\u00e7\u00f5es e dicas na cidade Feira de Santana e regi\u00e3o.","og:type":"article","og:title":"Prefeitura de Feira leva pavimenta\u00e7\u00e3o asf\u00e1ltica a 12 caminhos do conjunto Feira IX | Encontra Feira de Santana","og:description":"Feira IX recebe pavimenta\u00e7\u00e3o asf\u00e1ltica em 12 caminhos para melhor acessibilidade.","og:url":"https:\/\/www.encontrafeiradesantana.com.br\/sobre\/prefeitura-de-feira-leva-pavimentacao-asfaltica-a-12-caminhos-do-conjunto-feira-ix\/","article:published_time":"2026-08-21T23:44:37+00:00","article:modified_time":"2026-08-21T23:44:37+00:00","twitter:card":"summary","twitter:title":"Prefeitura de Feira leva pavimenta\u00e7\u00e3o asf\u00e1ltica a 12 caminhos do conjunto Feira IX | Encontra Feira de Santana","twitter:description":"Feira IX recebe pavimenta\u00e7\u00e3o asf\u00e1ltica em 12 caminhos para melhor acessibilidade."},"aioseo_meta_data":{"post_id":"2710","title":null,"description":null,"keywords":null,"keyphrases":null,"primary_term":null,"canonical_url":null,"og_title":null,"og_description":null,"og_object_type":"default","og_image_type":"default","og_image_url":null,"og_image_width":null,"og_image_height":null,"og_image_custom_url":null,"og_image_custom_fields":null,"og_video":null,"og_custom_url":null,"og_article_section":null,"og_article_tags":null,"twitter_use_og":false,"twitter_card":"default","twitter_image_type":"default","twitter_image_url":null,"twitter_image_custom_url":null,"twitter_image_custom_fields":null,"twitter_title":null,"twitter_description":null,"schema":{"blockGraphs":[],"customGraphs":[],"default":{"data":{"Article":[],"Course":[],"Dataset":[],"FAQPage":[],"Movie":[],"Person":[],"Product":[],"ProductReview":[],"Car":[],"Recipe":[],"Service":[],"SoftwareApplication":[],"WebPage":[]},"graphName":"Article","isEnabled":true},"graphs":[]},"schema_type":"default","schema_type_options":null,"pillar_content":false,"robots_default":true,"robots_noindex":false,"robots_noarchive":false,"robots_nosnippet":false,"robots_nofollow":false,"robots_noimageindex":false,"robots_noodp":false,"robots_notranslate":false,"robots_max_snippet":null,"robots_max_videopreview":null,"robots_max_imagepreview":"large","priority":null,"frequency":null,"local_seo":null,"breadcrumb_settings":null,"limit_modified_date":false,"ai":null,"created":"2026-08-21 23:44:37","updated":"2026-08-21 23:45:33","focus_keyword":null,"additional_keywords":null,"truseo_locale":null,"seo_analyzer_scan_date":null},"aioseo_breadcrumb":"<div class=\"aioseo-breadcrumbs\"><span class=\"aioseo-breadcrumb\">\n\t\t\t<a href=\"https:\/\/www.encontrafeiradesantana.com.br\/sobre\" title=\"In\u00edcio\">In\u00edcio<\/a>\n\t\t<\/span><span class=\"aioseo-breadcrumb-separator\">&raquo;<\/span><span class=\"aioseo-breadcrumb\">\n\t\t\t<a href=\"https:\/\/www.encontrafeiradesantana.com.br\/sobre\/construcao-em-feira-de-santana\/\" title=\"Constru\u00e7\u00e3o Feira de Santana\">Constru\u00e7\u00e3o Feira de Santana<\/a>\n\t\t<\/span><span class=\"aioseo-breadcrumb-separator\">&raquo;<\/span><span class=\"aioseo-breadcrumb\">\n\t\t\tPrefeitura de Feira leva pavimenta\u00e7\u00e3o asf\u00e1ltica a 12 caminhos do conjunto Feira IX\n\t\t<\/span><\/div>","aioseo_breadcrumb_json":[{"label":"In\u00edcio","link":"https:\/\/www.encontrafeiradesantana.com.br\/sobre"},{"label":"Constru\u00e7\u00e3o Feira de Santana","link":"https:\/\/www.encontrafeiradesantana.com.br\/sobre\/construcao-em-feira-de-santana\/"},{"label":"Prefeitura de Feira leva pavimenta\u00e7\u00e3o asf\u00e1ltica a 12 caminhos do conjunto Feira IX","link":"https:\/\/www.encontrafeiradesantana.com.br\/sobre\/prefeitura-de-feira-leva-pavimentacao-asfaltica-a-12-caminhos-do-conjunto-feira-ix\/"}],"_links":{"self":[{"href":"https:\/\/www.encontrafeiradesantana.com.br\/sobre\/wp-json\/wp\/v2\/posts\/2710","targetHints":{"allow":["GET"]}}],"collection":[{"href":"https:\/\/www.encontrafeiradesantana.com.br\/sobre\/wp-json\/wp\/v2\/posts"}],"about":[{"href":"https:\/\/www.encontrafeiradesantana.com.br\/sobre\/wp-json\/wp\/v2\/types\/post"}],"author":[{"embeddable":true,"href":"https:\/\/www.encontrafeiradesantana.com.br\/sobre\/wp-json\/wp\/v2\/users\/1"}],"replies":[{"embeddable":true,"href":"https:\/\/www.encontrafeiradesantana.com.br\/sobre\/wp-json\/wp\/v2\/comments?post=2710"}],"version-history":[{"count":0,"href":"https:\/\/www.encontrafeiradesantana.com.br\/sobre\/wp-json\/wp\/v2\/posts\/2710\/revisions"}],"wp:featuredmedia":[{"embeddable":true,"href":"https:\/\/www.encontrafeiradesantana.com.br\/sobre\/wp-json\/wp\/v2\/media\/2709"}],"wp:attachment":[{"href":"https:\/\/www.encontrafeiradesantana.com.br\/sobre\/wp-json\/wp\/v2\/media?parent=2710"}],"wp:term":[{"taxonomy":"category","embeddable":true,"href":"https:\/\/www.encontrafeiradesantana.com.br\/sobre\/wp-json\/wp\/v2\/categories?post=2710"},{"taxonomy":"post_tag","embeddable":true,"href":"https:\/\/www.encontrafeiradesantana.com.br\/sobre\/wp-json\/wp\/v2\/tags?post=2710"}],"curies":[{"name":"wp","href":"https:\/\/api.w.org\/{rel}","templated":true}]}}