{"id":2686,"date":"2026-08-18T03:38:37","date_gmt":"2026-08-18T06:38:37","guid":{"rendered":"https:\/\/www.encontrafeiradesantana.com.br\/sobre\/oab-feira-de-santana-promove-5a-caminhada-do-agosto-lilas-com-apoio-da-secretaria-da-mulher\/"},"modified":"2026-08-18T03:38:37","modified_gmt":"2026-08-18T06:38:37","slug":"oab-feira-de-santana-promove-5a-caminhada-do-agosto-lilas-com-apoio-da-secretaria-da-mulher","status":"publish","type":"post","link":"https:\/\/www.encontrafeiradesantana.com.br\/sobre\/oab-feira-de-santana-promove-5a-caminhada-do-agosto-lilas-com-apoio-da-secretaria-da-mulher\/","title":{"rendered":"OAB Feira de Santana promove 5\u00aa Caminhada do Agosto Lil\u00e1s com apoio da Secretaria da Mulher"},"content":{"rendered":"<div class=\"3f468104ad11f00a3c9ac948316f4265\" data-index=\"1\" style=\"float: none; margin:0px;\">\n<ins class=\"adsbygoogle\"\r\n     style=\"display:block\"\r\n     data-ad-client=\"ca-pub-8585364105181520\"\r\n     data-ad-slot=\"8789329856\"\r\n     data-ad-format=\"auto\"\r\n     data-full-width-responsive=\"true\"><\/ins>\r\n<script>\r\n     (adsbygoogle = window.adsbygoogle || []).push({});\r\n<\/script>\r\n\n<\/div>\n<h2>Unindo a Comunidade em Prol dos Direitos das Mulheres<\/h2>\n<p>No \u00faltimo dia 15 de agosto, a cidade de Feira de Santana recebeu uma importante mobiliza\u00e7\u00e3o em prol dos direitos das mulheres, com a realiza\u00e7\u00e3o da 5\u00aa Caminhada do Agosto Lil\u00e1s. Organizada pela Ordem dos Advogados do Brasil &#8211; Subse\u00e7\u00e3o Feira de Santana (OAB Feira de Santana) em colabora\u00e7\u00e3o com a Secretaria Municipal de Pol\u00edticas para Mulheres e a Ronda Maria da Penha, essa atividade teve como principal objetivo sensibilizar a sociedade sobre a viol\u00eancia de g\u00eanero e a necessidade de romp\u00ea-la.<\/p>\n<p>A caminhada come\u00e7ou em frente \u00e0 sede da OAB e percorreu v\u00e1rias ruas do centro da cidade, criando uma onda de conscientiza\u00e7\u00e3o sobre a viol\u00eancia contra as mulheres. Essa a\u00e7\u00e3o n\u00e3o apenas mobilizou os participantes, mas tamb\u00e9m promoveu um espa\u00e7o para di\u00e1logo e reflex\u00e3o sobre as injusti\u00e7as que as mulheres enfrentam diariamente.<\/p>\n<h2>Import\u00e2ncia da Mobiliza\u00e7\u00e3o em Agosto Lil\u00e1s<\/h2>\n<p>O Agosto Lil\u00e1s \u00e9 um m\u00eas dedicado \u00e0 luta pelo fim da viol\u00eancia contra mulheres, sendo uma oportunidade para discuss\u00e3o e reflex\u00e3o sobre os direitos femininos. Ao longo do m\u00eas, diversas atividades s\u00e3o realizadas, e a caminhada \u00e9 um dos marcos dessa mobiliza\u00e7\u00e3o. \u00c9 um momento em que a sociedade se une, refor\u00e7ando a ideia de que todos t\u00eam um papel a desempenhar no combate \u00e0 viol\u00eancia.<\/p>\n<p><img decoding=\"async\" src=\"https:\/\/www.encontrafeiradesantana.com.br\/sobre\/wp-content\/uploads\/2026\/08\/oab-feira-de-santana-promove-5-caminhada-do-agosto-lilas-com-apoio-da-secretaria-da-mulher.webp\" alt=\"5\u00aa Caminhada do Agosto Lil\u00e1s\" loading=\"lazy\" \/><\/p>\n<p>A mobiliza\u00e7\u00e3o \u00e9 crucial para informar as pessoas sobre os diferentes tipos de viol\u00eancia que podem ser enfrentados, incluindo a viol\u00eancia f\u00edsica, emocional e sexual. Al\u00e9m disso, essa \u00e9 uma oportunidade de educar a comunidade sobre como buscar ajuda e como as institui\u00e7\u00f5es est\u00e3o dispon\u00edveis para apoiar as v\u00edtimas.<\/p>\n<h2>A\u00e7\u00f5es e Apoio da Secretaria Municipal para Mulheres<\/h2>\n<p>A Secretaria Municipal de Pol\u00edticas para Mulheres tem um papel essencial na organiza\u00e7\u00e3o dessas atividades. Representando a secretaria, Josailma Ferreira, diretora de Promo\u00e7\u00e3o da Igualdade de G\u00eanero, Igualdade Racial e Juventude, enfatizou a import\u00e2ncia da participa\u00e7\u00e3o do munic\u00edpio nos eventos do Agosto Lil\u00e1s.<\/p>\n<p>A secretaria, ao apoiar a caminhada, reafirma seu compromisso em implementar pol\u00edticas p\u00fablicas que visam a prote\u00e7\u00e3o das mulheres e a erradica\u00e7\u00e3o da viol\u00eancia de g\u00eanero. As a\u00e7\u00f5es incluem campanhas de sensibiliza\u00e7\u00e3o, capacita\u00e7\u00f5es e atendimento \u00e0s v\u00edtimas, garantindo que suas vozes sejam ouvidas e seus direitos respeitados.<\/p>\n<h2>Experi\u00eancias e Relatos durante a Caminhada<\/h2>\n<p>Durante a caminhada, muitas vozes foram ouvidas. Participantes compartilharam suas experi\u00eancias, ressaltando a import\u00e2ncia do apoio comunit\u00e1rio. Mulheres e homens se uniram para exibir faixas e gritar palavras de ordem, clamando pelo fim da viol\u00eancia.<\/p>\n<p>Esses relatos s\u00e3o fundamentais, pois trazem \u00e0 tona a realidade de muitas que, por medo ou falta de informa\u00e7\u00e3o, permanecem em sil\u00eancio. A troca de hist\u00f3rias e experi\u00eancias demonstra que \u00e9 poss\u00edvel encontrar for\u00e7as na solidariedade e que a luta deve ser cont\u00ednua.<\/p>\n<h2>Enfrentamento \u00e0 Viol\u00eancia: Uma Responsabilidade Coletiva<\/h2>\n<p>A mensagem central da caminhada \u00e9 clara: o enfrentamento \u00e0 viol\u00eancia contra mulheres \u00e9 uma responsabilidade de toda a sociedade. Durante o percurso, Esmeralda Halana, presidente da Comiss\u00e3o em Defesa dos Direitos das Mulheres da OAB Feira de Santana, destacou a import\u00e2ncia da coletividade no combate a essa problem\u00e1tica.<\/p>\n<p>Ela enfatizou que \u00e9 essencial que cada um se sinta parte da rede de prote\u00e7\u00e3o, e que todos devem ser solid\u00e1rios e dispostos a denunciar situa\u00e7\u00f5es de abuso. A viol\u00eancia n\u00e3o deve ser uma quest\u00e3o isolada, mas sim um assunto em que todos tenham interesse e responsabilidade.<\/p>\n<h2>Mensagens de Conscientiza\u00e7\u00e3o e Den\u00fancia<\/h2>\n<p>Uma das principais fun\u00e7\u00f5es da caminhada foi disseminar mensagens de conscientiza\u00e7\u00e3o. As pessoas receberam folhetos informativos e puderam aprender sobre os servi\u00e7os de den\u00fancia dispon\u00edveis. A import\u00e2ncia de denunciar as viola\u00e7\u00f5es \u00e9 uma das prioridades que a mobiliza\u00e7\u00e3o busca refor\u00e7ar.<\/p>\n<p>O apoio da Ronda Maria da Penha, que tamb\u00e9m esteve presente durante o evento, foi destacado como uma a\u00e7\u00e3o efetiva no acolhimento de mulheres em situa\u00e7\u00e3o de viol\u00eancia. \u00c9 fundamental que elas saibam que n\u00e3o est\u00e3o sozinhas e que h\u00e1 institui\u00e7\u00f5es dispostas a apoiar e proteger.<\/p>\n<h2>Papel da OAB na Defesa dos Direitos das Mulheres<\/h2>\n<p>A OAB Feira de Santana tem sido uma aliada poderosa na defesa dos direitos das mulheres. Com iniciativas como a Caminhada do Agosto Lil\u00e1s, a ordem demonstra seu compromisso com a equidade de g\u00eanero e o combate \u00e0 viol\u00eancia. A presen\u00e7a da OAB nesse contexto \u00e9 essencial para garantir que a voz das mulheres seja ouvida e que seus direitos sejam respeitados.<\/p>\n<p>As a\u00e7\u00f5es da OAB incluem n\u00e3o apenas a\u00e7\u00f5es de mobiliza\u00e7\u00e3o, mas tamb\u00e9m capacita\u00e7\u00e3o e forma\u00e7\u00e3o de advogados que atuem no atendimento \u00e0s mulheres v\u00edtimas de viol\u00eancia, garantindo assim que elas recebam a assist\u00eancia legal necess\u00e1ria.<\/p>\n<h2>Parcerias que Fortalecem a Rede de Prote\u00e7\u00e3o<\/h2>\n<p>A colabora\u00e7\u00e3o entre diferentes institui\u00e7\u00f5es e a sociedade civil \u00e9 fundamental para que as a\u00e7\u00f5es sejam ainda mais eficazes. A parceria da OAB com a Ronda Maria da Penha e a Secretaria Municipal de Pol\u00edticas para Mulheres \u00e9 um exemplo de sinergia que fortalece a rede de prote\u00e7\u00e3o.<\/p>\n<p>Juntas, essas institui\u00e7\u00f5es trabalham para assegurar que as mulheres tenham acesso a servi\u00e7os de sa\u00fade, justi\u00e7a e prote\u00e7\u00e3o. Essa uni\u00e3o \u00e9 um passo importante na luta contra a viol\u00eancia de g\u00eanero e na promo\u00e7\u00e3o da igualdade.<\/p>\n<h2>O Impacto da Ronda Maria da Penha na Mobiliza\u00e7\u00e3o<\/h2>\n<p>A Ronda Maria da Penha, que se dedica \u00e0 patrulha e preven\u00e7\u00e3o da viol\u00eancia dom\u00e9stica, foi uma parte ativa na caminhada. A tenente PM Fabiana Bezerra sublinhou a import\u00e2ncia da participa\u00e7\u00e3o da Ronda nas mobiliza\u00e7\u00f5es, enfatizando que a presen\u00e7a da Pol\u00edcia \u00e9 um apoio fundamental para as mulheres.<\/p>\n<p>Esse apoio contribui n\u00e3o apenas para a seguran\u00e7a, mas tamb\u00e9m para uma constru\u00e7\u00e3o de confian\u00e7a nas institui\u00e7\u00f5es, permitindo que as mulheres se sintam mais seguras ao denunciarem seus agressores.<\/p>\n<h2>Compromisso do Munic\u00edpio na Luta contra a Viol\u00eancia<\/h2>\n<p>O evento da 5\u00aa Caminhada do Agosto Lil\u00e1s \u00e9 um reflexo do compromisso do munic\u00edpio em enfrentar a viol\u00eancia contra as mulheres. A Prefeitura de Feira de Santana, atrav\u00e9s de suas secretarias, atua na implementa\u00e7\u00e3o de pol\u00edticas p\u00fablicas que visam a prote\u00e7\u00e3o e garantia dos direitos das mulheres.<\/p>\n<p>Com estrat\u00e9gias que englobam educa\u00e7\u00e3o, sa\u00fade e assist\u00eancia social, o munic\u00edpio busca criar um ambiente onde as mulheres possam viver sem medo e com dignidade. Essas a\u00e7\u00f5es s\u00e3o essenciais para construir uma sociedade mais justa e igualit\u00e1ria.<\/p>\n\n<div style=\"font-size: 0px; height: 0px; line-height: 0px; margin: 0; padding: 0; clear: both;\"><\/div>","protected":false},"excerpt":{"rendered":"<p>5\u00aa Caminhada do Agosto Lil\u00e1s destaca a luta contra a viol\u00eancia \u00e0s mulheres.<\/p>\n","protected":false},"author":1,"featured_media":2685,"comment_status":"open","ping_status":"closed","sticky":false,"template":"","format":"standard","meta":{"footnotes":""},"categories":[26],"tags":[],"class_list":["post-2686","post","type-post","status-publish","format-standard","has-post-thumbnail","hentry","category-cultura-em-feira-de-santana","has_thumb"],"aioseo_notices":[],"aioseo_head":"\n\t\t<!-- All in One SEO 5.0.0.1 - aioseo.com -->\n\t<meta name=\"description\" content=\"5\u00aa Caminhada do Agosto Lil\u00e1s destaca a luta contra a viol\u00eancia \u00e0s mulheres.\" \/>\n\t<meta name=\"robots\" content=\"max-image-preview:large\" \/>\n\t<meta name=\"author\" content=\"Encontra Feira de Santana\"\/>\n\t<link rel=\"canonical\" href=\"https:\/\/www.encontrafeiradesantana.com.br\/sobre\/oab-feira-de-santana-promove-5a-caminhada-do-agosto-lilas-com-apoio-da-secretaria-da-mulher\/\" \/>\n\t<meta name=\"generator\" content=\"All in One SEO (AIOSEO) 5.0.0.1\" \/>\n\t\t<meta property=\"og:locale\" content=\"pt_BR\" \/>\n\t\t<meta property=\"og:site_name\" content=\"Encontra Feira de Santana | Not\u00edcias, eventos, informa\u00e7\u00f5es e dicas na cidade Feira de Santana e regi\u00e3o.\" \/>\n\t\t<meta property=\"og:type\" content=\"article\" \/>\n\t\t<meta property=\"og:title\" content=\"OAB Feira de Santana promove 5\u00aa Caminhada do Agosto Lil\u00e1s com apoio da Secretaria da Mulher | Encontra Feira de Santana\" \/>\n\t\t<meta property=\"og:description\" content=\"5\u00aa Caminhada do Agosto Lil\u00e1s destaca a luta contra a viol\u00eancia \u00e0s mulheres.\" \/>\n\t\t<meta property=\"og:url\" content=\"https:\/\/www.encontrafeiradesantana.com.br\/sobre\/oab-feira-de-santana-promove-5a-caminhada-do-agosto-lilas-com-apoio-da-secretaria-da-mulher\/\" \/>\n\t\t<meta property=\"article:published_time\" content=\"2026-08-18T06:38:37+00:00\" \/>\n\t\t<meta property=\"article:modified_time\" content=\"2026-08-18T06:38:37+00:00\" \/>\n\t\t<meta name=\"twitter:card\" content=\"summary\" \/>\n\t\t<meta name=\"twitter:title\" content=\"OAB Feira de Santana promove 5\u00aa Caminhada do Agosto Lil\u00e1s com apoio da Secretaria da Mulher | Encontra Feira de Santana\" \/>\n\t\t<meta name=\"twitter:description\" content=\"5\u00aa Caminhada do Agosto Lil\u00e1s destaca a luta contra a viol\u00eancia \u00e0s mulheres.\" \/>\n\t\t<script type=\"application\/ld+json\" class=\"aioseo-schema\">\n\t\t\t{\"@context\":\"https:\\\/\\\/schema.org\",\"@graph\":[{\"@type\":\"Article\",\"@id\":\"https:\\\/\\\/www.encontrafeiradesantana.com.br\\\/sobre\\\/oab-feira-de-santana-promove-5a-caminhada-do-agosto-lilas-com-apoio-da-secretaria-da-mulher\\\/#article\",\"name\":\"OAB Feira de Santana promove 5\\u00aa Caminhada do Agosto Lil\\u00e1s com apoio da Secretaria da Mulher | Encontra Feira de Santana\",\"headline\":\"OAB Feira de Santana promove 5\\u00aa Caminhada do Agosto Lil\\u00e1s com apoio da Secretaria da Mulher\",\"author\":{\"@id\":\"https:\\\/\\\/www.encontrafeiradesantana.com.br\\\/sobre\\\/author\\\/efeiradesantana\\\/#author\"},\"publisher\":{\"@id\":\"https:\\\/\\\/www.encontrafeiradesantana.com.br\\\/sobre\\\/#organization\"},\"image\":{\"@type\":\"ImageObject\",\"url\":\"https:\\\/\\\/www.encontrafeiradesantana.com.br\\\/sobre\\\/wp-content\\\/uploads\\\/2026\\\/08\\\/oab-feira-de-santana-promove-5-caminhada-do-agosto-lilas-com-apoio-da-secretaria-da-mulher.webp\",\"width\":280,\"height\":280,\"caption\":\"5\\u00aa Caminhada do Agosto Lil\\u00e1s\"},\"datePublished\":\"2026-08-18T03:38:37-03:00\",\"dateModified\":\"2026-08-18T03:38:37-03:00\",\"inLanguage\":\"pt-BR\",\"mainEntityOfPage\":{\"@id\":\"https:\\\/\\\/www.encontrafeiradesantana.com.br\\\/sobre\\\/oab-feira-de-santana-promove-5a-caminhada-do-agosto-lilas-com-apoio-da-secretaria-da-mulher\\\/#webpage\"},\"isPartOf\":{\"@id\":\"https:\\\/\\\/www.encontrafeiradesantana.com.br\\\/sobre\\\/oab-feira-de-santana-promove-5a-caminhada-do-agosto-lilas-com-apoio-da-secretaria-da-mulher\\\/#webpage\"},\"articleSection\":\"Cultura Feira de Santana\"},{\"@type\":\"BreadcrumbList\",\"@id\":\"https:\\\/\\\/www.encontrafeiradesantana.com.br\\\/sobre\\\/oab-feira-de-santana-promove-5a-caminhada-do-agosto-lilas-com-apoio-da-secretaria-da-mulher\\\/#breadcrumblist\",\"itemListElement\":[{\"@type\":\"ListItem\",\"@id\":\"https:\\\/\\\/www.encontrafeiradesantana.com.br\\\/sobre#listItem\",\"position\":1,\"name\":\"In\\u00edcio\",\"item\":\"https:\\\/\\\/www.encontrafeiradesantana.com.br\\\/sobre\",\"nextItem\":{\"@type\":\"ListItem\",\"@id\":\"https:\\\/\\\/www.encontrafeiradesantana.com.br\\\/sobre\\\/cultura-em-feira-de-santana\\\/#listItem\",\"name\":\"Cultura Feira de Santana\"}},{\"@type\":\"ListItem\",\"@id\":\"https:\\\/\\\/www.encontrafeiradesantana.com.br\\\/sobre\\\/cultura-em-feira-de-santana\\\/#listItem\",\"position\":2,\"name\":\"Cultura Feira de Santana\",\"item\":\"https:\\\/\\\/www.encontrafeiradesantana.com.br\\\/sobre\\\/cultura-em-feira-de-santana\\\/\",\"nextItem\":{\"@type\":\"ListItem\",\"@id\":\"https:\\\/\\\/www.encontrafeiradesantana.com.br\\\/sobre\\\/oab-feira-de-santana-promove-5a-caminhada-do-agosto-lilas-com-apoio-da-secretaria-da-mulher\\\/#listItem\",\"name\":\"OAB Feira de Santana promove 5\\u00aa Caminhada do Agosto Lil\\u00e1s com apoio da Secretaria da Mulher\"},\"previousItem\":{\"@type\":\"ListItem\",\"@id\":\"https:\\\/\\\/www.encontrafeiradesantana.com.br\\\/sobre#listItem\",\"name\":\"In\\u00edcio\"}},{\"@type\":\"ListItem\",\"@id\":\"https:\\\/\\\/www.encontrafeiradesantana.com.br\\\/sobre\\\/oab-feira-de-santana-promove-5a-caminhada-do-agosto-lilas-com-apoio-da-secretaria-da-mulher\\\/#listItem\",\"position\":3,\"name\":\"OAB Feira de Santana promove 5\\u00aa Caminhada do Agosto Lil\\u00e1s com apoio da Secretaria da Mulher\",\"previousItem\":{\"@type\":\"ListItem\",\"@id\":\"https:\\\/\\\/www.encontrafeiradesantana.com.br\\\/sobre\\\/cultura-em-feira-de-santana\\\/#listItem\",\"name\":\"Cultura Feira de Santana\"}}]},{\"@type\":\"Organization\",\"@id\":\"https:\\\/\\\/www.encontrafeiradesantana.com.br\\\/sobre\\\/#organization\",\"name\":\"Encontra Feira de Santana\",\"description\":\"Not\\u00edcias, eventos, informa\\u00e7\\u00f5es e dicas na cidade Feira de Santana e regi\\u00e3o.\",\"url\":\"https:\\\/\\\/www.encontrafeiradesantana.com.br\\\/sobre\\\/\"},{\"@type\":\"Person\",\"@id\":\"https:\\\/\\\/www.encontrafeiradesantana.com.br\\\/sobre\\\/author\\\/efeiradesantana\\\/#author\",\"url\":\"https:\\\/\\\/www.encontrafeiradesantana.com.br\\\/sobre\\\/author\\\/efeiradesantana\\\/\",\"name\":\"Encontra Feira de Santana\",\"image\":{\"@type\":\"ImageObject\",\"@id\":\"https:\\\/\\\/www.encontrafeiradesantana.com.br\\\/sobre\\\/oab-feira-de-santana-promove-5a-caminhada-do-agosto-lilas-com-apoio-da-secretaria-da-mulher\\\/#authorImage\",\"url\":\"https:\\\/\\\/secure.gravatar.com\\\/avatar\\\/507340682b8270222e1f208e23198b6ae7e2c6a1033ae84e99bc6bce4f82a387?s=96&d=mm&r=g\",\"width\":96,\"height\":96,\"caption\":\"Encontra Feira de Santana\"}},{\"@type\":\"WebPage\",\"@id\":\"https:\\\/\\\/www.encontrafeiradesantana.com.br\\\/sobre\\\/oab-feira-de-santana-promove-5a-caminhada-do-agosto-lilas-com-apoio-da-secretaria-da-mulher\\\/#webpage\",\"url\":\"https:\\\/\\\/www.encontrafeiradesantana.com.br\\\/sobre\\\/oab-feira-de-santana-promove-5a-caminhada-do-agosto-lilas-com-apoio-da-secretaria-da-mulher\\\/\",\"name\":\"OAB Feira de Santana promove 5\\u00aa Caminhada do Agosto Lil\\u00e1s com apoio da Secretaria da Mulher | Encontra Feira de Santana\",\"description\":\"5\\u00aa Caminhada do Agosto Lil\\u00e1s destaca a luta contra a viol\\u00eancia \\u00e0s mulheres.\",\"inLanguage\":\"pt-BR\",\"isPartOf\":{\"@id\":\"https:\\\/\\\/www.encontrafeiradesantana.com.br\\\/sobre\\\/#website\"},\"breadcrumb\":{\"@id\":\"https:\\\/\\\/www.encontrafeiradesantana.com.br\\\/sobre\\\/oab-feira-de-santana-promove-5a-caminhada-do-agosto-lilas-com-apoio-da-secretaria-da-mulher\\\/#breadcrumblist\"},\"author\":{\"@id\":\"https:\\\/\\\/www.encontrafeiradesantana.com.br\\\/sobre\\\/author\\\/efeiradesantana\\\/#author\"},\"creator\":{\"@id\":\"https:\\\/\\\/www.encontrafeiradesantana.com.br\\\/sobre\\\/author\\\/efeiradesantana\\\/#author\"},\"image\":{\"@type\":\"ImageObject\",\"url\":\"https:\\\/\\\/www.encontrafeiradesantana.com.br\\\/sobre\\\/wp-content\\\/uploads\\\/2026\\\/08\\\/oab-feira-de-santana-promove-5-caminhada-do-agosto-lilas-com-apoio-da-secretaria-da-mulher.webp\",\"@id\":\"https:\\\/\\\/www.encontrafeiradesantana.com.br\\\/sobre\\\/oab-feira-de-santana-promove-5a-caminhada-do-agosto-lilas-com-apoio-da-secretaria-da-mulher\\\/#mainImage\",\"width\":280,\"height\":280,\"caption\":\"5\\u00aa Caminhada do Agosto Lil\\u00e1s\"},\"primaryImageOfPage\":{\"@id\":\"https:\\\/\\\/www.encontrafeiradesantana.com.br\\\/sobre\\\/oab-feira-de-santana-promove-5a-caminhada-do-agosto-lilas-com-apoio-da-secretaria-da-mulher\\\/#mainImage\"},\"datePublished\":\"2026-08-18T03:38:37-03:00\",\"dateModified\":\"2026-08-18T03:38:37-03:00\"},{\"@type\":\"WebSite\",\"@id\":\"https:\\\/\\\/www.encontrafeiradesantana.com.br\\\/sobre\\\/#website\",\"url\":\"https:\\\/\\\/www.encontrafeiradesantana.com.br\\\/sobre\\\/\",\"name\":\"Encontra Feira de Santana\",\"description\":\"Not\\u00edcias, eventos, informa\\u00e7\\u00f5es e dicas na cidade Feira de Santana e regi\\u00e3o.\",\"inLanguage\":\"pt-BR\",\"publisher\":{\"@id\":\"https:\\\/\\\/www.encontrafeiradesantana.com.br\\\/sobre\\\/#organization\"}}]}\n\t\t<\/script>\n\t\t<!-- All in One SEO -->\n\n","aioseo_head_json":{"title":"OAB Feira de Santana promove 5\u00aa Caminhada do Agosto Lil\u00e1s com apoio da Secretaria da Mulher | Encontra Feira de Santana","description":"5\u00aa Caminhada do Agosto Lil\u00e1s destaca a luta contra a viol\u00eancia \u00e0s mulheres.","canonical_url":"https:\/\/www.encontrafeiradesantana.com.br\/sobre\/oab-feira-de-santana-promove-5a-caminhada-do-agosto-lilas-com-apoio-da-secretaria-da-mulher\/","robots":"max-image-preview:large","keywords":"","webmasterTools":{"miscellaneous":""},"schema":{"@context":"https:\/\/schema.org","@graph":[{"@type":"Article","@id":"https:\/\/www.encontrafeiradesantana.com.br\/sobre\/oab-feira-de-santana-promove-5a-caminhada-do-agosto-lilas-com-apoio-da-secretaria-da-mulher\/#article","name":"OAB Feira de Santana promove 5\u00aa Caminhada do Agosto Lil\u00e1s com apoio da Secretaria da Mulher | Encontra Feira de Santana","headline":"OAB Feira de Santana promove 5\u00aa Caminhada do Agosto Lil\u00e1s com apoio da Secretaria da Mulher","author":{"@id":"https:\/\/www.encontrafeiradesantana.com.br\/sobre\/author\/efeiradesantana\/#author"},"publisher":{"@id":"https:\/\/www.encontrafeiradesantana.com.br\/sobre\/#organization"},"image":{"@type":"ImageObject","url":"https:\/\/www.encontrafeiradesantana.com.br\/sobre\/wp-content\/uploads\/2026\/08\/oab-feira-de-santana-promove-5-caminhada-do-agosto-lilas-com-apoio-da-secretaria-da-mulher.webp","width":280,"height":280,"caption":"5\u00aa Caminhada do Agosto Lil\u00e1s"},"datePublished":"2026-08-18T03:38:37-03:00","dateModified":"2026-08-18T03:38:37-03:00","inLanguage":"pt-BR","mainEntityOfPage":{"@id":"https:\/\/www.encontrafeiradesantana.com.br\/sobre\/oab-feira-de-santana-promove-5a-caminhada-do-agosto-lilas-com-apoio-da-secretaria-da-mulher\/#webpage"},"isPartOf":{"@id":"https:\/\/www.encontrafeiradesantana.com.br\/sobre\/oab-feira-de-santana-promove-5a-caminhada-do-agosto-lilas-com-apoio-da-secretaria-da-mulher\/#webpage"},"articleSection":"Cultura Feira de Santana"},{"@type":"BreadcrumbList","@id":"https:\/\/www.encontrafeiradesantana.com.br\/sobre\/oab-feira-de-santana-promove-5a-caminhada-do-agosto-lilas-com-apoio-da-secretaria-da-mulher\/#breadcrumblist","itemListElement":[{"@type":"ListItem","@id":"https:\/\/www.encontrafeiradesantana.com.br\/sobre#listItem","position":1,"name":"In\u00edcio","item":"https:\/\/www.encontrafeiradesantana.com.br\/sobre","nextItem":{"@type":"ListItem","@id":"https:\/\/www.encontrafeiradesantana.com.br\/sobre\/cultura-em-feira-de-santana\/#listItem","name":"Cultura Feira de Santana"}},{"@type":"ListItem","@id":"https:\/\/www.encontrafeiradesantana.com.br\/sobre\/cultura-em-feira-de-santana\/#listItem","position":2,"name":"Cultura Feira de Santana","item":"https:\/\/www.encontrafeiradesantana.com.br\/sobre\/cultura-em-feira-de-santana\/","nextItem":{"@type":"ListItem","@id":"https:\/\/www.encontrafeiradesantana.com.br\/sobre\/oab-feira-de-santana-promove-5a-caminhada-do-agosto-lilas-com-apoio-da-secretaria-da-mulher\/#listItem","name":"OAB Feira de Santana promove 5\u00aa Caminhada do Agosto Lil\u00e1s com apoio da Secretaria da Mulher"},"previousItem":{"@type":"ListItem","@id":"https:\/\/www.encontrafeiradesantana.com.br\/sobre#listItem","name":"In\u00edcio"}},{"@type":"ListItem","@id":"https:\/\/www.encontrafeiradesantana.com.br\/sobre\/oab-feira-de-santana-promove-5a-caminhada-do-agosto-lilas-com-apoio-da-secretaria-da-mulher\/#listItem","position":3,"name":"OAB Feira de Santana promove 5\u00aa Caminhada do Agosto Lil\u00e1s com apoio da Secretaria da Mulher","previousItem":{"@type":"ListItem","@id":"https:\/\/www.encontrafeiradesantana.com.br\/sobre\/cultura-em-feira-de-santana\/#listItem","name":"Cultura Feira de Santana"}}]},{"@type":"Organization","@id":"https:\/\/www.encontrafeiradesantana.com.br\/sobre\/#organization","name":"Encontra Feira de Santana","description":"Not\u00edcias, eventos, informa\u00e7\u00f5es e dicas na cidade Feira de Santana e regi\u00e3o.","url":"https:\/\/www.encontrafeiradesantana.com.br\/sobre\/"},{"@type":"Person","@id":"https:\/\/www.encontrafeiradesantana.com.br\/sobre\/author\/efeiradesantana\/#author","url":"https:\/\/www.encontrafeiradesantana.com.br\/sobre\/author\/efeiradesantana\/","name":"Encontra Feira de Santana","image":{"@type":"ImageObject","@id":"https:\/\/www.encontrafeiradesantana.com.br\/sobre\/oab-feira-de-santana-promove-5a-caminhada-do-agosto-lilas-com-apoio-da-secretaria-da-mulher\/#authorImage","url":"https:\/\/secure.gravatar.com\/avatar\/507340682b8270222e1f208e23198b6ae7e2c6a1033ae84e99bc6bce4f82a387?s=96&d=mm&r=g","width":96,"height":96,"caption":"Encontra Feira de Santana"}},{"@type":"WebPage","@id":"https:\/\/www.encontrafeiradesantana.com.br\/sobre\/oab-feira-de-santana-promove-5a-caminhada-do-agosto-lilas-com-apoio-da-secretaria-da-mulher\/#webpage","url":"https:\/\/www.encontrafeiradesantana.com.br\/sobre\/oab-feira-de-santana-promove-5a-caminhada-do-agosto-lilas-com-apoio-da-secretaria-da-mulher\/","name":"OAB Feira de Santana promove 5\u00aa Caminhada do Agosto Lil\u00e1s com apoio da Secretaria da Mulher | Encontra Feira de Santana","description":"5\u00aa Caminhada do Agosto Lil\u00e1s destaca a luta contra a viol\u00eancia \u00e0s mulheres.","inLanguage":"pt-BR","isPartOf":{"@id":"https:\/\/www.encontrafeiradesantana.com.br\/sobre\/#website"},"breadcrumb":{"@id":"https:\/\/www.encontrafeiradesantana.com.br\/sobre\/oab-feira-de-santana-promove-5a-caminhada-do-agosto-lilas-com-apoio-da-secretaria-da-mulher\/#breadcrumblist"},"author":{"@id":"https:\/\/www.encontrafeiradesantana.com.br\/sobre\/author\/efeiradesantana\/#author"},"creator":{"@id":"https:\/\/www.encontrafeiradesantana.com.br\/sobre\/author\/efeiradesantana\/#author"},"image":{"@type":"ImageObject","url":"https:\/\/www.encontrafeiradesantana.com.br\/sobre\/wp-content\/uploads\/2026\/08\/oab-feira-de-santana-promove-5-caminhada-do-agosto-lilas-com-apoio-da-secretaria-da-mulher.webp","@id":"https:\/\/www.encontrafeiradesantana.com.br\/sobre\/oab-feira-de-santana-promove-5a-caminhada-do-agosto-lilas-com-apoio-da-secretaria-da-mulher\/#mainImage","width":280,"height":280,"caption":"5\u00aa Caminhada do Agosto Lil\u00e1s"},"primaryImageOfPage":{"@id":"https:\/\/www.encontrafeiradesantana.com.br\/sobre\/oab-feira-de-santana-promove-5a-caminhada-do-agosto-lilas-com-apoio-da-secretaria-da-mulher\/#mainImage"},"datePublished":"2026-08-18T03:38:37-03:00","dateModified":"2026-08-18T03:38:37-03:00"},{"@type":"WebSite","@id":"https:\/\/www.encontrafeiradesantana.com.br\/sobre\/#website","url":"https:\/\/www.encontrafeiradesantana.com.br\/sobre\/","name":"Encontra Feira de Santana","description":"Not\u00edcias, eventos, informa\u00e7\u00f5es e dicas na cidade Feira de Santana e regi\u00e3o.","inLanguage":"pt-BR","publisher":{"@id":"https:\/\/www.encontrafeiradesantana.com.br\/sobre\/#organization"}}]},"og:locale":"pt_BR","og:site_name":"Encontra Feira de Santana | Not\u00edcias, eventos, informa\u00e7\u00f5es e dicas na cidade Feira de Santana e regi\u00e3o.","og:type":"article","og:title":"OAB Feira de Santana promove 5\u00aa Caminhada do Agosto Lil\u00e1s com apoio da Secretaria da Mulher | Encontra Feira de Santana","og:description":"5\u00aa Caminhada do Agosto Lil\u00e1s destaca a luta contra a viol\u00eancia \u00e0s mulheres.","og:url":"https:\/\/www.encontrafeiradesantana.com.br\/sobre\/oab-feira-de-santana-promove-5a-caminhada-do-agosto-lilas-com-apoio-da-secretaria-da-mulher\/","article:published_time":"2026-08-18T06:38:37+00:00","article:modified_time":"2026-08-18T06:38:37+00:00","twitter:card":"summary","twitter:title":"OAB Feira de Santana promove 5\u00aa Caminhada do Agosto Lil\u00e1s com apoio da Secretaria da Mulher | Encontra Feira de Santana","twitter:description":"5\u00aa Caminhada do Agosto Lil\u00e1s destaca a luta contra a viol\u00eancia \u00e0s mulheres."},"aioseo_meta_data":{"post_id":"2686","title":null,"description":null,"keywords":null,"keyphrases":null,"primary_term":null,"canonical_url":null,"og_title":null,"og_description":null,"og_object_type":"default","og_image_type":"default","og_image_url":null,"og_image_width":null,"og_image_height":null,"og_image_custom_url":null,"og_image_custom_fields":null,"og_video":null,"og_custom_url":null,"og_article_section":null,"og_article_tags":null,"twitter_use_og":false,"twitter_card":"default","twitter_image_type":"default","twitter_image_url":null,"twitter_image_custom_url":null,"twitter_image_custom_fields":null,"twitter_title":null,"twitter_description":null,"schema":{"blockGraphs":[],"customGraphs":[],"default":{"data":{"Article":[],"Course":[],"Dataset":[],"FAQPage":[],"Movie":[],"Person":[],"Product":[],"ProductReview":[],"Car":[],"Recipe":[],"Service":[],"SoftwareApplication":[],"WebPage":[]},"graphName":"Article","isEnabled":true},"graphs":[]},"schema_type":"default","schema_type_options":null,"pillar_content":false,"robots_default":true,"robots_noindex":false,"robots_noarchive":false,"robots_nosnippet":false,"robots_nofollow":false,"robots_noimageindex":false,"robots_noodp":false,"robots_notranslate":false,"robots_max_snippet":null,"robots_max_videopreview":null,"robots_max_imagepreview":"large","priority":null,"frequency":null,"local_seo":null,"breadcrumb_settings":null,"limit_modified_date":false,"ai":null,"created":"2026-08-18 06:38:37","updated":"2026-08-18 06:59:01","focus_keyword":null,"additional_keywords":null,"truseo_locale":null,"seo_analyzer_scan_date":null},"aioseo_breadcrumb":"<div class=\"aioseo-breadcrumbs\"><span class=\"aioseo-breadcrumb\">\n\t\t\t<a href=\"https:\/\/www.encontrafeiradesantana.com.br\/sobre\" title=\"In\u00edcio\">In\u00edcio<\/a>\n\t\t<\/span><span class=\"aioseo-breadcrumb-separator\">&raquo;<\/span><span class=\"aioseo-breadcrumb\">\n\t\t\t<a href=\"https:\/\/www.encontrafeiradesantana.com.br\/sobre\/cultura-em-feira-de-santana\/\" title=\"Cultura Feira de Santana\">Cultura Feira de Santana<\/a>\n\t\t<\/span><span class=\"aioseo-breadcrumb-separator\">&raquo;<\/span><span class=\"aioseo-breadcrumb\">\n\t\t\tOAB Feira de Santana promove 5\u00aa Caminhada do Agosto Lil\u00e1s com apoio da Secretaria da Mulher\n\t\t<\/span><\/div>","aioseo_breadcrumb_json":[{"label":"In\u00edcio","link":"https:\/\/www.encontrafeiradesantana.com.br\/sobre"},{"label":"Cultura Feira de Santana","link":"https:\/\/www.encontrafeiradesantana.com.br\/sobre\/cultura-em-feira-de-santana\/"},{"label":"OAB Feira de Santana promove 5\u00aa Caminhada do Agosto Lil\u00e1s com apoio da Secretaria da Mulher","link":"https:\/\/www.encontrafeiradesantana.com.br\/sobre\/oab-feira-de-santana-promove-5a-caminhada-do-agosto-lilas-com-apoio-da-secretaria-da-mulher\/"}],"_links":{"self":[{"href":"https:\/\/www.encontrafeiradesantana.com.br\/sobre\/wp-json\/wp\/v2\/posts\/2686","targetHints":{"allow":["GET"]}}],"collection":[{"href":"https:\/\/www.encontrafeiradesantana.com.br\/sobre\/wp-json\/wp\/v2\/posts"}],"about":[{"href":"https:\/\/www.encontrafeiradesantana.com.br\/sobre\/wp-json\/wp\/v2\/types\/post"}],"author":[{"embeddable":true,"href":"https:\/\/www.encontrafeiradesantana.com.br\/sobre\/wp-json\/wp\/v2\/users\/1"}],"replies":[{"embeddable":true,"href":"https:\/\/www.encontrafeiradesantana.com.br\/sobre\/wp-json\/wp\/v2\/comments?post=2686"}],"version-history":[{"count":0,"href":"https:\/\/www.encontrafeiradesantana.com.br\/sobre\/wp-json\/wp\/v2\/posts\/2686\/revisions"}],"wp:featuredmedia":[{"embeddable":true,"href":"https:\/\/www.encontrafeiradesantana.com.br\/sobre\/wp-json\/wp\/v2\/media\/2685"}],"wp:attachment":[{"href":"https:\/\/www.encontrafeiradesantana.com.br\/sobre\/wp-json\/wp\/v2\/media?parent=2686"}],"wp:term":[{"taxonomy":"category","embeddable":true,"href":"https:\/\/www.encontrafeiradesantana.com.br\/sobre\/wp-json\/wp\/v2\/categories?post=2686"},{"taxonomy":"post_tag","embeddable":true,"href":"https:\/\/www.encontrafeiradesantana.com.br\/sobre\/wp-json\/wp\/v2\/tags?post=2686"}],"curies":[{"name":"wp","href":"https:\/\/api.w.org\/{rel}","templated":true}]}}