{"id":2680,"date":"2026-08-17T03:38:51","date_gmt":"2026-08-17T06:38:51","guid":{"rendered":"https:\/\/www.encontrafeiradesantana.com.br\/sobre\/prefeito-acompanha-obras-de-pavimentacao-em-ruas-de-feira-de-santana\/"},"modified":"2026-08-17T03:38:51","modified_gmt":"2026-08-17T06:38:51","slug":"prefeito-acompanha-obras-de-pavimentacao-em-ruas-de-feira-de-santana","status":"publish","type":"post","link":"https:\/\/www.encontrafeiradesantana.com.br\/sobre\/prefeito-acompanha-obras-de-pavimentacao-em-ruas-de-feira-de-santana\/","title":{"rendered":"Prefeito acompanha obras de pavimenta\u00e7\u00e3o em ruas de Feira de Santana"},"content":{"rendered":"<div class=\"3f468104ad11f00a3c9ac948316f4265\" data-index=\"1\" style=\"float: none; margin:0px;\">\n<ins class=\"adsbygoogle\"\r\n     style=\"display:block\"\r\n     data-ad-client=\"ca-pub-8585364105181520\"\r\n     data-ad-slot=\"8789329856\"\r\n     data-ad-format=\"auto\"\r\n     data-full-width-responsive=\"true\"><\/ins>\r\n<script>\r\n     (adsbygoogle = window.adsbygoogle || []).push({});\r\n<\/script>\r\n\n<\/div>\n<h2>Acompanhamento das Obras de Pavimenta\u00e7\u00e3o<\/h2>\n<p>No dia 15 de agosto de 2026, o Prefeito de Feira de Santana, Jos\u00e9 Ronaldo, esteve presente em diversas obras de pavimenta\u00e7\u00e3o que est\u00e3o em andamento pela cidade. Esta visita tinha como objetivo observar de perto os trabalhos de asfaltamento que est\u00e3o sendo realizados em v\u00e1rias ruas, com o intuito de melhorar a infraestrutura vi\u00e1ria do munic\u00edpio.<\/p>\n<h2>Import\u00e2ncia da Infraestrutura Vi\u00e1ria<\/h2>\n<p>A infraestrutura vi\u00e1ria \u00e9 um dos pilares do desenvolvimento urbano, pois facilita o deslocamento de pessoas e mercadorias. Com ruas bem pavimentadas, melhora-se a log\u00edstica do tr\u00e2nsito, e ainda se proporciona mais seguran\u00e7a e conforto para os cidad\u00e3os. A administra\u00e7\u00e3o municipal est\u00e1 comprometida em melhorar as condi\u00e7\u00f5es de trafegabilidade, criando um ambiente mais seguro e eficiente para motoristas, motociclistas, ciclistas e pedestres.<\/p>\n<h2>Visita ao Bairro SIM<\/h2>\n<p>Durante a visita, o Prefeito Jos\u00e9 Ronaldo inspecionou de perto o asfaltamento nas ruas do bairro SIM, especificamente nas ruas Itaciquara e Victor Moreira. Essas interven\u00e7\u00f5es s\u00e3o parte de um plano abrangente de revitaliza\u00e7\u00e3o urbana que busca atender as demandas da popula\u00e7\u00e3o por melhores condi\u00e7\u00f5es de trafegabilidade.<\/p>\n<p><img decoding=\"async\" src=\"https:\/\/www.encontrafeiradesantana.com.br\/sobre\/wp-content\/uploads\/2026\/08\/prefeito-acompanha-obras-de-pavimentacao-em-ruas-de-feira-de-santana.webp\" alt=\"obras de pavimenta\u00e7\u00e3o Feira de Santana\" loading=\"lazy\" \/><\/p>\n<h2>Interven\u00e7\u00f5es no Bairro Caseb<\/h2>\n<p>No bairro Caseb, o Prefeito visitou a Rua Conc\u00f3rdia, que recebeu nova pavimenta\u00e7\u00e3o asf\u00e1ltica ap\u00f3s um trabalho de recupera\u00e7\u00e3o do pavimento anterior. Essa a\u00e7\u00e3o demonstra o compromisso da Prefeitura com a melhoria do espa\u00e7o urbano e a qualidade de vida dos habitantes da regi\u00e3o.<\/p>\n<h2>Melhorias nas Condi\u00e7\u00f5es de Tr\u00e1fego<\/h2>\n<p>As obras de pavimenta\u00e7\u00e3o t\u00eam um impacto direto nas condi\u00e7\u00f5es de tr\u00e1fego. As vias mais adequadas permitem que o tr\u00e2nsito flua melhor e reduzem acidentes, al\u00e9m de facilitar o transporte p\u00fablico e privado. A administra\u00e7\u00e3o p\u00fablica entende que investir na infraestrutura vi\u00e1ria \u00e9 essencial para garantir a mobilidade urbana e a qualidade de vida da popula\u00e7\u00e3o.<\/p>\n<h2>Depoimento do Secret\u00e1rio de Infraestrutura<\/h2>\n<p>O secret\u00e1rio de Infraestrutura, Jo\u00e3o Vianney, enfatizou a import\u00e2ncia das novas pavimenta\u00e7\u00f5es para a mobilidade na cidade. Ele explicou que essas a\u00e7\u00f5es s\u00e3o fundamentais para a qualidade de vida dos cidad\u00e3os: &#8220;Estamos trabalhando arduamente para pavimentar vias em diversas regi\u00f5es, proporcionando melhores condi\u00e7\u00f5es de tr\u00e1fego e, consequentemente, um dia a dia mais confort\u00e1vel e seguro para todos.&#8221;<\/p>\n<h2>Hist\u00f3rico da Rua Conc\u00f3rdia<\/h2>\n<p>O PrefeitoJos\u00e9 Ronaldo lembrou uma visita anterior \u00e0 Rua Conc\u00f3rdia, realizada em janeiro de 2025, quando a via estava em condi\u00e7\u00f5es muito prec\u00e1rias, com um pavimento em situa\u00e7\u00e3o cr\u00edtica. Na \u00e9poca, a equipe da Prefeitura identificou a necessidade de interven\u00e7\u00f5es urgentes na \u00e1rea, resultando agora na implementa\u00e7\u00e3o da pavimenta\u00e7\u00e3o asf\u00e1ltica.<\/p>\n<h2>Diferen\u00e7as Antes e Depois das Obras<\/h2>\n<p>As diferen\u00e7as entre a Rua Conc\u00f3rdia de antes e depois das obras s\u00e3o not\u00f3rias. Antes, a via apresentava buracos e uma superf\u00edcie bastante deteriorada, dificultando a circula\u00e7\u00e3o de ve\u00edculos e a seguran\u00e7a dos pedestres. Ap\u00f3s as interven\u00e7\u00f5es, a rua agora conta com um pavimento liso e adequado, promovendo uma circula\u00e7\u00e3o mais segura e eficiente.<\/p>\n<h2>Impacto na Qualidade de Vida da Popula\u00e7\u00e3o<\/h2>\n<p>As melhorias nas ruas de Feira de Santana, especialmente em locais centrais como o bairro Caseb, impactam diretamente a qualidade de vida dos moradores. Vias bem pavimentadas contribuem para a redu\u00e7\u00e3o do ru\u00eddo e da poeira, al\u00e9m de melhorar a est\u00e9tica urbana. A sensa\u00e7\u00e3o de seguran\u00e7a e conforto ao transitar pelas ruas tamb\u00e9m \u00e9 um benef\u00edcio significativo para todos os cidad\u00e3os.<\/p>\n<h2>Futuras A\u00e7\u00f5es do Governo Municipal<\/h2>\n<p>A administra\u00e7\u00e3o municipal est\u00e1 comprometida em continuar as obras de pavimenta\u00e7\u00e3o em outros bairros da cidade. A expectativa \u00e9 que, at\u00e9 o final do mandato, diversas regi\u00f5es recebam melhorias significativas em suas infraestruturas vi\u00e1rias. Isso refor\u00e7a a inten\u00e7\u00e3o da Prefeitura em atender \u00e0s demandas da popula\u00e7\u00e3o, assegurando que todos os cidad\u00e3os tenham acesso a vias seguras e bem cuidadas. Ao dar continuidade a esses projetos, a Prefeitura de Feira de Santana est\u00e1 em um caminho firme em dire\u00e7\u00e3o ao desenvolvimento sustent\u00e1vel e \u00e0 promo\u00e7\u00e3o do bem-estar social.<\/p>\n\n<div style=\"font-size: 0px; height: 0px; line-height: 0px; margin: 0; padding: 0; clear: both;\"><\/div>","protected":false},"excerpt":{"rendered":"<p>Prefeito acompanha de perto as obras de pavimenta\u00e7\u00e3o em Feira de Santana.<\/p>\n","protected":false},"author":1,"featured_media":2679,"comment_status":"open","ping_status":"closed","sticky":false,"template":"","format":"standard","meta":{"footnotes":""},"categories":[25],"tags":[],"class_list":["post-2680","post","type-post","status-publish","format-standard","has-post-thumbnail","hentry","category-construcao-em-feira-de-santana","has_thumb"],"aioseo_notices":[],"aioseo_head":"\n\t\t<!-- All in One SEO 5.0.0.1 - aioseo.com -->\n\t<meta name=\"description\" content=\"Prefeito acompanha de perto as obras de pavimenta\u00e7\u00e3o em Feira de Santana.\" \/>\n\t<meta name=\"robots\" content=\"max-image-preview:large\" \/>\n\t<meta name=\"author\" content=\"Encontra Feira de Santana\"\/>\n\t<link rel=\"canonical\" href=\"https:\/\/www.encontrafeiradesantana.com.br\/sobre\/prefeito-acompanha-obras-de-pavimentacao-em-ruas-de-feira-de-santana\/\" \/>\n\t<meta name=\"generator\" content=\"All in One SEO (AIOSEO) 5.0.0.1\" \/>\n\t\t<meta property=\"og:locale\" content=\"pt_BR\" \/>\n\t\t<meta property=\"og:site_name\" content=\"Encontra Feira de Santana | Not\u00edcias, eventos, informa\u00e7\u00f5es e dicas na cidade Feira de Santana e regi\u00e3o.\" \/>\n\t\t<meta property=\"og:type\" content=\"article\" \/>\n\t\t<meta property=\"og:title\" content=\"Prefeito acompanha obras de pavimenta\u00e7\u00e3o em ruas de Feira de Santana | Encontra Feira de Santana\" \/>\n\t\t<meta property=\"og:description\" content=\"Prefeito acompanha de perto as obras de pavimenta\u00e7\u00e3o em Feira de Santana.\" \/>\n\t\t<meta property=\"og:url\" content=\"https:\/\/www.encontrafeiradesantana.com.br\/sobre\/prefeito-acompanha-obras-de-pavimentacao-em-ruas-de-feira-de-santana\/\" \/>\n\t\t<meta property=\"article:published_time\" content=\"2026-08-17T06:38:51+00:00\" \/>\n\t\t<meta property=\"article:modified_time\" content=\"2026-08-17T06:38:51+00:00\" \/>\n\t\t<meta name=\"twitter:card\" content=\"summary\" \/>\n\t\t<meta name=\"twitter:title\" content=\"Prefeito acompanha obras de pavimenta\u00e7\u00e3o em ruas de Feira de Santana | Encontra Feira de Santana\" \/>\n\t\t<meta name=\"twitter:description\" content=\"Prefeito acompanha de perto as obras de pavimenta\u00e7\u00e3o em Feira de Santana.\" \/>\n\t\t<script type=\"application\/ld+json\" class=\"aioseo-schema\">\n\t\t\t{\"@context\":\"https:\\\/\\\/schema.org\",\"@graph\":[{\"@type\":\"Article\",\"@id\":\"https:\\\/\\\/www.encontrafeiradesantana.com.br\\\/sobre\\\/prefeito-acompanha-obras-de-pavimentacao-em-ruas-de-feira-de-santana\\\/#article\",\"name\":\"Prefeito acompanha obras de pavimenta\\u00e7\\u00e3o em ruas de Feira de Santana | Encontra Feira de Santana\",\"headline\":\"Prefeito acompanha obras de pavimenta\\u00e7\\u00e3o em ruas de Feira de Santana\",\"author\":{\"@id\":\"https:\\\/\\\/www.encontrafeiradesantana.com.br\\\/sobre\\\/author\\\/efeiradesantana\\\/#author\"},\"publisher\":{\"@id\":\"https:\\\/\\\/www.encontrafeiradesantana.com.br\\\/sobre\\\/#organization\"},\"image\":{\"@type\":\"ImageObject\",\"url\":\"https:\\\/\\\/www.encontrafeiradesantana.com.br\\\/sobre\\\/wp-content\\\/uploads\\\/2026\\\/08\\\/prefeito-acompanha-obras-de-pavimentacao-em-ruas-de-feira-de-santana.webp\",\"width\":280,\"height\":280,\"caption\":\"obras de pavimenta\\u00e7\\u00e3o Feira de Santana\"},\"datePublished\":\"2026-08-17T03:38:51-03:00\",\"dateModified\":\"2026-08-17T03:38:51-03:00\",\"inLanguage\":\"pt-BR\",\"mainEntityOfPage\":{\"@id\":\"https:\\\/\\\/www.encontrafeiradesantana.com.br\\\/sobre\\\/prefeito-acompanha-obras-de-pavimentacao-em-ruas-de-feira-de-santana\\\/#webpage\"},\"isPartOf\":{\"@id\":\"https:\\\/\\\/www.encontrafeiradesantana.com.br\\\/sobre\\\/prefeito-acompanha-obras-de-pavimentacao-em-ruas-de-feira-de-santana\\\/#webpage\"},\"articleSection\":\"Constru\\u00e7\\u00e3o Feira de Santana\"},{\"@type\":\"BreadcrumbList\",\"@id\":\"https:\\\/\\\/www.encontrafeiradesantana.com.br\\\/sobre\\\/prefeito-acompanha-obras-de-pavimentacao-em-ruas-de-feira-de-santana\\\/#breadcrumblist\",\"itemListElement\":[{\"@type\":\"ListItem\",\"@id\":\"https:\\\/\\\/www.encontrafeiradesantana.com.br\\\/sobre#listItem\",\"position\":1,\"name\":\"In\\u00edcio\",\"item\":\"https:\\\/\\\/www.encontrafeiradesantana.com.br\\\/sobre\",\"nextItem\":{\"@type\":\"ListItem\",\"@id\":\"https:\\\/\\\/www.encontrafeiradesantana.com.br\\\/sobre\\\/construcao-em-feira-de-santana\\\/#listItem\",\"name\":\"Constru\\u00e7\\u00e3o Feira de Santana\"}},{\"@type\":\"ListItem\",\"@id\":\"https:\\\/\\\/www.encontrafeiradesantana.com.br\\\/sobre\\\/construcao-em-feira-de-santana\\\/#listItem\",\"position\":2,\"name\":\"Constru\\u00e7\\u00e3o Feira de Santana\",\"item\":\"https:\\\/\\\/www.encontrafeiradesantana.com.br\\\/sobre\\\/construcao-em-feira-de-santana\\\/\",\"nextItem\":{\"@type\":\"ListItem\",\"@id\":\"https:\\\/\\\/www.encontrafeiradesantana.com.br\\\/sobre\\\/prefeito-acompanha-obras-de-pavimentacao-em-ruas-de-feira-de-santana\\\/#listItem\",\"name\":\"Prefeito acompanha obras de pavimenta\\u00e7\\u00e3o em ruas de Feira de Santana\"},\"previousItem\":{\"@type\":\"ListItem\",\"@id\":\"https:\\\/\\\/www.encontrafeiradesantana.com.br\\\/sobre#listItem\",\"name\":\"In\\u00edcio\"}},{\"@type\":\"ListItem\",\"@id\":\"https:\\\/\\\/www.encontrafeiradesantana.com.br\\\/sobre\\\/prefeito-acompanha-obras-de-pavimentacao-em-ruas-de-feira-de-santana\\\/#listItem\",\"position\":3,\"name\":\"Prefeito acompanha obras de pavimenta\\u00e7\\u00e3o em ruas de Feira de Santana\",\"previousItem\":{\"@type\":\"ListItem\",\"@id\":\"https:\\\/\\\/www.encontrafeiradesantana.com.br\\\/sobre\\\/construcao-em-feira-de-santana\\\/#listItem\",\"name\":\"Constru\\u00e7\\u00e3o Feira de Santana\"}}]},{\"@type\":\"Organization\",\"@id\":\"https:\\\/\\\/www.encontrafeiradesantana.com.br\\\/sobre\\\/#organization\",\"name\":\"Encontra Feira de Santana\",\"description\":\"Not\\u00edcias, eventos, informa\\u00e7\\u00f5es e dicas na cidade Feira de Santana e regi\\u00e3o.\",\"url\":\"https:\\\/\\\/www.encontrafeiradesantana.com.br\\\/sobre\\\/\"},{\"@type\":\"Person\",\"@id\":\"https:\\\/\\\/www.encontrafeiradesantana.com.br\\\/sobre\\\/author\\\/efeiradesantana\\\/#author\",\"url\":\"https:\\\/\\\/www.encontrafeiradesantana.com.br\\\/sobre\\\/author\\\/efeiradesantana\\\/\",\"name\":\"Encontra Feira de Santana\",\"image\":{\"@type\":\"ImageObject\",\"@id\":\"https:\\\/\\\/www.encontrafeiradesantana.com.br\\\/sobre\\\/prefeito-acompanha-obras-de-pavimentacao-em-ruas-de-feira-de-santana\\\/#authorImage\",\"url\":\"https:\\\/\\\/secure.gravatar.com\\\/avatar\\\/507340682b8270222e1f208e23198b6ae7e2c6a1033ae84e99bc6bce4f82a387?s=96&d=mm&r=g\",\"width\":96,\"height\":96,\"caption\":\"Encontra Feira de Santana\"}},{\"@type\":\"WebPage\",\"@id\":\"https:\\\/\\\/www.encontrafeiradesantana.com.br\\\/sobre\\\/prefeito-acompanha-obras-de-pavimentacao-em-ruas-de-feira-de-santana\\\/#webpage\",\"url\":\"https:\\\/\\\/www.encontrafeiradesantana.com.br\\\/sobre\\\/prefeito-acompanha-obras-de-pavimentacao-em-ruas-de-feira-de-santana\\\/\",\"name\":\"Prefeito acompanha obras de pavimenta\\u00e7\\u00e3o em ruas de Feira de Santana | Encontra Feira de Santana\",\"description\":\"Prefeito acompanha de perto as obras de pavimenta\\u00e7\\u00e3o em Feira de Santana.\",\"inLanguage\":\"pt-BR\",\"isPartOf\":{\"@id\":\"https:\\\/\\\/www.encontrafeiradesantana.com.br\\\/sobre\\\/#website\"},\"breadcrumb\":{\"@id\":\"https:\\\/\\\/www.encontrafeiradesantana.com.br\\\/sobre\\\/prefeito-acompanha-obras-de-pavimentacao-em-ruas-de-feira-de-santana\\\/#breadcrumblist\"},\"author\":{\"@id\":\"https:\\\/\\\/www.encontrafeiradesantana.com.br\\\/sobre\\\/author\\\/efeiradesantana\\\/#author\"},\"creator\":{\"@id\":\"https:\\\/\\\/www.encontrafeiradesantana.com.br\\\/sobre\\\/author\\\/efeiradesantana\\\/#author\"},\"image\":{\"@type\":\"ImageObject\",\"url\":\"https:\\\/\\\/www.encontrafeiradesantana.com.br\\\/sobre\\\/wp-content\\\/uploads\\\/2026\\\/08\\\/prefeito-acompanha-obras-de-pavimentacao-em-ruas-de-feira-de-santana.webp\",\"@id\":\"https:\\\/\\\/www.encontrafeiradesantana.com.br\\\/sobre\\\/prefeito-acompanha-obras-de-pavimentacao-em-ruas-de-feira-de-santana\\\/#mainImage\",\"width\":280,\"height\":280,\"caption\":\"obras de pavimenta\\u00e7\\u00e3o Feira de Santana\"},\"primaryImageOfPage\":{\"@id\":\"https:\\\/\\\/www.encontrafeiradesantana.com.br\\\/sobre\\\/prefeito-acompanha-obras-de-pavimentacao-em-ruas-de-feira-de-santana\\\/#mainImage\"},\"datePublished\":\"2026-08-17T03:38:51-03:00\",\"dateModified\":\"2026-08-17T03:38:51-03:00\"},{\"@type\":\"WebSite\",\"@id\":\"https:\\\/\\\/www.encontrafeiradesantana.com.br\\\/sobre\\\/#website\",\"url\":\"https:\\\/\\\/www.encontrafeiradesantana.com.br\\\/sobre\\\/\",\"name\":\"Encontra Feira de Santana\",\"description\":\"Not\\u00edcias, eventos, informa\\u00e7\\u00f5es e dicas na cidade Feira de Santana e regi\\u00e3o.\",\"inLanguage\":\"pt-BR\",\"publisher\":{\"@id\":\"https:\\\/\\\/www.encontrafeiradesantana.com.br\\\/sobre\\\/#organization\"}}]}\n\t\t<\/script>\n\t\t<!-- All in One SEO -->\n\n","aioseo_head_json":{"title":"Prefeito acompanha obras de pavimenta\u00e7\u00e3o em ruas de Feira de Santana | Encontra Feira de Santana","description":"Prefeito acompanha de perto as obras de pavimenta\u00e7\u00e3o em Feira de Santana.","canonical_url":"https:\/\/www.encontrafeiradesantana.com.br\/sobre\/prefeito-acompanha-obras-de-pavimentacao-em-ruas-de-feira-de-santana\/","robots":"max-image-preview:large","keywords":"","webmasterTools":{"miscellaneous":""},"schema":{"@context":"https:\/\/schema.org","@graph":[{"@type":"Article","@id":"https:\/\/www.encontrafeiradesantana.com.br\/sobre\/prefeito-acompanha-obras-de-pavimentacao-em-ruas-de-feira-de-santana\/#article","name":"Prefeito acompanha obras de pavimenta\u00e7\u00e3o em ruas de Feira de Santana | Encontra Feira de Santana","headline":"Prefeito acompanha obras de pavimenta\u00e7\u00e3o em ruas de Feira de Santana","author":{"@id":"https:\/\/www.encontrafeiradesantana.com.br\/sobre\/author\/efeiradesantana\/#author"},"publisher":{"@id":"https:\/\/www.encontrafeiradesantana.com.br\/sobre\/#organization"},"image":{"@type":"ImageObject","url":"https:\/\/www.encontrafeiradesantana.com.br\/sobre\/wp-content\/uploads\/2026\/08\/prefeito-acompanha-obras-de-pavimentacao-em-ruas-de-feira-de-santana.webp","width":280,"height":280,"caption":"obras de pavimenta\u00e7\u00e3o Feira de Santana"},"datePublished":"2026-08-17T03:38:51-03:00","dateModified":"2026-08-17T03:38:51-03:00","inLanguage":"pt-BR","mainEntityOfPage":{"@id":"https:\/\/www.encontrafeiradesantana.com.br\/sobre\/prefeito-acompanha-obras-de-pavimentacao-em-ruas-de-feira-de-santana\/#webpage"},"isPartOf":{"@id":"https:\/\/www.encontrafeiradesantana.com.br\/sobre\/prefeito-acompanha-obras-de-pavimentacao-em-ruas-de-feira-de-santana\/#webpage"},"articleSection":"Constru\u00e7\u00e3o Feira de Santana"},{"@type":"BreadcrumbList","@id":"https:\/\/www.encontrafeiradesantana.com.br\/sobre\/prefeito-acompanha-obras-de-pavimentacao-em-ruas-de-feira-de-santana\/#breadcrumblist","itemListElement":[{"@type":"ListItem","@id":"https:\/\/www.encontrafeiradesantana.com.br\/sobre#listItem","position":1,"name":"In\u00edcio","item":"https:\/\/www.encontrafeiradesantana.com.br\/sobre","nextItem":{"@type":"ListItem","@id":"https:\/\/www.encontrafeiradesantana.com.br\/sobre\/construcao-em-feira-de-santana\/#listItem","name":"Constru\u00e7\u00e3o Feira de Santana"}},{"@type":"ListItem","@id":"https:\/\/www.encontrafeiradesantana.com.br\/sobre\/construcao-em-feira-de-santana\/#listItem","position":2,"name":"Constru\u00e7\u00e3o Feira de Santana","item":"https:\/\/www.encontrafeiradesantana.com.br\/sobre\/construcao-em-feira-de-santana\/","nextItem":{"@type":"ListItem","@id":"https:\/\/www.encontrafeiradesantana.com.br\/sobre\/prefeito-acompanha-obras-de-pavimentacao-em-ruas-de-feira-de-santana\/#listItem","name":"Prefeito acompanha obras de pavimenta\u00e7\u00e3o em ruas de Feira de Santana"},"previousItem":{"@type":"ListItem","@id":"https:\/\/www.encontrafeiradesantana.com.br\/sobre#listItem","name":"In\u00edcio"}},{"@type":"ListItem","@id":"https:\/\/www.encontrafeiradesantana.com.br\/sobre\/prefeito-acompanha-obras-de-pavimentacao-em-ruas-de-feira-de-santana\/#listItem","position":3,"name":"Prefeito acompanha obras de pavimenta\u00e7\u00e3o em ruas de Feira de Santana","previousItem":{"@type":"ListItem","@id":"https:\/\/www.encontrafeiradesantana.com.br\/sobre\/construcao-em-feira-de-santana\/#listItem","name":"Constru\u00e7\u00e3o Feira de Santana"}}]},{"@type":"Organization","@id":"https:\/\/www.encontrafeiradesantana.com.br\/sobre\/#organization","name":"Encontra Feira de Santana","description":"Not\u00edcias, eventos, informa\u00e7\u00f5es e dicas na cidade Feira de Santana e regi\u00e3o.","url":"https:\/\/www.encontrafeiradesantana.com.br\/sobre\/"},{"@type":"Person","@id":"https:\/\/www.encontrafeiradesantana.com.br\/sobre\/author\/efeiradesantana\/#author","url":"https:\/\/www.encontrafeiradesantana.com.br\/sobre\/author\/efeiradesantana\/","name":"Encontra Feira de Santana","image":{"@type":"ImageObject","@id":"https:\/\/www.encontrafeiradesantana.com.br\/sobre\/prefeito-acompanha-obras-de-pavimentacao-em-ruas-de-feira-de-santana\/#authorImage","url":"https:\/\/secure.gravatar.com\/avatar\/507340682b8270222e1f208e23198b6ae7e2c6a1033ae84e99bc6bce4f82a387?s=96&d=mm&r=g","width":96,"height":96,"caption":"Encontra Feira de Santana"}},{"@type":"WebPage","@id":"https:\/\/www.encontrafeiradesantana.com.br\/sobre\/prefeito-acompanha-obras-de-pavimentacao-em-ruas-de-feira-de-santana\/#webpage","url":"https:\/\/www.encontrafeiradesantana.com.br\/sobre\/prefeito-acompanha-obras-de-pavimentacao-em-ruas-de-feira-de-santana\/","name":"Prefeito acompanha obras de pavimenta\u00e7\u00e3o em ruas de Feira de Santana | Encontra Feira de Santana","description":"Prefeito acompanha de perto as obras de pavimenta\u00e7\u00e3o em Feira de Santana.","inLanguage":"pt-BR","isPartOf":{"@id":"https:\/\/www.encontrafeiradesantana.com.br\/sobre\/#website"},"breadcrumb":{"@id":"https:\/\/www.encontrafeiradesantana.com.br\/sobre\/prefeito-acompanha-obras-de-pavimentacao-em-ruas-de-feira-de-santana\/#breadcrumblist"},"author":{"@id":"https:\/\/www.encontrafeiradesantana.com.br\/sobre\/author\/efeiradesantana\/#author"},"creator":{"@id":"https:\/\/www.encontrafeiradesantana.com.br\/sobre\/author\/efeiradesantana\/#author"},"image":{"@type":"ImageObject","url":"https:\/\/www.encontrafeiradesantana.com.br\/sobre\/wp-content\/uploads\/2026\/08\/prefeito-acompanha-obras-de-pavimentacao-em-ruas-de-feira-de-santana.webp","@id":"https:\/\/www.encontrafeiradesantana.com.br\/sobre\/prefeito-acompanha-obras-de-pavimentacao-em-ruas-de-feira-de-santana\/#mainImage","width":280,"height":280,"caption":"obras de pavimenta\u00e7\u00e3o Feira de Santana"},"primaryImageOfPage":{"@id":"https:\/\/www.encontrafeiradesantana.com.br\/sobre\/prefeito-acompanha-obras-de-pavimentacao-em-ruas-de-feira-de-santana\/#mainImage"},"datePublished":"2026-08-17T03:38:51-03:00","dateModified":"2026-08-17T03:38:51-03:00"},{"@type":"WebSite","@id":"https:\/\/www.encontrafeiradesantana.com.br\/sobre\/#website","url":"https:\/\/www.encontrafeiradesantana.com.br\/sobre\/","name":"Encontra Feira de Santana","description":"Not\u00edcias, eventos, informa\u00e7\u00f5es e dicas na cidade Feira de Santana e regi\u00e3o.","inLanguage":"pt-BR","publisher":{"@id":"https:\/\/www.encontrafeiradesantana.com.br\/sobre\/#organization"}}]},"og:locale":"pt_BR","og:site_name":"Encontra Feira de Santana | Not\u00edcias, eventos, informa\u00e7\u00f5es e dicas na cidade Feira de Santana e regi\u00e3o.","og:type":"article","og:title":"Prefeito acompanha obras de pavimenta\u00e7\u00e3o em ruas de Feira de Santana | Encontra Feira de Santana","og:description":"Prefeito acompanha de perto as obras de pavimenta\u00e7\u00e3o em Feira de Santana.","og:url":"https:\/\/www.encontrafeiradesantana.com.br\/sobre\/prefeito-acompanha-obras-de-pavimentacao-em-ruas-de-feira-de-santana\/","article:published_time":"2026-08-17T06:38:51+00:00","article:modified_time":"2026-08-17T06:38:51+00:00","twitter:card":"summary","twitter:title":"Prefeito acompanha obras de pavimenta\u00e7\u00e3o em ruas de Feira de Santana | Encontra Feira de Santana","twitter:description":"Prefeito acompanha de perto as obras de pavimenta\u00e7\u00e3o em Feira de Santana."},"aioseo_meta_data":{"post_id":"2680","title":null,"description":null,"keywords":null,"keyphrases":null,"primary_term":null,"canonical_url":null,"og_title":null,"og_description":null,"og_object_type":"default","og_image_type":"default","og_image_url":null,"og_image_width":null,"og_image_height":null,"og_image_custom_url":null,"og_image_custom_fields":null,"og_video":null,"og_custom_url":null,"og_article_section":null,"og_article_tags":null,"twitter_use_og":false,"twitter_card":"default","twitter_image_type":"default","twitter_image_url":null,"twitter_image_custom_url":null,"twitter_image_custom_fields":null,"twitter_title":null,"twitter_description":null,"schema":{"blockGraphs":[],"customGraphs":[],"default":{"data":{"Article":[],"Course":[],"Dataset":[],"FAQPage":[],"Movie":[],"Person":[],"Product":[],"ProductReview":[],"Car":[],"Recipe":[],"Service":[],"SoftwareApplication":[],"WebPage":[]},"graphName":"Article","isEnabled":true},"graphs":[]},"schema_type":"default","schema_type_options":null,"pillar_content":false,"robots_default":true,"robots_noindex":false,"robots_noarchive":false,"robots_nosnippet":false,"robots_nofollow":false,"robots_noimageindex":false,"robots_noodp":false,"robots_notranslate":false,"robots_max_snippet":null,"robots_max_videopreview":null,"robots_max_imagepreview":"large","priority":null,"frequency":null,"local_seo":null,"breadcrumb_settings":null,"limit_modified_date":false,"ai":null,"created":"2026-08-17 06:38:51","updated":"2026-08-17 07:11:14","focus_keyword":null,"additional_keywords":null,"truseo_locale":null,"seo_analyzer_scan_date":null},"aioseo_breadcrumb":"<div class=\"aioseo-breadcrumbs\"><span class=\"aioseo-breadcrumb\">\n\t\t\t<a href=\"https:\/\/www.encontrafeiradesantana.com.br\/sobre\" title=\"In\u00edcio\">In\u00edcio<\/a>\n\t\t<\/span><span class=\"aioseo-breadcrumb-separator\">&raquo;<\/span><span class=\"aioseo-breadcrumb\">\n\t\t\t<a href=\"https:\/\/www.encontrafeiradesantana.com.br\/sobre\/construcao-em-feira-de-santana\/\" title=\"Constru\u00e7\u00e3o Feira de Santana\">Constru\u00e7\u00e3o Feira de Santana<\/a>\n\t\t<\/span><span class=\"aioseo-breadcrumb-separator\">&raquo;<\/span><span class=\"aioseo-breadcrumb\">\n\t\t\tPrefeito acompanha obras de pavimenta\u00e7\u00e3o em ruas de Feira de Santana\n\t\t<\/span><\/div>","aioseo_breadcrumb_json":[{"label":"In\u00edcio","link":"https:\/\/www.encontrafeiradesantana.com.br\/sobre"},{"label":"Constru\u00e7\u00e3o Feira de Santana","link":"https:\/\/www.encontrafeiradesantana.com.br\/sobre\/construcao-em-feira-de-santana\/"},{"label":"Prefeito acompanha obras de pavimenta\u00e7\u00e3o em ruas de Feira de Santana","link":"https:\/\/www.encontrafeiradesantana.com.br\/sobre\/prefeito-acompanha-obras-de-pavimentacao-em-ruas-de-feira-de-santana\/"}],"_links":{"self":[{"href":"https:\/\/www.encontrafeiradesantana.com.br\/sobre\/wp-json\/wp\/v2\/posts\/2680","targetHints":{"allow":["GET"]}}],"collection":[{"href":"https:\/\/www.encontrafeiradesantana.com.br\/sobre\/wp-json\/wp\/v2\/posts"}],"about":[{"href":"https:\/\/www.encontrafeiradesantana.com.br\/sobre\/wp-json\/wp\/v2\/types\/post"}],"author":[{"embeddable":true,"href":"https:\/\/www.encontrafeiradesantana.com.br\/sobre\/wp-json\/wp\/v2\/users\/1"}],"replies":[{"embeddable":true,"href":"https:\/\/www.encontrafeiradesantana.com.br\/sobre\/wp-json\/wp\/v2\/comments?post=2680"}],"version-history":[{"count":0,"href":"https:\/\/www.encontrafeiradesantana.com.br\/sobre\/wp-json\/wp\/v2\/posts\/2680\/revisions"}],"wp:featuredmedia":[{"embeddable":true,"href":"https:\/\/www.encontrafeiradesantana.com.br\/sobre\/wp-json\/wp\/v2\/media\/2679"}],"wp:attachment":[{"href":"https:\/\/www.encontrafeiradesantana.com.br\/sobre\/wp-json\/wp\/v2\/media?parent=2680"}],"wp:term":[{"taxonomy":"category","embeddable":true,"href":"https:\/\/www.encontrafeiradesantana.com.br\/sobre\/wp-json\/wp\/v2\/categories?post=2680"},{"taxonomy":"post_tag","embeddable":true,"href":"https:\/\/www.encontrafeiradesantana.com.br\/sobre\/wp-json\/wp\/v2\/tags?post=2680"}],"curies":[{"name":"wp","href":"https:\/\/api.w.org\/{rel}","templated":true}]}}