{"id":2674,"date":"2026-08-16T03:38:23","date_gmt":"2026-08-16T06:38:23","guid":{"rendered":"https:\/\/www.encontrafeiradesantana.com.br\/sobre\/galpao-de-artes-nas-baraunas-homenageia-jose-viana-cabral\/"},"modified":"2026-08-16T03:38:23","modified_gmt":"2026-08-16T06:38:23","slug":"galpao-de-artes-nas-baraunas-homenageia-jose-viana-cabral","status":"publish","type":"post","link":"https:\/\/www.encontrafeiradesantana.com.br\/sobre\/galpao-de-artes-nas-baraunas-homenageia-jose-viana-cabral\/","title":{"rendered":"Galp\u00e3o de Artes nas Bara\u00fanas homenageia Jos\u00e9 Viana Cabral"},"content":{"rendered":"<div class=\"3f468104ad11f00a3c9ac948316f4265\" data-index=\"1\" style=\"float: none; margin:0px;\">\n<ins class=\"adsbygoogle\"\r\n     style=\"display:block\"\r\n     data-ad-client=\"ca-pub-8585364105181520\"\r\n     data-ad-slot=\"8789329856\"\r\n     data-ad-format=\"auto\"\r\n     data-full-width-responsive=\"true\"><\/ins>\r\n<script>\r\n     (adsbygoogle = window.adsbygoogle || []).push({});\r\n<\/script>\r\n\n<\/div>\n<h2>A Import\u00e2ncia da Homenagem<\/h2>\n<p>A constru\u00e7\u00e3o do <strong>Galp\u00e3o de Artes Jos\u00e9 Viana Cabral<\/strong> representa um importante marco para a comunidade das Bara\u00fanas. Este espa\u00e7o n\u00e3o \u00e9 apenas um centro de promo\u00e7\u00e3o das artes, mas uma homenagem significativa que reconhece o trabalho \u00e1rduo e a lideran\u00e7a de um cidad\u00e3o exemplar, <strong>Jos\u00e9 Viana Cabral<\/strong>. Ele dedicou sua vida a melhorar a qualidade de vida em seu bairro, e sua mem\u00f3ria \u00e9 celebrada por meio deste espa\u00e7o cultural.<\/p>\n<p>A honra a Jos\u00e9 Viana reflete como l\u00edderes comunit\u00e1rios podem fazer uma diferen\u00e7a duradoura. A administra\u00e7\u00e3o municipal, ao atribuir seu nome a esta instala\u00e7\u00e3o, sinaliza um respeito e uma valoriza\u00e7\u00e3o do legado social que ele deixou. Para os moradores, essa homenagem \u00e9 um sinal de que suas contribui\u00e7\u00f5es e lutas s\u00e3o reconhecidas e que a cultura local \u00e9 valorizada.<\/p>\n<h2>Quem Foi Jos\u00e9 Viana Cabral?<\/h2>\n<p>Jos\u00e9 Viana Cabral \u00e9 lembrado como um pilar da comunidade das Bara\u00fanas. Sua trajet\u00f3ria \u00e9 marcada por um forte compromisso com a melhoria do bairro e pelo engajamento em atividades que buscam o desenvolvimento social e cultural da regi\u00e3o. Ele se destacou como um l\u00edder comunit\u00e1rio que buscou sempre o bem-estar de seus vizinhos, promovendo iniciativas que uniam as pessoas e fomentavam a cultura local.<\/p>\n<p><img decoding=\"async\" src=\"https:\/\/www.encontrafeiradesantana.com.br\/sobre\/wp-content\/uploads\/2026\/08\/galpao-de-artes-nas-baraunas-homenageia-jose-viana-cabral.webp\" alt=\"Galp\u00e3o de Artes nas Bara\u00fanas\" loading=\"lazy\" \/><\/p>\n<p>Com uma ampla participa\u00e7\u00e3o nas quest\u00f5es da comunidade, Jos\u00e9 Viana tornou-se uma figura querida e respeitada. Seu trabalho incluiu a promo\u00e7\u00e3o de eventos culturais, a valoriza\u00e7\u00e3o de artistas locais e a mobiliza\u00e7\u00e3o da popula\u00e7\u00e3o para a\u00e7\u00f5es que melhorassem a qualidade de vida no bairro. Atribuir seu nome ao Galp\u00e3o de Artes simboliza o reconhecimento de suas incans\u00e1veis contribui\u00e7\u00f5es.<\/p>\n<h2>O Papel da Comunidade nas Artes<\/h2>\n<p>O Galp\u00e3o de Artes Jos\u00e9 Viana Cabral n\u00e3o ser\u00e1 apenas um local para exposi\u00e7\u00f5es e apresenta\u00e7\u00f5es art\u00edsticas; ele tamb\u00e9m ser\u00e1 um espa\u00e7o de intera\u00e7\u00e3o e cria\u00e7\u00e3o comunit\u00e1ria. A arte tem o poder de unir as pessoas, e esse centro ser\u00e1 um ponto de encontro para artistas, entusiastas e a comunidade em geral.<\/p>\n<p>O envolvimento da comunidade nas artes \u00e9 fundamental. Atrav\u00e9s de programas que incentivem a participa\u00e7\u00e3o local, o galp\u00e3o pretende oferecer oficinas, cursos e eventos que atendam \u00e0s necessidades e desejos dos moradores. Esse compromisso com a inclus\u00e3o vai fortalecer os la\u00e7os sociais e potencializar talentos que, de outra forma, poderiam passar despercebidos.<\/p>\n<h2>O que Esperar do Galp\u00e3o de Artes<\/h2>\n<p>O Galp\u00e3o de Artes oferece uma ampla gama de atividades que atender\u00e3o a todos os gostos. Este espa\u00e7o ser\u00e1 o lar de diversas iniciativas, incluindo:<\/p>\n<ul>\n<li><strong>Exposi\u00e7\u00f5es de artistas locais:<\/strong> O galp\u00e3o proporcionar\u00e1 um espa\u00e7o para que artistas da regi\u00e3o possam apresentar suas obras e ganhar visibilidade.<\/li>\n<li><strong>Oficinas de arte e cultura:<\/strong> Ser\u00e3o realizadas oficinas que visam ensinar t\u00e9cnicas art\u00edsticas, abrangendo pintura, escultura, m\u00fasica e dan\u00e7a.<\/li>\n<li><strong>Eventos culturais:<\/strong> O espa\u00e7o tamb\u00e9m ser\u00e1 palco para apresenta\u00e7\u00f5es musicais, teatriais e de dan\u00e7a, promovendo a cultura local e o entretenimento.<\/li>\n<li><strong>Projetos colaborativos:<\/strong> O galp\u00e3o incentivar\u00e1 a cria\u00e7\u00e3o de projetos onde a comunidade possa participar ativamente, fortalecendo o sentimento de pertencimento e uni\u00e3o.<\/li>\n<\/ul>\n<p>Essas atividades ser\u00e3o fundamentais para estimular a criatividade e promover a coes\u00e3o social entre os moradores do bairro.<\/p>\n<h2>Atividades e Programa\u00e7\u00f5es Futuras<\/h2>\n<p>A abertura do Galp\u00e3o de Artes trar\u00e1 com ela uma s\u00e9rie de programa\u00e7\u00f5es que prometem engajar a comunidade. Entre as atividades planejadas est\u00e3o:<\/p>\n<ul>\n<li><strong>Feiras de Artesanato:<\/strong> Para apoiar artistas e artes\u00e3os locais, que ter\u00e3o a chance de vender seus produtos e interagir com o p\u00fablico.<\/li>\n<li><strong>Mostras de Cinema:<\/strong> Exibi\u00e7\u00f5es de filmes que abordem temas locais ou que tenham sido produzidos por cineastas da comunidade.<\/li>\n<li><strong>Concursos Culturais:<\/strong> Promo\u00e7\u00e3o de concursos que incentivem a produ\u00e7\u00e3o art\u00edstica em diversas \u00e1reas, reconhecendo e premiando o talento local.<\/li>\n<li><strong>Forma\u00e7\u00e3o de Grupos Art\u00edsticos:<\/strong> Apoio \u00e0 forma\u00e7\u00e3o de grupos de teatro, dan\u00e7a e m\u00fasica, proporcionando um espa\u00e7o para ensaios e apresenta\u00e7\u00f5es.<\/li>\n<\/ul>\n<p>Essas iniciativas n\u00e3o apenas fomentar\u00e3o a arte, mas tamb\u00e9m criar\u00e3o um ambiente de aprendizado e troca de experi\u00eancias.<\/p>\n<h2>O Impacto Cultural na Regi\u00e3o<\/h2>\n<p>A instala\u00e7\u00e3o do Galp\u00e3o de Artes far\u00e1 uma diferen\u00e7a significativa na cultura local. Ao criar um espa\u00e7o dedicado \u00e0s artes, a Prefeitura de Feira de Santana n\u00e3o s\u00f3 valoriza a cultura, mas tamb\u00e9m promove a educa\u00e7\u00e3o e a inclus\u00e3o social. Essa infraestrutura ser\u00e1 vital para todas as faixas et\u00e1rias.<\/p>\n<p>Os benef\u00edcios s\u00e3o multifacetados, incluindo:<\/p>\n<ul>\n<li><strong>Fortalecimento da Identidade Cultural:<\/strong> O galp\u00e3o ajudar\u00e1 a preservar e promover as tradi\u00e7\u00f5es culturais da regi\u00e3o.<\/li>\n<li><strong>Est\u00edmulo ao Turismo:<\/strong> Com eventos culturais e art\u00edsticos, a regi\u00e3o pode se tornar um destino atrativo para visitantes, gerando renda e oportunidades.<\/li>\n<li><strong>Desenvolvimento Pessoal:<\/strong> Participar de atividades art\u00edsticas pode ter um impacto positivo na autoestima e no sentido de pertencimento da comunidade.<\/li>\n<\/ul>\n<p>A arte \u00e9 um poderoso motor de transforma\u00e7\u00e3o social, e o Galp\u00e3o de Artes estar\u00e1 na vanguarda dessa mudan\u00e7a nas Bara\u00fanas.<\/p>\n<h2>Como a Prefeitura Envolveu-se na Iniciativa<\/h2>\n<p>A Prefeitura de Feira de Santana teve um papel ativo na cria\u00e7\u00e3o do Galp\u00e3o de Artes. Este projeto n\u00e3o surgiu do nada; ele \u00e9 fruto de uma vis\u00e3o estrat\u00e9gia que busca promover o desenvolvimento cultural da cidade e melhorar a qualidade de vida dos cidad\u00e3os. Para isso, foram realizadas audi\u00eancias p\u00fablicas e consultas \u00e0 comunidade, permitindo que as vozes dos moradores fossem ouvidas.<\/p>\n<p>O investimento em cultura \u00e9 parte de um plano maior de revitaliza\u00e7\u00e3o e engajamento social, onde o Galp\u00e3o de Artes \u00e9 apenas uma das pe\u00e7as. A Administra\u00e7\u00e3o Municipal reconhece que a arte \u00e9 essencial para o desenvolvimento humano e social, e por isso cria espa\u00e7os que possibilitem a express\u00e3o e o aprendizado.<\/p>\n<h2>O Legado de Jos\u00e9 Viana Cabral<\/h2>\n<p>O legado deixado por Jos\u00e9 Viana Cabral ser\u00e1 eternizado com a constru\u00e7\u00e3o deste galp\u00e3o. Sua dedica\u00e7\u00e3o e paix\u00e3o pelo seu bairro servir\u00e3o como inspira\u00e7\u00e3o para futuras gera\u00e7\u00f5es. A nomea\u00e7\u00e3o do espa\u00e7o em sua honra \u00e9 um lembrete de que o trabalho em prol da comunidade pode ter um impacto duradouro.<\/p>\n<p>A homenagem n\u00e3o \u00e9 apenas uma quest\u00e3o simb\u00f3lica; ela se traduz em a\u00e7\u00f5es concretas que buscam perpetuar o ativismo comunit\u00e1rio e o amor pela arte. Jos\u00e9 Viana ser\u00e1 lembrado n\u00e3o apenas como um l\u00edder, mas como um catalisador de mudan\u00e7as positivas nas vidas das pessoas que viveram e ainda vivem nas Bara\u00fanas.<\/p>\n<h2>Depoimentos da Comunidade<\/h2>\n<p>A opini\u00e3o dos moradores sobre o Galp\u00e3o de Artes \u00e9 extremamente positiva. Muitos expressaram entusiasmo com a abertura do espa\u00e7o e a homenagem a Jos\u00e9 Viana. Para a comunidade, isso representa n\u00e3o apenas a valoriza\u00e7\u00e3o de um l\u00edder, mas tamb\u00e9m uma oportunidade in\u00e9dita de acesso \u00e0 cultura e \u00e0 arte.<\/p>\n<p>Os moradores compartilham expectativas sobre as atividades que ser\u00e3o realizadas e a transforma\u00e7\u00e3o que o galp\u00e3o poder\u00e1 trazer para a din\u00e2mica social. <strong>A expectativa \u00e9 de que o espa\u00e7o se torne um ponto de refer\u00eancia cultural e comunit\u00e1rio.<\/strong><\/p>\n<h2>Convidados Especiais para a Inaugura\u00e7\u00e3o<\/h2>\n<p>A inaugura\u00e7\u00e3o do Galp\u00e3o de Artes Jos\u00e9 Viana Cabral contar\u00e1 com a presen\u00e7a de diversas personalidades do mundo art\u00edstico e cultural. Espera-se a presen\u00e7a de artistas locais, autoridades e l\u00edderes comunit\u00e1rios que vir\u00e3o celebrar esse momento hist\u00f3rico.<\/p>\n<p>Al\u00e9m disso, haver\u00e1 apresenta\u00e7\u00f5es especiais durante a cerim\u00f4nia para envolver a comunidade e mostrar o potencial do espa\u00e7o. Com a participa\u00e7\u00e3o de grupos de dan\u00e7a e m\u00fasica, a inaugura\u00e7\u00e3o promete ser um evento memor\u00e1vel que marcar\u00e1 o in\u00edcio de uma nova era cultural nas Bara\u00fanas.<\/p>\n\n<div style=\"font-size: 0px; height: 0px; line-height: 0px; margin: 0; padding: 0; clear: both;\"><\/div>","protected":false},"excerpt":{"rendered":"<p>Galp\u00e3o de Artes nas Bara\u00fanas presta tributo a Jos\u00e9 Viana Cabral.<\/p>\n","protected":false},"author":1,"featured_media":2673,"comment_status":"open","ping_status":"closed","sticky":false,"template":"","format":"standard","meta":{"footnotes":""},"categories":[26],"tags":[],"class_list":["post-2674","post","type-post","status-publish","format-standard","has-post-thumbnail","hentry","category-cultura-em-feira-de-santana","has_thumb"],"aioseo_notices":[],"aioseo_head":"\n\t\t<!-- All in One SEO 5.0.0.1 - aioseo.com -->\n\t<meta name=\"description\" content=\"Galp\u00e3o de Artes nas Bara\u00fanas presta tributo a Jos\u00e9 Viana Cabral.\" \/>\n\t<meta name=\"robots\" content=\"max-image-preview:large\" \/>\n\t<meta name=\"author\" content=\"Encontra Feira de Santana\"\/>\n\t<link rel=\"canonical\" href=\"https:\/\/www.encontrafeiradesantana.com.br\/sobre\/galpao-de-artes-nas-baraunas-homenageia-jose-viana-cabral\/\" \/>\n\t<meta name=\"generator\" content=\"All in One SEO (AIOSEO) 5.0.0.1\" \/>\n\t\t<meta property=\"og:locale\" content=\"pt_BR\" \/>\n\t\t<meta property=\"og:site_name\" content=\"Encontra Feira de Santana | Not\u00edcias, eventos, informa\u00e7\u00f5es e dicas na cidade Feira de Santana e regi\u00e3o.\" \/>\n\t\t<meta property=\"og:type\" content=\"article\" \/>\n\t\t<meta property=\"og:title\" content=\"Galp\u00e3o de Artes nas Bara\u00fanas homenageia Jos\u00e9 Viana Cabral | Encontra Feira de Santana\" \/>\n\t\t<meta property=\"og:description\" content=\"Galp\u00e3o de Artes nas Bara\u00fanas presta tributo a Jos\u00e9 Viana Cabral.\" \/>\n\t\t<meta property=\"og:url\" content=\"https:\/\/www.encontrafeiradesantana.com.br\/sobre\/galpao-de-artes-nas-baraunas-homenageia-jose-viana-cabral\/\" \/>\n\t\t<meta property=\"article:published_time\" content=\"2026-08-16T06:38:23+00:00\" \/>\n\t\t<meta property=\"article:modified_time\" content=\"2026-08-16T06:38:23+00:00\" \/>\n\t\t<meta name=\"twitter:card\" content=\"summary\" \/>\n\t\t<meta name=\"twitter:title\" content=\"Galp\u00e3o de Artes nas Bara\u00fanas homenageia Jos\u00e9 Viana Cabral | Encontra Feira de Santana\" \/>\n\t\t<meta name=\"twitter:description\" content=\"Galp\u00e3o de Artes nas Bara\u00fanas presta tributo a Jos\u00e9 Viana Cabral.\" \/>\n\t\t<script type=\"application\/ld+json\" class=\"aioseo-schema\">\n\t\t\t{\"@context\":\"https:\\\/\\\/schema.org\",\"@graph\":[{\"@type\":\"Article\",\"@id\":\"https:\\\/\\\/www.encontrafeiradesantana.com.br\\\/sobre\\\/galpao-de-artes-nas-baraunas-homenageia-jose-viana-cabral\\\/#article\",\"name\":\"Galp\\u00e3o de Artes nas Bara\\u00fanas homenageia Jos\\u00e9 Viana Cabral | Encontra Feira de Santana\",\"headline\":\"Galp\\u00e3o de Artes nas Bara\\u00fanas homenageia Jos\\u00e9 Viana Cabral\",\"author\":{\"@id\":\"https:\\\/\\\/www.encontrafeiradesantana.com.br\\\/sobre\\\/author\\\/efeiradesantana\\\/#author\"},\"publisher\":{\"@id\":\"https:\\\/\\\/www.encontrafeiradesantana.com.br\\\/sobre\\\/#organization\"},\"image\":{\"@type\":\"ImageObject\",\"url\":\"https:\\\/\\\/www.encontrafeiradesantana.com.br\\\/sobre\\\/wp-content\\\/uploads\\\/2026\\\/08\\\/galpao-de-artes-nas-baraunas-homenageia-jose-viana-cabral.webp\",\"width\":280,\"height\":280,\"caption\":\"Galp\\u00e3o de Artes nas Bara\\u00fanas\"},\"datePublished\":\"2026-08-16T03:38:23-03:00\",\"dateModified\":\"2026-08-16T03:38:23-03:00\",\"inLanguage\":\"pt-BR\",\"mainEntityOfPage\":{\"@id\":\"https:\\\/\\\/www.encontrafeiradesantana.com.br\\\/sobre\\\/galpao-de-artes-nas-baraunas-homenageia-jose-viana-cabral\\\/#webpage\"},\"isPartOf\":{\"@id\":\"https:\\\/\\\/www.encontrafeiradesantana.com.br\\\/sobre\\\/galpao-de-artes-nas-baraunas-homenageia-jose-viana-cabral\\\/#webpage\"},\"articleSection\":\"Cultura Feira de Santana\"},{\"@type\":\"BreadcrumbList\",\"@id\":\"https:\\\/\\\/www.encontrafeiradesantana.com.br\\\/sobre\\\/galpao-de-artes-nas-baraunas-homenageia-jose-viana-cabral\\\/#breadcrumblist\",\"itemListElement\":[{\"@type\":\"ListItem\",\"@id\":\"https:\\\/\\\/www.encontrafeiradesantana.com.br\\\/sobre#listItem\",\"position\":1,\"name\":\"In\\u00edcio\",\"item\":\"https:\\\/\\\/www.encontrafeiradesantana.com.br\\\/sobre\",\"nextItem\":{\"@type\":\"ListItem\",\"@id\":\"https:\\\/\\\/www.encontrafeiradesantana.com.br\\\/sobre\\\/cultura-em-feira-de-santana\\\/#listItem\",\"name\":\"Cultura Feira de Santana\"}},{\"@type\":\"ListItem\",\"@id\":\"https:\\\/\\\/www.encontrafeiradesantana.com.br\\\/sobre\\\/cultura-em-feira-de-santana\\\/#listItem\",\"position\":2,\"name\":\"Cultura Feira de Santana\",\"item\":\"https:\\\/\\\/www.encontrafeiradesantana.com.br\\\/sobre\\\/cultura-em-feira-de-santana\\\/\",\"nextItem\":{\"@type\":\"ListItem\",\"@id\":\"https:\\\/\\\/www.encontrafeiradesantana.com.br\\\/sobre\\\/galpao-de-artes-nas-baraunas-homenageia-jose-viana-cabral\\\/#listItem\",\"name\":\"Galp\\u00e3o de Artes nas Bara\\u00fanas homenageia Jos\\u00e9 Viana Cabral\"},\"previousItem\":{\"@type\":\"ListItem\",\"@id\":\"https:\\\/\\\/www.encontrafeiradesantana.com.br\\\/sobre#listItem\",\"name\":\"In\\u00edcio\"}},{\"@type\":\"ListItem\",\"@id\":\"https:\\\/\\\/www.encontrafeiradesantana.com.br\\\/sobre\\\/galpao-de-artes-nas-baraunas-homenageia-jose-viana-cabral\\\/#listItem\",\"position\":3,\"name\":\"Galp\\u00e3o de Artes nas Bara\\u00fanas homenageia Jos\\u00e9 Viana Cabral\",\"previousItem\":{\"@type\":\"ListItem\",\"@id\":\"https:\\\/\\\/www.encontrafeiradesantana.com.br\\\/sobre\\\/cultura-em-feira-de-santana\\\/#listItem\",\"name\":\"Cultura Feira de Santana\"}}]},{\"@type\":\"Organization\",\"@id\":\"https:\\\/\\\/www.encontrafeiradesantana.com.br\\\/sobre\\\/#organization\",\"name\":\"Encontra Feira de Santana\",\"description\":\"Not\\u00edcias, eventos, informa\\u00e7\\u00f5es e dicas na cidade Feira de Santana e regi\\u00e3o.\",\"url\":\"https:\\\/\\\/www.encontrafeiradesantana.com.br\\\/sobre\\\/\"},{\"@type\":\"Person\",\"@id\":\"https:\\\/\\\/www.encontrafeiradesantana.com.br\\\/sobre\\\/author\\\/efeiradesantana\\\/#author\",\"url\":\"https:\\\/\\\/www.encontrafeiradesantana.com.br\\\/sobre\\\/author\\\/efeiradesantana\\\/\",\"name\":\"Encontra Feira de Santana\",\"image\":{\"@type\":\"ImageObject\",\"@id\":\"https:\\\/\\\/www.encontrafeiradesantana.com.br\\\/sobre\\\/galpao-de-artes-nas-baraunas-homenageia-jose-viana-cabral\\\/#authorImage\",\"url\":\"https:\\\/\\\/secure.gravatar.com\\\/avatar\\\/507340682b8270222e1f208e23198b6ae7e2c6a1033ae84e99bc6bce4f82a387?s=96&d=mm&r=g\",\"width\":96,\"height\":96,\"caption\":\"Encontra Feira de Santana\"}},{\"@type\":\"WebPage\",\"@id\":\"https:\\\/\\\/www.encontrafeiradesantana.com.br\\\/sobre\\\/galpao-de-artes-nas-baraunas-homenageia-jose-viana-cabral\\\/#webpage\",\"url\":\"https:\\\/\\\/www.encontrafeiradesantana.com.br\\\/sobre\\\/galpao-de-artes-nas-baraunas-homenageia-jose-viana-cabral\\\/\",\"name\":\"Galp\\u00e3o de Artes nas Bara\\u00fanas homenageia Jos\\u00e9 Viana Cabral | Encontra Feira de Santana\",\"description\":\"Galp\\u00e3o de Artes nas Bara\\u00fanas presta tributo a Jos\\u00e9 Viana Cabral.\",\"inLanguage\":\"pt-BR\",\"isPartOf\":{\"@id\":\"https:\\\/\\\/www.encontrafeiradesantana.com.br\\\/sobre\\\/#website\"},\"breadcrumb\":{\"@id\":\"https:\\\/\\\/www.encontrafeiradesantana.com.br\\\/sobre\\\/galpao-de-artes-nas-baraunas-homenageia-jose-viana-cabral\\\/#breadcrumblist\"},\"author\":{\"@id\":\"https:\\\/\\\/www.encontrafeiradesantana.com.br\\\/sobre\\\/author\\\/efeiradesantana\\\/#author\"},\"creator\":{\"@id\":\"https:\\\/\\\/www.encontrafeiradesantana.com.br\\\/sobre\\\/author\\\/efeiradesantana\\\/#author\"},\"image\":{\"@type\":\"ImageObject\",\"url\":\"https:\\\/\\\/www.encontrafeiradesantana.com.br\\\/sobre\\\/wp-content\\\/uploads\\\/2026\\\/08\\\/galpao-de-artes-nas-baraunas-homenageia-jose-viana-cabral.webp\",\"@id\":\"https:\\\/\\\/www.encontrafeiradesantana.com.br\\\/sobre\\\/galpao-de-artes-nas-baraunas-homenageia-jose-viana-cabral\\\/#mainImage\",\"width\":280,\"height\":280,\"caption\":\"Galp\\u00e3o de Artes nas Bara\\u00fanas\"},\"primaryImageOfPage\":{\"@id\":\"https:\\\/\\\/www.encontrafeiradesantana.com.br\\\/sobre\\\/galpao-de-artes-nas-baraunas-homenageia-jose-viana-cabral\\\/#mainImage\"},\"datePublished\":\"2026-08-16T03:38:23-03:00\",\"dateModified\":\"2026-08-16T03:38:23-03:00\"},{\"@type\":\"WebSite\",\"@id\":\"https:\\\/\\\/www.encontrafeiradesantana.com.br\\\/sobre\\\/#website\",\"url\":\"https:\\\/\\\/www.encontrafeiradesantana.com.br\\\/sobre\\\/\",\"name\":\"Encontra Feira de Santana\",\"description\":\"Not\\u00edcias, eventos, informa\\u00e7\\u00f5es e dicas na cidade Feira de Santana e regi\\u00e3o.\",\"inLanguage\":\"pt-BR\",\"publisher\":{\"@id\":\"https:\\\/\\\/www.encontrafeiradesantana.com.br\\\/sobre\\\/#organization\"}}]}\n\t\t<\/script>\n\t\t<!-- All in One SEO -->\n\n","aioseo_head_json":{"title":"Galp\u00e3o de Artes nas Bara\u00fanas homenageia Jos\u00e9 Viana Cabral | Encontra Feira de Santana","description":"Galp\u00e3o de Artes nas Bara\u00fanas presta tributo a Jos\u00e9 Viana Cabral.","canonical_url":"https:\/\/www.encontrafeiradesantana.com.br\/sobre\/galpao-de-artes-nas-baraunas-homenageia-jose-viana-cabral\/","robots":"max-image-preview:large","keywords":"","webmasterTools":{"miscellaneous":""},"schema":{"@context":"https:\/\/schema.org","@graph":[{"@type":"Article","@id":"https:\/\/www.encontrafeiradesantana.com.br\/sobre\/galpao-de-artes-nas-baraunas-homenageia-jose-viana-cabral\/#article","name":"Galp\u00e3o de Artes nas Bara\u00fanas homenageia Jos\u00e9 Viana Cabral | Encontra Feira de Santana","headline":"Galp\u00e3o de Artes nas Bara\u00fanas homenageia Jos\u00e9 Viana Cabral","author":{"@id":"https:\/\/www.encontrafeiradesantana.com.br\/sobre\/author\/efeiradesantana\/#author"},"publisher":{"@id":"https:\/\/www.encontrafeiradesantana.com.br\/sobre\/#organization"},"image":{"@type":"ImageObject","url":"https:\/\/www.encontrafeiradesantana.com.br\/sobre\/wp-content\/uploads\/2026\/08\/galpao-de-artes-nas-baraunas-homenageia-jose-viana-cabral.webp","width":280,"height":280,"caption":"Galp\u00e3o de Artes nas Bara\u00fanas"},"datePublished":"2026-08-16T03:38:23-03:00","dateModified":"2026-08-16T03:38:23-03:00","inLanguage":"pt-BR","mainEntityOfPage":{"@id":"https:\/\/www.encontrafeiradesantana.com.br\/sobre\/galpao-de-artes-nas-baraunas-homenageia-jose-viana-cabral\/#webpage"},"isPartOf":{"@id":"https:\/\/www.encontrafeiradesantana.com.br\/sobre\/galpao-de-artes-nas-baraunas-homenageia-jose-viana-cabral\/#webpage"},"articleSection":"Cultura Feira de Santana"},{"@type":"BreadcrumbList","@id":"https:\/\/www.encontrafeiradesantana.com.br\/sobre\/galpao-de-artes-nas-baraunas-homenageia-jose-viana-cabral\/#breadcrumblist","itemListElement":[{"@type":"ListItem","@id":"https:\/\/www.encontrafeiradesantana.com.br\/sobre#listItem","position":1,"name":"In\u00edcio","item":"https:\/\/www.encontrafeiradesantana.com.br\/sobre","nextItem":{"@type":"ListItem","@id":"https:\/\/www.encontrafeiradesantana.com.br\/sobre\/cultura-em-feira-de-santana\/#listItem","name":"Cultura Feira de Santana"}},{"@type":"ListItem","@id":"https:\/\/www.encontrafeiradesantana.com.br\/sobre\/cultura-em-feira-de-santana\/#listItem","position":2,"name":"Cultura Feira de Santana","item":"https:\/\/www.encontrafeiradesantana.com.br\/sobre\/cultura-em-feira-de-santana\/","nextItem":{"@type":"ListItem","@id":"https:\/\/www.encontrafeiradesantana.com.br\/sobre\/galpao-de-artes-nas-baraunas-homenageia-jose-viana-cabral\/#listItem","name":"Galp\u00e3o de Artes nas Bara\u00fanas homenageia Jos\u00e9 Viana Cabral"},"previousItem":{"@type":"ListItem","@id":"https:\/\/www.encontrafeiradesantana.com.br\/sobre#listItem","name":"In\u00edcio"}},{"@type":"ListItem","@id":"https:\/\/www.encontrafeiradesantana.com.br\/sobre\/galpao-de-artes-nas-baraunas-homenageia-jose-viana-cabral\/#listItem","position":3,"name":"Galp\u00e3o de Artes nas Bara\u00fanas homenageia Jos\u00e9 Viana Cabral","previousItem":{"@type":"ListItem","@id":"https:\/\/www.encontrafeiradesantana.com.br\/sobre\/cultura-em-feira-de-santana\/#listItem","name":"Cultura Feira de Santana"}}]},{"@type":"Organization","@id":"https:\/\/www.encontrafeiradesantana.com.br\/sobre\/#organization","name":"Encontra Feira de Santana","description":"Not\u00edcias, eventos, informa\u00e7\u00f5es e dicas na cidade Feira de Santana e regi\u00e3o.","url":"https:\/\/www.encontrafeiradesantana.com.br\/sobre\/"},{"@type":"Person","@id":"https:\/\/www.encontrafeiradesantana.com.br\/sobre\/author\/efeiradesantana\/#author","url":"https:\/\/www.encontrafeiradesantana.com.br\/sobre\/author\/efeiradesantana\/","name":"Encontra Feira de Santana","image":{"@type":"ImageObject","@id":"https:\/\/www.encontrafeiradesantana.com.br\/sobre\/galpao-de-artes-nas-baraunas-homenageia-jose-viana-cabral\/#authorImage","url":"https:\/\/secure.gravatar.com\/avatar\/507340682b8270222e1f208e23198b6ae7e2c6a1033ae84e99bc6bce4f82a387?s=96&d=mm&r=g","width":96,"height":96,"caption":"Encontra Feira de Santana"}},{"@type":"WebPage","@id":"https:\/\/www.encontrafeiradesantana.com.br\/sobre\/galpao-de-artes-nas-baraunas-homenageia-jose-viana-cabral\/#webpage","url":"https:\/\/www.encontrafeiradesantana.com.br\/sobre\/galpao-de-artes-nas-baraunas-homenageia-jose-viana-cabral\/","name":"Galp\u00e3o de Artes nas Bara\u00fanas homenageia Jos\u00e9 Viana Cabral | Encontra Feira de Santana","description":"Galp\u00e3o de Artes nas Bara\u00fanas presta tributo a Jos\u00e9 Viana Cabral.","inLanguage":"pt-BR","isPartOf":{"@id":"https:\/\/www.encontrafeiradesantana.com.br\/sobre\/#website"},"breadcrumb":{"@id":"https:\/\/www.encontrafeiradesantana.com.br\/sobre\/galpao-de-artes-nas-baraunas-homenageia-jose-viana-cabral\/#breadcrumblist"},"author":{"@id":"https:\/\/www.encontrafeiradesantana.com.br\/sobre\/author\/efeiradesantana\/#author"},"creator":{"@id":"https:\/\/www.encontrafeiradesantana.com.br\/sobre\/author\/efeiradesantana\/#author"},"image":{"@type":"ImageObject","url":"https:\/\/www.encontrafeiradesantana.com.br\/sobre\/wp-content\/uploads\/2026\/08\/galpao-de-artes-nas-baraunas-homenageia-jose-viana-cabral.webp","@id":"https:\/\/www.encontrafeiradesantana.com.br\/sobre\/galpao-de-artes-nas-baraunas-homenageia-jose-viana-cabral\/#mainImage","width":280,"height":280,"caption":"Galp\u00e3o de Artes nas Bara\u00fanas"},"primaryImageOfPage":{"@id":"https:\/\/www.encontrafeiradesantana.com.br\/sobre\/galpao-de-artes-nas-baraunas-homenageia-jose-viana-cabral\/#mainImage"},"datePublished":"2026-08-16T03:38:23-03:00","dateModified":"2026-08-16T03:38:23-03:00"},{"@type":"WebSite","@id":"https:\/\/www.encontrafeiradesantana.com.br\/sobre\/#website","url":"https:\/\/www.encontrafeiradesantana.com.br\/sobre\/","name":"Encontra Feira de Santana","description":"Not\u00edcias, eventos, informa\u00e7\u00f5es e dicas na cidade Feira de Santana e regi\u00e3o.","inLanguage":"pt-BR","publisher":{"@id":"https:\/\/www.encontrafeiradesantana.com.br\/sobre\/#organization"}}]},"og:locale":"pt_BR","og:site_name":"Encontra Feira de Santana | Not\u00edcias, eventos, informa\u00e7\u00f5es e dicas na cidade Feira de Santana e regi\u00e3o.","og:type":"article","og:title":"Galp\u00e3o de Artes nas Bara\u00fanas homenageia Jos\u00e9 Viana Cabral | Encontra Feira de Santana","og:description":"Galp\u00e3o de Artes nas Bara\u00fanas presta tributo a Jos\u00e9 Viana Cabral.","og:url":"https:\/\/www.encontrafeiradesantana.com.br\/sobre\/galpao-de-artes-nas-baraunas-homenageia-jose-viana-cabral\/","article:published_time":"2026-08-16T06:38:23+00:00","article:modified_time":"2026-08-16T06:38:23+00:00","twitter:card":"summary","twitter:title":"Galp\u00e3o de Artes nas Bara\u00fanas homenageia Jos\u00e9 Viana Cabral | Encontra Feira de Santana","twitter:description":"Galp\u00e3o de Artes nas Bara\u00fanas presta tributo a Jos\u00e9 Viana Cabral."},"aioseo_meta_data":{"post_id":"2674","title":null,"description":null,"keywords":null,"keyphrases":null,"primary_term":null,"canonical_url":null,"og_title":null,"og_description":null,"og_object_type":"default","og_image_type":"default","og_image_url":null,"og_image_width":null,"og_image_height":null,"og_image_custom_url":null,"og_image_custom_fields":null,"og_video":null,"og_custom_url":null,"og_article_section":null,"og_article_tags":null,"twitter_use_og":false,"twitter_card":"default","twitter_image_type":"default","twitter_image_url":null,"twitter_image_custom_url":null,"twitter_image_custom_fields":null,"twitter_title":null,"twitter_description":null,"schema":{"blockGraphs":[],"customGraphs":[],"default":{"data":{"Article":[],"Course":[],"Dataset":[],"FAQPage":[],"Movie":[],"Person":[],"Product":[],"ProductReview":[],"Car":[],"Recipe":[],"Service":[],"SoftwareApplication":[],"WebPage":[]},"graphName":"Article","isEnabled":true},"graphs":[]},"schema_type":"default","schema_type_options":null,"pillar_content":false,"robots_default":true,"robots_noindex":false,"robots_noarchive":false,"robots_nosnippet":false,"robots_nofollow":false,"robots_noimageindex":false,"robots_noodp":false,"robots_notranslate":false,"robots_max_snippet":null,"robots_max_videopreview":null,"robots_max_imagepreview":"large","priority":null,"frequency":null,"local_seo":null,"breadcrumb_settings":null,"limit_modified_date":false,"ai":null,"created":"2026-08-16 06:38:23","updated":"2026-08-16 06:55:40","focus_keyword":null,"additional_keywords":null,"truseo_locale":null,"seo_analyzer_scan_date":null},"aioseo_breadcrumb":"<div class=\"aioseo-breadcrumbs\"><span class=\"aioseo-breadcrumb\">\n\t\t\t<a href=\"https:\/\/www.encontrafeiradesantana.com.br\/sobre\" title=\"In\u00edcio\">In\u00edcio<\/a>\n\t\t<\/span><span class=\"aioseo-breadcrumb-separator\">&raquo;<\/span><span class=\"aioseo-breadcrumb\">\n\t\t\t<a href=\"https:\/\/www.encontrafeiradesantana.com.br\/sobre\/cultura-em-feira-de-santana\/\" title=\"Cultura Feira de Santana\">Cultura Feira de Santana<\/a>\n\t\t<\/span><span class=\"aioseo-breadcrumb-separator\">&raquo;<\/span><span class=\"aioseo-breadcrumb\">\n\t\t\tGalp\u00e3o de Artes nas Bara\u00fanas homenageia Jos\u00e9 Viana Cabral\n\t\t<\/span><\/div>","aioseo_breadcrumb_json":[{"label":"In\u00edcio","link":"https:\/\/www.encontrafeiradesantana.com.br\/sobre"},{"label":"Cultura Feira de Santana","link":"https:\/\/www.encontrafeiradesantana.com.br\/sobre\/cultura-em-feira-de-santana\/"},{"label":"Galp\u00e3o de Artes nas Bara\u00fanas homenageia Jos\u00e9 Viana Cabral","link":"https:\/\/www.encontrafeiradesantana.com.br\/sobre\/galpao-de-artes-nas-baraunas-homenageia-jose-viana-cabral\/"}],"_links":{"self":[{"href":"https:\/\/www.encontrafeiradesantana.com.br\/sobre\/wp-json\/wp\/v2\/posts\/2674","targetHints":{"allow":["GET"]}}],"collection":[{"href":"https:\/\/www.encontrafeiradesantana.com.br\/sobre\/wp-json\/wp\/v2\/posts"}],"about":[{"href":"https:\/\/www.encontrafeiradesantana.com.br\/sobre\/wp-json\/wp\/v2\/types\/post"}],"author":[{"embeddable":true,"href":"https:\/\/www.encontrafeiradesantana.com.br\/sobre\/wp-json\/wp\/v2\/users\/1"}],"replies":[{"embeddable":true,"href":"https:\/\/www.encontrafeiradesantana.com.br\/sobre\/wp-json\/wp\/v2\/comments?post=2674"}],"version-history":[{"count":0,"href":"https:\/\/www.encontrafeiradesantana.com.br\/sobre\/wp-json\/wp\/v2\/posts\/2674\/revisions"}],"wp:featuredmedia":[{"embeddable":true,"href":"https:\/\/www.encontrafeiradesantana.com.br\/sobre\/wp-json\/wp\/v2\/media\/2673"}],"wp:attachment":[{"href":"https:\/\/www.encontrafeiradesantana.com.br\/sobre\/wp-json\/wp\/v2\/media?parent=2674"}],"wp:term":[{"taxonomy":"category","embeddable":true,"href":"https:\/\/www.encontrafeiradesantana.com.br\/sobre\/wp-json\/wp\/v2\/categories?post=2674"},{"taxonomy":"post_tag","embeddable":true,"href":"https:\/\/www.encontrafeiradesantana.com.br\/sobre\/wp-json\/wp\/v2\/tags?post=2674"}],"curies":[{"name":"wp","href":"https:\/\/api.w.org\/{rel}","templated":true}]}}