{"id":2666,"date":"2026-08-15T03:37:52","date_gmt":"2026-08-15T06:37:52","guid":{"rendered":"https:\/\/www.encontrafeiradesantana.com.br\/sobre\/em-feira-de-santana-mais-de-100-ruas-ja-foram-asfaltadas-e-vem-muito-mais-por-ai\/"},"modified":"2026-08-15T03:37:52","modified_gmt":"2026-08-15T06:37:52","slug":"em-feira-de-santana-mais-de-100-ruas-ja-foram-asfaltadas-e-vem-muito-mais-por-ai","status":"publish","type":"post","link":"https:\/\/www.encontrafeiradesantana.com.br\/sobre\/em-feira-de-santana-mais-de-100-ruas-ja-foram-asfaltadas-e-vem-muito-mais-por-ai\/","title":{"rendered":"Em Feira de Santana mais de 100 ruas j\u00e1 foram asfaltadas e vem muito mais por a\u00ed!"},"content":{"rendered":"<div class=\"3f468104ad11f00a3c9ac948316f4265\" data-index=\"1\" style=\"float: none; margin:0px;\">\n<ins class=\"adsbygoogle\"\r\n     style=\"display:block\"\r\n     data-ad-client=\"ca-pub-8585364105181520\"\r\n     data-ad-slot=\"8789329856\"\r\n     data-ad-format=\"auto\"\r\n     data-full-width-responsive=\"true\"><\/ins>\r\n<script>\r\n     (adsbygoogle = window.adsbygoogle || []).push({});\r\n<\/script>\r\n\n<\/div>\n<h2>O Impacto do Asfalto na Mobilidade Urbana<\/h2>\n<p>A pavimenta\u00e7\u00e3o de ruas em Feira de Santana trouxe melhorias significativas na mobilidade urbana. O asfalto proporciona um deslocamento mais \u00e1gil e seguro para os moradores, reduzindo os acidentes e facilitando o tr\u00e2nsito de ve\u00edculos e pedestres. A deteriora\u00e7\u00e3o de vias n\u00e3o pavimentadas, antes comum, agora d\u00e1 lugar a um cen\u00e1rio onde as ruas asfaltadas proporcionam um melhor escoamento do tr\u00e1fego, contribuindo para a fluidez das opera\u00e7\u00f5es di\u00e1rias, seja no transporte p\u00fablico ou particular.<\/p>\n<h2>Bairros Beneficiados com a Pavimenta\u00e7\u00e3o<\/h2>\n<p>At\u00e9 o momento, mais de 100 ruas receberam asfalto em diversos bairros de Feira de Santana. Entre as \u00e1reas que mais se destacaram est\u00e3o:<\/p>\n<ul>\n<li><strong>Centro:<\/strong> A revitaliza\u00e7\u00e3o das principais avenidas favorece o com\u00e9rcio local, atraindo mais visitantes e clientes.<\/li>\n<li><strong>Sub\u00farbio:<\/strong> Ruas em bairros perif\u00e9ricos como o Feira VI e o Jardim Cruzeiro tiveram seu acesso facilitado, melhorando o dia a dia dos moradores.<\/li>\n<li><strong>Bairros Novos:<\/strong> Regi\u00f5es em desenvolvimento, como o Parque Ip\u00ea, tamb\u00e9m foram inclu\u00eddas no projeto, garantindo acesso adequado a novos residentes.<\/li>\n<\/ul>\n<h2>A Import\u00e2ncia da Qualidade de Vida<\/h2>\n<p>A implementa\u00e7\u00e3o do asfalto n\u00e3o se restringe apenas ao tr\u00e2nsito. Ela impacta diretamente na qualidade de vida dos cidad\u00e3os. Com ruas pavimentadas, a poeira \u00e9 reduzida, promovendo um ambiente mais saud\u00e1vel e agrad\u00e1vel. Al\u00e9m disso, os moradores relataram um aumento na seguran\u00e7a, pois houve uma diminui\u00e7\u00e3o das po\u00e7as d&#8217;\u00e1gua em dias de chuva, evitando enchentes e a prolifera\u00e7\u00e3o de doen\u00e7as.<\/p>\n<p><img decoding=\"async\" src=\"https:\/\/www.encontrafeiradesantana.com.br\/sobre\/wp-content\/uploads\/2026\/08\/em-feira-de-santana-mais-de-100-ruas-ja-foram-asfaltadas-e-vem-muito-mais-por-ai.webp\" alt=\"Feira de Santana asfaltadas\" loading=\"lazy\" \/><\/p>\n<h2>Novos Projetos de Asfalto em Andamento<\/h2>\n<p>O trabalho de pavimenta\u00e7\u00e3o n\u00e3o vai parar por aqui. A prefeitura de Feira de Santana j\u00e1 anunciou planos para a continuidade do projeto de asfalto. Com foco em bairros que ainda carecem desse benef\u00edcio, as obras est\u00e3o programadas para iniciar em breve, buscando atender a demanda das comunidades carentes.<\/p>\n<h2>Como a Pavimenta\u00e7\u00e3o Promove a Seguran\u00e7a<\/h2>\n<p>Com certeza, a pavimenta\u00e7\u00e3o tem se mostrado crucial para a seguran\u00e7a urbana. O asfalto melhora significativamente a visibilidade nas ruas, especialmente durante a noite, proporcionando um ambiente mais seguro para motoristas e pedestres. As autoridades tamb\u00e9m implementaram sinaliza\u00e7\u00e3o adequada para guiar o tr\u00e2nsito, aumentando assim o cuidado com a seguran\u00e7a vi\u00e1ria.<\/p>\n<h2>Depoimentos de Moradores sobre as Melhorias<\/h2>\n<p>Os cidad\u00e3os t\u00eam expressado sua satisfa\u00e7\u00e3o em rela\u00e7\u00e3o \u00e0s melhorias trazidas pela pavimenta\u00e7\u00e3o. Um morador do Bairro Feira VII comentou: &#8220;A nova pavimenta\u00e7\u00e3o mudou completamente como nos deslocamos. Antes, era um desafio pegar um t\u00e1xi ou \u00f4nibus, agora \u00e9 uma verdade maravilha!&#8221; Outros moradores destacaram a facilidade de acesso aos servi\u00e7os e com\u00e9rcios locais, agradecendo \u00e0 prefeitura pelas interven\u00e7\u00f5es realizadas.<\/p>\n<h2>Desafios Enfrentados na Pavimenta\u00e7\u00e3o<\/h2>\n<p>Apesar dos avan\u00e7os, o processo de pavimenta\u00e7\u00e3o enfrenta desafios. A falta de infraestrutura b\u00e1sica em algumas \u00e1reas, como drenagem adequada, dificulta o sucesso total das obras. A equipe de pavimenta\u00e7\u00e3o est\u00e1 trabalhando para resolver esses problemas, identificando locais que necessitam de interven\u00e7\u00f5es complementares, garantindo que o asfalto se mantenha em boas condi\u00e7\u00f5es.<\/p>\n<h2>O Papel da Prefeitura nas Obras P\u00fablicas<\/h2>\n<p>A administra\u00e7\u00e3o municipal desempenha um papel crucial na execu\u00e7\u00e3o dessas obras. O planejamento cuidadoso e a aloca\u00e7\u00e3o de recursos s\u00e3o fundamentais para o progresso. Estes esfor\u00e7os s\u00e3o vis\u00edveis nas frequentes atualiza\u00e7\u00f5es apresentadas \u00e0 popula\u00e7\u00e3o sobre o andamento dos trabalhos, mantendo o p\u00fablico informado sobre as melhorias em sua cidade.<\/p>\n<h2>Tend\u00eancias Futuras para Feira de Santana<\/h2>\n<p>A expectativa \u00e9 que, com o andamento deste projeto de asfaltamento, Feira de Santana se torne uma cidade modelo em infraestrutura. Al\u00e9m disso, a inclus\u00e3o de tecnologias sustent\u00e1veis nas obras poder\u00e1 ser um passo importante nos futuros projetos, com a busca por materiais que possam prolongar a vida \u00fatil das pavimenta\u00e7\u00f5es.<\/p>\n<h2>A Comunidade e Sua Participa\u00e7\u00e3o nas Mudan\u00e7as<\/h2>\n<p>Por fim, \u00e9 essencial destacar a import\u00e2ncia da participa\u00e7\u00e3o da comunidade nesse processo. A colabora\u00e7\u00e3o entre a popula\u00e7\u00e3o e as autoridades municipal tem mostrado resultados positivos, com reuni\u00f5es e consultas p\u00fablicas permitindo que as necessidades dos cidad\u00e3os sejam ouvidas e atendidas. Um trabalho conjunto entre gest\u00e3o p\u00fablica e a sociedade civil refor\u00e7a a constru\u00e7\u00e3o de uma cidade melhor para todos.<\/p>\n\n<div style=\"font-size: 0px; height: 0px; line-height: 0px; margin: 0; padding: 0; clear: both;\"><\/div>","protected":false},"excerpt":{"rendered":"<p>Feira de Santana j\u00e1 asfalta mais de 100 ruas, e tem muito mais a vir!<\/p>\n","protected":false},"author":1,"featured_media":2665,"comment_status":"open","ping_status":"closed","sticky":false,"template":"","format":"standard","meta":{"footnotes":""},"categories":[25],"tags":[],"class_list":["post-2666","post","type-post","status-publish","format-standard","has-post-thumbnail","hentry","category-construcao-em-feira-de-santana","has_thumb"],"aioseo_notices":[],"aioseo_head":"\n\t\t<!-- All in One SEO 5.0.0.1 - aioseo.com -->\n\t<meta name=\"description\" content=\"Feira de Santana j\u00e1 asfalta mais de 100 ruas, e tem muito mais a vir!\" \/>\n\t<meta name=\"robots\" content=\"max-image-preview:large\" \/>\n\t<meta name=\"author\" content=\"Encontra Feira de Santana\"\/>\n\t<link rel=\"canonical\" href=\"https:\/\/www.encontrafeiradesantana.com.br\/sobre\/em-feira-de-santana-mais-de-100-ruas-ja-foram-asfaltadas-e-vem-muito-mais-por-ai\/\" \/>\n\t<meta name=\"generator\" content=\"All in One SEO (AIOSEO) 5.0.0.1\" \/>\n\t\t<meta property=\"og:locale\" content=\"pt_BR\" \/>\n\t\t<meta property=\"og:site_name\" content=\"Encontra Feira de Santana | Not\u00edcias, eventos, informa\u00e7\u00f5es e dicas na cidade Feira de Santana e regi\u00e3o.\" \/>\n\t\t<meta property=\"og:type\" content=\"article\" \/>\n\t\t<meta property=\"og:title\" content=\"Em Feira de Santana mais de 100 ruas j\u00e1 foram asfaltadas e vem muito mais por a\u00ed! | Encontra Feira de Santana\" \/>\n\t\t<meta property=\"og:description\" content=\"Feira de Santana j\u00e1 asfalta mais de 100 ruas, e tem muito mais a vir!\" \/>\n\t\t<meta property=\"og:url\" content=\"https:\/\/www.encontrafeiradesantana.com.br\/sobre\/em-feira-de-santana-mais-de-100-ruas-ja-foram-asfaltadas-e-vem-muito-mais-por-ai\/\" \/>\n\t\t<meta property=\"article:published_time\" content=\"2026-08-15T06:37:52+00:00\" \/>\n\t\t<meta property=\"article:modified_time\" content=\"2026-08-15T06:37:52+00:00\" \/>\n\t\t<meta name=\"twitter:card\" content=\"summary\" \/>\n\t\t<meta name=\"twitter:title\" content=\"Em Feira de Santana mais de 100 ruas j\u00e1 foram asfaltadas e vem muito mais por a\u00ed! | Encontra Feira de Santana\" \/>\n\t\t<meta name=\"twitter:description\" content=\"Feira de Santana j\u00e1 asfalta mais de 100 ruas, e tem muito mais a vir!\" \/>\n\t\t<script type=\"application\/ld+json\" class=\"aioseo-schema\">\n\t\t\t{\"@context\":\"https:\\\/\\\/schema.org\",\"@graph\":[{\"@type\":\"Article\",\"@id\":\"https:\\\/\\\/www.encontrafeiradesantana.com.br\\\/sobre\\\/em-feira-de-santana-mais-de-100-ruas-ja-foram-asfaltadas-e-vem-muito-mais-por-ai\\\/#article\",\"name\":\"Em Feira de Santana mais de 100 ruas j\\u00e1 foram asfaltadas e vem muito mais por a\\u00ed! | Encontra Feira de Santana\",\"headline\":\"Em Feira de Santana mais de 100 ruas j\\u00e1 foram asfaltadas e vem muito mais por a\\u00ed!\",\"author\":{\"@id\":\"https:\\\/\\\/www.encontrafeiradesantana.com.br\\\/sobre\\\/author\\\/efeiradesantana\\\/#author\"},\"publisher\":{\"@id\":\"https:\\\/\\\/www.encontrafeiradesantana.com.br\\\/sobre\\\/#organization\"},\"image\":{\"@type\":\"ImageObject\",\"url\":\"https:\\\/\\\/www.encontrafeiradesantana.com.br\\\/sobre\\\/wp-content\\\/uploads\\\/2026\\\/08\\\/em-feira-de-santana-mais-de-100-ruas-ja-foram-asfaltadas-e-vem-muito-mais-por-ai.webp\",\"width\":280,\"height\":280,\"caption\":\"Feira de Santana asfaltadas\"},\"datePublished\":\"2026-08-15T03:37:52-03:00\",\"dateModified\":\"2026-08-15T03:37:52-03:00\",\"inLanguage\":\"pt-BR\",\"mainEntityOfPage\":{\"@id\":\"https:\\\/\\\/www.encontrafeiradesantana.com.br\\\/sobre\\\/em-feira-de-santana-mais-de-100-ruas-ja-foram-asfaltadas-e-vem-muito-mais-por-ai\\\/#webpage\"},\"isPartOf\":{\"@id\":\"https:\\\/\\\/www.encontrafeiradesantana.com.br\\\/sobre\\\/em-feira-de-santana-mais-de-100-ruas-ja-foram-asfaltadas-e-vem-muito-mais-por-ai\\\/#webpage\"},\"articleSection\":\"Constru\\u00e7\\u00e3o Feira de Santana\"},{\"@type\":\"BreadcrumbList\",\"@id\":\"https:\\\/\\\/www.encontrafeiradesantana.com.br\\\/sobre\\\/em-feira-de-santana-mais-de-100-ruas-ja-foram-asfaltadas-e-vem-muito-mais-por-ai\\\/#breadcrumblist\",\"itemListElement\":[{\"@type\":\"ListItem\",\"@id\":\"https:\\\/\\\/www.encontrafeiradesantana.com.br\\\/sobre#listItem\",\"position\":1,\"name\":\"In\\u00edcio\",\"item\":\"https:\\\/\\\/www.encontrafeiradesantana.com.br\\\/sobre\",\"nextItem\":{\"@type\":\"ListItem\",\"@id\":\"https:\\\/\\\/www.encontrafeiradesantana.com.br\\\/sobre\\\/construcao-em-feira-de-santana\\\/#listItem\",\"name\":\"Constru\\u00e7\\u00e3o Feira de Santana\"}},{\"@type\":\"ListItem\",\"@id\":\"https:\\\/\\\/www.encontrafeiradesantana.com.br\\\/sobre\\\/construcao-em-feira-de-santana\\\/#listItem\",\"position\":2,\"name\":\"Constru\\u00e7\\u00e3o Feira de Santana\",\"item\":\"https:\\\/\\\/www.encontrafeiradesantana.com.br\\\/sobre\\\/construcao-em-feira-de-santana\\\/\",\"nextItem\":{\"@type\":\"ListItem\",\"@id\":\"https:\\\/\\\/www.encontrafeiradesantana.com.br\\\/sobre\\\/em-feira-de-santana-mais-de-100-ruas-ja-foram-asfaltadas-e-vem-muito-mais-por-ai\\\/#listItem\",\"name\":\"Em Feira de Santana mais de 100 ruas j\\u00e1 foram asfaltadas e vem muito mais por a\\u00ed!\"},\"previousItem\":{\"@type\":\"ListItem\",\"@id\":\"https:\\\/\\\/www.encontrafeiradesantana.com.br\\\/sobre#listItem\",\"name\":\"In\\u00edcio\"}},{\"@type\":\"ListItem\",\"@id\":\"https:\\\/\\\/www.encontrafeiradesantana.com.br\\\/sobre\\\/em-feira-de-santana-mais-de-100-ruas-ja-foram-asfaltadas-e-vem-muito-mais-por-ai\\\/#listItem\",\"position\":3,\"name\":\"Em Feira de Santana mais de 100 ruas j\\u00e1 foram asfaltadas e vem muito mais por a\\u00ed!\",\"previousItem\":{\"@type\":\"ListItem\",\"@id\":\"https:\\\/\\\/www.encontrafeiradesantana.com.br\\\/sobre\\\/construcao-em-feira-de-santana\\\/#listItem\",\"name\":\"Constru\\u00e7\\u00e3o Feira de Santana\"}}]},{\"@type\":\"Organization\",\"@id\":\"https:\\\/\\\/www.encontrafeiradesantana.com.br\\\/sobre\\\/#organization\",\"name\":\"Encontra Feira de Santana\",\"description\":\"Not\\u00edcias, eventos, informa\\u00e7\\u00f5es e dicas na cidade Feira de Santana e regi\\u00e3o.\",\"url\":\"https:\\\/\\\/www.encontrafeiradesantana.com.br\\\/sobre\\\/\"},{\"@type\":\"Person\",\"@id\":\"https:\\\/\\\/www.encontrafeiradesantana.com.br\\\/sobre\\\/author\\\/efeiradesantana\\\/#author\",\"url\":\"https:\\\/\\\/www.encontrafeiradesantana.com.br\\\/sobre\\\/author\\\/efeiradesantana\\\/\",\"name\":\"Encontra Feira de Santana\",\"image\":{\"@type\":\"ImageObject\",\"@id\":\"https:\\\/\\\/www.encontrafeiradesantana.com.br\\\/sobre\\\/em-feira-de-santana-mais-de-100-ruas-ja-foram-asfaltadas-e-vem-muito-mais-por-ai\\\/#authorImage\",\"url\":\"https:\\\/\\\/secure.gravatar.com\\\/avatar\\\/507340682b8270222e1f208e23198b6ae7e2c6a1033ae84e99bc6bce4f82a387?s=96&d=mm&r=g\",\"width\":96,\"height\":96,\"caption\":\"Encontra Feira de Santana\"}},{\"@type\":\"WebPage\",\"@id\":\"https:\\\/\\\/www.encontrafeiradesantana.com.br\\\/sobre\\\/em-feira-de-santana-mais-de-100-ruas-ja-foram-asfaltadas-e-vem-muito-mais-por-ai\\\/#webpage\",\"url\":\"https:\\\/\\\/www.encontrafeiradesantana.com.br\\\/sobre\\\/em-feira-de-santana-mais-de-100-ruas-ja-foram-asfaltadas-e-vem-muito-mais-por-ai\\\/\",\"name\":\"Em Feira de Santana mais de 100 ruas j\\u00e1 foram asfaltadas e vem muito mais por a\\u00ed! | Encontra Feira de Santana\",\"description\":\"Feira de Santana j\\u00e1 asfalta mais de 100 ruas, e tem muito mais a vir!\",\"inLanguage\":\"pt-BR\",\"isPartOf\":{\"@id\":\"https:\\\/\\\/www.encontrafeiradesantana.com.br\\\/sobre\\\/#website\"},\"breadcrumb\":{\"@id\":\"https:\\\/\\\/www.encontrafeiradesantana.com.br\\\/sobre\\\/em-feira-de-santana-mais-de-100-ruas-ja-foram-asfaltadas-e-vem-muito-mais-por-ai\\\/#breadcrumblist\"},\"author\":{\"@id\":\"https:\\\/\\\/www.encontrafeiradesantana.com.br\\\/sobre\\\/author\\\/efeiradesantana\\\/#author\"},\"creator\":{\"@id\":\"https:\\\/\\\/www.encontrafeiradesantana.com.br\\\/sobre\\\/author\\\/efeiradesantana\\\/#author\"},\"image\":{\"@type\":\"ImageObject\",\"url\":\"https:\\\/\\\/www.encontrafeiradesantana.com.br\\\/sobre\\\/wp-content\\\/uploads\\\/2026\\\/08\\\/em-feira-de-santana-mais-de-100-ruas-ja-foram-asfaltadas-e-vem-muito-mais-por-ai.webp\",\"@id\":\"https:\\\/\\\/www.encontrafeiradesantana.com.br\\\/sobre\\\/em-feira-de-santana-mais-de-100-ruas-ja-foram-asfaltadas-e-vem-muito-mais-por-ai\\\/#mainImage\",\"width\":280,\"height\":280,\"caption\":\"Feira de Santana asfaltadas\"},\"primaryImageOfPage\":{\"@id\":\"https:\\\/\\\/www.encontrafeiradesantana.com.br\\\/sobre\\\/em-feira-de-santana-mais-de-100-ruas-ja-foram-asfaltadas-e-vem-muito-mais-por-ai\\\/#mainImage\"},\"datePublished\":\"2026-08-15T03:37:52-03:00\",\"dateModified\":\"2026-08-15T03:37:52-03:00\"},{\"@type\":\"WebSite\",\"@id\":\"https:\\\/\\\/www.encontrafeiradesantana.com.br\\\/sobre\\\/#website\",\"url\":\"https:\\\/\\\/www.encontrafeiradesantana.com.br\\\/sobre\\\/\",\"name\":\"Encontra Feira de Santana\",\"description\":\"Not\\u00edcias, eventos, informa\\u00e7\\u00f5es e dicas na cidade Feira de Santana e regi\\u00e3o.\",\"inLanguage\":\"pt-BR\",\"publisher\":{\"@id\":\"https:\\\/\\\/www.encontrafeiradesantana.com.br\\\/sobre\\\/#organization\"}}]}\n\t\t<\/script>\n\t\t<!-- All in One SEO -->\n\n","aioseo_head_json":{"title":"Em Feira de Santana mais de 100 ruas j\u00e1 foram asfaltadas e vem muito mais por a\u00ed! | Encontra Feira de Santana","description":"Feira de Santana j\u00e1 asfalta mais de 100 ruas, e tem muito mais a vir!","canonical_url":"https:\/\/www.encontrafeiradesantana.com.br\/sobre\/em-feira-de-santana-mais-de-100-ruas-ja-foram-asfaltadas-e-vem-muito-mais-por-ai\/","robots":"max-image-preview:large","keywords":"","webmasterTools":{"miscellaneous":""},"schema":{"@context":"https:\/\/schema.org","@graph":[{"@type":"Article","@id":"https:\/\/www.encontrafeiradesantana.com.br\/sobre\/em-feira-de-santana-mais-de-100-ruas-ja-foram-asfaltadas-e-vem-muito-mais-por-ai\/#article","name":"Em Feira de Santana mais de 100 ruas j\u00e1 foram asfaltadas e vem muito mais por a\u00ed! | Encontra Feira de Santana","headline":"Em Feira de Santana mais de 100 ruas j\u00e1 foram asfaltadas e vem muito mais por a\u00ed!","author":{"@id":"https:\/\/www.encontrafeiradesantana.com.br\/sobre\/author\/efeiradesantana\/#author"},"publisher":{"@id":"https:\/\/www.encontrafeiradesantana.com.br\/sobre\/#organization"},"image":{"@type":"ImageObject","url":"https:\/\/www.encontrafeiradesantana.com.br\/sobre\/wp-content\/uploads\/2026\/08\/em-feira-de-santana-mais-de-100-ruas-ja-foram-asfaltadas-e-vem-muito-mais-por-ai.webp","width":280,"height":280,"caption":"Feira de Santana asfaltadas"},"datePublished":"2026-08-15T03:37:52-03:00","dateModified":"2026-08-15T03:37:52-03:00","inLanguage":"pt-BR","mainEntityOfPage":{"@id":"https:\/\/www.encontrafeiradesantana.com.br\/sobre\/em-feira-de-santana-mais-de-100-ruas-ja-foram-asfaltadas-e-vem-muito-mais-por-ai\/#webpage"},"isPartOf":{"@id":"https:\/\/www.encontrafeiradesantana.com.br\/sobre\/em-feira-de-santana-mais-de-100-ruas-ja-foram-asfaltadas-e-vem-muito-mais-por-ai\/#webpage"},"articleSection":"Constru\u00e7\u00e3o Feira de Santana"},{"@type":"BreadcrumbList","@id":"https:\/\/www.encontrafeiradesantana.com.br\/sobre\/em-feira-de-santana-mais-de-100-ruas-ja-foram-asfaltadas-e-vem-muito-mais-por-ai\/#breadcrumblist","itemListElement":[{"@type":"ListItem","@id":"https:\/\/www.encontrafeiradesantana.com.br\/sobre#listItem","position":1,"name":"In\u00edcio","item":"https:\/\/www.encontrafeiradesantana.com.br\/sobre","nextItem":{"@type":"ListItem","@id":"https:\/\/www.encontrafeiradesantana.com.br\/sobre\/construcao-em-feira-de-santana\/#listItem","name":"Constru\u00e7\u00e3o Feira de Santana"}},{"@type":"ListItem","@id":"https:\/\/www.encontrafeiradesantana.com.br\/sobre\/construcao-em-feira-de-santana\/#listItem","position":2,"name":"Constru\u00e7\u00e3o Feira de Santana","item":"https:\/\/www.encontrafeiradesantana.com.br\/sobre\/construcao-em-feira-de-santana\/","nextItem":{"@type":"ListItem","@id":"https:\/\/www.encontrafeiradesantana.com.br\/sobre\/em-feira-de-santana-mais-de-100-ruas-ja-foram-asfaltadas-e-vem-muito-mais-por-ai\/#listItem","name":"Em Feira de Santana mais de 100 ruas j\u00e1 foram asfaltadas e vem muito mais por a\u00ed!"},"previousItem":{"@type":"ListItem","@id":"https:\/\/www.encontrafeiradesantana.com.br\/sobre#listItem","name":"In\u00edcio"}},{"@type":"ListItem","@id":"https:\/\/www.encontrafeiradesantana.com.br\/sobre\/em-feira-de-santana-mais-de-100-ruas-ja-foram-asfaltadas-e-vem-muito-mais-por-ai\/#listItem","position":3,"name":"Em Feira de Santana mais de 100 ruas j\u00e1 foram asfaltadas e vem muito mais por a\u00ed!","previousItem":{"@type":"ListItem","@id":"https:\/\/www.encontrafeiradesantana.com.br\/sobre\/construcao-em-feira-de-santana\/#listItem","name":"Constru\u00e7\u00e3o Feira de Santana"}}]},{"@type":"Organization","@id":"https:\/\/www.encontrafeiradesantana.com.br\/sobre\/#organization","name":"Encontra Feira de Santana","description":"Not\u00edcias, eventos, informa\u00e7\u00f5es e dicas na cidade Feira de Santana e regi\u00e3o.","url":"https:\/\/www.encontrafeiradesantana.com.br\/sobre\/"},{"@type":"Person","@id":"https:\/\/www.encontrafeiradesantana.com.br\/sobre\/author\/efeiradesantana\/#author","url":"https:\/\/www.encontrafeiradesantana.com.br\/sobre\/author\/efeiradesantana\/","name":"Encontra Feira de Santana","image":{"@type":"ImageObject","@id":"https:\/\/www.encontrafeiradesantana.com.br\/sobre\/em-feira-de-santana-mais-de-100-ruas-ja-foram-asfaltadas-e-vem-muito-mais-por-ai\/#authorImage","url":"https:\/\/secure.gravatar.com\/avatar\/507340682b8270222e1f208e23198b6ae7e2c6a1033ae84e99bc6bce4f82a387?s=96&d=mm&r=g","width":96,"height":96,"caption":"Encontra Feira de Santana"}},{"@type":"WebPage","@id":"https:\/\/www.encontrafeiradesantana.com.br\/sobre\/em-feira-de-santana-mais-de-100-ruas-ja-foram-asfaltadas-e-vem-muito-mais-por-ai\/#webpage","url":"https:\/\/www.encontrafeiradesantana.com.br\/sobre\/em-feira-de-santana-mais-de-100-ruas-ja-foram-asfaltadas-e-vem-muito-mais-por-ai\/","name":"Em Feira de Santana mais de 100 ruas j\u00e1 foram asfaltadas e vem muito mais por a\u00ed! | Encontra Feira de Santana","description":"Feira de Santana j\u00e1 asfalta mais de 100 ruas, e tem muito mais a vir!","inLanguage":"pt-BR","isPartOf":{"@id":"https:\/\/www.encontrafeiradesantana.com.br\/sobre\/#website"},"breadcrumb":{"@id":"https:\/\/www.encontrafeiradesantana.com.br\/sobre\/em-feira-de-santana-mais-de-100-ruas-ja-foram-asfaltadas-e-vem-muito-mais-por-ai\/#breadcrumblist"},"author":{"@id":"https:\/\/www.encontrafeiradesantana.com.br\/sobre\/author\/efeiradesantana\/#author"},"creator":{"@id":"https:\/\/www.encontrafeiradesantana.com.br\/sobre\/author\/efeiradesantana\/#author"},"image":{"@type":"ImageObject","url":"https:\/\/www.encontrafeiradesantana.com.br\/sobre\/wp-content\/uploads\/2026\/08\/em-feira-de-santana-mais-de-100-ruas-ja-foram-asfaltadas-e-vem-muito-mais-por-ai.webp","@id":"https:\/\/www.encontrafeiradesantana.com.br\/sobre\/em-feira-de-santana-mais-de-100-ruas-ja-foram-asfaltadas-e-vem-muito-mais-por-ai\/#mainImage","width":280,"height":280,"caption":"Feira de Santana asfaltadas"},"primaryImageOfPage":{"@id":"https:\/\/www.encontrafeiradesantana.com.br\/sobre\/em-feira-de-santana-mais-de-100-ruas-ja-foram-asfaltadas-e-vem-muito-mais-por-ai\/#mainImage"},"datePublished":"2026-08-15T03:37:52-03:00","dateModified":"2026-08-15T03:37:52-03:00"},{"@type":"WebSite","@id":"https:\/\/www.encontrafeiradesantana.com.br\/sobre\/#website","url":"https:\/\/www.encontrafeiradesantana.com.br\/sobre\/","name":"Encontra Feira de Santana","description":"Not\u00edcias, eventos, informa\u00e7\u00f5es e dicas na cidade Feira de Santana e regi\u00e3o.","inLanguage":"pt-BR","publisher":{"@id":"https:\/\/www.encontrafeiradesantana.com.br\/sobre\/#organization"}}]},"og:locale":"pt_BR","og:site_name":"Encontra Feira de Santana | Not\u00edcias, eventos, informa\u00e7\u00f5es e dicas na cidade Feira de Santana e regi\u00e3o.","og:type":"article","og:title":"Em Feira de Santana mais de 100 ruas j\u00e1 foram asfaltadas e vem muito mais por a\u00ed! | Encontra Feira de Santana","og:description":"Feira de Santana j\u00e1 asfalta mais de 100 ruas, e tem muito mais a vir!","og:url":"https:\/\/www.encontrafeiradesantana.com.br\/sobre\/em-feira-de-santana-mais-de-100-ruas-ja-foram-asfaltadas-e-vem-muito-mais-por-ai\/","article:published_time":"2026-08-15T06:37:52+00:00","article:modified_time":"2026-08-15T06:37:52+00:00","twitter:card":"summary","twitter:title":"Em Feira de Santana mais de 100 ruas j\u00e1 foram asfaltadas e vem muito mais por a\u00ed! | Encontra Feira de Santana","twitter:description":"Feira de Santana j\u00e1 asfalta mais de 100 ruas, e tem muito mais a vir!"},"aioseo_meta_data":{"post_id":"2666","title":null,"description":null,"keywords":null,"keyphrases":null,"primary_term":null,"canonical_url":null,"og_title":null,"og_description":null,"og_object_type":"default","og_image_type":"default","og_image_url":null,"og_image_width":null,"og_image_height":null,"og_image_custom_url":null,"og_image_custom_fields":null,"og_video":null,"og_custom_url":null,"og_article_section":null,"og_article_tags":null,"twitter_use_og":false,"twitter_card":"default","twitter_image_type":"default","twitter_image_url":null,"twitter_image_custom_url":null,"twitter_image_custom_fields":null,"twitter_title":null,"twitter_description":null,"schema":{"blockGraphs":[],"customGraphs":[],"default":{"data":{"Article":[],"Course":[],"Dataset":[],"FAQPage":[],"Movie":[],"Person":[],"Product":[],"ProductReview":[],"Car":[],"Recipe":[],"Service":[],"SoftwareApplication":[],"WebPage":[]},"graphName":"Article","isEnabled":true},"graphs":[]},"schema_type":"default","schema_type_options":null,"pillar_content":false,"robots_default":true,"robots_noindex":false,"robots_noarchive":false,"robots_nosnippet":false,"robots_nofollow":false,"robots_noimageindex":false,"robots_noodp":false,"robots_notranslate":false,"robots_max_snippet":null,"robots_max_videopreview":null,"robots_max_imagepreview":"large","priority":null,"frequency":null,"local_seo":null,"breadcrumb_settings":null,"limit_modified_date":false,"ai":null,"created":"2026-08-15 06:37:52","updated":"2026-08-15 07:06:59","focus_keyword":null,"additional_keywords":null,"truseo_locale":null,"seo_analyzer_scan_date":null},"aioseo_breadcrumb":"<div class=\"aioseo-breadcrumbs\"><span class=\"aioseo-breadcrumb\">\n\t\t\t<a href=\"https:\/\/www.encontrafeiradesantana.com.br\/sobre\" title=\"In\u00edcio\">In\u00edcio<\/a>\n\t\t<\/span><span class=\"aioseo-breadcrumb-separator\">&raquo;<\/span><span class=\"aioseo-breadcrumb\">\n\t\t\t<a href=\"https:\/\/www.encontrafeiradesantana.com.br\/sobre\/construcao-em-feira-de-santana\/\" title=\"Constru\u00e7\u00e3o Feira de Santana\">Constru\u00e7\u00e3o Feira de Santana<\/a>\n\t\t<\/span><span class=\"aioseo-breadcrumb-separator\">&raquo;<\/span><span class=\"aioseo-breadcrumb\">\n\t\t\tEm Feira de Santana mais de 100 ruas j\u00e1 foram asfaltadas e vem muito mais por a\u00ed!\n\t\t<\/span><\/div>","aioseo_breadcrumb_json":[{"label":"In\u00edcio","link":"https:\/\/www.encontrafeiradesantana.com.br\/sobre"},{"label":"Constru\u00e7\u00e3o Feira de Santana","link":"https:\/\/www.encontrafeiradesantana.com.br\/sobre\/construcao-em-feira-de-santana\/"},{"label":"Em Feira de Santana mais de 100 ruas j\u00e1 foram asfaltadas e vem muito mais por a\u00ed!","link":"https:\/\/www.encontrafeiradesantana.com.br\/sobre\/em-feira-de-santana-mais-de-100-ruas-ja-foram-asfaltadas-e-vem-muito-mais-por-ai\/"}],"_links":{"self":[{"href":"https:\/\/www.encontrafeiradesantana.com.br\/sobre\/wp-json\/wp\/v2\/posts\/2666","targetHints":{"allow":["GET"]}}],"collection":[{"href":"https:\/\/www.encontrafeiradesantana.com.br\/sobre\/wp-json\/wp\/v2\/posts"}],"about":[{"href":"https:\/\/www.encontrafeiradesantana.com.br\/sobre\/wp-json\/wp\/v2\/types\/post"}],"author":[{"embeddable":true,"href":"https:\/\/www.encontrafeiradesantana.com.br\/sobre\/wp-json\/wp\/v2\/users\/1"}],"replies":[{"embeddable":true,"href":"https:\/\/www.encontrafeiradesantana.com.br\/sobre\/wp-json\/wp\/v2\/comments?post=2666"}],"version-history":[{"count":0,"href":"https:\/\/www.encontrafeiradesantana.com.br\/sobre\/wp-json\/wp\/v2\/posts\/2666\/revisions"}],"wp:featuredmedia":[{"embeddable":true,"href":"https:\/\/www.encontrafeiradesantana.com.br\/sobre\/wp-json\/wp\/v2\/media\/2665"}],"wp:attachment":[{"href":"https:\/\/www.encontrafeiradesantana.com.br\/sobre\/wp-json\/wp\/v2\/media?parent=2666"}],"wp:term":[{"taxonomy":"category","embeddable":true,"href":"https:\/\/www.encontrafeiradesantana.com.br\/sobre\/wp-json\/wp\/v2\/categories?post=2666"},{"taxonomy":"post_tag","embeddable":true,"href":"https:\/\/www.encontrafeiradesantana.com.br\/sobre\/wp-json\/wp\/v2\/tags?post=2666"}],"curies":[{"name":"wp","href":"https:\/\/api.w.org\/{rel}","templated":true}]}}