{"id":2646,"date":"2026-08-11T04:04:15","date_gmt":"2026-08-11T07:04:15","guid":{"rendered":"https:\/\/www.encontrafeiradesantana.com.br\/sobre\/semob-realiza-vistoria-bienal-da-frota-de-taxis-de-feira-de-santana\/"},"modified":"2026-08-11T04:04:15","modified_gmt":"2026-08-11T07:04:15","slug":"semob-realiza-vistoria-bienal-da-frota-de-taxis-de-feira-de-santana","status":"publish","type":"post","link":"https:\/\/www.encontrafeiradesantana.com.br\/sobre\/semob-realiza-vistoria-bienal-da-frota-de-taxis-de-feira-de-santana\/","title":{"rendered":"Semob realiza vistoria bienal da frota de t\u00e1xis de Feira de Santana"},"content":{"rendered":"<div class=\"3f468104ad11f00a3c9ac948316f4265\" data-index=\"1\" style=\"float: none; margin:0px;\">\n<ins class=\"adsbygoogle\"\r\n     style=\"display:block\"\r\n     data-ad-client=\"ca-pub-8585364105181520\"\r\n     data-ad-slot=\"8789329856\"\r\n     data-ad-format=\"auto\"\r\n     data-full-width-responsive=\"true\"><\/ins>\r\n<script>\r\n     (adsbygoogle = window.adsbygoogle || []).push({});\r\n<\/script>\r\n\n<\/div>\n<h2>Quando ser\u00e1 realizada a vistoria?<\/h2>\n<p>A Secretaria Municipal de Mobilidade Urbana (Semob) programou a vistoria bienal obrigat\u00f3ria da frota de t\u00e1xis autorizados na cidade de Feira de Santana. Os t\u00e1xis dever\u00e3o ser apresentados para inspe\u00e7\u00e3o entre os dias <strong>17 de agosto e 23 de outubro de 2026<\/strong>. O hor\u00e1rio de realiza\u00e7\u00e3o da vistoria ser\u00e1 de <strong>9h \u00e0s 11h30<\/strong> e das <strong>14h \u00e0s 16h30<\/strong>, de segunda a sexta-feira.<\/p>\n<h2>Qual o cronograma de apresenta\u00e7\u00e3o dos ve\u00edculos?<\/h2>\n<p>O cronograma para a apresenta\u00e7\u00e3o dos ve\u00edculos foi detalhado na <strong>Portaria n\u00ba 005\/2026<\/strong>, que foi divulgada no Di\u00e1rio Oficial Eletr\u00f4nico do Munic\u00edpio. Neste documento, est\u00e3o explicitadas as diretrizes para a realiza\u00e7\u00e3o da vistoria, que ocorrer\u00e1 em um espa\u00e7o dedicado no p\u00e1tio da Semob, localizado na cidade.<\/p>\n<h2>O que \u00e9 necess\u00e1rio para a vistoria?<\/h2>\n<p>Para realizar a vistoria, \u00e9 essencial que os propriet\u00e1rios dos t\u00e1xis estejam cientes de que a apresenta\u00e7\u00e3o dos ve\u00edculos exige o pagamento pr\u00e9vio do <strong>Documento de Arrecada\u00e7\u00e3o Municipal (DAM)<\/strong>. Este documento \u00e9 fundamental para assegurar a regularidade do ve\u00edculo a ser vistoriado.<\/p>\n<p><img decoding=\"async\" src=\"https:\/\/www.encontrafeiradesantana.com.br\/sobre\/wp-content\/uploads\/2026\/08\/semob-realiza-vistoria-bienal-da-frota-de-taxis-de-feira-de-santana.webp\" alt=\"vistoria da frota de t\u00e1xis\" loading=\"lazy\" \/><\/p>\n<h2>Quantas vistorias ser\u00e3o feitas por dia?<\/h2>\n<p>Para otimizar o atendimento aos taxistas, a Semob programou um total de <strong>30 vistorias di\u00e1rias<\/strong>. Destas, <strong>15 ocorrer\u00e3o pela manh\u00e3<\/strong> e <strong>15 \u00e0 tarde<\/strong>, seguindo a ordem de chegada dos autorizat\u00e1rios.<\/p>\n<h2>Como realizar o pagamento do DAM?<\/h2>\n<p>Os autorizat\u00e1rios que desejarem realizar a vistoria devem se dirigir \u00e0 <strong>Divis\u00e3o de Gest\u00e3o de Contratos e Autoriza\u00e7\u00e3o de Servi\u00e7os de Transportes da Semob<\/strong>. Neste local, poder\u00e3o retirar o DAM e efetuar o pagamento previamente. \u00c9 importante ressaltar que o prazo final para a quita\u00e7\u00e3o do DAM \u00e9 <strong>13 de outubro de 2026<\/strong>.<\/p>\n<h2>Informa\u00e7\u00f5es adicionais sobre a vistoria<\/h2>\n<p>Os propriet\u00e1rios de t\u00e1xis que necessitarem de mais esclarecimentos sobre o processo de vistoria, bem como detalhes do cronograma de apresenta\u00e7\u00e3o, podem consultar a <strong>Portaria n\u00ba 005\/2026<\/strong>. Este documento est\u00e1 acess\u00edvel no Di\u00e1rio Oficial Eletr\u00f4nico da Prefeitura de Feira de Santana, garantindo que todos tenham acesso \u00e0s informa\u00e7\u00f5es necess\u00e1rias.<\/p>\n<h2>O que diz a Portaria n\u00ba 005\/2026?<\/h2>\n<p>A <strong>Portaria n\u00ba 005\/2026<\/strong> estabelece as regras e o cronograma para a vistoria bienal da frota de t\u00e1xis. A regulamenta\u00e7\u00e3o \u00e9 parte do esfor\u00e7o da Semob para garantir a qualidade e seguran\u00e7a do transporte p\u00fablico na cidade. A portaria detalha todos os passos necess\u00e1rios que os propriet\u00e1rios devem seguir para que seus ve\u00edculos sejam corretamente inspeccionados.<\/p>\n<h2>Quem \u00e9 respons\u00e1vel pela execu\u00e7\u00e3o da vistoria?<\/h2>\n<p>A execu\u00e7\u00e3o da vistoria \u00e9 responsabilidade direta da Secretaria Municipal de Mobilidade Urbana (Semob), sob a supervis\u00e3o do seu secret\u00e1rio, <strong>Josivaldo Jildeon Santana Silva<\/strong>. Ele enfatiza a import\u00e2ncia da vistoria para a melhoria do atendimento e seguran\u00e7a no servi\u00e7o de t\u00e1xi na cidade.<\/p>\n<h2>Impacto da vistoria na qualidade do servi\u00e7o<\/h2>\n<p>A vistoria bienal dos t\u00e1xis desempenha um papel crucial na manuten\u00e7\u00e3o da qualidade do servi\u00e7o de transporte na cidade de Feira de Santana. Este procedimento visa assegurar que os ve\u00edculos estejam em boas condi\u00e7\u00f5es de uso, contribuindo para a seguran\u00e7a tanto dos motoristas quanto dos passageiros. Al\u00e9m disso, essa pr\u00e1tica fortalece a credibilidade do servi\u00e7o de t\u00e1xi junto \u00e0 popula\u00e7\u00e3o.<\/p>\n<h2>Dicas para os autorizat\u00e1rios na apresenta\u00e7\u00e3o dos t\u00e1xis<\/h2>\n<p>Para garantir que a vistoria ocorra sem contratempos, os autorizat\u00e1rios devem considerar algumas dicas:<\/p>\n<ul>\n<li><strong>Verifique a documenta\u00e7\u00e3o:<\/strong> Assegure-se de que todos os documentos do ve\u00edculo estejam atualizados e prontos para apresenta\u00e7\u00e3o.<\/li>\n<li><strong>Realize manuten\u00e7\u00f5es preventivas:<\/strong> Fa\u00e7a uma revis\u00e3o completa do ve\u00edculo antes da vistoria, garantindo que todos os sistemas estejam em funcionamento adequado.<\/li>\n<li><strong>Atente-se ao prazo:<\/strong> Programe-se para apresentar seu t\u00e1xi dentro do per\u00edodo estabelecido, evitando atrasos que possam comprometer sua autoriza\u00e7\u00e3o.<\/li>\n<li><strong>Chegue cedo:<\/strong> Para n\u00e3o perder a vez, recomenda-se chegar cedo e respeitar a ordem de chegada, uma vez que o atendimento \u00e9 limitado por dia.<\/li>\n<li><strong>Fique atento \u00e0s orienta\u00e7\u00f5es:<\/strong> Durante a vistoria, siga as orienta\u00e7\u00f5es dos respons\u00e1veis para evitar qualquer imprevisto.<\/li>\n<\/ul>\n<p>Essas recomenda\u00e7\u00f5es t\u00eam como objetivo facilitar o processo de vistoria e assegurar que os ve\u00edculos de t\u00e1xi atendam aos padr\u00f5es exigidos pela Semob.<\/p>\n\n<div style=\"font-size: 0px; height: 0px; line-height: 0px; margin: 0; padding: 0; clear: both;\"><\/div>","protected":false},"excerpt":{"rendered":"<p>Semob inicia a vistoria bienal dos t\u00e1xis de Feira de Santana.<\/p>\n","protected":false},"author":1,"featured_media":2645,"comment_status":"open","ping_status":"closed","sticky":false,"template":"","format":"standard","meta":{"footnotes":""},"categories":[32],"tags":[],"class_list":["post-2646","post","type-post","status-publish","format-standard","has-post-thumbnail","hentry","category-veiculos-em-feira-de-santana","has_thumb"],"aioseo_notices":[],"aioseo_head":"\n\t\t<!-- All in One SEO 5.0.0.1 - aioseo.com -->\n\t<meta name=\"description\" content=\"Semob inicia a vistoria bienal dos t\u00e1xis de Feira de Santana.\" \/>\n\t<meta name=\"robots\" content=\"max-image-preview:large\" \/>\n\t<meta name=\"author\" content=\"Encontra Feira de Santana\"\/>\n\t<link rel=\"canonical\" href=\"https:\/\/www.encontrafeiradesantana.com.br\/sobre\/semob-realiza-vistoria-bienal-da-frota-de-taxis-de-feira-de-santana\/\" \/>\n\t<meta name=\"generator\" content=\"All in One SEO (AIOSEO) 5.0.0.1\" \/>\n\t\t<meta property=\"og:locale\" content=\"pt_BR\" \/>\n\t\t<meta property=\"og:site_name\" content=\"Encontra Feira de Santana | Not\u00edcias, eventos, informa\u00e7\u00f5es e dicas na cidade Feira de Santana e regi\u00e3o.\" \/>\n\t\t<meta property=\"og:type\" content=\"article\" \/>\n\t\t<meta property=\"og:title\" content=\"Semob realiza vistoria bienal da frota de t\u00e1xis de Feira de Santana | Encontra Feira de Santana\" \/>\n\t\t<meta property=\"og:description\" content=\"Semob inicia a vistoria bienal dos t\u00e1xis de Feira de Santana.\" \/>\n\t\t<meta property=\"og:url\" content=\"https:\/\/www.encontrafeiradesantana.com.br\/sobre\/semob-realiza-vistoria-bienal-da-frota-de-taxis-de-feira-de-santana\/\" \/>\n\t\t<meta property=\"article:published_time\" content=\"2026-08-11T07:04:15+00:00\" \/>\n\t\t<meta property=\"article:modified_time\" content=\"2026-08-11T07:04:15+00:00\" \/>\n\t\t<meta name=\"twitter:card\" content=\"summary\" \/>\n\t\t<meta name=\"twitter:title\" content=\"Semob realiza vistoria bienal da frota de t\u00e1xis de Feira de Santana | Encontra Feira de Santana\" \/>\n\t\t<meta name=\"twitter:description\" content=\"Semob inicia a vistoria bienal dos t\u00e1xis de Feira de Santana.\" \/>\n\t\t<script type=\"application\/ld+json\" class=\"aioseo-schema\">\n\t\t\t{\"@context\":\"https:\\\/\\\/schema.org\",\"@graph\":[{\"@type\":\"Article\",\"@id\":\"https:\\\/\\\/www.encontrafeiradesantana.com.br\\\/sobre\\\/semob-realiza-vistoria-bienal-da-frota-de-taxis-de-feira-de-santana\\\/#article\",\"name\":\"Semob realiza vistoria bienal da frota de t\\u00e1xis de Feira de Santana | Encontra Feira de Santana\",\"headline\":\"Semob realiza vistoria bienal da frota de t\\u00e1xis de Feira de Santana\",\"author\":{\"@id\":\"https:\\\/\\\/www.encontrafeiradesantana.com.br\\\/sobre\\\/author\\\/efeiradesantana\\\/#author\"},\"publisher\":{\"@id\":\"https:\\\/\\\/www.encontrafeiradesantana.com.br\\\/sobre\\\/#organization\"},\"image\":{\"@type\":\"ImageObject\",\"url\":\"https:\\\/\\\/www.encontrafeiradesantana.com.br\\\/sobre\\\/wp-content\\\/uploads\\\/2026\\\/08\\\/semob-realiza-vistoria-bienal-da-frota-de-taxis-de-feira-de-santana.webp\",\"width\":280,\"height\":280,\"caption\":\"vistoria da frota de t\\u00e1xis\"},\"datePublished\":\"2026-08-11T04:04:15-03:00\",\"dateModified\":\"2026-08-11T04:04:15-03:00\",\"inLanguage\":\"pt-BR\",\"mainEntityOfPage\":{\"@id\":\"https:\\\/\\\/www.encontrafeiradesantana.com.br\\\/sobre\\\/semob-realiza-vistoria-bienal-da-frota-de-taxis-de-feira-de-santana\\\/#webpage\"},\"isPartOf\":{\"@id\":\"https:\\\/\\\/www.encontrafeiradesantana.com.br\\\/sobre\\\/semob-realiza-vistoria-bienal-da-frota-de-taxis-de-feira-de-santana\\\/#webpage\"},\"articleSection\":\"Ve\\u00edculos Feira de Santana\"},{\"@type\":\"BreadcrumbList\",\"@id\":\"https:\\\/\\\/www.encontrafeiradesantana.com.br\\\/sobre\\\/semob-realiza-vistoria-bienal-da-frota-de-taxis-de-feira-de-santana\\\/#breadcrumblist\",\"itemListElement\":[{\"@type\":\"ListItem\",\"@id\":\"https:\\\/\\\/www.encontrafeiradesantana.com.br\\\/sobre#listItem\",\"position\":1,\"name\":\"In\\u00edcio\",\"item\":\"https:\\\/\\\/www.encontrafeiradesantana.com.br\\\/sobre\",\"nextItem\":{\"@type\":\"ListItem\",\"@id\":\"https:\\\/\\\/www.encontrafeiradesantana.com.br\\\/sobre\\\/veiculos-em-feira-de-santana\\\/#listItem\",\"name\":\"Ve\\u00edculos Feira de Santana\"}},{\"@type\":\"ListItem\",\"@id\":\"https:\\\/\\\/www.encontrafeiradesantana.com.br\\\/sobre\\\/veiculos-em-feira-de-santana\\\/#listItem\",\"position\":2,\"name\":\"Ve\\u00edculos Feira de Santana\",\"item\":\"https:\\\/\\\/www.encontrafeiradesantana.com.br\\\/sobre\\\/veiculos-em-feira-de-santana\\\/\",\"nextItem\":{\"@type\":\"ListItem\",\"@id\":\"https:\\\/\\\/www.encontrafeiradesantana.com.br\\\/sobre\\\/semob-realiza-vistoria-bienal-da-frota-de-taxis-de-feira-de-santana\\\/#listItem\",\"name\":\"Semob realiza vistoria bienal da frota de t\\u00e1xis de Feira de Santana\"},\"previousItem\":{\"@type\":\"ListItem\",\"@id\":\"https:\\\/\\\/www.encontrafeiradesantana.com.br\\\/sobre#listItem\",\"name\":\"In\\u00edcio\"}},{\"@type\":\"ListItem\",\"@id\":\"https:\\\/\\\/www.encontrafeiradesantana.com.br\\\/sobre\\\/semob-realiza-vistoria-bienal-da-frota-de-taxis-de-feira-de-santana\\\/#listItem\",\"position\":3,\"name\":\"Semob realiza vistoria bienal da frota de t\\u00e1xis de Feira de Santana\",\"previousItem\":{\"@type\":\"ListItem\",\"@id\":\"https:\\\/\\\/www.encontrafeiradesantana.com.br\\\/sobre\\\/veiculos-em-feira-de-santana\\\/#listItem\",\"name\":\"Ve\\u00edculos Feira de Santana\"}}]},{\"@type\":\"Organization\",\"@id\":\"https:\\\/\\\/www.encontrafeiradesantana.com.br\\\/sobre\\\/#organization\",\"name\":\"Encontra Feira de Santana\",\"description\":\"Not\\u00edcias, eventos, informa\\u00e7\\u00f5es e dicas na cidade Feira de Santana e regi\\u00e3o.\",\"url\":\"https:\\\/\\\/www.encontrafeiradesantana.com.br\\\/sobre\\\/\"},{\"@type\":\"Person\",\"@id\":\"https:\\\/\\\/www.encontrafeiradesantana.com.br\\\/sobre\\\/author\\\/efeiradesantana\\\/#author\",\"url\":\"https:\\\/\\\/www.encontrafeiradesantana.com.br\\\/sobre\\\/author\\\/efeiradesantana\\\/\",\"name\":\"Encontra Feira de Santana\",\"image\":{\"@type\":\"ImageObject\",\"@id\":\"https:\\\/\\\/www.encontrafeiradesantana.com.br\\\/sobre\\\/semob-realiza-vistoria-bienal-da-frota-de-taxis-de-feira-de-santana\\\/#authorImage\",\"url\":\"https:\\\/\\\/secure.gravatar.com\\\/avatar\\\/507340682b8270222e1f208e23198b6ae7e2c6a1033ae84e99bc6bce4f82a387?s=96&d=mm&r=g\",\"width\":96,\"height\":96,\"caption\":\"Encontra Feira de Santana\"}},{\"@type\":\"WebPage\",\"@id\":\"https:\\\/\\\/www.encontrafeiradesantana.com.br\\\/sobre\\\/semob-realiza-vistoria-bienal-da-frota-de-taxis-de-feira-de-santana\\\/#webpage\",\"url\":\"https:\\\/\\\/www.encontrafeiradesantana.com.br\\\/sobre\\\/semob-realiza-vistoria-bienal-da-frota-de-taxis-de-feira-de-santana\\\/\",\"name\":\"Semob realiza vistoria bienal da frota de t\\u00e1xis de Feira de Santana | Encontra Feira de Santana\",\"description\":\"Semob inicia a vistoria bienal dos t\\u00e1xis de Feira de Santana.\",\"inLanguage\":\"pt-BR\",\"isPartOf\":{\"@id\":\"https:\\\/\\\/www.encontrafeiradesantana.com.br\\\/sobre\\\/#website\"},\"breadcrumb\":{\"@id\":\"https:\\\/\\\/www.encontrafeiradesantana.com.br\\\/sobre\\\/semob-realiza-vistoria-bienal-da-frota-de-taxis-de-feira-de-santana\\\/#breadcrumblist\"},\"author\":{\"@id\":\"https:\\\/\\\/www.encontrafeiradesantana.com.br\\\/sobre\\\/author\\\/efeiradesantana\\\/#author\"},\"creator\":{\"@id\":\"https:\\\/\\\/www.encontrafeiradesantana.com.br\\\/sobre\\\/author\\\/efeiradesantana\\\/#author\"},\"image\":{\"@type\":\"ImageObject\",\"url\":\"https:\\\/\\\/www.encontrafeiradesantana.com.br\\\/sobre\\\/wp-content\\\/uploads\\\/2026\\\/08\\\/semob-realiza-vistoria-bienal-da-frota-de-taxis-de-feira-de-santana.webp\",\"@id\":\"https:\\\/\\\/www.encontrafeiradesantana.com.br\\\/sobre\\\/semob-realiza-vistoria-bienal-da-frota-de-taxis-de-feira-de-santana\\\/#mainImage\",\"width\":280,\"height\":280,\"caption\":\"vistoria da frota de t\\u00e1xis\"},\"primaryImageOfPage\":{\"@id\":\"https:\\\/\\\/www.encontrafeiradesantana.com.br\\\/sobre\\\/semob-realiza-vistoria-bienal-da-frota-de-taxis-de-feira-de-santana\\\/#mainImage\"},\"datePublished\":\"2026-08-11T04:04:15-03:00\",\"dateModified\":\"2026-08-11T04:04:15-03:00\"},{\"@type\":\"WebSite\",\"@id\":\"https:\\\/\\\/www.encontrafeiradesantana.com.br\\\/sobre\\\/#website\",\"url\":\"https:\\\/\\\/www.encontrafeiradesantana.com.br\\\/sobre\\\/\",\"name\":\"Encontra Feira de Santana\",\"description\":\"Not\\u00edcias, eventos, informa\\u00e7\\u00f5es e dicas na cidade Feira de Santana e regi\\u00e3o.\",\"inLanguage\":\"pt-BR\",\"publisher\":{\"@id\":\"https:\\\/\\\/www.encontrafeiradesantana.com.br\\\/sobre\\\/#organization\"}}]}\n\t\t<\/script>\n\t\t<!-- All in One SEO -->\n\n","aioseo_head_json":{"title":"Semob realiza vistoria bienal da frota de t\u00e1xis de Feira de Santana | Encontra Feira de Santana","description":"Semob inicia a vistoria bienal dos t\u00e1xis de Feira de Santana.","canonical_url":"https:\/\/www.encontrafeiradesantana.com.br\/sobre\/semob-realiza-vistoria-bienal-da-frota-de-taxis-de-feira-de-santana\/","robots":"max-image-preview:large","keywords":"","webmasterTools":{"miscellaneous":""},"schema":{"@context":"https:\/\/schema.org","@graph":[{"@type":"Article","@id":"https:\/\/www.encontrafeiradesantana.com.br\/sobre\/semob-realiza-vistoria-bienal-da-frota-de-taxis-de-feira-de-santana\/#article","name":"Semob realiza vistoria bienal da frota de t\u00e1xis de Feira de Santana | Encontra Feira de Santana","headline":"Semob realiza vistoria bienal da frota de t\u00e1xis de Feira de Santana","author":{"@id":"https:\/\/www.encontrafeiradesantana.com.br\/sobre\/author\/efeiradesantana\/#author"},"publisher":{"@id":"https:\/\/www.encontrafeiradesantana.com.br\/sobre\/#organization"},"image":{"@type":"ImageObject","url":"https:\/\/www.encontrafeiradesantana.com.br\/sobre\/wp-content\/uploads\/2026\/08\/semob-realiza-vistoria-bienal-da-frota-de-taxis-de-feira-de-santana.webp","width":280,"height":280,"caption":"vistoria da frota de t\u00e1xis"},"datePublished":"2026-08-11T04:04:15-03:00","dateModified":"2026-08-11T04:04:15-03:00","inLanguage":"pt-BR","mainEntityOfPage":{"@id":"https:\/\/www.encontrafeiradesantana.com.br\/sobre\/semob-realiza-vistoria-bienal-da-frota-de-taxis-de-feira-de-santana\/#webpage"},"isPartOf":{"@id":"https:\/\/www.encontrafeiradesantana.com.br\/sobre\/semob-realiza-vistoria-bienal-da-frota-de-taxis-de-feira-de-santana\/#webpage"},"articleSection":"Ve\u00edculos Feira de Santana"},{"@type":"BreadcrumbList","@id":"https:\/\/www.encontrafeiradesantana.com.br\/sobre\/semob-realiza-vistoria-bienal-da-frota-de-taxis-de-feira-de-santana\/#breadcrumblist","itemListElement":[{"@type":"ListItem","@id":"https:\/\/www.encontrafeiradesantana.com.br\/sobre#listItem","position":1,"name":"In\u00edcio","item":"https:\/\/www.encontrafeiradesantana.com.br\/sobre","nextItem":{"@type":"ListItem","@id":"https:\/\/www.encontrafeiradesantana.com.br\/sobre\/veiculos-em-feira-de-santana\/#listItem","name":"Ve\u00edculos Feira de Santana"}},{"@type":"ListItem","@id":"https:\/\/www.encontrafeiradesantana.com.br\/sobre\/veiculos-em-feira-de-santana\/#listItem","position":2,"name":"Ve\u00edculos Feira de Santana","item":"https:\/\/www.encontrafeiradesantana.com.br\/sobre\/veiculos-em-feira-de-santana\/","nextItem":{"@type":"ListItem","@id":"https:\/\/www.encontrafeiradesantana.com.br\/sobre\/semob-realiza-vistoria-bienal-da-frota-de-taxis-de-feira-de-santana\/#listItem","name":"Semob realiza vistoria bienal da frota de t\u00e1xis de Feira de Santana"},"previousItem":{"@type":"ListItem","@id":"https:\/\/www.encontrafeiradesantana.com.br\/sobre#listItem","name":"In\u00edcio"}},{"@type":"ListItem","@id":"https:\/\/www.encontrafeiradesantana.com.br\/sobre\/semob-realiza-vistoria-bienal-da-frota-de-taxis-de-feira-de-santana\/#listItem","position":3,"name":"Semob realiza vistoria bienal da frota de t\u00e1xis de Feira de Santana","previousItem":{"@type":"ListItem","@id":"https:\/\/www.encontrafeiradesantana.com.br\/sobre\/veiculos-em-feira-de-santana\/#listItem","name":"Ve\u00edculos Feira de Santana"}}]},{"@type":"Organization","@id":"https:\/\/www.encontrafeiradesantana.com.br\/sobre\/#organization","name":"Encontra Feira de Santana","description":"Not\u00edcias, eventos, informa\u00e7\u00f5es e dicas na cidade Feira de Santana e regi\u00e3o.","url":"https:\/\/www.encontrafeiradesantana.com.br\/sobre\/"},{"@type":"Person","@id":"https:\/\/www.encontrafeiradesantana.com.br\/sobre\/author\/efeiradesantana\/#author","url":"https:\/\/www.encontrafeiradesantana.com.br\/sobre\/author\/efeiradesantana\/","name":"Encontra Feira de Santana","image":{"@type":"ImageObject","@id":"https:\/\/www.encontrafeiradesantana.com.br\/sobre\/semob-realiza-vistoria-bienal-da-frota-de-taxis-de-feira-de-santana\/#authorImage","url":"https:\/\/secure.gravatar.com\/avatar\/507340682b8270222e1f208e23198b6ae7e2c6a1033ae84e99bc6bce4f82a387?s=96&d=mm&r=g","width":96,"height":96,"caption":"Encontra Feira de Santana"}},{"@type":"WebPage","@id":"https:\/\/www.encontrafeiradesantana.com.br\/sobre\/semob-realiza-vistoria-bienal-da-frota-de-taxis-de-feira-de-santana\/#webpage","url":"https:\/\/www.encontrafeiradesantana.com.br\/sobre\/semob-realiza-vistoria-bienal-da-frota-de-taxis-de-feira-de-santana\/","name":"Semob realiza vistoria bienal da frota de t\u00e1xis de Feira de Santana | Encontra Feira de Santana","description":"Semob inicia a vistoria bienal dos t\u00e1xis de Feira de Santana.","inLanguage":"pt-BR","isPartOf":{"@id":"https:\/\/www.encontrafeiradesantana.com.br\/sobre\/#website"},"breadcrumb":{"@id":"https:\/\/www.encontrafeiradesantana.com.br\/sobre\/semob-realiza-vistoria-bienal-da-frota-de-taxis-de-feira-de-santana\/#breadcrumblist"},"author":{"@id":"https:\/\/www.encontrafeiradesantana.com.br\/sobre\/author\/efeiradesantana\/#author"},"creator":{"@id":"https:\/\/www.encontrafeiradesantana.com.br\/sobre\/author\/efeiradesantana\/#author"},"image":{"@type":"ImageObject","url":"https:\/\/www.encontrafeiradesantana.com.br\/sobre\/wp-content\/uploads\/2026\/08\/semob-realiza-vistoria-bienal-da-frota-de-taxis-de-feira-de-santana.webp","@id":"https:\/\/www.encontrafeiradesantana.com.br\/sobre\/semob-realiza-vistoria-bienal-da-frota-de-taxis-de-feira-de-santana\/#mainImage","width":280,"height":280,"caption":"vistoria da frota de t\u00e1xis"},"primaryImageOfPage":{"@id":"https:\/\/www.encontrafeiradesantana.com.br\/sobre\/semob-realiza-vistoria-bienal-da-frota-de-taxis-de-feira-de-santana\/#mainImage"},"datePublished":"2026-08-11T04:04:15-03:00","dateModified":"2026-08-11T04:04:15-03:00"},{"@type":"WebSite","@id":"https:\/\/www.encontrafeiradesantana.com.br\/sobre\/#website","url":"https:\/\/www.encontrafeiradesantana.com.br\/sobre\/","name":"Encontra Feira de Santana","description":"Not\u00edcias, eventos, informa\u00e7\u00f5es e dicas na cidade Feira de Santana e regi\u00e3o.","inLanguage":"pt-BR","publisher":{"@id":"https:\/\/www.encontrafeiradesantana.com.br\/sobre\/#organization"}}]},"og:locale":"pt_BR","og:site_name":"Encontra Feira de Santana | Not\u00edcias, eventos, informa\u00e7\u00f5es e dicas na cidade Feira de Santana e regi\u00e3o.","og:type":"article","og:title":"Semob realiza vistoria bienal da frota de t\u00e1xis de Feira de Santana | Encontra Feira de Santana","og:description":"Semob inicia a vistoria bienal dos t\u00e1xis de Feira de Santana.","og:url":"https:\/\/www.encontrafeiradesantana.com.br\/sobre\/semob-realiza-vistoria-bienal-da-frota-de-taxis-de-feira-de-santana\/","article:published_time":"2026-08-11T07:04:15+00:00","article:modified_time":"2026-08-11T07:04:15+00:00","twitter:card":"summary","twitter:title":"Semob realiza vistoria bienal da frota de t\u00e1xis de Feira de Santana | Encontra Feira de Santana","twitter:description":"Semob inicia a vistoria bienal dos t\u00e1xis de Feira de Santana."},"aioseo_meta_data":{"post_id":"2646","title":null,"description":null,"keywords":null,"keyphrases":null,"primary_term":null,"canonical_url":null,"og_title":null,"og_description":null,"og_object_type":"default","og_image_type":"default","og_image_url":null,"og_image_width":null,"og_image_height":null,"og_image_custom_url":null,"og_image_custom_fields":null,"og_video":null,"og_custom_url":null,"og_article_section":null,"og_article_tags":null,"twitter_use_og":false,"twitter_card":"default","twitter_image_type":"default","twitter_image_url":null,"twitter_image_custom_url":null,"twitter_image_custom_fields":null,"twitter_title":null,"twitter_description":null,"schema":{"blockGraphs":[],"customGraphs":[],"default":{"data":{"Article":[],"Course":[],"Dataset":[],"FAQPage":[],"Movie":[],"Person":[],"Product":[],"ProductReview":[],"Car":[],"Recipe":[],"Service":[],"SoftwareApplication":[],"WebPage":[]},"graphName":"Article","isEnabled":true},"graphs":[]},"schema_type":"default","schema_type_options":null,"pillar_content":false,"robots_default":true,"robots_noindex":false,"robots_noarchive":false,"robots_nosnippet":false,"robots_nofollow":false,"robots_noimageindex":false,"robots_noodp":false,"robots_notranslate":false,"robots_max_snippet":null,"robots_max_videopreview":null,"robots_max_imagepreview":"large","priority":null,"frequency":null,"local_seo":null,"breadcrumb_settings":null,"limit_modified_date":false,"ai":null,"created":"2026-08-11 07:04:15","updated":"2026-08-11 07:23:03","focus_keyword":null,"additional_keywords":null,"truseo_locale":null,"seo_analyzer_scan_date":null},"aioseo_breadcrumb":"<div class=\"aioseo-breadcrumbs\"><span class=\"aioseo-breadcrumb\">\n\t\t\t<a href=\"https:\/\/www.encontrafeiradesantana.com.br\/sobre\" title=\"In\u00edcio\">In\u00edcio<\/a>\n\t\t<\/span><span class=\"aioseo-breadcrumb-separator\">&raquo;<\/span><span class=\"aioseo-breadcrumb\">\n\t\t\t<a href=\"https:\/\/www.encontrafeiradesantana.com.br\/sobre\/veiculos-em-feira-de-santana\/\" title=\"Ve\u00edculos Feira de Santana\">Ve\u00edculos Feira de Santana<\/a>\n\t\t<\/span><span class=\"aioseo-breadcrumb-separator\">&raquo;<\/span><span class=\"aioseo-breadcrumb\">\n\t\t\tSemob realiza vistoria bienal da frota de t\u00e1xis de Feira de Santana\n\t\t<\/span><\/div>","aioseo_breadcrumb_json":[{"label":"In\u00edcio","link":"https:\/\/www.encontrafeiradesantana.com.br\/sobre"},{"label":"Ve\u00edculos Feira de Santana","link":"https:\/\/www.encontrafeiradesantana.com.br\/sobre\/veiculos-em-feira-de-santana\/"},{"label":"Semob realiza vistoria bienal da frota de t\u00e1xis de Feira de Santana","link":"https:\/\/www.encontrafeiradesantana.com.br\/sobre\/semob-realiza-vistoria-bienal-da-frota-de-taxis-de-feira-de-santana\/"}],"_links":{"self":[{"href":"https:\/\/www.encontrafeiradesantana.com.br\/sobre\/wp-json\/wp\/v2\/posts\/2646","targetHints":{"allow":["GET"]}}],"collection":[{"href":"https:\/\/www.encontrafeiradesantana.com.br\/sobre\/wp-json\/wp\/v2\/posts"}],"about":[{"href":"https:\/\/www.encontrafeiradesantana.com.br\/sobre\/wp-json\/wp\/v2\/types\/post"}],"author":[{"embeddable":true,"href":"https:\/\/www.encontrafeiradesantana.com.br\/sobre\/wp-json\/wp\/v2\/users\/1"}],"replies":[{"embeddable":true,"href":"https:\/\/www.encontrafeiradesantana.com.br\/sobre\/wp-json\/wp\/v2\/comments?post=2646"}],"version-history":[{"count":0,"href":"https:\/\/www.encontrafeiradesantana.com.br\/sobre\/wp-json\/wp\/v2\/posts\/2646\/revisions"}],"wp:featuredmedia":[{"embeddable":true,"href":"https:\/\/www.encontrafeiradesantana.com.br\/sobre\/wp-json\/wp\/v2\/media\/2645"}],"wp:attachment":[{"href":"https:\/\/www.encontrafeiradesantana.com.br\/sobre\/wp-json\/wp\/v2\/media?parent=2646"}],"wp:term":[{"taxonomy":"category","embeddable":true,"href":"https:\/\/www.encontrafeiradesantana.com.br\/sobre\/wp-json\/wp\/v2\/categories?post=2646"},{"taxonomy":"post_tag","embeddable":true,"href":"https:\/\/www.encontrafeiradesantana.com.br\/sobre\/wp-json\/wp\/v2\/tags?post=2646"}],"curies":[{"name":"wp","href":"https:\/\/api.w.org\/{rel}","templated":true}]}}