{"id":2642,"date":"2026-08-11T04:02:13","date_gmt":"2026-08-11T07:02:13","guid":{"rendered":"https:\/\/www.encontrafeiradesantana.com.br\/sobre\/feira-mais-verde-leva-distribuicao-de-mudas-e-educacao-ambiental-aos-distritos-de-feira-de-santana\/"},"modified":"2026-08-11T04:02:13","modified_gmt":"2026-08-11T07:02:13","slug":"feira-mais-verde-leva-distribuicao-de-mudas-e-educacao-ambiental-aos-distritos-de-feira-de-santana","status":"publish","type":"post","link":"https:\/\/www.encontrafeiradesantana.com.br\/sobre\/feira-mais-verde-leva-distribuicao-de-mudas-e-educacao-ambiental-aos-distritos-de-feira-de-santana\/","title":{"rendered":"Feira Mais Verde leva distribui\u00e7\u00e3o de mudas e educa\u00e7\u00e3o ambiental aos distritos de Feira de Santana"},"content":{"rendered":"<div class=\"3f468104ad11f00a3c9ac948316f4265\" data-index=\"1\" style=\"float: none; margin:0px;\">\n<ins class=\"adsbygoogle\"\r\n     style=\"display:block\"\r\n     data-ad-client=\"ca-pub-8585364105181520\"\r\n     data-ad-slot=\"8789329856\"\r\n     data-ad-format=\"auto\"\r\n     data-full-width-responsive=\"true\"><\/ins>\r\n<script>\r\n     (adsbygoogle = window.adsbygoogle || []).push({});\r\n<\/script>\r\n\n<\/div>\n<h2>O que \u00e9 o Feira Mais Verde?<\/h2>\n<p>O projeto Feira Mais Verde \u00e9 uma iniciativa desenvolvida pela <strong>Secretaria Municipal de Meio Ambiente e Recursos Naturais<\/strong> (SEMMAM) de Feira de Santana, que visa promover a arboriza\u00e7\u00e3o urbana e a conserva\u00e7\u00e3o ambiental. Este programa foi concebido para educar a popula\u00e7\u00e3o sobre a import\u00e2ncia do plantio correto de \u00e1rvores e estimular a cria\u00e7\u00e3o de \u00e1reas verdes, especialmente nos distritos do munic\u00edpio.<\/p>\n<h2>Objetivos do Projeto<\/h2>\n<p>O Feira Mais Verde busca:<\/p>\n<ul>\n<li><strong>Distribui\u00e7\u00e3o de Mudas:<\/strong> Levar mudas de \u00e1rvores frut\u00edferas e nativas da <strong>Caatinga<\/strong> para os cidad\u00e3os.<\/li>\n<li><strong>Educa\u00e7\u00e3o Ambiental:<\/strong> Proporcionar informa\u00e7\u00f5es sobre o cultivo e os cuidados com as plantas.<\/li>\n<li><strong>Valoriza\u00e7\u00e3o do Bioma:<\/strong> Contribuir para a preserva\u00e7\u00e3o do bioma local e aumentar as \u00e1reas verdes.<\/li>\n<\/ul>\n<h2>Distribui\u00e7\u00e3o de Mudas nos Distritos<\/h2>\n<p>As atividades do Feira Mais Verde iniciaram em julho de 2026, com a entrega de mudas em diferentes distritos. As primeiras a\u00e7\u00f5es ocorreram em:<\/p>\n<p><img decoding=\"async\" src=\"https:\/\/www.encontrafeiradesantana.com.br\/sobre\/wp-content\/uploads\/2026\/08\/feira-mais-verde-leva-distribuicao-de-mudas-e-educacao-ambiental-aos-distritos-de-feira-de-santana.webp\" alt=\"Feira Mais Verde\" loading=\"lazy\" \/><\/p>\n<ul>\n<li><strong>Tiquaru\u00e7u:<\/strong> 29 de julho<\/li>\n<li><strong>Maria Quit\u00e9ria:<\/strong> 31 de julho<\/li>\n<\/ul>\n<p>Nestas atividades, os moradores n\u00e3o apenas receberam mudas gratuitamente, mas tamb\u00e9m puderam participar de palestras sobre a import\u00e2ncia das \u00e1rvores para o meio ambiente e a qualidade de vida.<\/p>\n<h2>Import\u00e2ncia da Arboriza\u00e7\u00e3o Urbana<\/h2>\n<p>A arboriza\u00e7\u00e3o urbana \u00e9 fundamental por v\u00e1rias raz\u00f5es. Ela:<\/p>\n<ul>\n<li><strong>Melhora a Qualidade do Ar:<\/strong> As \u00e1rvores atuam como filtros naturais, purificando o ar.<\/li>\n<li><strong>Oferece Sombra:<\/strong> Proporcionam al\u00edvio contra o calor nas \u00e1reas urbanas.<\/li>\n<li><strong>Contribui para a Biodiversidade:<\/strong> Criam habitats para diversas esp\u00e9cies.<\/li>\n<li><strong>Valoriza a Est\u00e9tica Urbana:<\/strong> As \u00e1reas verdes tornam as cidades mais agrad\u00e1veis e saud\u00e1veis.<\/li>\n<\/ul>\n<h2>Educa\u00e7\u00e3o Ambiental para a Popula\u00e7\u00e3o<\/h2>\n<p>Uma das frentes de atua\u00e7\u00e3o do Feira Mais Verde \u00e9 a educa\u00e7\u00e3o ambiental. Instruir a popula\u00e7\u00e3o sobre as pr\u00e1ticas de plantio e os cuidados necess\u00e1rios para o cultivo s\u00e3o essenciais para a sobreviv\u00eancia das mudas. Durante as a\u00e7\u00f5es, as fam\u00edlias aprender\u00e3o sobre:<\/p>\n<ul>\n<li><strong>Esp\u00e9cies Adequadas:<\/strong> A escolha de \u00e1rvores nativas que se adaptam melhor ao clima local.<\/li>\n<li><strong>T\u00e9cnicas de Plantio:<\/strong> O m\u00e9todo correto para plantar mudas, considerando a densidade populacional e o espa\u00e7o dispon\u00edvel.<\/li>\n<li><strong>Cuidados P\u00f3s-Plantio:<\/strong> Orienta\u00e7\u00f5es sobre irriga\u00e7\u00e3o, aduba\u00e7\u00e3o e prote\u00e7\u00e3o contra pragas.<\/li>\n<\/ul>\n<h2>Como Participar das A\u00e7\u00f5es<\/h2>\n<p>Os interessados em participar das a\u00e7\u00f5es do Feira Mais Verde podem se informar atrav\u00e9s dos canais oficiais da <strong>SEMMAM<\/strong>. \u00c9 fundamental que os moradores dos distritos estejam engajados para garantir que as mudas sejam adequadamente cuidadas e que a arboriza\u00e7\u00e3o tenha sucesso. A participa\u00e7\u00e3o ativa da comunidade \u00e9 crucial para a sustentabilidade do projeto.<\/p>\n<h2>Benef\u00edcios das Mudas Frut\u00edferas<\/h2>\n<p>A distribui\u00e7\u00e3o de mudas frut\u00edferas tem v\u00e1rios benef\u00edcios, entre eles:<\/p>\n<ul>\n<li><strong>Alimenta\u00e7\u00e3o:<\/strong> As \u00e1rvores frut\u00edferas podem servir como fonte de alimento para as fam\u00edlias.<\/li>\n<li><strong>Gera\u00e7\u00e3o de Renda:<\/strong> O cultivo de frutas pode levar \u00e0 produ\u00e7\u00e3o comercial.<\/li>\n<li><strong>Sa\u00fade Ambiental:<\/strong> Contribuem para a biodiversidade e a qualidade do ar.<\/li>\n<\/ul>\n<h2>A\u00e7\u00e3o em Tiquaru\u00e7u e Maria Quit\u00e9ria<\/h2>\n<p>As inaugura\u00e7\u00f5es do Feira Mais Verde nas comunidades de Tiquaru\u00e7u e Maria Quit\u00e9ria se destacaram pela intera\u00e7\u00e3o entre a SEMMAM e os moradores locais. As atividades foram bem recebidas e simbolizaram um fortalecimento da rela\u00e7\u00e3o entre a administra\u00e7\u00e3o p\u00fablica e a popula\u00e7\u00e3o na busca por um ambiente mais saud\u00e1vel.<\/p>\n<h2>Como as \u00c1rvores Melhoram a Qualidade de Vida<\/h2>\n<p>A presen\u00e7a de \u00e1rvores em \u00e1reas urbanas influencia diretamente a qualidade de vida das pessoas. Agendas de sa\u00fade p\u00fablica reconhecem que espa\u00e7os verdes:<\/p>\n<ul>\n<li><strong>Aumentam a Sociabilidade:<\/strong> Parques e \u00e1reas arborizadas incentivam a conviv\u00eancia social.<\/li>\n<li><strong>Reduzem o Estresse:<\/strong> Proporcionam um ambiente relaxante e calmante.<\/li>\n<li><strong>Melhoram a Est\u00e9tica das Cidades:<\/strong> Cidades mais verdes atraem visitantes e novos moradores.<\/li>\n<\/ul>\n<h2>Compromisso com o Meio Ambiente<\/h2>\n<p>Segundo a secret\u00e1ria de Meio Ambiente e Recursos Naturais, Jaciara Costa, o Feira Mais Verde \u00e9 um projeto significativo que demonstra o compromisso da administra\u00e7\u00e3o municipal com a preserva\u00e7\u00e3o ambiental e a promo\u00e7\u00e3o de qualidade de vida. O projeto enfatiza que a prote\u00e7\u00e3o do meio ambiente \u00e9 uma responsabilidade coletiva, e a participa\u00e7\u00e3o da comunidade \u00e9 vital para o sucesso da iniciativa.<\/p>\n<p>Assim, o Feira Mais Verde se estabelece como uma ponte entre os cidad\u00e3os e a natureza, fornecendo as ferramentas necess\u00e1rias para cultivar um futuro mais sustent\u00e1vel e um compromisso cont\u00ednuo com o meio ambiente em Feira de Santana.<\/p>\n\n<div style=\"font-size: 0px; height: 0px; line-height: 0px; margin: 0; padding: 0; clear: both;\"><\/div>","protected":false},"excerpt":{"rendered":"<p>Feira Mais Verde traz mudas e educa\u00e7\u00e3o ambiental para distritos.<\/p>\n","protected":false},"author":1,"featured_media":2641,"comment_status":"open","ping_status":"closed","sticky":false,"template":"","format":"standard","meta":{"footnotes":""},"categories":[26],"tags":[],"class_list":["post-2642","post","type-post","status-publish","format-standard","has-post-thumbnail","hentry","category-cultura-em-feira-de-santana","has_thumb"],"aioseo_notices":[],"aioseo_head":"\n\t\t<!-- All in One SEO 5.0.0.1 - aioseo.com -->\n\t<meta name=\"description\" content=\"Feira Mais Verde traz mudas e educa\u00e7\u00e3o ambiental para distritos.\" \/>\n\t<meta name=\"robots\" content=\"max-image-preview:large\" \/>\n\t<meta name=\"author\" content=\"Encontra Feira de Santana\"\/>\n\t<link rel=\"canonical\" href=\"https:\/\/www.encontrafeiradesantana.com.br\/sobre\/feira-mais-verde-leva-distribuicao-de-mudas-e-educacao-ambiental-aos-distritos-de-feira-de-santana\/\" \/>\n\t<meta name=\"generator\" content=\"All in One SEO (AIOSEO) 5.0.0.1\" \/>\n\t\t<meta property=\"og:locale\" content=\"pt_BR\" \/>\n\t\t<meta property=\"og:site_name\" content=\"Encontra Feira de Santana | Not\u00edcias, eventos, informa\u00e7\u00f5es e dicas na cidade Feira de Santana e regi\u00e3o.\" \/>\n\t\t<meta property=\"og:type\" content=\"article\" \/>\n\t\t<meta property=\"og:title\" content=\"Feira Mais Verde leva distribui\u00e7\u00e3o de mudas e educa\u00e7\u00e3o ambiental aos distritos de Feira de Santana | Encontra Feira de Santana\" \/>\n\t\t<meta property=\"og:description\" content=\"Feira Mais Verde traz mudas e educa\u00e7\u00e3o ambiental para distritos.\" \/>\n\t\t<meta property=\"og:url\" content=\"https:\/\/www.encontrafeiradesantana.com.br\/sobre\/feira-mais-verde-leva-distribuicao-de-mudas-e-educacao-ambiental-aos-distritos-de-feira-de-santana\/\" \/>\n\t\t<meta property=\"article:published_time\" content=\"2026-08-11T07:02:13+00:00\" \/>\n\t\t<meta property=\"article:modified_time\" content=\"2026-08-11T07:02:13+00:00\" \/>\n\t\t<meta name=\"twitter:card\" content=\"summary\" \/>\n\t\t<meta name=\"twitter:title\" content=\"Feira Mais Verde leva distribui\u00e7\u00e3o de mudas e educa\u00e7\u00e3o ambiental aos distritos de Feira de Santana | Encontra Feira de Santana\" \/>\n\t\t<meta name=\"twitter:description\" content=\"Feira Mais Verde traz mudas e educa\u00e7\u00e3o ambiental para distritos.\" \/>\n\t\t<script type=\"application\/ld+json\" class=\"aioseo-schema\">\n\t\t\t{\"@context\":\"https:\\\/\\\/schema.org\",\"@graph\":[{\"@type\":\"Article\",\"@id\":\"https:\\\/\\\/www.encontrafeiradesantana.com.br\\\/sobre\\\/feira-mais-verde-leva-distribuicao-de-mudas-e-educacao-ambiental-aos-distritos-de-feira-de-santana\\\/#article\",\"name\":\"Feira Mais Verde leva distribui\\u00e7\\u00e3o de mudas e educa\\u00e7\\u00e3o ambiental aos distritos de Feira de Santana | Encontra Feira de Santana\",\"headline\":\"Feira Mais Verde leva distribui\\u00e7\\u00e3o de mudas e educa\\u00e7\\u00e3o ambiental aos distritos de Feira de Santana\",\"author\":{\"@id\":\"https:\\\/\\\/www.encontrafeiradesantana.com.br\\\/sobre\\\/author\\\/efeiradesantana\\\/#author\"},\"publisher\":{\"@id\":\"https:\\\/\\\/www.encontrafeiradesantana.com.br\\\/sobre\\\/#organization\"},\"image\":{\"@type\":\"ImageObject\",\"url\":\"https:\\\/\\\/www.encontrafeiradesantana.com.br\\\/sobre\\\/wp-content\\\/uploads\\\/2026\\\/08\\\/feira-mais-verde-leva-distribuicao-de-mudas-e-educacao-ambiental-aos-distritos-de-feira-de-santana.webp\",\"width\":280,\"height\":280,\"caption\":\"Feira Mais Verde\"},\"datePublished\":\"2026-08-11T04:02:13-03:00\",\"dateModified\":\"2026-08-11T04:02:13-03:00\",\"inLanguage\":\"pt-BR\",\"mainEntityOfPage\":{\"@id\":\"https:\\\/\\\/www.encontrafeiradesantana.com.br\\\/sobre\\\/feira-mais-verde-leva-distribuicao-de-mudas-e-educacao-ambiental-aos-distritos-de-feira-de-santana\\\/#webpage\"},\"isPartOf\":{\"@id\":\"https:\\\/\\\/www.encontrafeiradesantana.com.br\\\/sobre\\\/feira-mais-verde-leva-distribuicao-de-mudas-e-educacao-ambiental-aos-distritos-de-feira-de-santana\\\/#webpage\"},\"articleSection\":\"Cultura Feira de Santana\"},{\"@type\":\"BreadcrumbList\",\"@id\":\"https:\\\/\\\/www.encontrafeiradesantana.com.br\\\/sobre\\\/feira-mais-verde-leva-distribuicao-de-mudas-e-educacao-ambiental-aos-distritos-de-feira-de-santana\\\/#breadcrumblist\",\"itemListElement\":[{\"@type\":\"ListItem\",\"@id\":\"https:\\\/\\\/www.encontrafeiradesantana.com.br\\\/sobre#listItem\",\"position\":1,\"name\":\"In\\u00edcio\",\"item\":\"https:\\\/\\\/www.encontrafeiradesantana.com.br\\\/sobre\",\"nextItem\":{\"@type\":\"ListItem\",\"@id\":\"https:\\\/\\\/www.encontrafeiradesantana.com.br\\\/sobre\\\/cultura-em-feira-de-santana\\\/#listItem\",\"name\":\"Cultura Feira de Santana\"}},{\"@type\":\"ListItem\",\"@id\":\"https:\\\/\\\/www.encontrafeiradesantana.com.br\\\/sobre\\\/cultura-em-feira-de-santana\\\/#listItem\",\"position\":2,\"name\":\"Cultura Feira de Santana\",\"item\":\"https:\\\/\\\/www.encontrafeiradesantana.com.br\\\/sobre\\\/cultura-em-feira-de-santana\\\/\",\"nextItem\":{\"@type\":\"ListItem\",\"@id\":\"https:\\\/\\\/www.encontrafeiradesantana.com.br\\\/sobre\\\/feira-mais-verde-leva-distribuicao-de-mudas-e-educacao-ambiental-aos-distritos-de-feira-de-santana\\\/#listItem\",\"name\":\"Feira Mais Verde leva distribui\\u00e7\\u00e3o de mudas e educa\\u00e7\\u00e3o ambiental aos distritos de Feira de Santana\"},\"previousItem\":{\"@type\":\"ListItem\",\"@id\":\"https:\\\/\\\/www.encontrafeiradesantana.com.br\\\/sobre#listItem\",\"name\":\"In\\u00edcio\"}},{\"@type\":\"ListItem\",\"@id\":\"https:\\\/\\\/www.encontrafeiradesantana.com.br\\\/sobre\\\/feira-mais-verde-leva-distribuicao-de-mudas-e-educacao-ambiental-aos-distritos-de-feira-de-santana\\\/#listItem\",\"position\":3,\"name\":\"Feira Mais Verde leva distribui\\u00e7\\u00e3o de mudas e educa\\u00e7\\u00e3o ambiental aos distritos de Feira de Santana\",\"previousItem\":{\"@type\":\"ListItem\",\"@id\":\"https:\\\/\\\/www.encontrafeiradesantana.com.br\\\/sobre\\\/cultura-em-feira-de-santana\\\/#listItem\",\"name\":\"Cultura Feira de Santana\"}}]},{\"@type\":\"Organization\",\"@id\":\"https:\\\/\\\/www.encontrafeiradesantana.com.br\\\/sobre\\\/#organization\",\"name\":\"Encontra Feira de Santana\",\"description\":\"Not\\u00edcias, eventos, informa\\u00e7\\u00f5es e dicas na cidade Feira de Santana e regi\\u00e3o.\",\"url\":\"https:\\\/\\\/www.encontrafeiradesantana.com.br\\\/sobre\\\/\"},{\"@type\":\"Person\",\"@id\":\"https:\\\/\\\/www.encontrafeiradesantana.com.br\\\/sobre\\\/author\\\/efeiradesantana\\\/#author\",\"url\":\"https:\\\/\\\/www.encontrafeiradesantana.com.br\\\/sobre\\\/author\\\/efeiradesantana\\\/\",\"name\":\"Encontra Feira de Santana\",\"image\":{\"@type\":\"ImageObject\",\"@id\":\"https:\\\/\\\/www.encontrafeiradesantana.com.br\\\/sobre\\\/feira-mais-verde-leva-distribuicao-de-mudas-e-educacao-ambiental-aos-distritos-de-feira-de-santana\\\/#authorImage\",\"url\":\"https:\\\/\\\/secure.gravatar.com\\\/avatar\\\/507340682b8270222e1f208e23198b6ae7e2c6a1033ae84e99bc6bce4f82a387?s=96&d=mm&r=g\",\"width\":96,\"height\":96,\"caption\":\"Encontra Feira de Santana\"}},{\"@type\":\"WebPage\",\"@id\":\"https:\\\/\\\/www.encontrafeiradesantana.com.br\\\/sobre\\\/feira-mais-verde-leva-distribuicao-de-mudas-e-educacao-ambiental-aos-distritos-de-feira-de-santana\\\/#webpage\",\"url\":\"https:\\\/\\\/www.encontrafeiradesantana.com.br\\\/sobre\\\/feira-mais-verde-leva-distribuicao-de-mudas-e-educacao-ambiental-aos-distritos-de-feira-de-santana\\\/\",\"name\":\"Feira Mais Verde leva distribui\\u00e7\\u00e3o de mudas e educa\\u00e7\\u00e3o ambiental aos distritos de Feira de Santana | Encontra Feira de Santana\",\"description\":\"Feira Mais Verde traz mudas e educa\\u00e7\\u00e3o ambiental para distritos.\",\"inLanguage\":\"pt-BR\",\"isPartOf\":{\"@id\":\"https:\\\/\\\/www.encontrafeiradesantana.com.br\\\/sobre\\\/#website\"},\"breadcrumb\":{\"@id\":\"https:\\\/\\\/www.encontrafeiradesantana.com.br\\\/sobre\\\/feira-mais-verde-leva-distribuicao-de-mudas-e-educacao-ambiental-aos-distritos-de-feira-de-santana\\\/#breadcrumblist\"},\"author\":{\"@id\":\"https:\\\/\\\/www.encontrafeiradesantana.com.br\\\/sobre\\\/author\\\/efeiradesantana\\\/#author\"},\"creator\":{\"@id\":\"https:\\\/\\\/www.encontrafeiradesantana.com.br\\\/sobre\\\/author\\\/efeiradesantana\\\/#author\"},\"image\":{\"@type\":\"ImageObject\",\"url\":\"https:\\\/\\\/www.encontrafeiradesantana.com.br\\\/sobre\\\/wp-content\\\/uploads\\\/2026\\\/08\\\/feira-mais-verde-leva-distribuicao-de-mudas-e-educacao-ambiental-aos-distritos-de-feira-de-santana.webp\",\"@id\":\"https:\\\/\\\/www.encontrafeiradesantana.com.br\\\/sobre\\\/feira-mais-verde-leva-distribuicao-de-mudas-e-educacao-ambiental-aos-distritos-de-feira-de-santana\\\/#mainImage\",\"width\":280,\"height\":280,\"caption\":\"Feira Mais Verde\"},\"primaryImageOfPage\":{\"@id\":\"https:\\\/\\\/www.encontrafeiradesantana.com.br\\\/sobre\\\/feira-mais-verde-leva-distribuicao-de-mudas-e-educacao-ambiental-aos-distritos-de-feira-de-santana\\\/#mainImage\"},\"datePublished\":\"2026-08-11T04:02:13-03:00\",\"dateModified\":\"2026-08-11T04:02:13-03:00\"},{\"@type\":\"WebSite\",\"@id\":\"https:\\\/\\\/www.encontrafeiradesantana.com.br\\\/sobre\\\/#website\",\"url\":\"https:\\\/\\\/www.encontrafeiradesantana.com.br\\\/sobre\\\/\",\"name\":\"Encontra Feira de Santana\",\"description\":\"Not\\u00edcias, eventos, informa\\u00e7\\u00f5es e dicas na cidade Feira de Santana e regi\\u00e3o.\",\"inLanguage\":\"pt-BR\",\"publisher\":{\"@id\":\"https:\\\/\\\/www.encontrafeiradesantana.com.br\\\/sobre\\\/#organization\"}}]}\n\t\t<\/script>\n\t\t<!-- All in One SEO -->\n\n","aioseo_head_json":{"title":"Feira Mais Verde leva distribui\u00e7\u00e3o de mudas e educa\u00e7\u00e3o ambiental aos distritos de Feira de Santana | Encontra Feira de Santana","description":"Feira Mais Verde traz mudas e educa\u00e7\u00e3o ambiental para distritos.","canonical_url":"https:\/\/www.encontrafeiradesantana.com.br\/sobre\/feira-mais-verde-leva-distribuicao-de-mudas-e-educacao-ambiental-aos-distritos-de-feira-de-santana\/","robots":"max-image-preview:large","keywords":"","webmasterTools":{"miscellaneous":""},"schema":{"@context":"https:\/\/schema.org","@graph":[{"@type":"Article","@id":"https:\/\/www.encontrafeiradesantana.com.br\/sobre\/feira-mais-verde-leva-distribuicao-de-mudas-e-educacao-ambiental-aos-distritos-de-feira-de-santana\/#article","name":"Feira Mais Verde leva distribui\u00e7\u00e3o de mudas e educa\u00e7\u00e3o ambiental aos distritos de Feira de Santana | Encontra Feira de Santana","headline":"Feira Mais Verde leva distribui\u00e7\u00e3o de mudas e educa\u00e7\u00e3o ambiental aos distritos de Feira de Santana","author":{"@id":"https:\/\/www.encontrafeiradesantana.com.br\/sobre\/author\/efeiradesantana\/#author"},"publisher":{"@id":"https:\/\/www.encontrafeiradesantana.com.br\/sobre\/#organization"},"image":{"@type":"ImageObject","url":"https:\/\/www.encontrafeiradesantana.com.br\/sobre\/wp-content\/uploads\/2026\/08\/feira-mais-verde-leva-distribuicao-de-mudas-e-educacao-ambiental-aos-distritos-de-feira-de-santana.webp","width":280,"height":280,"caption":"Feira Mais Verde"},"datePublished":"2026-08-11T04:02:13-03:00","dateModified":"2026-08-11T04:02:13-03:00","inLanguage":"pt-BR","mainEntityOfPage":{"@id":"https:\/\/www.encontrafeiradesantana.com.br\/sobre\/feira-mais-verde-leva-distribuicao-de-mudas-e-educacao-ambiental-aos-distritos-de-feira-de-santana\/#webpage"},"isPartOf":{"@id":"https:\/\/www.encontrafeiradesantana.com.br\/sobre\/feira-mais-verde-leva-distribuicao-de-mudas-e-educacao-ambiental-aos-distritos-de-feira-de-santana\/#webpage"},"articleSection":"Cultura Feira de Santana"},{"@type":"BreadcrumbList","@id":"https:\/\/www.encontrafeiradesantana.com.br\/sobre\/feira-mais-verde-leva-distribuicao-de-mudas-e-educacao-ambiental-aos-distritos-de-feira-de-santana\/#breadcrumblist","itemListElement":[{"@type":"ListItem","@id":"https:\/\/www.encontrafeiradesantana.com.br\/sobre#listItem","position":1,"name":"In\u00edcio","item":"https:\/\/www.encontrafeiradesantana.com.br\/sobre","nextItem":{"@type":"ListItem","@id":"https:\/\/www.encontrafeiradesantana.com.br\/sobre\/cultura-em-feira-de-santana\/#listItem","name":"Cultura Feira de Santana"}},{"@type":"ListItem","@id":"https:\/\/www.encontrafeiradesantana.com.br\/sobre\/cultura-em-feira-de-santana\/#listItem","position":2,"name":"Cultura Feira de Santana","item":"https:\/\/www.encontrafeiradesantana.com.br\/sobre\/cultura-em-feira-de-santana\/","nextItem":{"@type":"ListItem","@id":"https:\/\/www.encontrafeiradesantana.com.br\/sobre\/feira-mais-verde-leva-distribuicao-de-mudas-e-educacao-ambiental-aos-distritos-de-feira-de-santana\/#listItem","name":"Feira Mais Verde leva distribui\u00e7\u00e3o de mudas e educa\u00e7\u00e3o ambiental aos distritos de Feira de Santana"},"previousItem":{"@type":"ListItem","@id":"https:\/\/www.encontrafeiradesantana.com.br\/sobre#listItem","name":"In\u00edcio"}},{"@type":"ListItem","@id":"https:\/\/www.encontrafeiradesantana.com.br\/sobre\/feira-mais-verde-leva-distribuicao-de-mudas-e-educacao-ambiental-aos-distritos-de-feira-de-santana\/#listItem","position":3,"name":"Feira Mais Verde leva distribui\u00e7\u00e3o de mudas e educa\u00e7\u00e3o ambiental aos distritos de Feira de Santana","previousItem":{"@type":"ListItem","@id":"https:\/\/www.encontrafeiradesantana.com.br\/sobre\/cultura-em-feira-de-santana\/#listItem","name":"Cultura Feira de Santana"}}]},{"@type":"Organization","@id":"https:\/\/www.encontrafeiradesantana.com.br\/sobre\/#organization","name":"Encontra Feira de Santana","description":"Not\u00edcias, eventos, informa\u00e7\u00f5es e dicas na cidade Feira de Santana e regi\u00e3o.","url":"https:\/\/www.encontrafeiradesantana.com.br\/sobre\/"},{"@type":"Person","@id":"https:\/\/www.encontrafeiradesantana.com.br\/sobre\/author\/efeiradesantana\/#author","url":"https:\/\/www.encontrafeiradesantana.com.br\/sobre\/author\/efeiradesantana\/","name":"Encontra Feira de Santana","image":{"@type":"ImageObject","@id":"https:\/\/www.encontrafeiradesantana.com.br\/sobre\/feira-mais-verde-leva-distribuicao-de-mudas-e-educacao-ambiental-aos-distritos-de-feira-de-santana\/#authorImage","url":"https:\/\/secure.gravatar.com\/avatar\/507340682b8270222e1f208e23198b6ae7e2c6a1033ae84e99bc6bce4f82a387?s=96&d=mm&r=g","width":96,"height":96,"caption":"Encontra Feira de Santana"}},{"@type":"WebPage","@id":"https:\/\/www.encontrafeiradesantana.com.br\/sobre\/feira-mais-verde-leva-distribuicao-de-mudas-e-educacao-ambiental-aos-distritos-de-feira-de-santana\/#webpage","url":"https:\/\/www.encontrafeiradesantana.com.br\/sobre\/feira-mais-verde-leva-distribuicao-de-mudas-e-educacao-ambiental-aos-distritos-de-feira-de-santana\/","name":"Feira Mais Verde leva distribui\u00e7\u00e3o de mudas e educa\u00e7\u00e3o ambiental aos distritos de Feira de Santana | Encontra Feira de Santana","description":"Feira Mais Verde traz mudas e educa\u00e7\u00e3o ambiental para distritos.","inLanguage":"pt-BR","isPartOf":{"@id":"https:\/\/www.encontrafeiradesantana.com.br\/sobre\/#website"},"breadcrumb":{"@id":"https:\/\/www.encontrafeiradesantana.com.br\/sobre\/feira-mais-verde-leva-distribuicao-de-mudas-e-educacao-ambiental-aos-distritos-de-feira-de-santana\/#breadcrumblist"},"author":{"@id":"https:\/\/www.encontrafeiradesantana.com.br\/sobre\/author\/efeiradesantana\/#author"},"creator":{"@id":"https:\/\/www.encontrafeiradesantana.com.br\/sobre\/author\/efeiradesantana\/#author"},"image":{"@type":"ImageObject","url":"https:\/\/www.encontrafeiradesantana.com.br\/sobre\/wp-content\/uploads\/2026\/08\/feira-mais-verde-leva-distribuicao-de-mudas-e-educacao-ambiental-aos-distritos-de-feira-de-santana.webp","@id":"https:\/\/www.encontrafeiradesantana.com.br\/sobre\/feira-mais-verde-leva-distribuicao-de-mudas-e-educacao-ambiental-aos-distritos-de-feira-de-santana\/#mainImage","width":280,"height":280,"caption":"Feira Mais Verde"},"primaryImageOfPage":{"@id":"https:\/\/www.encontrafeiradesantana.com.br\/sobre\/feira-mais-verde-leva-distribuicao-de-mudas-e-educacao-ambiental-aos-distritos-de-feira-de-santana\/#mainImage"},"datePublished":"2026-08-11T04:02:13-03:00","dateModified":"2026-08-11T04:02:13-03:00"},{"@type":"WebSite","@id":"https:\/\/www.encontrafeiradesantana.com.br\/sobre\/#website","url":"https:\/\/www.encontrafeiradesantana.com.br\/sobre\/","name":"Encontra Feira de Santana","description":"Not\u00edcias, eventos, informa\u00e7\u00f5es e dicas na cidade Feira de Santana e regi\u00e3o.","inLanguage":"pt-BR","publisher":{"@id":"https:\/\/www.encontrafeiradesantana.com.br\/sobre\/#organization"}}]},"og:locale":"pt_BR","og:site_name":"Encontra Feira de Santana | Not\u00edcias, eventos, informa\u00e7\u00f5es e dicas na cidade Feira de Santana e regi\u00e3o.","og:type":"article","og:title":"Feira Mais Verde leva distribui\u00e7\u00e3o de mudas e educa\u00e7\u00e3o ambiental aos distritos de Feira de Santana | Encontra Feira de Santana","og:description":"Feira Mais Verde traz mudas e educa\u00e7\u00e3o ambiental para distritos.","og:url":"https:\/\/www.encontrafeiradesantana.com.br\/sobre\/feira-mais-verde-leva-distribuicao-de-mudas-e-educacao-ambiental-aos-distritos-de-feira-de-santana\/","article:published_time":"2026-08-11T07:02:13+00:00","article:modified_time":"2026-08-11T07:02:13+00:00","twitter:card":"summary","twitter:title":"Feira Mais Verde leva distribui\u00e7\u00e3o de mudas e educa\u00e7\u00e3o ambiental aos distritos de Feira de Santana | Encontra Feira de Santana","twitter:description":"Feira Mais Verde traz mudas e educa\u00e7\u00e3o ambiental para distritos."},"aioseo_meta_data":{"post_id":"2642","title":null,"description":null,"keywords":null,"keyphrases":null,"primary_term":null,"canonical_url":null,"og_title":null,"og_description":null,"og_object_type":"default","og_image_type":"default","og_image_url":null,"og_image_width":null,"og_image_height":null,"og_image_custom_url":null,"og_image_custom_fields":null,"og_video":null,"og_custom_url":null,"og_article_section":null,"og_article_tags":null,"twitter_use_og":false,"twitter_card":"default","twitter_image_type":"default","twitter_image_url":null,"twitter_image_custom_url":null,"twitter_image_custom_fields":null,"twitter_title":null,"twitter_description":null,"schema":{"blockGraphs":[],"customGraphs":[],"default":{"data":{"Article":[],"Course":[],"Dataset":[],"FAQPage":[],"Movie":[],"Person":[],"Product":[],"ProductReview":[],"Car":[],"Recipe":[],"Service":[],"SoftwareApplication":[],"WebPage":[]},"graphName":"Article","isEnabled":true},"graphs":[]},"schema_type":"default","schema_type_options":null,"pillar_content":false,"robots_default":true,"robots_noindex":false,"robots_noarchive":false,"robots_nosnippet":false,"robots_nofollow":false,"robots_noimageindex":false,"robots_noodp":false,"robots_notranslate":false,"robots_max_snippet":null,"robots_max_videopreview":null,"robots_max_imagepreview":"large","priority":null,"frequency":null,"local_seo":null,"breadcrumb_settings":null,"limit_modified_date":false,"ai":null,"created":"2026-08-11 07:02:13","updated":"2026-08-11 07:23:03","focus_keyword":null,"additional_keywords":null,"truseo_locale":null,"seo_analyzer_scan_date":null},"aioseo_breadcrumb":"<div class=\"aioseo-breadcrumbs\"><span class=\"aioseo-breadcrumb\">\n\t\t\t<a href=\"https:\/\/www.encontrafeiradesantana.com.br\/sobre\" title=\"In\u00edcio\">In\u00edcio<\/a>\n\t\t<\/span><span class=\"aioseo-breadcrumb-separator\">&raquo;<\/span><span class=\"aioseo-breadcrumb\">\n\t\t\t<a href=\"https:\/\/www.encontrafeiradesantana.com.br\/sobre\/cultura-em-feira-de-santana\/\" title=\"Cultura Feira de Santana\">Cultura Feira de Santana<\/a>\n\t\t<\/span><span class=\"aioseo-breadcrumb-separator\">&raquo;<\/span><span class=\"aioseo-breadcrumb\">\n\t\t\tFeira Mais Verde leva distribui\u00e7\u00e3o de mudas e educa\u00e7\u00e3o ambiental aos distritos de Feira de Santana\n\t\t<\/span><\/div>","aioseo_breadcrumb_json":[{"label":"In\u00edcio","link":"https:\/\/www.encontrafeiradesantana.com.br\/sobre"},{"label":"Cultura Feira de Santana","link":"https:\/\/www.encontrafeiradesantana.com.br\/sobre\/cultura-em-feira-de-santana\/"},{"label":"Feira Mais Verde leva distribui\u00e7\u00e3o de mudas e educa\u00e7\u00e3o ambiental aos distritos de Feira de Santana","link":"https:\/\/www.encontrafeiradesantana.com.br\/sobre\/feira-mais-verde-leva-distribuicao-de-mudas-e-educacao-ambiental-aos-distritos-de-feira-de-santana\/"}],"_links":{"self":[{"href":"https:\/\/www.encontrafeiradesantana.com.br\/sobre\/wp-json\/wp\/v2\/posts\/2642","targetHints":{"allow":["GET"]}}],"collection":[{"href":"https:\/\/www.encontrafeiradesantana.com.br\/sobre\/wp-json\/wp\/v2\/posts"}],"about":[{"href":"https:\/\/www.encontrafeiradesantana.com.br\/sobre\/wp-json\/wp\/v2\/types\/post"}],"author":[{"embeddable":true,"href":"https:\/\/www.encontrafeiradesantana.com.br\/sobre\/wp-json\/wp\/v2\/users\/1"}],"replies":[{"embeddable":true,"href":"https:\/\/www.encontrafeiradesantana.com.br\/sobre\/wp-json\/wp\/v2\/comments?post=2642"}],"version-history":[{"count":0,"href":"https:\/\/www.encontrafeiradesantana.com.br\/sobre\/wp-json\/wp\/v2\/posts\/2642\/revisions"}],"wp:featuredmedia":[{"embeddable":true,"href":"https:\/\/www.encontrafeiradesantana.com.br\/sobre\/wp-json\/wp\/v2\/media\/2641"}],"wp:attachment":[{"href":"https:\/\/www.encontrafeiradesantana.com.br\/sobre\/wp-json\/wp\/v2\/media?parent=2642"}],"wp:term":[{"taxonomy":"category","embeddable":true,"href":"https:\/\/www.encontrafeiradesantana.com.br\/sobre\/wp-json\/wp\/v2\/categories?post=2642"},{"taxonomy":"post_tag","embeddable":true,"href":"https:\/\/www.encontrafeiradesantana.com.br\/sobre\/wp-json\/wp\/v2\/tags?post=2642"}],"curies":[{"name":"wp","href":"https:\/\/api.w.org\/{rel}","templated":true}]}}