{"id":264,"date":"2013-06-21T00:01:24","date_gmt":"2013-06-21T03:01:24","guid":{"rendered":"http:\/\/www.encontrafeiradesantana.com.br\/noticias\/?p=264"},"modified":"2019-04-29T17:46:27","modified_gmt":"2019-04-29T20:46:27","slug":"procon-divulga-cotacao-de-precos-em-feira-de-santana","status":"publish","type":"post","link":"https:\/\/www.encontrafeiradesantana.com.br\/sobre\/procon-divulga-cotacao-de-precos-em-feira-de-santana\/","title":{"rendered":"Procon divulga cota\u00e7\u00e3o de pre\u00e7os em Feira de Santana"},"content":{"rendered":"<div class=\"3f468104ad11f00a3c9ac948316f4265\" data-index=\"1\" style=\"float: none; margin:0px;\">\n<ins class=\"adsbygoogle\"\r\n     style=\"display:block\"\r\n     data-ad-client=\"ca-pub-8585364105181520\"\r\n     data-ad-slot=\"8789329856\"\r\n     data-ad-format=\"auto\"\r\n     data-full-width-responsive=\"true\"><\/ins>\r\n<script>\r\n     (adsbygoogle = window.adsbygoogle || []).push({});\r\n<\/script>\r\n\n<\/div>\n<p>A Superintend\u00eancia Municipal de Prote\u00e7\u00e3o e Defesa ao Consumidor de Feira de Santana (Procon) divulgou, nesta quinta-feira, 20, pesquisa de pre\u00e7o de alguns\u00a0 itens que comp\u00f5em a ceia dos festejos juninos, cuja\u00a0 cota\u00e7\u00e3o foi realizada no dia quarta-feira, 19, nos principais supermercados da cidade e no Centro de Abastecimento.<\/p>\n<p>O amendoim, uma das iguarias mais consumidas nesse per\u00edodo, est\u00e1 custando no Centro de Abastecimento R$ 120, o saco. No Atacad\u00e3o e no Dep\u00f3sito S\u00e3o Roque, o quilo custa, respectivamente, R$ 7,99 e R$7,80. A espiga de milho \u00e9 encontrada mais barato no Centro de Abastecimento e no Dep\u00f3sito S\u00e3o Roque, onde est\u00e1 sendo comercializada por R$ 0,38.<\/p>\n<p>O cento da laranja no entreposto comercial custa R$ 8. J\u00e1 nos supermercados, o quilo da fruta est\u00e1 variando de pre\u00e7o &#8211; R$ 1,69 (G Barbosa), R$ 1,38 (Hiper Bom Pre\u00e7o), R$ 1,59 (Atacad\u00e3o) e R$ 1,09 (Dep\u00f3sito S\u00e3o Roque).<\/p>\n<p>A superintendente do \u00f3rg\u00e3o, Suzana Mendes, ressalta que o Procon desenvolveu fiscaliza\u00e7\u00f5es no com\u00e9rcio durante o per\u00edodo que antecedeu aos festejos de S\u00e3o Jo\u00e3o e S\u00e3o Pedro. \u201cAgora, divulgamos a pesquisa de pre\u00e7o dos produtos t\u00edpicos para que o consumidor possa adquirir os itens da ceia junina escolhendo os melhores produtos e optando pelos pre\u00e7os mais em conta\u201d.<\/p>\n<p><em>Fonte: Prefeitura Municipal de Feira de Santana<\/em><\/p>\n\n<div style=\"font-size: 0px; height: 0px; line-height: 0px; margin: 0; padding: 0; clear: both;\"><\/div>","protected":false},"excerpt":{"rendered":"<p>A Superintend\u00eancia Municipal de Prote\u00e7\u00e3o e Defesa ao Consumidor de Feira de Santana (Procon) divulgou, nesta quinta-feira, 20, pesquisa de pre\u00e7o de alguns\u00a0 itens que comp\u00f5em a ceia dos festejos juninos, cuja\u00a0 cota\u00e7\u00e3o foi realizada no dia quarta-feira, 19, nos principais supermercados da cidade e no Centro de Abastecimento. O amendoim, uma das iguarias mais consumidas nesse per\u00edodo, est\u00e1 custando no Centro de Abastecimento R$ 120, o saco. No Atacad\u00e3o e no Dep\u00f3sito S\u00e3o Roque, o quilo custa, respectivamente, R$ 7,99 e R$7,80. A espiga de milho \u00e9 encontrada mais barato no Centro de Abastecimento e no Dep\u00f3sito S\u00e3o Roque, <\/p>\n","protected":false},"author":1,"featured_media":0,"comment_status":"open","ping_status":"closed","sticky":false,"template":"","format":"standard","meta":{"footnotes":""},"categories":[6,8],"tags":[12],"class_list":["post-264","post","type-post","status-publish","format-standard","hentry","category-noticias-em-feira-de-santana","category-servicos-em-feira-de-santana","tag-feira-de-santana"],"aioseo_notices":[],"_links":{"self":[{"href":"https:\/\/www.encontrafeiradesantana.com.br\/sobre\/wp-json\/wp\/v2\/posts\/264","targetHints":{"allow":["GET"]}}],"collection":[{"href":"https:\/\/www.encontrafeiradesantana.com.br\/sobre\/wp-json\/wp\/v2\/posts"}],"about":[{"href":"https:\/\/www.encontrafeiradesantana.com.br\/sobre\/wp-json\/wp\/v2\/types\/post"}],"author":[{"embeddable":true,"href":"https:\/\/www.encontrafeiradesantana.com.br\/sobre\/wp-json\/wp\/v2\/users\/1"}],"replies":[{"embeddable":true,"href":"https:\/\/www.encontrafeiradesantana.com.br\/sobre\/wp-json\/wp\/v2\/comments?post=264"}],"version-history":[{"count":2,"href":"https:\/\/www.encontrafeiradesantana.com.br\/sobre\/wp-json\/wp\/v2\/posts\/264\/revisions"}],"predecessor-version":[{"id":598,"href":"https:\/\/www.encontrafeiradesantana.com.br\/sobre\/wp-json\/wp\/v2\/posts\/264\/revisions\/598"}],"wp:attachment":[{"href":"https:\/\/www.encontrafeiradesantana.com.br\/sobre\/wp-json\/wp\/v2\/media?parent=264"}],"wp:term":[{"taxonomy":"category","embeddable":true,"href":"https:\/\/www.encontrafeiradesantana.com.br\/sobre\/wp-json\/wp\/v2\/categories?post=264"},{"taxonomy":"post_tag","embeddable":true,"href":"https:\/\/www.encontrafeiradesantana.com.br\/sobre\/wp-json\/wp\/v2\/tags?post=264"}],"curies":[{"name":"wp","href":"https:\/\/api.w.org\/{rel}","templated":true}]}}