{"id":2626,"date":"2026-08-08T04:57:12","date_gmt":"2026-08-08T07:57:12","guid":{"rendered":"https:\/\/www.encontrafeiradesantana.com.br\/sobre\/prefeitura-de-feira-executa-obras-de-reforma-e-manutencao-em-quatro-pracas\/"},"modified":"2026-08-08T04:57:12","modified_gmt":"2026-08-08T07:57:12","slug":"prefeitura-de-feira-executa-obras-de-reforma-e-manutencao-em-quatro-pracas","status":"publish","type":"post","link":"https:\/\/www.encontrafeiradesantana.com.br\/sobre\/prefeitura-de-feira-executa-obras-de-reforma-e-manutencao-em-quatro-pracas\/","title":{"rendered":"Prefeitura de Feira executa obras de reforma e manuten\u00e7\u00e3o em quatro pra\u00e7as"},"content":{"rendered":"<div class=\"3f468104ad11f00a3c9ac948316f4265\" data-index=\"1\" style=\"float: none; margin:0px;\">\n<ins class=\"adsbygoogle\"\r\n     style=\"display:block\"\r\n     data-ad-client=\"ca-pub-8585364105181520\"\r\n     data-ad-slot=\"8789329856\"\r\n     data-ad-format=\"auto\"\r\n     data-full-width-responsive=\"true\"><\/ins>\r\n<script>\r\n     (adsbygoogle = window.adsbygoogle || []).push({});\r\n<\/script>\r\n\n<\/div>\n<h2>Moderniza\u00e7\u00e3o das Pra\u00e7as: O que Esperar?<\/h2>\n<p>A Prefeitura de Feira de Santana iniciou um significativo projeto de reforma e manuten\u00e7\u00e3o que est\u00e1 sendo realizado em quatro pra\u00e7as do munic\u00edpio. Essa iniciativa visa n\u00e3o apenas revitalizar os espa\u00e7os, mas tamb\u00e9m transformar esses locais em \u00e1reas mais acess\u00edveis e atrativas para toda a popula\u00e7\u00e3o. A moderniza\u00e7\u00e3o dessas pra\u00e7as reflete o compromisso da gest\u00e3o em promover o lazer, o esporte e dinamizar a conviv\u00eancia social.<\/p>\n<h2>Compromisso da Administra\u00e7\u00e3o com Espa\u00e7os P\u00fablicos<\/h2>\n<p>O prefeito Jos\u00e9 Ronaldo de Carvalho reafirmou a dedica\u00e7\u00e3o da administra\u00e7\u00e3o municipal em garantir ambientes p\u00fablicos de qualidade. As obras s\u00e3o coordenadas pela Secretaria Municipal de Infraestrutura (Seinfra), que busca atender as demandas e anseios de diversas comunidades. A execu\u00e7\u00e3o desses servi\u00e7os demonstra um forte investimento na melhoria e conserva\u00e7\u00e3o dos espa\u00e7os urbanos.<\/p>\n<h2>Obras em Andamento: Onde Est\u00e3o as Interven\u00e7\u00f5es?<\/h2>\n<p>As reformas est\u00e3o distribu\u00eddas por v\u00e1rias regi\u00f5es da cidade, abrangendo as \u00e1reas mais necessitadas. Em um dos locais, na Pra\u00e7a do Tropeiro, localizada no Centro de Abastecimento, os trabalhos j\u00e1 se encontram em est\u00e1gio avan\u00e7ado. No bairro Jardim Ac\u00e1cia, a quadra poliesportiva est\u00e1 recebendo uma requalifica\u00e7\u00e3o completa, visando proporcionar melhores condi\u00e7\u00f5es para a pr\u00e1tica de esportes.<\/p>\n<p><img decoding=\"async\" src=\"https:\/\/www.encontrafeiradesantana.com.br\/sobre\/wp-content\/uploads\/2026\/08\/prefeitura-de-feira-executa-obras-de-reforma-e-manutencao-em-quatro-pracas.webp\" alt=\"Prefeitura de Feira executa obras de reforma e manuten\u00e7\u00e3o em quatro pra\u00e7as\" loading=\"lazy\" \/><\/p>\n<h2>Pra\u00e7a do Tropeiro: Avan\u00e7os e Novidades<\/h2>\n<p>A Pra\u00e7a do Tropeiro \u00e9 um dos destaques desse processo de revitaliza\u00e7\u00e3o. Com o progresso das obras, novas instala\u00e7\u00f5es e equipamentos est\u00e3o sendo implementados, aumentando a funcionalidade e o apelo est\u00e9tico do local. Essa pra\u00e7a tem sido uma \u00e1rea central de atividades, e a sua moderniza\u00e7\u00e3o promete trazer ainda mais visitantes.<\/p>\n<h2>O Impacto das Academias da Sa\u00fade<\/h2>\n<p>Um ponto importante nas reformas \u00e9 a inclus\u00e3o de Academias da Sa\u00fade em algumas das pra\u00e7as. Esses espa\u00e7os s\u00e3o projetados para incentivar a pr\u00e1tica de atividades f\u00edsicas entre os cidad\u00e3os, promovendo a sa\u00fade e bem-estar. As Academias da Sa\u00fade se tornar\u00e3o pontos essenciais para a pr\u00e1tica de exerc\u00edcios f\u00edsicos, oferecendo alternativas de lazer saud\u00e1vel para diferentes faixas et\u00e1rias.<\/p>\n<h2>Parques Infantis: Promovendo o Lazer para Crian\u00e7as<\/h2>\n<p>Al\u00e9m das Academias da Sa\u00fade, as reformas tamb\u00e9m contemplam a cria\u00e7\u00e3o de parques infantis. Esses espa\u00e7os s\u00e3o fundamentais para o lazer das crian\u00e7as, proporcionando um ambiente seguro e divertido. A inclus\u00e3o de parques em pra\u00e7as \u00e9 uma forma de incentivar a atividade f\u00edsica desde a inf\u00e2ncia e oferecer op\u00e7\u00f5es de entretenimento \u00e0s fam\u00edlias.<\/p>\n<h2>Quadra Poliesportiva do Jardim Ac\u00e1cia: Uma Nova Face<\/h2>\n<p>No bairro Jardim Ac\u00e1cia, a quadra poliesportiva est\u00e1 sendo totalmente reformada. As obras visam n\u00e3o somente refrescar a estrutura, mas tamb\u00e9m otimizar o espa\u00e7o para que ele atenda um maior n\u00famero de usu\u00e1rios. As reformas incluem melhorias no piso, na ilumina\u00e7\u00e3o e na acessibilidade, promovendo um espa\u00e7o de suporte para atividades esportivas e recreativas.<\/p>\n<h2>Valoriza\u00e7\u00e3o das Comunidades Locais<\/h2>\n<p>As interven\u00e7\u00f5es nas pra\u00e7as atendem a antigas reivindica\u00e7\u00f5es das comunidades, mostrando que a administra\u00e7\u00e3o municipal est\u00e1 atenta \u00e0s necessidades locais. Ao valorizar esses espa\u00e7os, a Prefeitura n\u00e3o s\u00f3 promove a qualidade de vida, mas tamb\u00e9m fortalece os la\u00e7os comunit\u00e1rios e a integra\u00e7\u00e3o entre os cidad\u00e3os.<\/p>\n<h2>Futuro das Pra\u00e7as: O que Mais Est\u00e1 por Vir?<\/h2>\n<p>Com a conclus\u00e3o das obras, espera-se que as pra\u00e7as revitalizadas se tornem verdadeiros centros de conviv\u00eancia. Al\u00e9m dos eventos culturais e esportivos, esses locais poder\u00e3o receber atividades como feiras e apresenta\u00e7\u00f5es art\u00edsticas. O planejamento para o futuro inclui tamb\u00e9m a manuten\u00e7\u00e3o cont\u00ednua desses espa\u00e7os, garantindo que se mantenham agrad\u00e1veis e em bom estado.<\/p>\n<h2>Como a Revitaliza\u00e7\u00e3o Contribui para a Qualidade de Vida<\/h2>\n<p>A revitaliza\u00e7\u00e3o das pra\u00e7as tem um impacto direto na qualidade de vida dos moradores. Um espa\u00e7o p\u00fablico bem cuidado promove a socializa\u00e7\u00e3o, a pr\u00e1tica de atividades f\u00edsicas e o envolvimento comunit\u00e1rio. Al\u00e9m disso, a moderniza\u00e7\u00e3o desses locais pode aumentar a valoriza\u00e7\u00e3o do entorno, refletindo de forma positiva em aspectos socioecon\u00f4micos da regi\u00e3o.<\/p>\n\n<div style=\"font-size: 0px; height: 0px; line-height: 0px; margin: 0; padding: 0; clear: both;\"><\/div>","protected":false},"excerpt":{"rendered":"<p>Prefeitura de Feira moderniza pra\u00e7as, oferecendo mais lazer e qualidade de vida \u00e0 popula\u00e7\u00e3o.<\/p>\n","protected":false},"author":1,"featured_media":2625,"comment_status":"open","ping_status":"closed","sticky":false,"template":"","format":"standard","meta":{"footnotes":""},"categories":[25],"tags":[],"class_list":["post-2626","post","type-post","status-publish","format-standard","has-post-thumbnail","hentry","category-construcao-em-feira-de-santana","has_thumb"],"aioseo_notices":[],"aioseo_head":"\n\t\t<!-- All in One SEO 5.0.0.1 - aioseo.com -->\n\t<meta name=\"description\" content=\"Prefeitura de Feira moderniza pra\u00e7as, oferecendo mais lazer e qualidade de vida \u00e0 popula\u00e7\u00e3o.\" \/>\n\t<meta name=\"robots\" content=\"max-image-preview:large\" \/>\n\t<meta name=\"author\" content=\"Encontra Feira de Santana\"\/>\n\t<link rel=\"canonical\" href=\"https:\/\/www.encontrafeiradesantana.com.br\/sobre\/prefeitura-de-feira-executa-obras-de-reforma-e-manutencao-em-quatro-pracas\/\" \/>\n\t<meta name=\"generator\" content=\"All in One SEO (AIOSEO) 5.0.0.1\" \/>\n\t\t<meta property=\"og:locale\" content=\"pt_BR\" \/>\n\t\t<meta property=\"og:site_name\" content=\"Encontra Feira de Santana | Not\u00edcias, eventos, informa\u00e7\u00f5es e dicas na cidade Feira de Santana e regi\u00e3o.\" \/>\n\t\t<meta property=\"og:type\" content=\"article\" \/>\n\t\t<meta property=\"og:title\" content=\"Prefeitura de Feira executa obras de reforma e manuten\u00e7\u00e3o em quatro pra\u00e7as | Encontra Feira de Santana\" \/>\n\t\t<meta property=\"og:description\" content=\"Prefeitura de Feira moderniza pra\u00e7as, oferecendo mais lazer e qualidade de vida \u00e0 popula\u00e7\u00e3o.\" \/>\n\t\t<meta property=\"og:url\" content=\"https:\/\/www.encontrafeiradesantana.com.br\/sobre\/prefeitura-de-feira-executa-obras-de-reforma-e-manutencao-em-quatro-pracas\/\" \/>\n\t\t<meta property=\"article:published_time\" content=\"2026-08-08T07:57:12+00:00\" \/>\n\t\t<meta property=\"article:modified_time\" content=\"2026-08-08T07:57:12+00:00\" \/>\n\t\t<meta name=\"twitter:card\" content=\"summary\" \/>\n\t\t<meta name=\"twitter:title\" content=\"Prefeitura de Feira executa obras de reforma e manuten\u00e7\u00e3o em quatro pra\u00e7as | Encontra Feira de Santana\" \/>\n\t\t<meta name=\"twitter:description\" content=\"Prefeitura de Feira moderniza pra\u00e7as, oferecendo mais lazer e qualidade de vida \u00e0 popula\u00e7\u00e3o.\" \/>\n\t\t<script type=\"application\/ld+json\" class=\"aioseo-schema\">\n\t\t\t{\"@context\":\"https:\\\/\\\/schema.org\",\"@graph\":[{\"@type\":\"Article\",\"@id\":\"https:\\\/\\\/www.encontrafeiradesantana.com.br\\\/sobre\\\/prefeitura-de-feira-executa-obras-de-reforma-e-manutencao-em-quatro-pracas\\\/#article\",\"name\":\"Prefeitura de Feira executa obras de reforma e manuten\\u00e7\\u00e3o em quatro pra\\u00e7as | Encontra Feira de Santana\",\"headline\":\"Prefeitura de Feira executa obras de reforma e manuten\\u00e7\\u00e3o em quatro pra\\u00e7as\",\"author\":{\"@id\":\"https:\\\/\\\/www.encontrafeiradesantana.com.br\\\/sobre\\\/author\\\/efeiradesantana\\\/#author\"},\"publisher\":{\"@id\":\"https:\\\/\\\/www.encontrafeiradesantana.com.br\\\/sobre\\\/#organization\"},\"image\":{\"@type\":\"ImageObject\",\"url\":\"https:\\\/\\\/www.encontrafeiradesantana.com.br\\\/sobre\\\/wp-content\\\/uploads\\\/2026\\\/08\\\/prefeitura-de-feira-executa-obras-de-reforma-e-manutencao-em-quatro-pracas.webp\",\"width\":280,\"height\":280,\"caption\":\"Prefeitura de Feira executa obras de reforma e manuten\\u00e7\\u00e3o em quatro pra\\u00e7as\"},\"datePublished\":\"2026-08-08T04:57:12-03:00\",\"dateModified\":\"2026-08-08T04:57:12-03:00\",\"inLanguage\":\"pt-BR\",\"mainEntityOfPage\":{\"@id\":\"https:\\\/\\\/www.encontrafeiradesantana.com.br\\\/sobre\\\/prefeitura-de-feira-executa-obras-de-reforma-e-manutencao-em-quatro-pracas\\\/#webpage\"},\"isPartOf\":{\"@id\":\"https:\\\/\\\/www.encontrafeiradesantana.com.br\\\/sobre\\\/prefeitura-de-feira-executa-obras-de-reforma-e-manutencao-em-quatro-pracas\\\/#webpage\"},\"articleSection\":\"Constru\\u00e7\\u00e3o Feira de Santana\"},{\"@type\":\"BreadcrumbList\",\"@id\":\"https:\\\/\\\/www.encontrafeiradesantana.com.br\\\/sobre\\\/prefeitura-de-feira-executa-obras-de-reforma-e-manutencao-em-quatro-pracas\\\/#breadcrumblist\",\"itemListElement\":[{\"@type\":\"ListItem\",\"@id\":\"https:\\\/\\\/www.encontrafeiradesantana.com.br\\\/sobre#listItem\",\"position\":1,\"name\":\"In\\u00edcio\",\"item\":\"https:\\\/\\\/www.encontrafeiradesantana.com.br\\\/sobre\",\"nextItem\":{\"@type\":\"ListItem\",\"@id\":\"https:\\\/\\\/www.encontrafeiradesantana.com.br\\\/sobre\\\/construcao-em-feira-de-santana\\\/#listItem\",\"name\":\"Constru\\u00e7\\u00e3o Feira de Santana\"}},{\"@type\":\"ListItem\",\"@id\":\"https:\\\/\\\/www.encontrafeiradesantana.com.br\\\/sobre\\\/construcao-em-feira-de-santana\\\/#listItem\",\"position\":2,\"name\":\"Constru\\u00e7\\u00e3o Feira de Santana\",\"item\":\"https:\\\/\\\/www.encontrafeiradesantana.com.br\\\/sobre\\\/construcao-em-feira-de-santana\\\/\",\"nextItem\":{\"@type\":\"ListItem\",\"@id\":\"https:\\\/\\\/www.encontrafeiradesantana.com.br\\\/sobre\\\/prefeitura-de-feira-executa-obras-de-reforma-e-manutencao-em-quatro-pracas\\\/#listItem\",\"name\":\"Prefeitura de Feira executa obras de reforma e manuten\\u00e7\\u00e3o em quatro pra\\u00e7as\"},\"previousItem\":{\"@type\":\"ListItem\",\"@id\":\"https:\\\/\\\/www.encontrafeiradesantana.com.br\\\/sobre#listItem\",\"name\":\"In\\u00edcio\"}},{\"@type\":\"ListItem\",\"@id\":\"https:\\\/\\\/www.encontrafeiradesantana.com.br\\\/sobre\\\/prefeitura-de-feira-executa-obras-de-reforma-e-manutencao-em-quatro-pracas\\\/#listItem\",\"position\":3,\"name\":\"Prefeitura de Feira executa obras de reforma e manuten\\u00e7\\u00e3o em quatro pra\\u00e7as\",\"previousItem\":{\"@type\":\"ListItem\",\"@id\":\"https:\\\/\\\/www.encontrafeiradesantana.com.br\\\/sobre\\\/construcao-em-feira-de-santana\\\/#listItem\",\"name\":\"Constru\\u00e7\\u00e3o Feira de Santana\"}}]},{\"@type\":\"Organization\",\"@id\":\"https:\\\/\\\/www.encontrafeiradesantana.com.br\\\/sobre\\\/#organization\",\"name\":\"Encontra Feira de Santana\",\"description\":\"Not\\u00edcias, eventos, informa\\u00e7\\u00f5es e dicas na cidade Feira de Santana e regi\\u00e3o.\",\"url\":\"https:\\\/\\\/www.encontrafeiradesantana.com.br\\\/sobre\\\/\"},{\"@type\":\"Person\",\"@id\":\"https:\\\/\\\/www.encontrafeiradesantana.com.br\\\/sobre\\\/author\\\/efeiradesantana\\\/#author\",\"url\":\"https:\\\/\\\/www.encontrafeiradesantana.com.br\\\/sobre\\\/author\\\/efeiradesantana\\\/\",\"name\":\"Encontra Feira de Santana\",\"image\":{\"@type\":\"ImageObject\",\"@id\":\"https:\\\/\\\/www.encontrafeiradesantana.com.br\\\/sobre\\\/prefeitura-de-feira-executa-obras-de-reforma-e-manutencao-em-quatro-pracas\\\/#authorImage\",\"url\":\"https:\\\/\\\/secure.gravatar.com\\\/avatar\\\/507340682b8270222e1f208e23198b6ae7e2c6a1033ae84e99bc6bce4f82a387?s=96&d=mm&r=g\",\"width\":96,\"height\":96,\"caption\":\"Encontra Feira de Santana\"}},{\"@type\":\"WebPage\",\"@id\":\"https:\\\/\\\/www.encontrafeiradesantana.com.br\\\/sobre\\\/prefeitura-de-feira-executa-obras-de-reforma-e-manutencao-em-quatro-pracas\\\/#webpage\",\"url\":\"https:\\\/\\\/www.encontrafeiradesantana.com.br\\\/sobre\\\/prefeitura-de-feira-executa-obras-de-reforma-e-manutencao-em-quatro-pracas\\\/\",\"name\":\"Prefeitura de Feira executa obras de reforma e manuten\\u00e7\\u00e3o em quatro pra\\u00e7as | Encontra Feira de Santana\",\"description\":\"Prefeitura de Feira moderniza pra\\u00e7as, oferecendo mais lazer e qualidade de vida \\u00e0 popula\\u00e7\\u00e3o.\",\"inLanguage\":\"pt-BR\",\"isPartOf\":{\"@id\":\"https:\\\/\\\/www.encontrafeiradesantana.com.br\\\/sobre\\\/#website\"},\"breadcrumb\":{\"@id\":\"https:\\\/\\\/www.encontrafeiradesantana.com.br\\\/sobre\\\/prefeitura-de-feira-executa-obras-de-reforma-e-manutencao-em-quatro-pracas\\\/#breadcrumblist\"},\"author\":{\"@id\":\"https:\\\/\\\/www.encontrafeiradesantana.com.br\\\/sobre\\\/author\\\/efeiradesantana\\\/#author\"},\"creator\":{\"@id\":\"https:\\\/\\\/www.encontrafeiradesantana.com.br\\\/sobre\\\/author\\\/efeiradesantana\\\/#author\"},\"image\":{\"@type\":\"ImageObject\",\"url\":\"https:\\\/\\\/www.encontrafeiradesantana.com.br\\\/sobre\\\/wp-content\\\/uploads\\\/2026\\\/08\\\/prefeitura-de-feira-executa-obras-de-reforma-e-manutencao-em-quatro-pracas.webp\",\"@id\":\"https:\\\/\\\/www.encontrafeiradesantana.com.br\\\/sobre\\\/prefeitura-de-feira-executa-obras-de-reforma-e-manutencao-em-quatro-pracas\\\/#mainImage\",\"width\":280,\"height\":280,\"caption\":\"Prefeitura de Feira executa obras de reforma e manuten\\u00e7\\u00e3o em quatro pra\\u00e7as\"},\"primaryImageOfPage\":{\"@id\":\"https:\\\/\\\/www.encontrafeiradesantana.com.br\\\/sobre\\\/prefeitura-de-feira-executa-obras-de-reforma-e-manutencao-em-quatro-pracas\\\/#mainImage\"},\"datePublished\":\"2026-08-08T04:57:12-03:00\",\"dateModified\":\"2026-08-08T04:57:12-03:00\"},{\"@type\":\"WebSite\",\"@id\":\"https:\\\/\\\/www.encontrafeiradesantana.com.br\\\/sobre\\\/#website\",\"url\":\"https:\\\/\\\/www.encontrafeiradesantana.com.br\\\/sobre\\\/\",\"name\":\"Encontra Feira de Santana\",\"description\":\"Not\\u00edcias, eventos, informa\\u00e7\\u00f5es e dicas na cidade Feira de Santana e regi\\u00e3o.\",\"inLanguage\":\"pt-BR\",\"publisher\":{\"@id\":\"https:\\\/\\\/www.encontrafeiradesantana.com.br\\\/sobre\\\/#organization\"}}]}\n\t\t<\/script>\n\t\t<!-- All in One SEO -->\n\n","aioseo_head_json":{"title":"Prefeitura de Feira executa obras de reforma e manuten\u00e7\u00e3o em quatro pra\u00e7as | Encontra Feira de Santana","description":"Prefeitura de Feira moderniza pra\u00e7as, oferecendo mais lazer e qualidade de vida \u00e0 popula\u00e7\u00e3o.","canonical_url":"https:\/\/www.encontrafeiradesantana.com.br\/sobre\/prefeitura-de-feira-executa-obras-de-reforma-e-manutencao-em-quatro-pracas\/","robots":"max-image-preview:large","keywords":"","webmasterTools":{"miscellaneous":""},"schema":{"@context":"https:\/\/schema.org","@graph":[{"@type":"Article","@id":"https:\/\/www.encontrafeiradesantana.com.br\/sobre\/prefeitura-de-feira-executa-obras-de-reforma-e-manutencao-em-quatro-pracas\/#article","name":"Prefeitura de Feira executa obras de reforma e manuten\u00e7\u00e3o em quatro pra\u00e7as | Encontra Feira de Santana","headline":"Prefeitura de Feira executa obras de reforma e manuten\u00e7\u00e3o em quatro pra\u00e7as","author":{"@id":"https:\/\/www.encontrafeiradesantana.com.br\/sobre\/author\/efeiradesantana\/#author"},"publisher":{"@id":"https:\/\/www.encontrafeiradesantana.com.br\/sobre\/#organization"},"image":{"@type":"ImageObject","url":"https:\/\/www.encontrafeiradesantana.com.br\/sobre\/wp-content\/uploads\/2026\/08\/prefeitura-de-feira-executa-obras-de-reforma-e-manutencao-em-quatro-pracas.webp","width":280,"height":280,"caption":"Prefeitura de Feira executa obras de reforma e manuten\u00e7\u00e3o em quatro pra\u00e7as"},"datePublished":"2026-08-08T04:57:12-03:00","dateModified":"2026-08-08T04:57:12-03:00","inLanguage":"pt-BR","mainEntityOfPage":{"@id":"https:\/\/www.encontrafeiradesantana.com.br\/sobre\/prefeitura-de-feira-executa-obras-de-reforma-e-manutencao-em-quatro-pracas\/#webpage"},"isPartOf":{"@id":"https:\/\/www.encontrafeiradesantana.com.br\/sobre\/prefeitura-de-feira-executa-obras-de-reforma-e-manutencao-em-quatro-pracas\/#webpage"},"articleSection":"Constru\u00e7\u00e3o Feira de Santana"},{"@type":"BreadcrumbList","@id":"https:\/\/www.encontrafeiradesantana.com.br\/sobre\/prefeitura-de-feira-executa-obras-de-reforma-e-manutencao-em-quatro-pracas\/#breadcrumblist","itemListElement":[{"@type":"ListItem","@id":"https:\/\/www.encontrafeiradesantana.com.br\/sobre#listItem","position":1,"name":"In\u00edcio","item":"https:\/\/www.encontrafeiradesantana.com.br\/sobre","nextItem":{"@type":"ListItem","@id":"https:\/\/www.encontrafeiradesantana.com.br\/sobre\/construcao-em-feira-de-santana\/#listItem","name":"Constru\u00e7\u00e3o Feira de Santana"}},{"@type":"ListItem","@id":"https:\/\/www.encontrafeiradesantana.com.br\/sobre\/construcao-em-feira-de-santana\/#listItem","position":2,"name":"Constru\u00e7\u00e3o Feira de Santana","item":"https:\/\/www.encontrafeiradesantana.com.br\/sobre\/construcao-em-feira-de-santana\/","nextItem":{"@type":"ListItem","@id":"https:\/\/www.encontrafeiradesantana.com.br\/sobre\/prefeitura-de-feira-executa-obras-de-reforma-e-manutencao-em-quatro-pracas\/#listItem","name":"Prefeitura de Feira executa obras de reforma e manuten\u00e7\u00e3o em quatro pra\u00e7as"},"previousItem":{"@type":"ListItem","@id":"https:\/\/www.encontrafeiradesantana.com.br\/sobre#listItem","name":"In\u00edcio"}},{"@type":"ListItem","@id":"https:\/\/www.encontrafeiradesantana.com.br\/sobre\/prefeitura-de-feira-executa-obras-de-reforma-e-manutencao-em-quatro-pracas\/#listItem","position":3,"name":"Prefeitura de Feira executa obras de reforma e manuten\u00e7\u00e3o em quatro pra\u00e7as","previousItem":{"@type":"ListItem","@id":"https:\/\/www.encontrafeiradesantana.com.br\/sobre\/construcao-em-feira-de-santana\/#listItem","name":"Constru\u00e7\u00e3o Feira de Santana"}}]},{"@type":"Organization","@id":"https:\/\/www.encontrafeiradesantana.com.br\/sobre\/#organization","name":"Encontra Feira de Santana","description":"Not\u00edcias, eventos, informa\u00e7\u00f5es e dicas na cidade Feira de Santana e regi\u00e3o.","url":"https:\/\/www.encontrafeiradesantana.com.br\/sobre\/"},{"@type":"Person","@id":"https:\/\/www.encontrafeiradesantana.com.br\/sobre\/author\/efeiradesantana\/#author","url":"https:\/\/www.encontrafeiradesantana.com.br\/sobre\/author\/efeiradesantana\/","name":"Encontra Feira de Santana","image":{"@type":"ImageObject","@id":"https:\/\/www.encontrafeiradesantana.com.br\/sobre\/prefeitura-de-feira-executa-obras-de-reforma-e-manutencao-em-quatro-pracas\/#authorImage","url":"https:\/\/secure.gravatar.com\/avatar\/507340682b8270222e1f208e23198b6ae7e2c6a1033ae84e99bc6bce4f82a387?s=96&d=mm&r=g","width":96,"height":96,"caption":"Encontra Feira de Santana"}},{"@type":"WebPage","@id":"https:\/\/www.encontrafeiradesantana.com.br\/sobre\/prefeitura-de-feira-executa-obras-de-reforma-e-manutencao-em-quatro-pracas\/#webpage","url":"https:\/\/www.encontrafeiradesantana.com.br\/sobre\/prefeitura-de-feira-executa-obras-de-reforma-e-manutencao-em-quatro-pracas\/","name":"Prefeitura de Feira executa obras de reforma e manuten\u00e7\u00e3o em quatro pra\u00e7as | Encontra Feira de Santana","description":"Prefeitura de Feira moderniza pra\u00e7as, oferecendo mais lazer e qualidade de vida \u00e0 popula\u00e7\u00e3o.","inLanguage":"pt-BR","isPartOf":{"@id":"https:\/\/www.encontrafeiradesantana.com.br\/sobre\/#website"},"breadcrumb":{"@id":"https:\/\/www.encontrafeiradesantana.com.br\/sobre\/prefeitura-de-feira-executa-obras-de-reforma-e-manutencao-em-quatro-pracas\/#breadcrumblist"},"author":{"@id":"https:\/\/www.encontrafeiradesantana.com.br\/sobre\/author\/efeiradesantana\/#author"},"creator":{"@id":"https:\/\/www.encontrafeiradesantana.com.br\/sobre\/author\/efeiradesantana\/#author"},"image":{"@type":"ImageObject","url":"https:\/\/www.encontrafeiradesantana.com.br\/sobre\/wp-content\/uploads\/2026\/08\/prefeitura-de-feira-executa-obras-de-reforma-e-manutencao-em-quatro-pracas.webp","@id":"https:\/\/www.encontrafeiradesantana.com.br\/sobre\/prefeitura-de-feira-executa-obras-de-reforma-e-manutencao-em-quatro-pracas\/#mainImage","width":280,"height":280,"caption":"Prefeitura de Feira executa obras de reforma e manuten\u00e7\u00e3o em quatro pra\u00e7as"},"primaryImageOfPage":{"@id":"https:\/\/www.encontrafeiradesantana.com.br\/sobre\/prefeitura-de-feira-executa-obras-de-reforma-e-manutencao-em-quatro-pracas\/#mainImage"},"datePublished":"2026-08-08T04:57:12-03:00","dateModified":"2026-08-08T04:57:12-03:00"},{"@type":"WebSite","@id":"https:\/\/www.encontrafeiradesantana.com.br\/sobre\/#website","url":"https:\/\/www.encontrafeiradesantana.com.br\/sobre\/","name":"Encontra Feira de Santana","description":"Not\u00edcias, eventos, informa\u00e7\u00f5es e dicas na cidade Feira de Santana e regi\u00e3o.","inLanguage":"pt-BR","publisher":{"@id":"https:\/\/www.encontrafeiradesantana.com.br\/sobre\/#organization"}}]},"og:locale":"pt_BR","og:site_name":"Encontra Feira de Santana | Not\u00edcias, eventos, informa\u00e7\u00f5es e dicas na cidade Feira de Santana e regi\u00e3o.","og:type":"article","og:title":"Prefeitura de Feira executa obras de reforma e manuten\u00e7\u00e3o em quatro pra\u00e7as | Encontra Feira de Santana","og:description":"Prefeitura de Feira moderniza pra\u00e7as, oferecendo mais lazer e qualidade de vida \u00e0 popula\u00e7\u00e3o.","og:url":"https:\/\/www.encontrafeiradesantana.com.br\/sobre\/prefeitura-de-feira-executa-obras-de-reforma-e-manutencao-em-quatro-pracas\/","article:published_time":"2026-08-08T07:57:12+00:00","article:modified_time":"2026-08-08T07:57:12+00:00","twitter:card":"summary","twitter:title":"Prefeitura de Feira executa obras de reforma e manuten\u00e7\u00e3o em quatro pra\u00e7as | Encontra Feira de Santana","twitter:description":"Prefeitura de Feira moderniza pra\u00e7as, oferecendo mais lazer e qualidade de vida \u00e0 popula\u00e7\u00e3o."},"aioseo_meta_data":{"post_id":"2626","title":null,"description":null,"keywords":null,"keyphrases":null,"primary_term":null,"canonical_url":null,"og_title":null,"og_description":null,"og_object_type":"default","og_image_type":"default","og_image_url":null,"og_image_width":null,"og_image_height":null,"og_image_custom_url":null,"og_image_custom_fields":null,"og_video":null,"og_custom_url":null,"og_article_section":null,"og_article_tags":null,"twitter_use_og":false,"twitter_card":"default","twitter_image_type":"default","twitter_image_url":null,"twitter_image_custom_url":null,"twitter_image_custom_fields":null,"twitter_title":null,"twitter_description":null,"schema":{"blockGraphs":[],"customGraphs":[],"default":{"data":{"Article":[],"Course":[],"Dataset":[],"FAQPage":[],"Movie":[],"Person":[],"Product":[],"ProductReview":[],"Car":[],"Recipe":[],"Service":[],"SoftwareApplication":[],"WebPage":[]},"graphName":"Article","isEnabled":true},"graphs":[]},"schema_type":"default","schema_type_options":null,"pillar_content":false,"robots_default":true,"robots_noindex":false,"robots_noarchive":false,"robots_nosnippet":false,"robots_nofollow":false,"robots_noimageindex":false,"robots_noodp":false,"robots_notranslate":false,"robots_max_snippet":null,"robots_max_videopreview":null,"robots_max_imagepreview":"large","priority":null,"frequency":null,"local_seo":null,"breadcrumb_settings":null,"limit_modified_date":false,"ai":null,"created":"2026-08-08 07:57:13","updated":"2026-08-08 09:17:12","focus_keyword":null,"additional_keywords":null,"truseo_locale":null,"seo_analyzer_scan_date":null},"aioseo_breadcrumb":"<div class=\"aioseo-breadcrumbs\"><span class=\"aioseo-breadcrumb\">\n\t\t\t<a href=\"https:\/\/www.encontrafeiradesantana.com.br\/sobre\" title=\"In\u00edcio\">In\u00edcio<\/a>\n\t\t<\/span><span class=\"aioseo-breadcrumb-separator\">&raquo;<\/span><span class=\"aioseo-breadcrumb\">\n\t\t\t<a href=\"https:\/\/www.encontrafeiradesantana.com.br\/sobre\/construcao-em-feira-de-santana\/\" title=\"Constru\u00e7\u00e3o Feira de Santana\">Constru\u00e7\u00e3o Feira de Santana<\/a>\n\t\t<\/span><span class=\"aioseo-breadcrumb-separator\">&raquo;<\/span><span class=\"aioseo-breadcrumb\">\n\t\t\tPrefeitura de Feira executa obras de reforma e manuten\u00e7\u00e3o em quatro pra\u00e7as\n\t\t<\/span><\/div>","aioseo_breadcrumb_json":[{"label":"In\u00edcio","link":"https:\/\/www.encontrafeiradesantana.com.br\/sobre"},{"label":"Constru\u00e7\u00e3o Feira de Santana","link":"https:\/\/www.encontrafeiradesantana.com.br\/sobre\/construcao-em-feira-de-santana\/"},{"label":"Prefeitura de Feira executa obras de reforma e manuten\u00e7\u00e3o em quatro pra\u00e7as","link":"https:\/\/www.encontrafeiradesantana.com.br\/sobre\/prefeitura-de-feira-executa-obras-de-reforma-e-manutencao-em-quatro-pracas\/"}],"_links":{"self":[{"href":"https:\/\/www.encontrafeiradesantana.com.br\/sobre\/wp-json\/wp\/v2\/posts\/2626","targetHints":{"allow":["GET"]}}],"collection":[{"href":"https:\/\/www.encontrafeiradesantana.com.br\/sobre\/wp-json\/wp\/v2\/posts"}],"about":[{"href":"https:\/\/www.encontrafeiradesantana.com.br\/sobre\/wp-json\/wp\/v2\/types\/post"}],"author":[{"embeddable":true,"href":"https:\/\/www.encontrafeiradesantana.com.br\/sobre\/wp-json\/wp\/v2\/users\/1"}],"replies":[{"embeddable":true,"href":"https:\/\/www.encontrafeiradesantana.com.br\/sobre\/wp-json\/wp\/v2\/comments?post=2626"}],"version-history":[{"count":0,"href":"https:\/\/www.encontrafeiradesantana.com.br\/sobre\/wp-json\/wp\/v2\/posts\/2626\/revisions"}],"wp:featuredmedia":[{"embeddable":true,"href":"https:\/\/www.encontrafeiradesantana.com.br\/sobre\/wp-json\/wp\/v2\/media\/2625"}],"wp:attachment":[{"href":"https:\/\/www.encontrafeiradesantana.com.br\/sobre\/wp-json\/wp\/v2\/media?parent=2626"}],"wp:term":[{"taxonomy":"category","embeddable":true,"href":"https:\/\/www.encontrafeiradesantana.com.br\/sobre\/wp-json\/wp\/v2\/categories?post=2626"},{"taxonomy":"post_tag","embeddable":true,"href":"https:\/\/www.encontrafeiradesantana.com.br\/sobre\/wp-json\/wp\/v2\/tags?post=2626"}],"curies":[{"name":"wp","href":"https:\/\/api.w.org\/{rel}","templated":true}]}}