{"id":2614,"date":"2026-08-06T05:30:16","date_gmt":"2026-08-06T08:30:16","guid":{"rendered":"https:\/\/www.encontrafeiradesantana.com.br\/sobre\/secretaria-da-mulher-destaca-protagonismo-feminino-diante-do-crescimento-do-eleitorado-em-feira-de-santana\/"},"modified":"2026-08-06T05:30:16","modified_gmt":"2026-08-06T08:30:16","slug":"secretaria-da-mulher-destaca-protagonismo-feminino-diante-do-crescimento-do-eleitorado-em-feira-de-santana","status":"publish","type":"post","link":"https:\/\/www.encontrafeiradesantana.com.br\/sobre\/secretaria-da-mulher-destaca-protagonismo-feminino-diante-do-crescimento-do-eleitorado-em-feira-de-santana\/","title":{"rendered":"Secretaria da Mulher destaca protagonismo feminino diante do crescimento do eleitorado em Feira de Santana"},"content":{"rendered":"<div class=\"3f468104ad11f00a3c9ac948316f4265\" data-index=\"1\" style=\"float: none; margin:0px;\">\n<ins class=\"adsbygoogle\"\r\n     style=\"display:block\"\r\n     data-ad-client=\"ca-pub-8585364105181520\"\r\n     data-ad-slot=\"8789329856\"\r\n     data-ad-format=\"auto\"\r\n     data-full-width-responsive=\"true\"><\/ins>\r\n<script>\r\n     (adsbygoogle = window.adsbygoogle || []).push({});\r\n<\/script>\r\n\n<\/div>\n<h2>A Ascens\u00e3o do Eleitorado Feminino<\/h2>\n<p>O aumento da presen\u00e7a feminina nas urnas em Feira de Santana \u00e9 um reflexo de um movimento mais amplo em dire\u00e7\u00e3o \u00e0 equidade de g\u00eanero. As estat\u00edsticas divulgadas pela Justi\u00e7a Eleitoral confirmam que as mulheres s\u00e3o a maioria entre os eleitores do munic\u00edpio, indicando n\u00e3o apenas uma mudan\u00e7a nas tend\u00eancias de voto, mas tamb\u00e9m um avan\u00e7o significativo na participa\u00e7\u00e3o das mulheres na vida pol\u00edtica e social.<\/p>\n<h2>O Papel da Secretaria Municipal de Pol\u00edticas para as Mulheres<\/h2>\n<p>Em resposta a este panorama positivo, a Secretaria Municipal de Pol\u00edticas para as Mulheres (SMPM) tem implementado uma s\u00e9rie de estrat\u00e9gias focadas em empoderar e incentivar a participa\u00e7\u00e3o feminina em decis\u00f5es que moldam a cidade. Essa administra\u00e7\u00e3o busca, por meio de projetos e a\u00e7\u00f5es cont\u00ednuas, garantir que as mulheres tenham voz ativa nos espa\u00e7os p\u00fablicos e nas esferas de poder.<\/p>\n<h2>Iniciativas para o Fortalecimento da Autonomia Feminina<\/h2>\n<p>As a\u00e7\u00f5es desenvolvidas pela SMPM v\u00e3o al\u00e9m da promo\u00e7\u00e3o do voto. A secretaria tamb\u00e9m se dedica ao fortalecimento da autonomia feminina por meio de:<\/p>\n<p><img decoding=\"async\" src=\"https:\/\/www.encontrafeiradesantana.com.br\/sobre\/wp-content\/uploads\/2026\/08\/secretaria-da-mulher-destaca-protagonismo-feminino-diante-do-crescimento-do-eleitorado-em-feira-de-s.webp\" alt=\"protagonismo feminino\" loading=\"lazy\" \/><\/p>\n<ul>\n<li><strong>Programas de capacita\u00e7\u00e3o:<\/strong> Oferecendo cursos que visam a forma\u00e7\u00e3o profissional das mulheres, preparando-as para o mercado de trabalho.<\/li>\n<li><strong>Incentivo ao empreendedorismo:<\/strong> Criando oportunidades para que as mulheres desenvolvam seus pr\u00f3prios neg\u00f3cios, contribuindo para a economia local.<\/li>\n<li><strong>Projetos de cidadania:<\/strong> Promovendo a import\u00e2ncia da participa\u00e7\u00e3o ativa nas decis\u00f5es pol\u00edticas e sociais.<\/li>\n<li><strong>A\u00e7\u00f5es de conscientiza\u00e7\u00e3o:<\/strong> Educando a popula\u00e7\u00e3o sobre os direitos e deveres das mulheres, tanto no \u00e2mbito social quanto no pol\u00edtico.<\/li>\n<\/ul>\n<h2>A Import\u00e2ncia do Voto Feminino na Democracia<\/h2>\n<p>A participa\u00e7\u00e3o das mulheres como eleitoras \u00e9 crucial para a consolida\u00e7\u00e3o da democracia. O voto feminino n\u00e3o apenas agrega diversidade ao processo eleitoral, mas tamb\u00e9m amplifica vozes que muitas vezes s\u00e3o sub-representadas. Quando as mulheres votam, elas trazem \u00e0 tona quest\u00f5es que afetam diretamente suas vidas e as de suas comunidades. Isso resulta em pol\u00edticas p\u00fablicas que s\u00e3o mais inclusivas e que, de fato, atendem \u00e0s necessidades de toda a popula\u00e7\u00e3o.<\/p>\n<h2>Desenvolvimento de Pol\u00edticas P\u00fablicas Inclusivas<\/h2>\n<p>Com a for\u00e7a crescente do eleitorado feminino, a administra\u00e7\u00e3o municipal \u00e9 incentivada a formular pol\u00edticas que considerem as especificidades e as demandas da popula\u00e7\u00e3o feminina. A SMPM defende a cria\u00e7\u00e3o de diretrizes que assegurem:<\/p>\n<ul>\n<li><strong>Equidade de g\u00eanero:<\/strong> Promovendo a\u00e7\u00f5es que garantam igualdade de direitos e oportunidades para todas as mulheres.<\/li>\n<li><strong>Apoio \u00e0s v\u00edtimas de viol\u00eancia:<\/strong> Implementando recursos que protejam e ofere\u00e7am suporte \u00e0s mulheres que enfrentam situa\u00e7\u00f5es de viol\u00eancia.<\/li>\n<li><strong>Educa\u00e7\u00e3o e sa\u00fade acess\u00edveis:<\/strong> Garantindo que as mulheres tenham acesso a servi\u00e7os educacionais e de sa\u00fade de qualidade, adaptados \u00e0s suas necessidades.<\/li>\n<\/ul>\n<h2>Promo\u00e7\u00e3o da Cidadania e da Igualdade de Direitos<\/h2>\n<p>A secretaria \u00e9 fundamental na promo\u00e7\u00e3o da cidadania, uma vez que busca garantir que as mulheres tenham n\u00e3o apenas direitos civis, mas tamb\u00e9m acesso a servi\u00e7os que possibilitem uma vida digna e igualit\u00e1ria. O foco est\u00e1 na:<\/p>\n<ul>\n<li><strong>Dissemina\u00e7\u00e3o de informa\u00e7\u00e3o:<\/strong> Proporcionando informa\u00e7\u00f5es claras sobre direitos e servi\u00e7os dispon\u00edveis.<\/li>\n<li><strong>Atua\u00e7\u00e3o em conjunto com outras institui\u00e7\u00f5es:<\/strong> Estabelecendo parcerias que ampliem o alcance das a\u00e7\u00f5es voltadas para o empoderamento feminino.<\/li>\n<li><strong>Fomento a atividades culturais e de lazer:<\/strong> Incentivando a participa\u00e7\u00e3o das mulheres em eventos que celebrem suas conquistas e conquistas hist\u00f3ricas.<\/li>\n<\/ul>\n<h2>Empreendedorismo Feminino e Qualifica\u00e7\u00e3o Profissional<\/h2>\n<p>O empoderamento econ\u00f4mico das mulheres \u00e9 uma das prioridades da SMPM. Para isso, oferece programas voltados para:<\/p>\n<ul>\n<li><strong>Mentoria de neg\u00f3cios:<\/strong> Auxiliando na orienta\u00e7\u00e3o e no desenvolvimento de ideias que se transformem em empreendimentos.<\/li>\n<li><strong>Capacita\u00e7\u00e3o em gest\u00e3o financeira:<\/strong> Fornecendo conhecimentos que possibilitem um melhor controle e prosperidade dos neg\u00f3cios.<\/li>\n<li><strong>Feiras e eventos:<\/strong> Criando oportunidades de visibilidade para os produtos e servi\u00e7os oferecidos por mulheres empreendedoras.<\/li>\n<\/ul>\n<h2>Enfrentamento \u00e0 Viol\u00eancia Contra a Mulher<\/h2>\n<p>O combate \u00e0 viol\u00eancia de g\u00eanero \u00e9 uma quest\u00e3o premente e a SMPM est\u00e1 comprometida em enfrentar esse problema. Entre as a\u00e7\u00f5es est\u00e3o:<\/p>\n<ul>\n<li><strong>Apoio psicol\u00f3gico e jur\u00eddico:<\/strong> Disponibilizando servi\u00e7os de suporte para mulheres em situa\u00e7\u00e3o de vulnerabilidade.<\/li>\n<li><strong>Campanhas de conscientiza\u00e7\u00e3o:<\/strong> Informando a sociedade sobre a import\u00e2ncia da den\u00fancia e do respeito \u00e0 mulher.<\/li>\n<li><strong>Parcerias com organiza\u00e7\u00f5es n\u00e3o governamentais:<\/strong> Para fortalecer as redes de apoio e ampliar o alcance da prote\u00e7\u00e3o \u00e0s mulheres.<\/li>\n<\/ul>\n<h2>A Contribui\u00e7\u00e3o das Mulheres na Pol\u00edtica Brasileira<\/h2>\n<p>A presen\u00e7a feminina na pol\u00edtica nacional tem mostrado um crescimento significativo ao longo dos anos. Com iniciativas que buscam aumentar a participa\u00e7\u00e3o das mulheres em cargos eletivos, podemos observar:<\/p>\n<ul>\n<li><strong>Maior representa\u00e7\u00e3o:<\/strong> Mulheres ocupando posi\u00e7\u00f5es de lideran\u00e7a, influenciando a tomada de decis\u00f5es em diversos setores.<\/li>\n<li><strong>Novas perspectivas:<\/strong> A inclus\u00e3o de mulheres traz abordagens e solu\u00e7\u00f5es inovadoras para quest\u00f5es sociais e pol\u00edticas.<\/li>\n<li><strong>Desafios cont\u00ednuos:<\/strong> Apesar do avan\u00e7o, ainda existem barreiras a serem superadas, como preconceitos e acessibilidade.<\/li>\n<\/ul>\n<h2>Feira de Santana como Exemplo de Protagonismo Feminino<\/h2>\n<p>Feira de Santana se destaca como um exemplo de como o aumento do eleitorado feminino pode influenciar positivamente a sociedade. A mobiliza\u00e7\u00e3o das mulheres no munic\u00edpio aponta para um futuro onde as vozes femininas s\u00e3o cada vez mais ouvidas e valorizadas. As a\u00e7\u00f5es encabe\u00e7adas pela SMPM s\u00e3o fundamentais para criar um ambiente em que as mulheres n\u00e3o apenas participam, mas tamb\u00e9m lideram. Este protagonismo feminino \u00e9 crucial para a constru\u00e7\u00e3o de uma democr\u00e1tica mais robusta e justa.<\/p>\n\n<div style=\"font-size: 0px; height: 0px; line-height: 0px; margin: 0; padding: 0; clear: both;\"><\/div>","protected":false},"excerpt":{"rendered":"<p>Protagonismo feminino em Feira de Santana em meio ao crescimento do eleitorado.<\/p>\n","protected":false},"author":1,"featured_media":2613,"comment_status":"open","ping_status":"closed","sticky":false,"template":"","format":"standard","meta":{"footnotes":""},"categories":[26],"tags":[],"class_list":["post-2614","post","type-post","status-publish","format-standard","has-post-thumbnail","hentry","category-cultura-em-feira-de-santana","has_thumb"],"aioseo_notices":[],"aioseo_head":"\n\t\t<!-- All in One SEO 5.0.0.1 - aioseo.com -->\n\t<meta name=\"description\" content=\"Protagonismo feminino em Feira de Santana em meio ao crescimento do eleitorado.\" \/>\n\t<meta name=\"robots\" content=\"max-image-preview:large\" \/>\n\t<meta name=\"author\" content=\"Encontra Feira de Santana\"\/>\n\t<link rel=\"canonical\" href=\"https:\/\/www.encontrafeiradesantana.com.br\/sobre\/secretaria-da-mulher-destaca-protagonismo-feminino-diante-do-crescimento-do-eleitorado-em-feira-de-santana\/\" \/>\n\t<meta name=\"generator\" content=\"All in One SEO (AIOSEO) 5.0.0.1\" \/>\n\t\t<meta property=\"og:locale\" content=\"pt_BR\" \/>\n\t\t<meta property=\"og:site_name\" content=\"Encontra Feira de Santana | Not\u00edcias, eventos, informa\u00e7\u00f5es e dicas na cidade Feira de Santana e regi\u00e3o.\" \/>\n\t\t<meta property=\"og:type\" content=\"article\" \/>\n\t\t<meta property=\"og:title\" content=\"Secretaria da Mulher destaca protagonismo feminino diante do crescimento do eleitorado em Feira de Santana | Encontra Feira de Santana\" \/>\n\t\t<meta property=\"og:description\" content=\"Protagonismo feminino em Feira de Santana em meio ao crescimento do eleitorado.\" \/>\n\t\t<meta property=\"og:url\" content=\"https:\/\/www.encontrafeiradesantana.com.br\/sobre\/secretaria-da-mulher-destaca-protagonismo-feminino-diante-do-crescimento-do-eleitorado-em-feira-de-santana\/\" \/>\n\t\t<meta property=\"article:published_time\" content=\"2026-08-06T08:30:16+00:00\" \/>\n\t\t<meta property=\"article:modified_time\" content=\"2026-08-06T08:30:16+00:00\" \/>\n\t\t<meta name=\"twitter:card\" content=\"summary\" \/>\n\t\t<meta name=\"twitter:title\" content=\"Secretaria da Mulher destaca protagonismo feminino diante do crescimento do eleitorado em Feira de Santana | Encontra Feira de Santana\" \/>\n\t\t<meta name=\"twitter:description\" content=\"Protagonismo feminino em Feira de Santana em meio ao crescimento do eleitorado.\" \/>\n\t\t<script type=\"application\/ld+json\" class=\"aioseo-schema\">\n\t\t\t{\"@context\":\"https:\\\/\\\/schema.org\",\"@graph\":[{\"@type\":\"Article\",\"@id\":\"https:\\\/\\\/www.encontrafeiradesantana.com.br\\\/sobre\\\/secretaria-da-mulher-destaca-protagonismo-feminino-diante-do-crescimento-do-eleitorado-em-feira-de-santana\\\/#article\",\"name\":\"Secretaria da Mulher destaca protagonismo feminino diante do crescimento do eleitorado em Feira de Santana | Encontra Feira de Santana\",\"headline\":\"Secretaria da Mulher destaca protagonismo feminino diante do crescimento do eleitorado em Feira de Santana\",\"author\":{\"@id\":\"https:\\\/\\\/www.encontrafeiradesantana.com.br\\\/sobre\\\/author\\\/efeiradesantana\\\/#author\"},\"publisher\":{\"@id\":\"https:\\\/\\\/www.encontrafeiradesantana.com.br\\\/sobre\\\/#organization\"},\"image\":{\"@type\":\"ImageObject\",\"url\":\"https:\\\/\\\/www.encontrafeiradesantana.com.br\\\/sobre\\\/wp-content\\\/uploads\\\/2026\\\/08\\\/secretaria-da-mulher-destaca-protagonismo-feminino-diante-do-crescimento-do-eleitorado-em-feira-de-s.webp\",\"width\":280,\"height\":280,\"caption\":\"protagonismo feminino\"},\"datePublished\":\"2026-08-06T05:30:16-03:00\",\"dateModified\":\"2026-08-06T05:30:16-03:00\",\"inLanguage\":\"pt-BR\",\"mainEntityOfPage\":{\"@id\":\"https:\\\/\\\/www.encontrafeiradesantana.com.br\\\/sobre\\\/secretaria-da-mulher-destaca-protagonismo-feminino-diante-do-crescimento-do-eleitorado-em-feira-de-santana\\\/#webpage\"},\"isPartOf\":{\"@id\":\"https:\\\/\\\/www.encontrafeiradesantana.com.br\\\/sobre\\\/secretaria-da-mulher-destaca-protagonismo-feminino-diante-do-crescimento-do-eleitorado-em-feira-de-santana\\\/#webpage\"},\"articleSection\":\"Cultura Feira de Santana\"},{\"@type\":\"BreadcrumbList\",\"@id\":\"https:\\\/\\\/www.encontrafeiradesantana.com.br\\\/sobre\\\/secretaria-da-mulher-destaca-protagonismo-feminino-diante-do-crescimento-do-eleitorado-em-feira-de-santana\\\/#breadcrumblist\",\"itemListElement\":[{\"@type\":\"ListItem\",\"@id\":\"https:\\\/\\\/www.encontrafeiradesantana.com.br\\\/sobre#listItem\",\"position\":1,\"name\":\"In\\u00edcio\",\"item\":\"https:\\\/\\\/www.encontrafeiradesantana.com.br\\\/sobre\",\"nextItem\":{\"@type\":\"ListItem\",\"@id\":\"https:\\\/\\\/www.encontrafeiradesantana.com.br\\\/sobre\\\/cultura-em-feira-de-santana\\\/#listItem\",\"name\":\"Cultura Feira de Santana\"}},{\"@type\":\"ListItem\",\"@id\":\"https:\\\/\\\/www.encontrafeiradesantana.com.br\\\/sobre\\\/cultura-em-feira-de-santana\\\/#listItem\",\"position\":2,\"name\":\"Cultura Feira de Santana\",\"item\":\"https:\\\/\\\/www.encontrafeiradesantana.com.br\\\/sobre\\\/cultura-em-feira-de-santana\\\/\",\"nextItem\":{\"@type\":\"ListItem\",\"@id\":\"https:\\\/\\\/www.encontrafeiradesantana.com.br\\\/sobre\\\/secretaria-da-mulher-destaca-protagonismo-feminino-diante-do-crescimento-do-eleitorado-em-feira-de-santana\\\/#listItem\",\"name\":\"Secretaria da Mulher destaca protagonismo feminino diante do crescimento do eleitorado em Feira de Santana\"},\"previousItem\":{\"@type\":\"ListItem\",\"@id\":\"https:\\\/\\\/www.encontrafeiradesantana.com.br\\\/sobre#listItem\",\"name\":\"In\\u00edcio\"}},{\"@type\":\"ListItem\",\"@id\":\"https:\\\/\\\/www.encontrafeiradesantana.com.br\\\/sobre\\\/secretaria-da-mulher-destaca-protagonismo-feminino-diante-do-crescimento-do-eleitorado-em-feira-de-santana\\\/#listItem\",\"position\":3,\"name\":\"Secretaria da Mulher destaca protagonismo feminino diante do crescimento do eleitorado em Feira de Santana\",\"previousItem\":{\"@type\":\"ListItem\",\"@id\":\"https:\\\/\\\/www.encontrafeiradesantana.com.br\\\/sobre\\\/cultura-em-feira-de-santana\\\/#listItem\",\"name\":\"Cultura Feira de Santana\"}}]},{\"@type\":\"Organization\",\"@id\":\"https:\\\/\\\/www.encontrafeiradesantana.com.br\\\/sobre\\\/#organization\",\"name\":\"Encontra Feira de Santana\",\"description\":\"Not\\u00edcias, eventos, informa\\u00e7\\u00f5es e dicas na cidade Feira de Santana e regi\\u00e3o.\",\"url\":\"https:\\\/\\\/www.encontrafeiradesantana.com.br\\\/sobre\\\/\"},{\"@type\":\"Person\",\"@id\":\"https:\\\/\\\/www.encontrafeiradesantana.com.br\\\/sobre\\\/author\\\/efeiradesantana\\\/#author\",\"url\":\"https:\\\/\\\/www.encontrafeiradesantana.com.br\\\/sobre\\\/author\\\/efeiradesantana\\\/\",\"name\":\"Encontra Feira de Santana\",\"image\":{\"@type\":\"ImageObject\",\"@id\":\"https:\\\/\\\/www.encontrafeiradesantana.com.br\\\/sobre\\\/secretaria-da-mulher-destaca-protagonismo-feminino-diante-do-crescimento-do-eleitorado-em-feira-de-santana\\\/#authorImage\",\"url\":\"https:\\\/\\\/secure.gravatar.com\\\/avatar\\\/507340682b8270222e1f208e23198b6ae7e2c6a1033ae84e99bc6bce4f82a387?s=96&d=mm&r=g\",\"width\":96,\"height\":96,\"caption\":\"Encontra Feira de Santana\"}},{\"@type\":\"WebPage\",\"@id\":\"https:\\\/\\\/www.encontrafeiradesantana.com.br\\\/sobre\\\/secretaria-da-mulher-destaca-protagonismo-feminino-diante-do-crescimento-do-eleitorado-em-feira-de-santana\\\/#webpage\",\"url\":\"https:\\\/\\\/www.encontrafeiradesantana.com.br\\\/sobre\\\/secretaria-da-mulher-destaca-protagonismo-feminino-diante-do-crescimento-do-eleitorado-em-feira-de-santana\\\/\",\"name\":\"Secretaria da Mulher destaca protagonismo feminino diante do crescimento do eleitorado em Feira de Santana | Encontra Feira de Santana\",\"description\":\"Protagonismo feminino em Feira de Santana em meio ao crescimento do eleitorado.\",\"inLanguage\":\"pt-BR\",\"isPartOf\":{\"@id\":\"https:\\\/\\\/www.encontrafeiradesantana.com.br\\\/sobre\\\/#website\"},\"breadcrumb\":{\"@id\":\"https:\\\/\\\/www.encontrafeiradesantana.com.br\\\/sobre\\\/secretaria-da-mulher-destaca-protagonismo-feminino-diante-do-crescimento-do-eleitorado-em-feira-de-santana\\\/#breadcrumblist\"},\"author\":{\"@id\":\"https:\\\/\\\/www.encontrafeiradesantana.com.br\\\/sobre\\\/author\\\/efeiradesantana\\\/#author\"},\"creator\":{\"@id\":\"https:\\\/\\\/www.encontrafeiradesantana.com.br\\\/sobre\\\/author\\\/efeiradesantana\\\/#author\"},\"image\":{\"@type\":\"ImageObject\",\"url\":\"https:\\\/\\\/www.encontrafeiradesantana.com.br\\\/sobre\\\/wp-content\\\/uploads\\\/2026\\\/08\\\/secretaria-da-mulher-destaca-protagonismo-feminino-diante-do-crescimento-do-eleitorado-em-feira-de-s.webp\",\"@id\":\"https:\\\/\\\/www.encontrafeiradesantana.com.br\\\/sobre\\\/secretaria-da-mulher-destaca-protagonismo-feminino-diante-do-crescimento-do-eleitorado-em-feira-de-santana\\\/#mainImage\",\"width\":280,\"height\":280,\"caption\":\"protagonismo feminino\"},\"primaryImageOfPage\":{\"@id\":\"https:\\\/\\\/www.encontrafeiradesantana.com.br\\\/sobre\\\/secretaria-da-mulher-destaca-protagonismo-feminino-diante-do-crescimento-do-eleitorado-em-feira-de-santana\\\/#mainImage\"},\"datePublished\":\"2026-08-06T05:30:16-03:00\",\"dateModified\":\"2026-08-06T05:30:16-03:00\"},{\"@type\":\"WebSite\",\"@id\":\"https:\\\/\\\/www.encontrafeiradesantana.com.br\\\/sobre\\\/#website\",\"url\":\"https:\\\/\\\/www.encontrafeiradesantana.com.br\\\/sobre\\\/\",\"name\":\"Encontra Feira de Santana\",\"description\":\"Not\\u00edcias, eventos, informa\\u00e7\\u00f5es e dicas na cidade Feira de Santana e regi\\u00e3o.\",\"inLanguage\":\"pt-BR\",\"publisher\":{\"@id\":\"https:\\\/\\\/www.encontrafeiradesantana.com.br\\\/sobre\\\/#organization\"}}]}\n\t\t<\/script>\n\t\t<!-- All in One SEO -->\n\n","aioseo_head_json":{"title":"Secretaria da Mulher destaca protagonismo feminino diante do crescimento do eleitorado em Feira de Santana | Encontra Feira de Santana","description":"Protagonismo feminino em Feira de Santana em meio ao crescimento do eleitorado.","canonical_url":"https:\/\/www.encontrafeiradesantana.com.br\/sobre\/secretaria-da-mulher-destaca-protagonismo-feminino-diante-do-crescimento-do-eleitorado-em-feira-de-santana\/","robots":"max-image-preview:large","keywords":"","webmasterTools":{"miscellaneous":""},"schema":{"@context":"https:\/\/schema.org","@graph":[{"@type":"Article","@id":"https:\/\/www.encontrafeiradesantana.com.br\/sobre\/secretaria-da-mulher-destaca-protagonismo-feminino-diante-do-crescimento-do-eleitorado-em-feira-de-santana\/#article","name":"Secretaria da Mulher destaca protagonismo feminino diante do crescimento do eleitorado em Feira de Santana | Encontra Feira de Santana","headline":"Secretaria da Mulher destaca protagonismo feminino diante do crescimento do eleitorado em Feira de Santana","author":{"@id":"https:\/\/www.encontrafeiradesantana.com.br\/sobre\/author\/efeiradesantana\/#author"},"publisher":{"@id":"https:\/\/www.encontrafeiradesantana.com.br\/sobre\/#organization"},"image":{"@type":"ImageObject","url":"https:\/\/www.encontrafeiradesantana.com.br\/sobre\/wp-content\/uploads\/2026\/08\/secretaria-da-mulher-destaca-protagonismo-feminino-diante-do-crescimento-do-eleitorado-em-feira-de-s.webp","width":280,"height":280,"caption":"protagonismo feminino"},"datePublished":"2026-08-06T05:30:16-03:00","dateModified":"2026-08-06T05:30:16-03:00","inLanguage":"pt-BR","mainEntityOfPage":{"@id":"https:\/\/www.encontrafeiradesantana.com.br\/sobre\/secretaria-da-mulher-destaca-protagonismo-feminino-diante-do-crescimento-do-eleitorado-em-feira-de-santana\/#webpage"},"isPartOf":{"@id":"https:\/\/www.encontrafeiradesantana.com.br\/sobre\/secretaria-da-mulher-destaca-protagonismo-feminino-diante-do-crescimento-do-eleitorado-em-feira-de-santana\/#webpage"},"articleSection":"Cultura Feira de Santana"},{"@type":"BreadcrumbList","@id":"https:\/\/www.encontrafeiradesantana.com.br\/sobre\/secretaria-da-mulher-destaca-protagonismo-feminino-diante-do-crescimento-do-eleitorado-em-feira-de-santana\/#breadcrumblist","itemListElement":[{"@type":"ListItem","@id":"https:\/\/www.encontrafeiradesantana.com.br\/sobre#listItem","position":1,"name":"In\u00edcio","item":"https:\/\/www.encontrafeiradesantana.com.br\/sobre","nextItem":{"@type":"ListItem","@id":"https:\/\/www.encontrafeiradesantana.com.br\/sobre\/cultura-em-feira-de-santana\/#listItem","name":"Cultura Feira de Santana"}},{"@type":"ListItem","@id":"https:\/\/www.encontrafeiradesantana.com.br\/sobre\/cultura-em-feira-de-santana\/#listItem","position":2,"name":"Cultura Feira de Santana","item":"https:\/\/www.encontrafeiradesantana.com.br\/sobre\/cultura-em-feira-de-santana\/","nextItem":{"@type":"ListItem","@id":"https:\/\/www.encontrafeiradesantana.com.br\/sobre\/secretaria-da-mulher-destaca-protagonismo-feminino-diante-do-crescimento-do-eleitorado-em-feira-de-santana\/#listItem","name":"Secretaria da Mulher destaca protagonismo feminino diante do crescimento do eleitorado em Feira de Santana"},"previousItem":{"@type":"ListItem","@id":"https:\/\/www.encontrafeiradesantana.com.br\/sobre#listItem","name":"In\u00edcio"}},{"@type":"ListItem","@id":"https:\/\/www.encontrafeiradesantana.com.br\/sobre\/secretaria-da-mulher-destaca-protagonismo-feminino-diante-do-crescimento-do-eleitorado-em-feira-de-santana\/#listItem","position":3,"name":"Secretaria da Mulher destaca protagonismo feminino diante do crescimento do eleitorado em Feira de Santana","previousItem":{"@type":"ListItem","@id":"https:\/\/www.encontrafeiradesantana.com.br\/sobre\/cultura-em-feira-de-santana\/#listItem","name":"Cultura Feira de Santana"}}]},{"@type":"Organization","@id":"https:\/\/www.encontrafeiradesantana.com.br\/sobre\/#organization","name":"Encontra Feira de Santana","description":"Not\u00edcias, eventos, informa\u00e7\u00f5es e dicas na cidade Feira de Santana e regi\u00e3o.","url":"https:\/\/www.encontrafeiradesantana.com.br\/sobre\/"},{"@type":"Person","@id":"https:\/\/www.encontrafeiradesantana.com.br\/sobre\/author\/efeiradesantana\/#author","url":"https:\/\/www.encontrafeiradesantana.com.br\/sobre\/author\/efeiradesantana\/","name":"Encontra Feira de Santana","image":{"@type":"ImageObject","@id":"https:\/\/www.encontrafeiradesantana.com.br\/sobre\/secretaria-da-mulher-destaca-protagonismo-feminino-diante-do-crescimento-do-eleitorado-em-feira-de-santana\/#authorImage","url":"https:\/\/secure.gravatar.com\/avatar\/507340682b8270222e1f208e23198b6ae7e2c6a1033ae84e99bc6bce4f82a387?s=96&d=mm&r=g","width":96,"height":96,"caption":"Encontra Feira de Santana"}},{"@type":"WebPage","@id":"https:\/\/www.encontrafeiradesantana.com.br\/sobre\/secretaria-da-mulher-destaca-protagonismo-feminino-diante-do-crescimento-do-eleitorado-em-feira-de-santana\/#webpage","url":"https:\/\/www.encontrafeiradesantana.com.br\/sobre\/secretaria-da-mulher-destaca-protagonismo-feminino-diante-do-crescimento-do-eleitorado-em-feira-de-santana\/","name":"Secretaria da Mulher destaca protagonismo feminino diante do crescimento do eleitorado em Feira de Santana | Encontra Feira de Santana","description":"Protagonismo feminino em Feira de Santana em meio ao crescimento do eleitorado.","inLanguage":"pt-BR","isPartOf":{"@id":"https:\/\/www.encontrafeiradesantana.com.br\/sobre\/#website"},"breadcrumb":{"@id":"https:\/\/www.encontrafeiradesantana.com.br\/sobre\/secretaria-da-mulher-destaca-protagonismo-feminino-diante-do-crescimento-do-eleitorado-em-feira-de-santana\/#breadcrumblist"},"author":{"@id":"https:\/\/www.encontrafeiradesantana.com.br\/sobre\/author\/efeiradesantana\/#author"},"creator":{"@id":"https:\/\/www.encontrafeiradesantana.com.br\/sobre\/author\/efeiradesantana\/#author"},"image":{"@type":"ImageObject","url":"https:\/\/www.encontrafeiradesantana.com.br\/sobre\/wp-content\/uploads\/2026\/08\/secretaria-da-mulher-destaca-protagonismo-feminino-diante-do-crescimento-do-eleitorado-em-feira-de-s.webp","@id":"https:\/\/www.encontrafeiradesantana.com.br\/sobre\/secretaria-da-mulher-destaca-protagonismo-feminino-diante-do-crescimento-do-eleitorado-em-feira-de-santana\/#mainImage","width":280,"height":280,"caption":"protagonismo feminino"},"primaryImageOfPage":{"@id":"https:\/\/www.encontrafeiradesantana.com.br\/sobre\/secretaria-da-mulher-destaca-protagonismo-feminino-diante-do-crescimento-do-eleitorado-em-feira-de-santana\/#mainImage"},"datePublished":"2026-08-06T05:30:16-03:00","dateModified":"2026-08-06T05:30:16-03:00"},{"@type":"WebSite","@id":"https:\/\/www.encontrafeiradesantana.com.br\/sobre\/#website","url":"https:\/\/www.encontrafeiradesantana.com.br\/sobre\/","name":"Encontra Feira de Santana","description":"Not\u00edcias, eventos, informa\u00e7\u00f5es e dicas na cidade Feira de Santana e regi\u00e3o.","inLanguage":"pt-BR","publisher":{"@id":"https:\/\/www.encontrafeiradesantana.com.br\/sobre\/#organization"}}]},"og:locale":"pt_BR","og:site_name":"Encontra Feira de Santana | Not\u00edcias, eventos, informa\u00e7\u00f5es e dicas na cidade Feira de Santana e regi\u00e3o.","og:type":"article","og:title":"Secretaria da Mulher destaca protagonismo feminino diante do crescimento do eleitorado em Feira de Santana | Encontra Feira de Santana","og:description":"Protagonismo feminino em Feira de Santana em meio ao crescimento do eleitorado.","og:url":"https:\/\/www.encontrafeiradesantana.com.br\/sobre\/secretaria-da-mulher-destaca-protagonismo-feminino-diante-do-crescimento-do-eleitorado-em-feira-de-santana\/","article:published_time":"2026-08-06T08:30:16+00:00","article:modified_time":"2026-08-06T08:30:16+00:00","twitter:card":"summary","twitter:title":"Secretaria da Mulher destaca protagonismo feminino diante do crescimento do eleitorado em Feira de Santana | Encontra Feira de Santana","twitter:description":"Protagonismo feminino em Feira de Santana em meio ao crescimento do eleitorado."},"aioseo_meta_data":{"post_id":"2614","title":null,"description":null,"keywords":null,"keyphrases":null,"primary_term":null,"canonical_url":null,"og_title":null,"og_description":null,"og_object_type":"default","og_image_type":"default","og_image_url":null,"og_image_width":null,"og_image_height":null,"og_image_custom_url":null,"og_image_custom_fields":null,"og_video":null,"og_custom_url":null,"og_article_section":null,"og_article_tags":null,"twitter_use_og":false,"twitter_card":"default","twitter_image_type":"default","twitter_image_url":null,"twitter_image_custom_url":null,"twitter_image_custom_fields":null,"twitter_title":null,"twitter_description":null,"schema":{"blockGraphs":[],"customGraphs":[],"default":{"data":{"Article":[],"Course":[],"Dataset":[],"FAQPage":[],"Movie":[],"Person":[],"Product":[],"ProductReview":[],"Car":[],"Recipe":[],"Service":[],"SoftwareApplication":[],"WebPage":[]},"graphName":"Article","isEnabled":true},"graphs":[]},"schema_type":"default","schema_type_options":null,"pillar_content":false,"robots_default":true,"robots_noindex":false,"robots_noarchive":false,"robots_nosnippet":false,"robots_nofollow":false,"robots_noimageindex":false,"robots_noodp":false,"robots_notranslate":false,"robots_max_snippet":null,"robots_max_videopreview":null,"robots_max_imagepreview":"large","priority":null,"frequency":null,"local_seo":null,"breadcrumb_settings":null,"limit_modified_date":false,"ai":null,"created":"2026-08-06 08:30:16","updated":"2026-08-06 09:11:40","focus_keyword":null,"additional_keywords":null,"truseo_locale":null,"seo_analyzer_scan_date":null},"aioseo_breadcrumb":"<div class=\"aioseo-breadcrumbs\"><span class=\"aioseo-breadcrumb\">\n\t\t\t<a href=\"https:\/\/www.encontrafeiradesantana.com.br\/sobre\" title=\"In\u00edcio\">In\u00edcio<\/a>\n\t\t<\/span><span class=\"aioseo-breadcrumb-separator\">&raquo;<\/span><span class=\"aioseo-breadcrumb\">\n\t\t\t<a href=\"https:\/\/www.encontrafeiradesantana.com.br\/sobre\/cultura-em-feira-de-santana\/\" title=\"Cultura Feira de Santana\">Cultura Feira de Santana<\/a>\n\t\t<\/span><span class=\"aioseo-breadcrumb-separator\">&raquo;<\/span><span class=\"aioseo-breadcrumb\">\n\t\t\tSecretaria da Mulher destaca protagonismo feminino diante do crescimento do eleitorado em Feira de Santana\n\t\t<\/span><\/div>","aioseo_breadcrumb_json":[{"label":"In\u00edcio","link":"https:\/\/www.encontrafeiradesantana.com.br\/sobre"},{"label":"Cultura Feira de Santana","link":"https:\/\/www.encontrafeiradesantana.com.br\/sobre\/cultura-em-feira-de-santana\/"},{"label":"Secretaria da Mulher destaca protagonismo feminino diante do crescimento do eleitorado em Feira de Santana","link":"https:\/\/www.encontrafeiradesantana.com.br\/sobre\/secretaria-da-mulher-destaca-protagonismo-feminino-diante-do-crescimento-do-eleitorado-em-feira-de-santana\/"}],"_links":{"self":[{"href":"https:\/\/www.encontrafeiradesantana.com.br\/sobre\/wp-json\/wp\/v2\/posts\/2614","targetHints":{"allow":["GET"]}}],"collection":[{"href":"https:\/\/www.encontrafeiradesantana.com.br\/sobre\/wp-json\/wp\/v2\/posts"}],"about":[{"href":"https:\/\/www.encontrafeiradesantana.com.br\/sobre\/wp-json\/wp\/v2\/types\/post"}],"author":[{"embeddable":true,"href":"https:\/\/www.encontrafeiradesantana.com.br\/sobre\/wp-json\/wp\/v2\/users\/1"}],"replies":[{"embeddable":true,"href":"https:\/\/www.encontrafeiradesantana.com.br\/sobre\/wp-json\/wp\/v2\/comments?post=2614"}],"version-history":[{"count":0,"href":"https:\/\/www.encontrafeiradesantana.com.br\/sobre\/wp-json\/wp\/v2\/posts\/2614\/revisions"}],"wp:featuredmedia":[{"embeddable":true,"href":"https:\/\/www.encontrafeiradesantana.com.br\/sobre\/wp-json\/wp\/v2\/media\/2613"}],"wp:attachment":[{"href":"https:\/\/www.encontrafeiradesantana.com.br\/sobre\/wp-json\/wp\/v2\/media?parent=2614"}],"wp:term":[{"taxonomy":"category","embeddable":true,"href":"https:\/\/www.encontrafeiradesantana.com.br\/sobre\/wp-json\/wp\/v2\/categories?post=2614"},{"taxonomy":"post_tag","embeddable":true,"href":"https:\/\/www.encontrafeiradesantana.com.br\/sobre\/wp-json\/wp\/v2\/tags?post=2614"}],"curies":[{"name":"wp","href":"https:\/\/api.w.org\/{rel}","templated":true}]}}