{"id":2603,"date":"2026-08-04T06:04:23","date_gmt":"2026-08-04T09:04:23","guid":{"rendered":"https:\/\/www.encontrafeiradesantana.com.br\/sobre\/secretaria-da-mulher-participa-de-roda-de-conversa-na-casa-das-mulheres-negras-do-campo\/"},"modified":"2026-08-04T06:04:23","modified_gmt":"2026-08-04T09:04:23","slug":"secretaria-da-mulher-participa-de-roda-de-conversa-na-casa-das-mulheres-negras-do-campo","status":"publish","type":"post","link":"https:\/\/www.encontrafeiradesantana.com.br\/sobre\/secretaria-da-mulher-participa-de-roda-de-conversa-na-casa-das-mulheres-negras-do-campo\/","title":{"rendered":"Secretaria da Mulher participa de roda de conversa na Casa das Mulheres Negras do Campo"},"content":{"rendered":"<div class=\"3f468104ad11f00a3c9ac948316f4265\" data-index=\"1\" style=\"float: none; margin:0px;\">\n<ins class=\"adsbygoogle\"\r\n     style=\"display:block\"\r\n     data-ad-client=\"ca-pub-8585364105181520\"\r\n     data-ad-slot=\"8789329856\"\r\n     data-ad-format=\"auto\"\r\n     data-full-width-responsive=\"true\"><\/ins>\r\n<script>\r\n     (adsbygoogle = window.adsbygoogle || []).push({});\r\n<\/script>\r\n\n<\/div>\n<h2>Momento de Di\u00e1logo e Troca de Experi\u00eancias<\/h2>\n<p>No s\u00e1bado, 1\u00ba de agosto de 2026, a Secretaria Municipal de Pol\u00edticas para as Mulheres (SMPM) participou de uma roda de conversa organizadas pela Casa das Mulheres Negras do Campo, localizada na comunidade de Morrinhos, no distrito de Jaguara, em Feira de Santana. Este evento foi uma iniciativa que promoveu um espa\u00e7o de di\u00e1logo rico, onde diversas mulheres da zona rural puderam compartilhar suas experi\u00eancias de vida, ouvir umas \u00e0s outras e celebrar a import\u00e2ncia das hist\u00f3rias pessoais.<\/p>\n<h2>Import\u00e2ncia da Identidade Feminina no Campo<\/h2>\n<p>A roda de conversa representou um momento essencial para a valoriza\u00e7\u00e3o da identidade feminina no campo. As participantes n\u00e3o apenas se reuniram para discutir seus desafios e conquistas, mas tamb\u00e9m para fortalecer seus la\u00e7os comunit\u00e1rios. O evento permitiu que essas mulheres, que frequentemente enfrentam um contexto de invisibilidade, pudessem expressar suas vozes e refletir sobre as especificidades de suas viv\u00eancias.<\/p>\n<h2>Relato Emocionante da Secret\u00e1ria Neinha Bastos<\/h2>\n<p>A secret\u00e1ria municipal de Pol\u00edticas para as Mulheres, Neinha Bastos, apresentou um relato impactante durante a roda de conversa. Compartilhando sua pr\u00f3pria trajet\u00f3ria de vida, que inclui as dificuldades e triunfos como mulher negra no campo, ela enfatizou a relev\u00e2ncia de reconhecer as lutas coletivas e os progressos realizados ao longo dos anos. Com emo\u00e7\u00e3o, Neinha destacou que cada hist\u00f3ria ali contada tamb\u00e9m ressoa com a sua, mostrando como as experi\u00eancias se interligam entre as mulheres do campo.<\/p>\n<p><img decoding=\"async\" src=\"https:\/\/www.encontrafeiradesantana.com.br\/sobre\/wp-content\/uploads\/2026\/08\/secretaria-da-mulher-participa-de-roda-de-conversa-na-casa-das-mulheres-negras-do-campo.webp\" alt=\"Secretaria da Mulher\" loading=\"lazy\" \/><\/p>\n<h2>Conquistas das Mulheres ao Longo dos Anos<\/h2>\n<p>A troca de hist\u00f3rias foi enriquecedora, refletindo sobre as conquistas conseguidas pelas mulheres ao longo do tempo. Neinha Bastos lembrou a import\u00e2ncia de valorizar essas vit\u00f3rias, que sempre foram acompanhadas de lutas intensas por direitos e respeito. As participantes eram lembradas de que, embora os desafios continuem, \u00e9 essencial que elas reconhe\u00e7am suas qualidades e a for\u00e7a necess\u00e1ria para avan\u00e7ar.<\/p>\n<h2>Acesso \u00e0s Pol\u00edticas P\u00fablicas e Direitos<\/h2>\n<p>Um dos objetivos da roda de conversa foi informar as mulheres sobre as pol\u00edticas p\u00fablicas que podem benefici\u00e1-las, especialmente aquelas voltadas para a prote\u00e7\u00e3o e o empoderamento feminino. Neinha Bastos destacou o papel da Secretaria da Mulher em assegurar que todos tenham acesso \u00e0 informa\u00e7\u00e3o e aos recursos dispon\u00edveis, promovendo assim a igualdade de direitos. As participantes receberam informa\u00e7\u00f5es valiosas acerca dos servi\u00e7os implementados pelo governo municipal, que visam garantir a autonomia das mulheres.<\/p>\n<h2>Fortalecimento da Autonomia Feminina<\/h2>\n<p>O fortalecimento da autonomia feminina foi um tema central nas discuss\u00f5es. Neinha Bastos ressaltou que o empoderamento das mulheres deve ser alimentado constantemente, permitindo que cada uma saiba que possui direitos e capacidade de levar seus sonhos adiante. Esse fortalecimento n\u00e3o se limita apenas ao acesso a informa\u00e7\u00f5es, mas tamb\u00e9m \u00e0 cria\u00e7\u00e3o de uma rede de apoio solid\u00e1ria entre as mulheres, incentivando a uni\u00e3o e o suporte m\u00fatuo.<\/p>\n<h2>O Papel das Av\u00f3s no Campo<\/h2>\n<p>O evento tamb\u00e9m prestou homenagem \u00e0s av\u00f3s do campo, reconhecendo seu papel fundamental na transmiss\u00e3o de sabedoria e na preserva\u00e7\u00e3o das tradi\u00e7\u00f5es familiares e comunit\u00e1rias. As experi\u00eancias dessas mulheres mais velhas s\u00e3o fundamentais para a forma\u00e7\u00e3o da identidade das gera\u00e7\u00f5es mais jovens, e a roda de conversa funcionou como uma forma de gratid\u00e3o e reconhecimento do valor que elas trazem para a sociedade.<\/p>\n<h2>Encontro de Culturas e Hist\u00f3rias de Vida<\/h2>\n<p>A roda de conversa n\u00e3o foi apenas um espa\u00e7o de troca de ideias, mas tamb\u00e9m um verdadeiro encontro de culturas. As mulheres que participaram trouxeram consigo n\u00e3o apenas seus relatos, mas tamb\u00e9m tradi\u00e7\u00f5es, m\u00fasicas e hist\u00f3rias que refletem suas ra\u00edzes. Esse interc\u00e2mbio cultural enriqueceu o evento, mostrando que as lutas e conquistas s\u00e3o muitas vezes interligadas \u00e0s suas identidades culturais e aos saberes que cultivaram ao longo da vida.<\/p>\n<h2>Compromisso do Governo Municipal com a Igualdade<\/h2>\n<p>O evento reafirma o compromisso do governo municipal de Feira de Santana com a promo\u00e7\u00e3o de pol\u00edticas p\u00fablicas que favore\u00e7am a igualdade de g\u00eanero. A participa\u00e7\u00e3o ativa das mulheres em espa\u00e7os de decis\u00e3o e na constru\u00e7\u00e3o de pol\u00edticas que lhes digam respeito \u00e9 vista como uma prioridade. Esse compromisso \u00e9 vital para garantir que todas as mulheres, especialmente aquelas em \u00e1reas rurais, tenham acesso a informa\u00e7\u00f5es, servi\u00e7os e oportunidades necess\u00e1rios para exercer plenamente sua cidadania.<\/p>\n<h2>Oportunidades para Exerc\u00edcio da Cidadania<\/h2>\n<p>A roda de conversa se destaca como uma plataforma onde as mulheres podem se informar, se conectar e encontrar oportunidades para moldar suas realidades. Os servi\u00e7os da Secretaria da Mulher foram apresentados, visando orientar as participantes sobre como acessar diversos recursos e programas destinados a facilitar seu desenvolvimento pessoal e profissional. Oportunidades de empregos, acesso a educa\u00e7\u00e3o e programas de assist\u00eancia social foram algumas das tem\u00e1ticas abordadas, reafirmando a import\u00e2ncia de um acesso igualit\u00e1rio e abrangente.<\/p>\n\n<div style=\"font-size: 0px; height: 0px; line-height: 0px; margin: 0; padding: 0; clear: both;\"><\/div>","protected":false},"excerpt":{"rendered":"<p>Saiba como a Secretaria da Mulher fortalece a comunidade na Casa das Mulheres Negras.<\/p>\n","protected":false},"author":1,"featured_media":2602,"comment_status":"open","ping_status":"closed","sticky":false,"template":"","format":"standard","meta":{"footnotes":""},"categories":[26],"tags":[],"class_list":["post-2603","post","type-post","status-publish","format-standard","has-post-thumbnail","hentry","category-cultura-em-feira-de-santana","has_thumb"],"aioseo_notices":[],"aioseo_head":"\n\t\t<!-- All in One SEO 5.0.0.1 - aioseo.com -->\n\t<meta name=\"description\" content=\"Saiba como a Secretaria da Mulher fortalece a comunidade na Casa das Mulheres Negras.\" \/>\n\t<meta name=\"robots\" content=\"max-image-preview:large\" \/>\n\t<meta name=\"author\" content=\"Encontra Feira de Santana\"\/>\n\t<link rel=\"canonical\" href=\"https:\/\/www.encontrafeiradesantana.com.br\/sobre\/secretaria-da-mulher-participa-de-roda-de-conversa-na-casa-das-mulheres-negras-do-campo\/\" \/>\n\t<meta name=\"generator\" content=\"All in One SEO (AIOSEO) 5.0.0.1\" \/>\n\t\t<meta property=\"og:locale\" content=\"pt_BR\" \/>\n\t\t<meta property=\"og:site_name\" content=\"Encontra Feira de Santana | Not\u00edcias, eventos, informa\u00e7\u00f5es e dicas na cidade Feira de Santana e regi\u00e3o.\" \/>\n\t\t<meta property=\"og:type\" content=\"article\" \/>\n\t\t<meta property=\"og:title\" content=\"Secretaria da Mulher participa de roda de conversa na Casa das Mulheres Negras do Campo | Encontra Feira de Santana\" \/>\n\t\t<meta property=\"og:description\" content=\"Saiba como a Secretaria da Mulher fortalece a comunidade na Casa das Mulheres Negras.\" \/>\n\t\t<meta property=\"og:url\" content=\"https:\/\/www.encontrafeiradesantana.com.br\/sobre\/secretaria-da-mulher-participa-de-roda-de-conversa-na-casa-das-mulheres-negras-do-campo\/\" \/>\n\t\t<meta property=\"article:published_time\" content=\"2026-08-04T09:04:23+00:00\" \/>\n\t\t<meta property=\"article:modified_time\" content=\"2026-08-04T09:04:23+00:00\" \/>\n\t\t<meta name=\"twitter:card\" content=\"summary\" \/>\n\t\t<meta name=\"twitter:title\" content=\"Secretaria da Mulher participa de roda de conversa na Casa das Mulheres Negras do Campo | Encontra Feira de Santana\" \/>\n\t\t<meta name=\"twitter:description\" content=\"Saiba como a Secretaria da Mulher fortalece a comunidade na Casa das Mulheres Negras.\" \/>\n\t\t<script type=\"application\/ld+json\" class=\"aioseo-schema\">\n\t\t\t{\"@context\":\"https:\\\/\\\/schema.org\",\"@graph\":[{\"@type\":\"Article\",\"@id\":\"https:\\\/\\\/www.encontrafeiradesantana.com.br\\\/sobre\\\/secretaria-da-mulher-participa-de-roda-de-conversa-na-casa-das-mulheres-negras-do-campo\\\/#article\",\"name\":\"Secretaria da Mulher participa de roda de conversa na Casa das Mulheres Negras do Campo | Encontra Feira de Santana\",\"headline\":\"Secretaria da Mulher participa de roda de conversa na Casa das Mulheres Negras do Campo\",\"author\":{\"@id\":\"https:\\\/\\\/www.encontrafeiradesantana.com.br\\\/sobre\\\/author\\\/efeiradesantana\\\/#author\"},\"publisher\":{\"@id\":\"https:\\\/\\\/www.encontrafeiradesantana.com.br\\\/sobre\\\/#organization\"},\"image\":{\"@type\":\"ImageObject\",\"url\":\"https:\\\/\\\/www.encontrafeiradesantana.com.br\\\/sobre\\\/wp-content\\\/uploads\\\/2026\\\/08\\\/secretaria-da-mulher-participa-de-roda-de-conversa-na-casa-das-mulheres-negras-do-campo.webp\",\"width\":280,\"height\":280,\"caption\":\"Secretaria da Mulher\"},\"datePublished\":\"2026-08-04T06:04:23-03:00\",\"dateModified\":\"2026-08-04T06:04:23-03:00\",\"inLanguage\":\"pt-BR\",\"mainEntityOfPage\":{\"@id\":\"https:\\\/\\\/www.encontrafeiradesantana.com.br\\\/sobre\\\/secretaria-da-mulher-participa-de-roda-de-conversa-na-casa-das-mulheres-negras-do-campo\\\/#webpage\"},\"isPartOf\":{\"@id\":\"https:\\\/\\\/www.encontrafeiradesantana.com.br\\\/sobre\\\/secretaria-da-mulher-participa-de-roda-de-conversa-na-casa-das-mulheres-negras-do-campo\\\/#webpage\"},\"articleSection\":\"Cultura Feira de Santana\"},{\"@type\":\"BreadcrumbList\",\"@id\":\"https:\\\/\\\/www.encontrafeiradesantana.com.br\\\/sobre\\\/secretaria-da-mulher-participa-de-roda-de-conversa-na-casa-das-mulheres-negras-do-campo\\\/#breadcrumblist\",\"itemListElement\":[{\"@type\":\"ListItem\",\"@id\":\"https:\\\/\\\/www.encontrafeiradesantana.com.br\\\/sobre#listItem\",\"position\":1,\"name\":\"In\\u00edcio\",\"item\":\"https:\\\/\\\/www.encontrafeiradesantana.com.br\\\/sobre\",\"nextItem\":{\"@type\":\"ListItem\",\"@id\":\"https:\\\/\\\/www.encontrafeiradesantana.com.br\\\/sobre\\\/cultura-em-feira-de-santana\\\/#listItem\",\"name\":\"Cultura Feira de Santana\"}},{\"@type\":\"ListItem\",\"@id\":\"https:\\\/\\\/www.encontrafeiradesantana.com.br\\\/sobre\\\/cultura-em-feira-de-santana\\\/#listItem\",\"position\":2,\"name\":\"Cultura Feira de Santana\",\"item\":\"https:\\\/\\\/www.encontrafeiradesantana.com.br\\\/sobre\\\/cultura-em-feira-de-santana\\\/\",\"nextItem\":{\"@type\":\"ListItem\",\"@id\":\"https:\\\/\\\/www.encontrafeiradesantana.com.br\\\/sobre\\\/secretaria-da-mulher-participa-de-roda-de-conversa-na-casa-das-mulheres-negras-do-campo\\\/#listItem\",\"name\":\"Secretaria da Mulher participa de roda de conversa na Casa das Mulheres Negras do Campo\"},\"previousItem\":{\"@type\":\"ListItem\",\"@id\":\"https:\\\/\\\/www.encontrafeiradesantana.com.br\\\/sobre#listItem\",\"name\":\"In\\u00edcio\"}},{\"@type\":\"ListItem\",\"@id\":\"https:\\\/\\\/www.encontrafeiradesantana.com.br\\\/sobre\\\/secretaria-da-mulher-participa-de-roda-de-conversa-na-casa-das-mulheres-negras-do-campo\\\/#listItem\",\"position\":3,\"name\":\"Secretaria da Mulher participa de roda de conversa na Casa das Mulheres Negras do Campo\",\"previousItem\":{\"@type\":\"ListItem\",\"@id\":\"https:\\\/\\\/www.encontrafeiradesantana.com.br\\\/sobre\\\/cultura-em-feira-de-santana\\\/#listItem\",\"name\":\"Cultura Feira de Santana\"}}]},{\"@type\":\"Organization\",\"@id\":\"https:\\\/\\\/www.encontrafeiradesantana.com.br\\\/sobre\\\/#organization\",\"name\":\"Encontra Feira de Santana\",\"description\":\"Not\\u00edcias, eventos, informa\\u00e7\\u00f5es e dicas na cidade Feira de Santana e regi\\u00e3o.\",\"url\":\"https:\\\/\\\/www.encontrafeiradesantana.com.br\\\/sobre\\\/\"},{\"@type\":\"Person\",\"@id\":\"https:\\\/\\\/www.encontrafeiradesantana.com.br\\\/sobre\\\/author\\\/efeiradesantana\\\/#author\",\"url\":\"https:\\\/\\\/www.encontrafeiradesantana.com.br\\\/sobre\\\/author\\\/efeiradesantana\\\/\",\"name\":\"Encontra Feira de Santana\",\"image\":{\"@type\":\"ImageObject\",\"@id\":\"https:\\\/\\\/www.encontrafeiradesantana.com.br\\\/sobre\\\/secretaria-da-mulher-participa-de-roda-de-conversa-na-casa-das-mulheres-negras-do-campo\\\/#authorImage\",\"url\":\"https:\\\/\\\/secure.gravatar.com\\\/avatar\\\/507340682b8270222e1f208e23198b6ae7e2c6a1033ae84e99bc6bce4f82a387?s=96&d=mm&r=g\",\"width\":96,\"height\":96,\"caption\":\"Encontra Feira de Santana\"}},{\"@type\":\"WebPage\",\"@id\":\"https:\\\/\\\/www.encontrafeiradesantana.com.br\\\/sobre\\\/secretaria-da-mulher-participa-de-roda-de-conversa-na-casa-das-mulheres-negras-do-campo\\\/#webpage\",\"url\":\"https:\\\/\\\/www.encontrafeiradesantana.com.br\\\/sobre\\\/secretaria-da-mulher-participa-de-roda-de-conversa-na-casa-das-mulheres-negras-do-campo\\\/\",\"name\":\"Secretaria da Mulher participa de roda de conversa na Casa das Mulheres Negras do Campo | Encontra Feira de Santana\",\"description\":\"Saiba como a Secretaria da Mulher fortalece a comunidade na Casa das Mulheres Negras.\",\"inLanguage\":\"pt-BR\",\"isPartOf\":{\"@id\":\"https:\\\/\\\/www.encontrafeiradesantana.com.br\\\/sobre\\\/#website\"},\"breadcrumb\":{\"@id\":\"https:\\\/\\\/www.encontrafeiradesantana.com.br\\\/sobre\\\/secretaria-da-mulher-participa-de-roda-de-conversa-na-casa-das-mulheres-negras-do-campo\\\/#breadcrumblist\"},\"author\":{\"@id\":\"https:\\\/\\\/www.encontrafeiradesantana.com.br\\\/sobre\\\/author\\\/efeiradesantana\\\/#author\"},\"creator\":{\"@id\":\"https:\\\/\\\/www.encontrafeiradesantana.com.br\\\/sobre\\\/author\\\/efeiradesantana\\\/#author\"},\"image\":{\"@type\":\"ImageObject\",\"url\":\"https:\\\/\\\/www.encontrafeiradesantana.com.br\\\/sobre\\\/wp-content\\\/uploads\\\/2026\\\/08\\\/secretaria-da-mulher-participa-de-roda-de-conversa-na-casa-das-mulheres-negras-do-campo.webp\",\"@id\":\"https:\\\/\\\/www.encontrafeiradesantana.com.br\\\/sobre\\\/secretaria-da-mulher-participa-de-roda-de-conversa-na-casa-das-mulheres-negras-do-campo\\\/#mainImage\",\"width\":280,\"height\":280,\"caption\":\"Secretaria da Mulher\"},\"primaryImageOfPage\":{\"@id\":\"https:\\\/\\\/www.encontrafeiradesantana.com.br\\\/sobre\\\/secretaria-da-mulher-participa-de-roda-de-conversa-na-casa-das-mulheres-negras-do-campo\\\/#mainImage\"},\"datePublished\":\"2026-08-04T06:04:23-03:00\",\"dateModified\":\"2026-08-04T06:04:23-03:00\"},{\"@type\":\"WebSite\",\"@id\":\"https:\\\/\\\/www.encontrafeiradesantana.com.br\\\/sobre\\\/#website\",\"url\":\"https:\\\/\\\/www.encontrafeiradesantana.com.br\\\/sobre\\\/\",\"name\":\"Encontra Feira de Santana\",\"description\":\"Not\\u00edcias, eventos, informa\\u00e7\\u00f5es e dicas na cidade Feira de Santana e regi\\u00e3o.\",\"inLanguage\":\"pt-BR\",\"publisher\":{\"@id\":\"https:\\\/\\\/www.encontrafeiradesantana.com.br\\\/sobre\\\/#organization\"}}]}\n\t\t<\/script>\n\t\t<!-- All in One SEO -->\n\n","aioseo_head_json":{"title":"Secretaria da Mulher participa de roda de conversa na Casa das Mulheres Negras do Campo | Encontra Feira de Santana","description":"Saiba como a Secretaria da Mulher fortalece a comunidade na Casa das Mulheres Negras.","canonical_url":"https:\/\/www.encontrafeiradesantana.com.br\/sobre\/secretaria-da-mulher-participa-de-roda-de-conversa-na-casa-das-mulheres-negras-do-campo\/","robots":"max-image-preview:large","keywords":"","webmasterTools":{"miscellaneous":""},"schema":{"@context":"https:\/\/schema.org","@graph":[{"@type":"Article","@id":"https:\/\/www.encontrafeiradesantana.com.br\/sobre\/secretaria-da-mulher-participa-de-roda-de-conversa-na-casa-das-mulheres-negras-do-campo\/#article","name":"Secretaria da Mulher participa de roda de conversa na Casa das Mulheres Negras do Campo | Encontra Feira de Santana","headline":"Secretaria da Mulher participa de roda de conversa na Casa das Mulheres Negras do Campo","author":{"@id":"https:\/\/www.encontrafeiradesantana.com.br\/sobre\/author\/efeiradesantana\/#author"},"publisher":{"@id":"https:\/\/www.encontrafeiradesantana.com.br\/sobre\/#organization"},"image":{"@type":"ImageObject","url":"https:\/\/www.encontrafeiradesantana.com.br\/sobre\/wp-content\/uploads\/2026\/08\/secretaria-da-mulher-participa-de-roda-de-conversa-na-casa-das-mulheres-negras-do-campo.webp","width":280,"height":280,"caption":"Secretaria da Mulher"},"datePublished":"2026-08-04T06:04:23-03:00","dateModified":"2026-08-04T06:04:23-03:00","inLanguage":"pt-BR","mainEntityOfPage":{"@id":"https:\/\/www.encontrafeiradesantana.com.br\/sobre\/secretaria-da-mulher-participa-de-roda-de-conversa-na-casa-das-mulheres-negras-do-campo\/#webpage"},"isPartOf":{"@id":"https:\/\/www.encontrafeiradesantana.com.br\/sobre\/secretaria-da-mulher-participa-de-roda-de-conversa-na-casa-das-mulheres-negras-do-campo\/#webpage"},"articleSection":"Cultura Feira de Santana"},{"@type":"BreadcrumbList","@id":"https:\/\/www.encontrafeiradesantana.com.br\/sobre\/secretaria-da-mulher-participa-de-roda-de-conversa-na-casa-das-mulheres-negras-do-campo\/#breadcrumblist","itemListElement":[{"@type":"ListItem","@id":"https:\/\/www.encontrafeiradesantana.com.br\/sobre#listItem","position":1,"name":"In\u00edcio","item":"https:\/\/www.encontrafeiradesantana.com.br\/sobre","nextItem":{"@type":"ListItem","@id":"https:\/\/www.encontrafeiradesantana.com.br\/sobre\/cultura-em-feira-de-santana\/#listItem","name":"Cultura Feira de Santana"}},{"@type":"ListItem","@id":"https:\/\/www.encontrafeiradesantana.com.br\/sobre\/cultura-em-feira-de-santana\/#listItem","position":2,"name":"Cultura Feira de Santana","item":"https:\/\/www.encontrafeiradesantana.com.br\/sobre\/cultura-em-feira-de-santana\/","nextItem":{"@type":"ListItem","@id":"https:\/\/www.encontrafeiradesantana.com.br\/sobre\/secretaria-da-mulher-participa-de-roda-de-conversa-na-casa-das-mulheres-negras-do-campo\/#listItem","name":"Secretaria da Mulher participa de roda de conversa na Casa das Mulheres Negras do Campo"},"previousItem":{"@type":"ListItem","@id":"https:\/\/www.encontrafeiradesantana.com.br\/sobre#listItem","name":"In\u00edcio"}},{"@type":"ListItem","@id":"https:\/\/www.encontrafeiradesantana.com.br\/sobre\/secretaria-da-mulher-participa-de-roda-de-conversa-na-casa-das-mulheres-negras-do-campo\/#listItem","position":3,"name":"Secretaria da Mulher participa de roda de conversa na Casa das Mulheres Negras do Campo","previousItem":{"@type":"ListItem","@id":"https:\/\/www.encontrafeiradesantana.com.br\/sobre\/cultura-em-feira-de-santana\/#listItem","name":"Cultura Feira de Santana"}}]},{"@type":"Organization","@id":"https:\/\/www.encontrafeiradesantana.com.br\/sobre\/#organization","name":"Encontra Feira de Santana","description":"Not\u00edcias, eventos, informa\u00e7\u00f5es e dicas na cidade Feira de Santana e regi\u00e3o.","url":"https:\/\/www.encontrafeiradesantana.com.br\/sobre\/"},{"@type":"Person","@id":"https:\/\/www.encontrafeiradesantana.com.br\/sobre\/author\/efeiradesantana\/#author","url":"https:\/\/www.encontrafeiradesantana.com.br\/sobre\/author\/efeiradesantana\/","name":"Encontra Feira de Santana","image":{"@type":"ImageObject","@id":"https:\/\/www.encontrafeiradesantana.com.br\/sobre\/secretaria-da-mulher-participa-de-roda-de-conversa-na-casa-das-mulheres-negras-do-campo\/#authorImage","url":"https:\/\/secure.gravatar.com\/avatar\/507340682b8270222e1f208e23198b6ae7e2c6a1033ae84e99bc6bce4f82a387?s=96&d=mm&r=g","width":96,"height":96,"caption":"Encontra Feira de Santana"}},{"@type":"WebPage","@id":"https:\/\/www.encontrafeiradesantana.com.br\/sobre\/secretaria-da-mulher-participa-de-roda-de-conversa-na-casa-das-mulheres-negras-do-campo\/#webpage","url":"https:\/\/www.encontrafeiradesantana.com.br\/sobre\/secretaria-da-mulher-participa-de-roda-de-conversa-na-casa-das-mulheres-negras-do-campo\/","name":"Secretaria da Mulher participa de roda de conversa na Casa das Mulheres Negras do Campo | Encontra Feira de Santana","description":"Saiba como a Secretaria da Mulher fortalece a comunidade na Casa das Mulheres Negras.","inLanguage":"pt-BR","isPartOf":{"@id":"https:\/\/www.encontrafeiradesantana.com.br\/sobre\/#website"},"breadcrumb":{"@id":"https:\/\/www.encontrafeiradesantana.com.br\/sobre\/secretaria-da-mulher-participa-de-roda-de-conversa-na-casa-das-mulheres-negras-do-campo\/#breadcrumblist"},"author":{"@id":"https:\/\/www.encontrafeiradesantana.com.br\/sobre\/author\/efeiradesantana\/#author"},"creator":{"@id":"https:\/\/www.encontrafeiradesantana.com.br\/sobre\/author\/efeiradesantana\/#author"},"image":{"@type":"ImageObject","url":"https:\/\/www.encontrafeiradesantana.com.br\/sobre\/wp-content\/uploads\/2026\/08\/secretaria-da-mulher-participa-de-roda-de-conversa-na-casa-das-mulheres-negras-do-campo.webp","@id":"https:\/\/www.encontrafeiradesantana.com.br\/sobre\/secretaria-da-mulher-participa-de-roda-de-conversa-na-casa-das-mulheres-negras-do-campo\/#mainImage","width":280,"height":280,"caption":"Secretaria da Mulher"},"primaryImageOfPage":{"@id":"https:\/\/www.encontrafeiradesantana.com.br\/sobre\/secretaria-da-mulher-participa-de-roda-de-conversa-na-casa-das-mulheres-negras-do-campo\/#mainImage"},"datePublished":"2026-08-04T06:04:23-03:00","dateModified":"2026-08-04T06:04:23-03:00"},{"@type":"WebSite","@id":"https:\/\/www.encontrafeiradesantana.com.br\/sobre\/#website","url":"https:\/\/www.encontrafeiradesantana.com.br\/sobre\/","name":"Encontra Feira de Santana","description":"Not\u00edcias, eventos, informa\u00e7\u00f5es e dicas na cidade Feira de Santana e regi\u00e3o.","inLanguage":"pt-BR","publisher":{"@id":"https:\/\/www.encontrafeiradesantana.com.br\/sobre\/#organization"}}]},"og:locale":"pt_BR","og:site_name":"Encontra Feira de Santana | Not\u00edcias, eventos, informa\u00e7\u00f5es e dicas na cidade Feira de Santana e regi\u00e3o.","og:type":"article","og:title":"Secretaria da Mulher participa de roda de conversa na Casa das Mulheres Negras do Campo | Encontra Feira de Santana","og:description":"Saiba como a Secretaria da Mulher fortalece a comunidade na Casa das Mulheres Negras.","og:url":"https:\/\/www.encontrafeiradesantana.com.br\/sobre\/secretaria-da-mulher-participa-de-roda-de-conversa-na-casa-das-mulheres-negras-do-campo\/","article:published_time":"2026-08-04T09:04:23+00:00","article:modified_time":"2026-08-04T09:04:23+00:00","twitter:card":"summary","twitter:title":"Secretaria da Mulher participa de roda de conversa na Casa das Mulheres Negras do Campo | Encontra Feira de Santana","twitter:description":"Saiba como a Secretaria da Mulher fortalece a comunidade na Casa das Mulheres Negras."},"aioseo_meta_data":{"post_id":"2603","title":null,"description":null,"keywords":null,"keyphrases":null,"primary_term":null,"canonical_url":null,"og_title":null,"og_description":null,"og_object_type":"default","og_image_type":"default","og_image_url":null,"og_image_width":null,"og_image_height":null,"og_image_custom_url":null,"og_image_custom_fields":null,"og_video":null,"og_custom_url":null,"og_article_section":null,"og_article_tags":null,"twitter_use_og":false,"twitter_card":"default","twitter_image_type":"default","twitter_image_url":null,"twitter_image_custom_url":null,"twitter_image_custom_fields":null,"twitter_title":null,"twitter_description":null,"schema":{"blockGraphs":[],"customGraphs":[],"default":{"data":{"Article":[],"Course":[],"Dataset":[],"FAQPage":[],"Movie":[],"Person":[],"Product":[],"ProductReview":[],"Car":[],"Recipe":[],"Service":[],"SoftwareApplication":[],"WebPage":[]},"graphName":"Article","isEnabled":true},"graphs":[]},"schema_type":"default","schema_type_options":null,"pillar_content":false,"robots_default":true,"robots_noindex":false,"robots_noarchive":false,"robots_nosnippet":false,"robots_nofollow":false,"robots_noimageindex":false,"robots_noodp":false,"robots_notranslate":false,"robots_max_snippet":null,"robots_max_videopreview":null,"robots_max_imagepreview":"large","priority":null,"frequency":null,"local_seo":null,"breadcrumb_settings":null,"limit_modified_date":false,"ai":null,"created":"2026-08-04 09:04:25","updated":"2026-08-04 09:11:13","focus_keyword":null,"additional_keywords":null,"truseo_locale":null,"seo_analyzer_scan_date":null},"aioseo_breadcrumb":"<div class=\"aioseo-breadcrumbs\"><span class=\"aioseo-breadcrumb\">\n\t\t\t<a href=\"https:\/\/www.encontrafeiradesantana.com.br\/sobre\" title=\"In\u00edcio\">In\u00edcio<\/a>\n\t\t<\/span><span class=\"aioseo-breadcrumb-separator\">&raquo;<\/span><span class=\"aioseo-breadcrumb\">\n\t\t\t<a href=\"https:\/\/www.encontrafeiradesantana.com.br\/sobre\/cultura-em-feira-de-santana\/\" title=\"Cultura Feira de Santana\">Cultura Feira de Santana<\/a>\n\t\t<\/span><span class=\"aioseo-breadcrumb-separator\">&raquo;<\/span><span class=\"aioseo-breadcrumb\">\n\t\t\tSecretaria da Mulher participa de roda de conversa na Casa das Mulheres Negras do Campo\n\t\t<\/span><\/div>","aioseo_breadcrumb_json":[{"label":"In\u00edcio","link":"https:\/\/www.encontrafeiradesantana.com.br\/sobre"},{"label":"Cultura Feira de Santana","link":"https:\/\/www.encontrafeiradesantana.com.br\/sobre\/cultura-em-feira-de-santana\/"},{"label":"Secretaria da Mulher participa de roda de conversa na Casa das Mulheres Negras do Campo","link":"https:\/\/www.encontrafeiradesantana.com.br\/sobre\/secretaria-da-mulher-participa-de-roda-de-conversa-na-casa-das-mulheres-negras-do-campo\/"}],"_links":{"self":[{"href":"https:\/\/www.encontrafeiradesantana.com.br\/sobre\/wp-json\/wp\/v2\/posts\/2603","targetHints":{"allow":["GET"]}}],"collection":[{"href":"https:\/\/www.encontrafeiradesantana.com.br\/sobre\/wp-json\/wp\/v2\/posts"}],"about":[{"href":"https:\/\/www.encontrafeiradesantana.com.br\/sobre\/wp-json\/wp\/v2\/types\/post"}],"author":[{"embeddable":true,"href":"https:\/\/www.encontrafeiradesantana.com.br\/sobre\/wp-json\/wp\/v2\/users\/1"}],"replies":[{"embeddable":true,"href":"https:\/\/www.encontrafeiradesantana.com.br\/sobre\/wp-json\/wp\/v2\/comments?post=2603"}],"version-history":[{"count":0,"href":"https:\/\/www.encontrafeiradesantana.com.br\/sobre\/wp-json\/wp\/v2\/posts\/2603\/revisions"}],"wp:featuredmedia":[{"embeddable":true,"href":"https:\/\/www.encontrafeiradesantana.com.br\/sobre\/wp-json\/wp\/v2\/media\/2602"}],"wp:attachment":[{"href":"https:\/\/www.encontrafeiradesantana.com.br\/sobre\/wp-json\/wp\/v2\/media?parent=2603"}],"wp:term":[{"taxonomy":"category","embeddable":true,"href":"https:\/\/www.encontrafeiradesantana.com.br\/sobre\/wp-json\/wp\/v2\/categories?post=2603"},{"taxonomy":"post_tag","embeddable":true,"href":"https:\/\/www.encontrafeiradesantana.com.br\/sobre\/wp-json\/wp\/v2\/tags?post=2603"}],"curies":[{"name":"wp","href":"https:\/\/api.w.org\/{rel}","templated":true}]}}