{"id":2601,"date":"2026-08-04T06:03:17","date_gmt":"2026-08-04T09:03:17","guid":{"rendered":"https:\/\/www.encontrafeiradesantana.com.br\/sobre\/secretaria-de-cultura-recebe-caravana-verger-e-realiza-visita-tecnica-para-preparacao-da-exposicao-em-feira-de-santana\/"},"modified":"2026-08-04T06:03:17","modified_gmt":"2026-08-04T09:03:17","slug":"secretaria-de-cultura-recebe-caravana-verger-e-realiza-visita-tecnica-para-preparacao-da-exposicao-em-feira-de-santana","status":"publish","type":"post","link":"https:\/\/www.encontrafeiradesantana.com.br\/sobre\/secretaria-de-cultura-recebe-caravana-verger-e-realiza-visita-tecnica-para-preparacao-da-exposicao-em-feira-de-santana\/","title":{"rendered":"Secretaria de Cultura recebe Caravana Verger e realiza visita t\u00e9cnica para prepara\u00e7\u00e3o da exposi\u00e7\u00e3o em Feira de Santana"},"content":{"rendered":"<div class=\"3f468104ad11f00a3c9ac948316f4265\" data-index=\"1\" style=\"float: none; margin:0px;\">\n<ins class=\"adsbygoogle\"\r\n     style=\"display:block\"\r\n     data-ad-client=\"ca-pub-8585364105181520\"\r\n     data-ad-slot=\"8789329856\"\r\n     data-ad-format=\"auto\"\r\n     data-full-width-responsive=\"true\"><\/ins>\r\n<script>\r\n     (adsbygoogle = window.adsbygoogle || []).push({});\r\n<\/script>\r\n\n<\/div>\n<h2>O que \u00e9 a Caravana Verger?<\/h2>\n<p>A Caravana Verger \u00e9 um projeto cultural inovador que visa levar as obras de arte de Pierre Verger para espa\u00e7os p\u00fablicos, permitindo que a popula\u00e7\u00e3o tenha acesso direto \u00e0 aprecia\u00e7\u00e3o de suas fotografias. Esta iniciativa visa democratizar a arte, retirando-a de ambientes restritos e aproximando-a do cotidiano das pessoas, proporcionando uma imers\u00e3o na cultura e na hist\u00f3ria representadas atrav\u00e9s da lente de Verger.<\/p>\n<h2>Import\u00e2ncia da Exposi\u00e7\u00e3o para a Cidade<\/h2>\n<p>A chegada da Caravana Verger a Feira de Santana tem um significado especial para a cidade, pois oferece uma oportunidade \u00fanica de revisitar e valorizar a cultura local. A exposi\u00e7\u00e3o consiste em imagens que capturam momentos e express\u00f5es da vida nordestina nas d\u00e9cadas de 1940 e 1950, servindo como um importante registro da identidade cultural da regi\u00e3o.<\/p>\n<h2>Detalhes da Visita T\u00e9cnica<\/h2>\n<p>Recentemente, representantes da Caravana Verger e da Secretaria Municipal de Cultura, Esporte e Lazer (Secel) se reuniram para planejar a instala\u00e7\u00e3o da exposi\u00e7\u00e3o. A visita t\u00e9cnica \u00e0 Pra\u00e7a Bernardino Bahia, onde a mostra ser\u00e1 realizada, teve como prop\u00f3sito avaliar as condi\u00e7\u00f5es do espa\u00e7o para garantir que o evento ocorra de maneira segura e organizada. Participaram tamb\u00e9m equipes de diversas secretarias que discutiram aspectos como seguran\u00e7a, log\u00edstica e acessibilidade.<\/p>\n<p><img decoding=\"async\" src=\"https:\/\/www.encontrafeiradesantana.com.br\/sobre\/wp-content\/uploads\/2026\/08\/secretaria-de-cultura-recebe-caravana-verger-e-realiza-visita-tecnica-para-preparacao-da-exposicao-e.webp\" alt=\"Caravana Verger\" loading=\"lazy\" \/><\/p>\n<h2>Colabora\u00e7\u00e3o entre Prefeitura e Funda\u00e7\u00e3o<\/h2>\n<p>Essa iniciativa \u00e9 fruto de uma colabora\u00e7\u00e3o entre a Prefeitura de Feira de Santana e a Funda\u00e7\u00e3o Pierre Verger. A uni\u00e3o de esfor\u00e7os entre essas institui\u00e7\u00f5es demonstra o comprometimento em promover a cultura e a arte, colocando Feira de Santana no circuito de importantes exposi\u00e7\u00f5es de arte do Brasil. A parceria entre \u00f3rg\u00e3os governamentais e institui\u00e7\u00f5es culturais \u00e9 essencial para o fortalecimento da cultura local.<\/p>\n<h2>Expectativas para a Inaugura\u00e7\u00e3o<\/h2>\n<p>A exposi\u00e7\u00e3o ser\u00e1 inaugurada no dia 27 de agosto e ocupar\u00e1 a Pra\u00e7a Bernardino Bahia por um per\u00edodo de dez dias, permitindo que um p\u00fablico amplo tenha acesso \u00e0s obras. As expectativas s\u00e3o altas, j\u00e1 que este evento n\u00e3o apenas traz arte, mas tamb\u00e9m um convite \u00e0 reflex\u00e3o sobre a cultura local e sua representa\u00e7\u00e3o atrav\u00e9s da fotografia hist\u00f3rica.<\/p>\n<h2>O que Ver na Exposi\u00e7\u00e3o?<\/h2>\n<p>Na exposi\u00e7\u00e3o, o p\u00fablico poder\u00e1 contemplar 80 fotografias que retratam a vida e a cultura dos nordestinos, incluindo cenas de vaqueiros, feiras livres, manifesta\u00e7\u00f5es religiosas e aspectos do cotidiano que garantem a identidade da regi\u00e3o. As obras de Pierre Verger s\u00e3o um testemunho visual de uma \u00e9poca e um chamado para que as novas gera\u00e7\u00f5es reconhe\u00e7am e valorizem suas ra\u00edzes culturais.<\/p>\n<h2>Atividades Culturais Completam o Evento<\/h2>\n<p>Al\u00e9m da exposi\u00e7\u00e3o, o evento contar\u00e1 com diversas atividades culturais planejadas para enriquecer a experi\u00eancia do p\u00fablico. Entre elas, oficinas de fotografia, literatura de cordel, m\u00fasica e conta\u00e7\u00e3o de hist\u00f3rias. Essas atividades ser\u00e3o realizadas em escolas p\u00fablicas e no Centro Universit\u00e1rio de Cultura e Arte (Cuca), ampliando o acesso ao patrim\u00f4nio cultural.<\/p>\n<h2>A Arte de Pierre Verger em Destaque<\/h2>\n<p>Pierre Verger, fot\u00f3grafo e etn\u00f3logo, \u00e9 conhecido por seu trabalho que documenta a cultura popular e as tradi\u00e7\u00f5es do Nordeste brasileiro. Suas imagens n\u00e3o s\u00e3o apenas art\u00edsticas, mas tamb\u00e9m um registro hist\u00f3rico repleto de significado. As fotografias expostas s\u00e3o uma viagem ao passado, permitindo que o p\u00fablico reviva e compreenda a ess\u00eancia da vida nordestina.<\/p>\n<h2>Impacto na Identidade Cultural Local<\/h2>\n<p>A realiza\u00e7\u00e3o da Caravana Verger em Feira de Santana representa um fortalecimento da identidade cultural da cidade. Trazendo \u00e0 tona a arte e a hist\u00f3ria locais, a exposi\u00e7\u00e3o desperta um sentimento de pertencimento e comunidade entre os moradores, refor\u00e7ando o valor das tradi\u00e7\u00f5es e da cultura compartilhada.<\/p>\n<h2>Como Participar da Exposi\u00e7\u00e3o?<\/h2>\n<p>A participa\u00e7\u00e3o na exposi\u00e7\u00e3o \u00e9 gratuita, e todos est\u00e3o convidados a visitar a Pra\u00e7a Bernardino Bahia durante os dez dias de funcionamento da mostra. Al\u00e9m disso, a comunidade pode se envolver nas atividades programadas, aproveitando cada oportunidade para aprender mais sobre a rica cultura nordestina e a obra de Pierre Verger.<\/p>\n\n<div style=\"font-size: 0px; height: 0px; line-height: 0px; margin: 0; padding: 0; clear: both;\"><\/div>","protected":false},"excerpt":{"rendered":"<p>A Caravana Verger promete enriquecer a cultura de Feira de Santana com uma exposi\u00e7\u00e3o \u00fanica.<\/p>\n","protected":false},"author":1,"featured_media":2600,"comment_status":"open","ping_status":"closed","sticky":false,"template":"","format":"standard","meta":{"footnotes":""},"categories":[26],"tags":[],"class_list":["post-2601","post","type-post","status-publish","format-standard","has-post-thumbnail","hentry","category-cultura-em-feira-de-santana","has_thumb"],"aioseo_notices":[],"aioseo_head":"\n\t\t<!-- All in One SEO 5.0.0.1 - aioseo.com -->\n\t<meta name=\"description\" content=\"A Caravana Verger promete enriquecer a cultura de Feira de Santana com uma exposi\u00e7\u00e3o \u00fanica.\" \/>\n\t<meta name=\"robots\" content=\"max-image-preview:large\" \/>\n\t<meta name=\"author\" content=\"Encontra Feira de Santana\"\/>\n\t<link rel=\"canonical\" href=\"https:\/\/www.encontrafeiradesantana.com.br\/sobre\/secretaria-de-cultura-recebe-caravana-verger-e-realiza-visita-tecnica-para-preparacao-da-exposicao-em-feira-de-santana\/\" \/>\n\t<meta name=\"generator\" content=\"All in One SEO (AIOSEO) 5.0.0.1\" \/>\n\t\t<meta property=\"og:locale\" content=\"pt_BR\" \/>\n\t\t<meta property=\"og:site_name\" content=\"Encontra Feira de Santana | Not\u00edcias, eventos, informa\u00e7\u00f5es e dicas na cidade Feira de Santana e regi\u00e3o.\" \/>\n\t\t<meta property=\"og:type\" content=\"article\" \/>\n\t\t<meta property=\"og:title\" content=\"Secretaria de Cultura recebe Caravana Verger e realiza visita t\u00e9cnica para prepara\u00e7\u00e3o da exposi\u00e7\u00e3o em Feira de Santana | Encontra Feira de Santana\" \/>\n\t\t<meta property=\"og:description\" content=\"A Caravana Verger promete enriquecer a cultura de Feira de Santana com uma exposi\u00e7\u00e3o \u00fanica.\" \/>\n\t\t<meta property=\"og:url\" content=\"https:\/\/www.encontrafeiradesantana.com.br\/sobre\/secretaria-de-cultura-recebe-caravana-verger-e-realiza-visita-tecnica-para-preparacao-da-exposicao-em-feira-de-santana\/\" \/>\n\t\t<meta property=\"article:published_time\" content=\"2026-08-04T09:03:17+00:00\" \/>\n\t\t<meta property=\"article:modified_time\" content=\"2026-08-04T09:03:17+00:00\" \/>\n\t\t<meta name=\"twitter:card\" content=\"summary\" \/>\n\t\t<meta name=\"twitter:title\" content=\"Secretaria de Cultura recebe Caravana Verger e realiza visita t\u00e9cnica para prepara\u00e7\u00e3o da exposi\u00e7\u00e3o em Feira de Santana | Encontra Feira de Santana\" \/>\n\t\t<meta name=\"twitter:description\" content=\"A Caravana Verger promete enriquecer a cultura de Feira de Santana com uma exposi\u00e7\u00e3o \u00fanica.\" \/>\n\t\t<script type=\"application\/ld+json\" class=\"aioseo-schema\">\n\t\t\t{\"@context\":\"https:\\\/\\\/schema.org\",\"@graph\":[{\"@type\":\"Article\",\"@id\":\"https:\\\/\\\/www.encontrafeiradesantana.com.br\\\/sobre\\\/secretaria-de-cultura-recebe-caravana-verger-e-realiza-visita-tecnica-para-preparacao-da-exposicao-em-feira-de-santana\\\/#article\",\"name\":\"Secretaria de Cultura recebe Caravana Verger e realiza visita t\\u00e9cnica para prepara\\u00e7\\u00e3o da exposi\\u00e7\\u00e3o em Feira de Santana | Encontra Feira de Santana\",\"headline\":\"Secretaria de Cultura recebe Caravana Verger e realiza visita t\\u00e9cnica para prepara\\u00e7\\u00e3o da exposi\\u00e7\\u00e3o em Feira de Santana\",\"author\":{\"@id\":\"https:\\\/\\\/www.encontrafeiradesantana.com.br\\\/sobre\\\/author\\\/efeiradesantana\\\/#author\"},\"publisher\":{\"@id\":\"https:\\\/\\\/www.encontrafeiradesantana.com.br\\\/sobre\\\/#organization\"},\"image\":{\"@type\":\"ImageObject\",\"url\":\"https:\\\/\\\/www.encontrafeiradesantana.com.br\\\/sobre\\\/wp-content\\\/uploads\\\/2026\\\/08\\\/secretaria-de-cultura-recebe-caravana-verger-e-realiza-visita-tecnica-para-preparacao-da-exposicao-e.webp\",\"width\":280,\"height\":280,\"caption\":\"Caravana Verger\"},\"datePublished\":\"2026-08-04T06:03:17-03:00\",\"dateModified\":\"2026-08-04T06:03:17-03:00\",\"inLanguage\":\"pt-BR\",\"mainEntityOfPage\":{\"@id\":\"https:\\\/\\\/www.encontrafeiradesantana.com.br\\\/sobre\\\/secretaria-de-cultura-recebe-caravana-verger-e-realiza-visita-tecnica-para-preparacao-da-exposicao-em-feira-de-santana\\\/#webpage\"},\"isPartOf\":{\"@id\":\"https:\\\/\\\/www.encontrafeiradesantana.com.br\\\/sobre\\\/secretaria-de-cultura-recebe-caravana-verger-e-realiza-visita-tecnica-para-preparacao-da-exposicao-em-feira-de-santana\\\/#webpage\"},\"articleSection\":\"Cultura Feira de Santana\"},{\"@type\":\"BreadcrumbList\",\"@id\":\"https:\\\/\\\/www.encontrafeiradesantana.com.br\\\/sobre\\\/secretaria-de-cultura-recebe-caravana-verger-e-realiza-visita-tecnica-para-preparacao-da-exposicao-em-feira-de-santana\\\/#breadcrumblist\",\"itemListElement\":[{\"@type\":\"ListItem\",\"@id\":\"https:\\\/\\\/www.encontrafeiradesantana.com.br\\\/sobre#listItem\",\"position\":1,\"name\":\"In\\u00edcio\",\"item\":\"https:\\\/\\\/www.encontrafeiradesantana.com.br\\\/sobre\",\"nextItem\":{\"@type\":\"ListItem\",\"@id\":\"https:\\\/\\\/www.encontrafeiradesantana.com.br\\\/sobre\\\/cultura-em-feira-de-santana\\\/#listItem\",\"name\":\"Cultura Feira de Santana\"}},{\"@type\":\"ListItem\",\"@id\":\"https:\\\/\\\/www.encontrafeiradesantana.com.br\\\/sobre\\\/cultura-em-feira-de-santana\\\/#listItem\",\"position\":2,\"name\":\"Cultura Feira de Santana\",\"item\":\"https:\\\/\\\/www.encontrafeiradesantana.com.br\\\/sobre\\\/cultura-em-feira-de-santana\\\/\",\"nextItem\":{\"@type\":\"ListItem\",\"@id\":\"https:\\\/\\\/www.encontrafeiradesantana.com.br\\\/sobre\\\/secretaria-de-cultura-recebe-caravana-verger-e-realiza-visita-tecnica-para-preparacao-da-exposicao-em-feira-de-santana\\\/#listItem\",\"name\":\"Secretaria de Cultura recebe Caravana Verger e realiza visita t\\u00e9cnica para prepara\\u00e7\\u00e3o da exposi\\u00e7\\u00e3o em Feira de Santana\"},\"previousItem\":{\"@type\":\"ListItem\",\"@id\":\"https:\\\/\\\/www.encontrafeiradesantana.com.br\\\/sobre#listItem\",\"name\":\"In\\u00edcio\"}},{\"@type\":\"ListItem\",\"@id\":\"https:\\\/\\\/www.encontrafeiradesantana.com.br\\\/sobre\\\/secretaria-de-cultura-recebe-caravana-verger-e-realiza-visita-tecnica-para-preparacao-da-exposicao-em-feira-de-santana\\\/#listItem\",\"position\":3,\"name\":\"Secretaria de Cultura recebe Caravana Verger e realiza visita t\\u00e9cnica para prepara\\u00e7\\u00e3o da exposi\\u00e7\\u00e3o em Feira de Santana\",\"previousItem\":{\"@type\":\"ListItem\",\"@id\":\"https:\\\/\\\/www.encontrafeiradesantana.com.br\\\/sobre\\\/cultura-em-feira-de-santana\\\/#listItem\",\"name\":\"Cultura Feira de Santana\"}}]},{\"@type\":\"Organization\",\"@id\":\"https:\\\/\\\/www.encontrafeiradesantana.com.br\\\/sobre\\\/#organization\",\"name\":\"Encontra Feira de Santana\",\"description\":\"Not\\u00edcias, eventos, informa\\u00e7\\u00f5es e dicas na cidade Feira de Santana e regi\\u00e3o.\",\"url\":\"https:\\\/\\\/www.encontrafeiradesantana.com.br\\\/sobre\\\/\"},{\"@type\":\"Person\",\"@id\":\"https:\\\/\\\/www.encontrafeiradesantana.com.br\\\/sobre\\\/author\\\/efeiradesantana\\\/#author\",\"url\":\"https:\\\/\\\/www.encontrafeiradesantana.com.br\\\/sobre\\\/author\\\/efeiradesantana\\\/\",\"name\":\"Encontra Feira de Santana\",\"image\":{\"@type\":\"ImageObject\",\"@id\":\"https:\\\/\\\/www.encontrafeiradesantana.com.br\\\/sobre\\\/secretaria-de-cultura-recebe-caravana-verger-e-realiza-visita-tecnica-para-preparacao-da-exposicao-em-feira-de-santana\\\/#authorImage\",\"url\":\"https:\\\/\\\/secure.gravatar.com\\\/avatar\\\/507340682b8270222e1f208e23198b6ae7e2c6a1033ae84e99bc6bce4f82a387?s=96&d=mm&r=g\",\"width\":96,\"height\":96,\"caption\":\"Encontra Feira de Santana\"}},{\"@type\":\"WebPage\",\"@id\":\"https:\\\/\\\/www.encontrafeiradesantana.com.br\\\/sobre\\\/secretaria-de-cultura-recebe-caravana-verger-e-realiza-visita-tecnica-para-preparacao-da-exposicao-em-feira-de-santana\\\/#webpage\",\"url\":\"https:\\\/\\\/www.encontrafeiradesantana.com.br\\\/sobre\\\/secretaria-de-cultura-recebe-caravana-verger-e-realiza-visita-tecnica-para-preparacao-da-exposicao-em-feira-de-santana\\\/\",\"name\":\"Secretaria de Cultura recebe Caravana Verger e realiza visita t\\u00e9cnica para prepara\\u00e7\\u00e3o da exposi\\u00e7\\u00e3o em Feira de Santana | Encontra Feira de Santana\",\"description\":\"A Caravana Verger promete enriquecer a cultura de Feira de Santana com uma exposi\\u00e7\\u00e3o \\u00fanica.\",\"inLanguage\":\"pt-BR\",\"isPartOf\":{\"@id\":\"https:\\\/\\\/www.encontrafeiradesantana.com.br\\\/sobre\\\/#website\"},\"breadcrumb\":{\"@id\":\"https:\\\/\\\/www.encontrafeiradesantana.com.br\\\/sobre\\\/secretaria-de-cultura-recebe-caravana-verger-e-realiza-visita-tecnica-para-preparacao-da-exposicao-em-feira-de-santana\\\/#breadcrumblist\"},\"author\":{\"@id\":\"https:\\\/\\\/www.encontrafeiradesantana.com.br\\\/sobre\\\/author\\\/efeiradesantana\\\/#author\"},\"creator\":{\"@id\":\"https:\\\/\\\/www.encontrafeiradesantana.com.br\\\/sobre\\\/author\\\/efeiradesantana\\\/#author\"},\"image\":{\"@type\":\"ImageObject\",\"url\":\"https:\\\/\\\/www.encontrafeiradesantana.com.br\\\/sobre\\\/wp-content\\\/uploads\\\/2026\\\/08\\\/secretaria-de-cultura-recebe-caravana-verger-e-realiza-visita-tecnica-para-preparacao-da-exposicao-e.webp\",\"@id\":\"https:\\\/\\\/www.encontrafeiradesantana.com.br\\\/sobre\\\/secretaria-de-cultura-recebe-caravana-verger-e-realiza-visita-tecnica-para-preparacao-da-exposicao-em-feira-de-santana\\\/#mainImage\",\"width\":280,\"height\":280,\"caption\":\"Caravana Verger\"},\"primaryImageOfPage\":{\"@id\":\"https:\\\/\\\/www.encontrafeiradesantana.com.br\\\/sobre\\\/secretaria-de-cultura-recebe-caravana-verger-e-realiza-visita-tecnica-para-preparacao-da-exposicao-em-feira-de-santana\\\/#mainImage\"},\"datePublished\":\"2026-08-04T06:03:17-03:00\",\"dateModified\":\"2026-08-04T06:03:17-03:00\"},{\"@type\":\"WebSite\",\"@id\":\"https:\\\/\\\/www.encontrafeiradesantana.com.br\\\/sobre\\\/#website\",\"url\":\"https:\\\/\\\/www.encontrafeiradesantana.com.br\\\/sobre\\\/\",\"name\":\"Encontra Feira de Santana\",\"description\":\"Not\\u00edcias, eventos, informa\\u00e7\\u00f5es e dicas na cidade Feira de Santana e regi\\u00e3o.\",\"inLanguage\":\"pt-BR\",\"publisher\":{\"@id\":\"https:\\\/\\\/www.encontrafeiradesantana.com.br\\\/sobre\\\/#organization\"}}]}\n\t\t<\/script>\n\t\t<!-- All in One SEO -->\n\n","aioseo_head_json":{"title":"Secretaria de Cultura recebe Caravana Verger e realiza visita t\u00e9cnica para prepara\u00e7\u00e3o da exposi\u00e7\u00e3o em Feira de Santana | Encontra Feira de Santana","description":"A Caravana Verger promete enriquecer a cultura de Feira de Santana com uma exposi\u00e7\u00e3o \u00fanica.","canonical_url":"https:\/\/www.encontrafeiradesantana.com.br\/sobre\/secretaria-de-cultura-recebe-caravana-verger-e-realiza-visita-tecnica-para-preparacao-da-exposicao-em-feira-de-santana\/","robots":"max-image-preview:large","keywords":"","webmasterTools":{"miscellaneous":""},"schema":{"@context":"https:\/\/schema.org","@graph":[{"@type":"Article","@id":"https:\/\/www.encontrafeiradesantana.com.br\/sobre\/secretaria-de-cultura-recebe-caravana-verger-e-realiza-visita-tecnica-para-preparacao-da-exposicao-em-feira-de-santana\/#article","name":"Secretaria de Cultura recebe Caravana Verger e realiza visita t\u00e9cnica para prepara\u00e7\u00e3o da exposi\u00e7\u00e3o em Feira de Santana | Encontra Feira de Santana","headline":"Secretaria de Cultura recebe Caravana Verger e realiza visita t\u00e9cnica para prepara\u00e7\u00e3o da exposi\u00e7\u00e3o em Feira de Santana","author":{"@id":"https:\/\/www.encontrafeiradesantana.com.br\/sobre\/author\/efeiradesantana\/#author"},"publisher":{"@id":"https:\/\/www.encontrafeiradesantana.com.br\/sobre\/#organization"},"image":{"@type":"ImageObject","url":"https:\/\/www.encontrafeiradesantana.com.br\/sobre\/wp-content\/uploads\/2026\/08\/secretaria-de-cultura-recebe-caravana-verger-e-realiza-visita-tecnica-para-preparacao-da-exposicao-e.webp","width":280,"height":280,"caption":"Caravana Verger"},"datePublished":"2026-08-04T06:03:17-03:00","dateModified":"2026-08-04T06:03:17-03:00","inLanguage":"pt-BR","mainEntityOfPage":{"@id":"https:\/\/www.encontrafeiradesantana.com.br\/sobre\/secretaria-de-cultura-recebe-caravana-verger-e-realiza-visita-tecnica-para-preparacao-da-exposicao-em-feira-de-santana\/#webpage"},"isPartOf":{"@id":"https:\/\/www.encontrafeiradesantana.com.br\/sobre\/secretaria-de-cultura-recebe-caravana-verger-e-realiza-visita-tecnica-para-preparacao-da-exposicao-em-feira-de-santana\/#webpage"},"articleSection":"Cultura Feira de Santana"},{"@type":"BreadcrumbList","@id":"https:\/\/www.encontrafeiradesantana.com.br\/sobre\/secretaria-de-cultura-recebe-caravana-verger-e-realiza-visita-tecnica-para-preparacao-da-exposicao-em-feira-de-santana\/#breadcrumblist","itemListElement":[{"@type":"ListItem","@id":"https:\/\/www.encontrafeiradesantana.com.br\/sobre#listItem","position":1,"name":"In\u00edcio","item":"https:\/\/www.encontrafeiradesantana.com.br\/sobre","nextItem":{"@type":"ListItem","@id":"https:\/\/www.encontrafeiradesantana.com.br\/sobre\/cultura-em-feira-de-santana\/#listItem","name":"Cultura Feira de Santana"}},{"@type":"ListItem","@id":"https:\/\/www.encontrafeiradesantana.com.br\/sobre\/cultura-em-feira-de-santana\/#listItem","position":2,"name":"Cultura Feira de Santana","item":"https:\/\/www.encontrafeiradesantana.com.br\/sobre\/cultura-em-feira-de-santana\/","nextItem":{"@type":"ListItem","@id":"https:\/\/www.encontrafeiradesantana.com.br\/sobre\/secretaria-de-cultura-recebe-caravana-verger-e-realiza-visita-tecnica-para-preparacao-da-exposicao-em-feira-de-santana\/#listItem","name":"Secretaria de Cultura recebe Caravana Verger e realiza visita t\u00e9cnica para prepara\u00e7\u00e3o da exposi\u00e7\u00e3o em Feira de Santana"},"previousItem":{"@type":"ListItem","@id":"https:\/\/www.encontrafeiradesantana.com.br\/sobre#listItem","name":"In\u00edcio"}},{"@type":"ListItem","@id":"https:\/\/www.encontrafeiradesantana.com.br\/sobre\/secretaria-de-cultura-recebe-caravana-verger-e-realiza-visita-tecnica-para-preparacao-da-exposicao-em-feira-de-santana\/#listItem","position":3,"name":"Secretaria de Cultura recebe Caravana Verger e realiza visita t\u00e9cnica para prepara\u00e7\u00e3o da exposi\u00e7\u00e3o em Feira de Santana","previousItem":{"@type":"ListItem","@id":"https:\/\/www.encontrafeiradesantana.com.br\/sobre\/cultura-em-feira-de-santana\/#listItem","name":"Cultura Feira de Santana"}}]},{"@type":"Organization","@id":"https:\/\/www.encontrafeiradesantana.com.br\/sobre\/#organization","name":"Encontra Feira de Santana","description":"Not\u00edcias, eventos, informa\u00e7\u00f5es e dicas na cidade Feira de Santana e regi\u00e3o.","url":"https:\/\/www.encontrafeiradesantana.com.br\/sobre\/"},{"@type":"Person","@id":"https:\/\/www.encontrafeiradesantana.com.br\/sobre\/author\/efeiradesantana\/#author","url":"https:\/\/www.encontrafeiradesantana.com.br\/sobre\/author\/efeiradesantana\/","name":"Encontra Feira de Santana","image":{"@type":"ImageObject","@id":"https:\/\/www.encontrafeiradesantana.com.br\/sobre\/secretaria-de-cultura-recebe-caravana-verger-e-realiza-visita-tecnica-para-preparacao-da-exposicao-em-feira-de-santana\/#authorImage","url":"https:\/\/secure.gravatar.com\/avatar\/507340682b8270222e1f208e23198b6ae7e2c6a1033ae84e99bc6bce4f82a387?s=96&d=mm&r=g","width":96,"height":96,"caption":"Encontra Feira de Santana"}},{"@type":"WebPage","@id":"https:\/\/www.encontrafeiradesantana.com.br\/sobre\/secretaria-de-cultura-recebe-caravana-verger-e-realiza-visita-tecnica-para-preparacao-da-exposicao-em-feira-de-santana\/#webpage","url":"https:\/\/www.encontrafeiradesantana.com.br\/sobre\/secretaria-de-cultura-recebe-caravana-verger-e-realiza-visita-tecnica-para-preparacao-da-exposicao-em-feira-de-santana\/","name":"Secretaria de Cultura recebe Caravana Verger e realiza visita t\u00e9cnica para prepara\u00e7\u00e3o da exposi\u00e7\u00e3o em Feira de Santana | Encontra Feira de Santana","description":"A Caravana Verger promete enriquecer a cultura de Feira de Santana com uma exposi\u00e7\u00e3o \u00fanica.","inLanguage":"pt-BR","isPartOf":{"@id":"https:\/\/www.encontrafeiradesantana.com.br\/sobre\/#website"},"breadcrumb":{"@id":"https:\/\/www.encontrafeiradesantana.com.br\/sobre\/secretaria-de-cultura-recebe-caravana-verger-e-realiza-visita-tecnica-para-preparacao-da-exposicao-em-feira-de-santana\/#breadcrumblist"},"author":{"@id":"https:\/\/www.encontrafeiradesantana.com.br\/sobre\/author\/efeiradesantana\/#author"},"creator":{"@id":"https:\/\/www.encontrafeiradesantana.com.br\/sobre\/author\/efeiradesantana\/#author"},"image":{"@type":"ImageObject","url":"https:\/\/www.encontrafeiradesantana.com.br\/sobre\/wp-content\/uploads\/2026\/08\/secretaria-de-cultura-recebe-caravana-verger-e-realiza-visita-tecnica-para-preparacao-da-exposicao-e.webp","@id":"https:\/\/www.encontrafeiradesantana.com.br\/sobre\/secretaria-de-cultura-recebe-caravana-verger-e-realiza-visita-tecnica-para-preparacao-da-exposicao-em-feira-de-santana\/#mainImage","width":280,"height":280,"caption":"Caravana Verger"},"primaryImageOfPage":{"@id":"https:\/\/www.encontrafeiradesantana.com.br\/sobre\/secretaria-de-cultura-recebe-caravana-verger-e-realiza-visita-tecnica-para-preparacao-da-exposicao-em-feira-de-santana\/#mainImage"},"datePublished":"2026-08-04T06:03:17-03:00","dateModified":"2026-08-04T06:03:17-03:00"},{"@type":"WebSite","@id":"https:\/\/www.encontrafeiradesantana.com.br\/sobre\/#website","url":"https:\/\/www.encontrafeiradesantana.com.br\/sobre\/","name":"Encontra Feira de Santana","description":"Not\u00edcias, eventos, informa\u00e7\u00f5es e dicas na cidade Feira de Santana e regi\u00e3o.","inLanguage":"pt-BR","publisher":{"@id":"https:\/\/www.encontrafeiradesantana.com.br\/sobre\/#organization"}}]},"og:locale":"pt_BR","og:site_name":"Encontra Feira de Santana | Not\u00edcias, eventos, informa\u00e7\u00f5es e dicas na cidade Feira de Santana e regi\u00e3o.","og:type":"article","og:title":"Secretaria de Cultura recebe Caravana Verger e realiza visita t\u00e9cnica para prepara\u00e7\u00e3o da exposi\u00e7\u00e3o em Feira de Santana | Encontra Feira de Santana","og:description":"A Caravana Verger promete enriquecer a cultura de Feira de Santana com uma exposi\u00e7\u00e3o \u00fanica.","og:url":"https:\/\/www.encontrafeiradesantana.com.br\/sobre\/secretaria-de-cultura-recebe-caravana-verger-e-realiza-visita-tecnica-para-preparacao-da-exposicao-em-feira-de-santana\/","article:published_time":"2026-08-04T09:03:17+00:00","article:modified_time":"2026-08-04T09:03:17+00:00","twitter:card":"summary","twitter:title":"Secretaria de Cultura recebe Caravana Verger e realiza visita t\u00e9cnica para prepara\u00e7\u00e3o da exposi\u00e7\u00e3o em Feira de Santana | Encontra Feira de Santana","twitter:description":"A Caravana Verger promete enriquecer a cultura de Feira de Santana com uma exposi\u00e7\u00e3o \u00fanica."},"aioseo_meta_data":{"post_id":"2601","title":null,"description":null,"keywords":null,"keyphrases":null,"primary_term":null,"canonical_url":null,"og_title":null,"og_description":null,"og_object_type":"default","og_image_type":"default","og_image_url":null,"og_image_width":null,"og_image_height":null,"og_image_custom_url":null,"og_image_custom_fields":null,"og_video":null,"og_custom_url":null,"og_article_section":null,"og_article_tags":null,"twitter_use_og":false,"twitter_card":"default","twitter_image_type":"default","twitter_image_url":null,"twitter_image_custom_url":null,"twitter_image_custom_fields":null,"twitter_title":null,"twitter_description":null,"schema":{"blockGraphs":[],"customGraphs":[],"default":{"data":{"Article":[],"Course":[],"Dataset":[],"FAQPage":[],"Movie":[],"Person":[],"Product":[],"ProductReview":[],"Car":[],"Recipe":[],"Service":[],"SoftwareApplication":[],"WebPage":[]},"graphName":"Article","isEnabled":true},"graphs":[]},"schema_type":"default","schema_type_options":null,"pillar_content":false,"robots_default":true,"robots_noindex":false,"robots_noarchive":false,"robots_nosnippet":false,"robots_nofollow":false,"robots_noimageindex":false,"robots_noodp":false,"robots_notranslate":false,"robots_max_snippet":null,"robots_max_videopreview":null,"robots_max_imagepreview":"large","priority":null,"frequency":null,"local_seo":null,"breadcrumb_settings":null,"limit_modified_date":false,"ai":null,"created":"2026-08-04 09:03:19","updated":"2026-08-04 09:11:13","focus_keyword":null,"additional_keywords":null,"truseo_locale":null,"seo_analyzer_scan_date":null},"aioseo_breadcrumb":"<div class=\"aioseo-breadcrumbs\"><span class=\"aioseo-breadcrumb\">\n\t\t\t<a href=\"https:\/\/www.encontrafeiradesantana.com.br\/sobre\" title=\"In\u00edcio\">In\u00edcio<\/a>\n\t\t<\/span><span class=\"aioseo-breadcrumb-separator\">&raquo;<\/span><span class=\"aioseo-breadcrumb\">\n\t\t\t<a href=\"https:\/\/www.encontrafeiradesantana.com.br\/sobre\/cultura-em-feira-de-santana\/\" title=\"Cultura Feira de Santana\">Cultura Feira de Santana<\/a>\n\t\t<\/span><span class=\"aioseo-breadcrumb-separator\">&raquo;<\/span><span class=\"aioseo-breadcrumb\">\n\t\t\tSecretaria de Cultura recebe Caravana Verger e realiza visita t\u00e9cnica para prepara\u00e7\u00e3o da exposi\u00e7\u00e3o em Feira de Santana\n\t\t<\/span><\/div>","aioseo_breadcrumb_json":[{"label":"In\u00edcio","link":"https:\/\/www.encontrafeiradesantana.com.br\/sobre"},{"label":"Cultura Feira de Santana","link":"https:\/\/www.encontrafeiradesantana.com.br\/sobre\/cultura-em-feira-de-santana\/"},{"label":"Secretaria de Cultura recebe Caravana Verger e realiza visita t\u00e9cnica para prepara\u00e7\u00e3o da exposi\u00e7\u00e3o em Feira de Santana","link":"https:\/\/www.encontrafeiradesantana.com.br\/sobre\/secretaria-de-cultura-recebe-caravana-verger-e-realiza-visita-tecnica-para-preparacao-da-exposicao-em-feira-de-santana\/"}],"_links":{"self":[{"href":"https:\/\/www.encontrafeiradesantana.com.br\/sobre\/wp-json\/wp\/v2\/posts\/2601","targetHints":{"allow":["GET"]}}],"collection":[{"href":"https:\/\/www.encontrafeiradesantana.com.br\/sobre\/wp-json\/wp\/v2\/posts"}],"about":[{"href":"https:\/\/www.encontrafeiradesantana.com.br\/sobre\/wp-json\/wp\/v2\/types\/post"}],"author":[{"embeddable":true,"href":"https:\/\/www.encontrafeiradesantana.com.br\/sobre\/wp-json\/wp\/v2\/users\/1"}],"replies":[{"embeddable":true,"href":"https:\/\/www.encontrafeiradesantana.com.br\/sobre\/wp-json\/wp\/v2\/comments?post=2601"}],"version-history":[{"count":0,"href":"https:\/\/www.encontrafeiradesantana.com.br\/sobre\/wp-json\/wp\/v2\/posts\/2601\/revisions"}],"wp:featuredmedia":[{"embeddable":true,"href":"https:\/\/www.encontrafeiradesantana.com.br\/sobre\/wp-json\/wp\/v2\/media\/2600"}],"wp:attachment":[{"href":"https:\/\/www.encontrafeiradesantana.com.br\/sobre\/wp-json\/wp\/v2\/media?parent=2601"}],"wp:term":[{"taxonomy":"category","embeddable":true,"href":"https:\/\/www.encontrafeiradesantana.com.br\/sobre\/wp-json\/wp\/v2\/categories?post=2601"},{"taxonomy":"post_tag","embeddable":true,"href":"https:\/\/www.encontrafeiradesantana.com.br\/sobre\/wp-json\/wp\/v2\/tags?post=2601"}],"curies":[{"name":"wp","href":"https:\/\/api.w.org\/{rel}","templated":true}]}}