{"id":260,"date":"2013-06-18T00:01:17","date_gmt":"2013-06-18T03:01:17","guid":{"rendered":"http:\/\/www.encontrafeiradesantana.com.br\/noticias\/?p=260"},"modified":"2019-04-29T17:46:27","modified_gmt":"2019-04-29T20:46:27","slug":"feira-de-santana-tem-mais-de-30-mil-criancas-carentes","status":"publish","type":"post","link":"https:\/\/www.encontrafeiradesantana.com.br\/sobre\/feira-de-santana-tem-mais-de-30-mil-criancas-carentes\/","title":{"rendered":"Feira de Santana tem mais de 30 mil crian\u00e7as carentes"},"content":{"rendered":"<div class=\"3f468104ad11f00a3c9ac948316f4265\" data-index=\"1\" style=\"float: none; margin:0px;\">\n<ins class=\"adsbygoogle\"\r\n     style=\"display:block\"\r\n     data-ad-client=\"ca-pub-8585364105181520\"\r\n     data-ad-slot=\"8789329856\"\r\n     data-ad-format=\"auto\"\r\n     data-full-width-responsive=\"true\"><\/ins>\r\n<script>\r\n     (adsbygoogle = window.adsbygoogle || []).push({});\r\n<\/script>\r\n\n<\/div>\n<p>A Arquidiocese de Feira de Santana, incluindo outros munic\u00edpios pr\u00f3ximos, conta atualmente com mais de 56 mil crian\u00e7as carentes, segundo dados do Instituto Brasileiro de Geografia e Estat\u00edstica (IBGE). E na cidade, especificamente, h\u00e1 mais de 30 mil. Destas, somente 2.000, valor equivalente a 5% do total, recebem algum tipo de acompanhamento da Pastoral da Crian\u00e7a.<\/p>\n<p>De acordo com Paulo Wilson, um dos coordenadores nacionais da pastoral, o n\u00famero reduzido de acompanhamentos se deve \u00e0 falta de pessoas interessadas em colaborar com o trabalho da organiza\u00e7\u00e3o.<\/p>\n<p>&#8220;Neste momento, n\u00f3s estamos tentando resgatar essas pessoas que j\u00e1 trabalharam com a Pastoral da Crian\u00e7a, que j\u00e1 foram capacitadas como l\u00edderes, e tamb\u00e9m estimulando, convocando outras pessoas para que venham nos ajudar&#8221;, solicitou Paulo Wilson.<\/p>\n<p>Segundo Marister Guimar\u00e3es, que tamb\u00e9m faz parte da coordena\u00e7\u00e3o, a Pastoral da Crian\u00e7a \u00e9 uma a\u00e7\u00e3o da CNBB- Confer\u00eancia Nacional dos Bispos do Brasil, que visa acompanhar fam\u00edlias que possuem gestantes e crian\u00e7as, com idade entre 0 a 6 anos, das fam\u00edlias mais carentes de todo o Brasil e dos 20 pa\u00edses mais pobres, onde a pastoral est\u00e1.<\/p>\n<p>Esta a\u00e7\u00e3o \u00e9 feita por pessoas e l\u00edderes volunt\u00e1rios que ajudam as fam\u00edlias atrav\u00e9s da visita domiciliar. &#8220;O objetivo da visita \u00e9 a gente estar vendo a realidade de perto; tem um n\u00famero de crian\u00e7as que precisam do apoio, do olhar da igreja, e a gente tem poucas pessoas que est\u00e3o dispostas a ajudar nessa miss\u00e3o&#8221;, explicou Marister.<\/p>\n<p>Marister diz que um l\u00edder acompanha no m\u00e1ximo 15 crian\u00e7as, criando la\u00e7os afetivos e oferecendo cuidados. Al\u00e9m disso, a organiza\u00e7\u00e3o busca ouvir as pessoas.<\/p>\n<p>&#8220;Eu gosto muito de fazer uma rela\u00e7\u00e3o da pastoral com aquilo que Maria fez, ela foi visitar Isabel. Naquele momento, ela fez pastoral da crian\u00e7a e pastoral da pessoa idosa, porque ela visitou uma gestante que era uma idosa, ent\u00e3o essa atitude com certeza Deus pede de n\u00f3s&#8221;, afirmou.<\/p>\n<p>Os volunt\u00e1rios realizam visitas, mensalmente, a fam\u00edlias que t\u00eam gestantes e crian\u00e7as com at\u00e9 6 anos de idade. Elas recebem orienta\u00e7\u00f5es b\u00e1sicas de sa\u00fade e alimenta\u00e7\u00e3o, aplica\u00e7\u00e3o de vacinas e acompanhamento cl\u00ednico.<\/p>\n<p>Os representantes informam que aqueles que desajarem ser volunt\u00e1rios podem ligar para o n\u00famero de telefone (75) 3226-5429 e conversar com a Irm\u00e3 Eliane, coordenadora da Pastoral da Crian\u00e7a na Arquidiocese de Feira de Santana.<\/p>\n<p><em>Fonte: Acorda Cidade<\/em><\/p>\n\n<div style=\"font-size: 0px; height: 0px; line-height: 0px; margin: 0; padding: 0; clear: both;\"><\/div>","protected":false},"excerpt":{"rendered":"<p>A Arquidiocese de Feira de Santana, incluindo outros munic\u00edpios pr\u00f3ximos, conta atualmente com mais de 56 mil crian\u00e7as carentes, segundo dados do Instituto Brasileiro de Geografia e Estat\u00edstica (IBGE). E na cidade, especificamente, h\u00e1 mais de 30 mil. Destas, somente 2.000, valor equivalente a 5% do total, recebem algum tipo de acompanhamento da Pastoral da Crian\u00e7a. De acordo com Paulo Wilson, um dos coordenadores nacionais da pastoral, o n\u00famero reduzido de acompanhamentos se deve \u00e0 falta de pessoas interessadas em colaborar com o trabalho da organiza\u00e7\u00e3o. &#8220;Neste momento, n\u00f3s estamos tentando resgatar essas pessoas que j\u00e1 trabalharam com a Pastoral <\/p>\n","protected":false},"author":1,"featured_media":0,"comment_status":"open","ping_status":"closed","sticky":false,"template":"","format":"standard","meta":{"footnotes":""},"categories":[6,8],"tags":[12],"class_list":["post-260","post","type-post","status-publish","format-standard","hentry","category-noticias-em-feira-de-santana","category-servicos-em-feira-de-santana","tag-feira-de-santana"],"aioseo_notices":[],"_links":{"self":[{"href":"https:\/\/www.encontrafeiradesantana.com.br\/sobre\/wp-json\/wp\/v2\/posts\/260","targetHints":{"allow":["GET"]}}],"collection":[{"href":"https:\/\/www.encontrafeiradesantana.com.br\/sobre\/wp-json\/wp\/v2\/posts"}],"about":[{"href":"https:\/\/www.encontrafeiradesantana.com.br\/sobre\/wp-json\/wp\/v2\/types\/post"}],"author":[{"embeddable":true,"href":"https:\/\/www.encontrafeiradesantana.com.br\/sobre\/wp-json\/wp\/v2\/users\/1"}],"replies":[{"embeddable":true,"href":"https:\/\/www.encontrafeiradesantana.com.br\/sobre\/wp-json\/wp\/v2\/comments?post=260"}],"version-history":[{"count":1,"href":"https:\/\/www.encontrafeiradesantana.com.br\/sobre\/wp-json\/wp\/v2\/posts\/260\/revisions"}],"predecessor-version":[{"id":261,"href":"https:\/\/www.encontrafeiradesantana.com.br\/sobre\/wp-json\/wp\/v2\/posts\/260\/revisions\/261"}],"wp:attachment":[{"href":"https:\/\/www.encontrafeiradesantana.com.br\/sobre\/wp-json\/wp\/v2\/media?parent=260"}],"wp:term":[{"taxonomy":"category","embeddable":true,"href":"https:\/\/www.encontrafeiradesantana.com.br\/sobre\/wp-json\/wp\/v2\/categories?post=260"},{"taxonomy":"post_tag","embeddable":true,"href":"https:\/\/www.encontrafeiradesantana.com.br\/sobre\/wp-json\/wp\/v2\/tags?post=260"}],"curies":[{"name":"wp","href":"https:\/\/api.w.org\/{rel}","templated":true}]}}