{"id":2593,"date":"2026-08-03T06:37:55","date_gmt":"2026-08-03T09:37:55","guid":{"rendered":"https:\/\/www.encontrafeiradesantana.com.br\/sobre\/prefeitura-garante-apoio-a-evento-internacional-de-jiu\/"},"modified":"2026-08-03T06:37:55","modified_gmt":"2026-08-03T09:37:55","slug":"prefeitura-garante-apoio-a-evento-internacional-de-jiu","status":"publish","type":"post","link":"https:\/\/www.encontrafeiradesantana.com.br\/sobre\/prefeitura-garante-apoio-a-evento-internacional-de-jiu\/","title":{"rendered":"Prefeitura garante apoio a evento internacional de jiu"},"content":{"rendered":"<div class=\"3f468104ad11f00a3c9ac948316f4265\" data-index=\"1\" style=\"float: none; margin:0px;\">\n<ins class=\"adsbygoogle\"\r\n     style=\"display:block\"\r\n     data-ad-client=\"ca-pub-8585364105181520\"\r\n     data-ad-slot=\"8789329856\"\r\n     data-ad-format=\"auto\"\r\n     data-full-width-responsive=\"true\"><\/ins>\r\n<script>\r\n     (adsbygoogle = window.adsbygoogle || []).push({});\r\n<\/script>\r\n\n<\/div>\n<h2>Apoio Municipal ao Jiu-Jitsu<\/h2>\n<p>A prefeitura de Feira de Santana, por meio de seu gabinete, reafirma seu suporte ao emocionante cen\u00e1rio do jiu-jitsu. O prefeito Jos\u00e9 Ronaldo-Dinis tem sido um forte defensor do esporte, reconhecendo sua import\u00e2ncia na promo\u00e7\u00e3o de sa\u00fade, disciplina e uni\u00e3o entre a comunidade. Esse apoio \u00e9 crucial para o impulso do jiu-jitsu, n\u00e3o apenas em Feira de Santana, mas em toda a regi\u00e3o da Bahia.<\/p>\n<h2>Data Confirmada para o Evento<\/h2>\n<p>Um dos eventos mais aguardados do calend\u00e1rio esportivo baiano \u00e9 o Open de Jiu-Jitsu, que ocorrer\u00e1 no dia 16 de agosto no Complexo Esportivo Oyama Pinto. Esta competi\u00e7\u00e3o atrai n\u00e3o apenas atletas locais, mas tamb\u00e9m aqueles que desejam se destacar em um espa\u00e7o de renome no cen\u00e1rio nacional e internacional. A confirma\u00e7\u00e3o da data aumenta as expectativas e anima os participantes, que se preparam para mostrar suas habilidades no tatame.<\/p>\n<h2>Encontro com Representantes do Jiu-Jitsu<\/h2>\n<p>Recentemente, Jos\u00e9 Ronaldo se reuniu com o mestre Humberto Tavares e o sensei Samuel Carvalho. O encontro teve como objetivo discutir estrat\u00e9gias de apoio \u00e0 realiza\u00e7\u00e3o do Open de Jiu-Jitsu. Durante a reuni\u00e3o, foram abordados t\u00f3picos relevantes para a execu\u00e7\u00e3o do evento e a import\u00e2ncia do jiu-jitsu na cidade. Os representantes da federa\u00e7\u00e3o enfatizaram a dedica\u00e7\u00e3o dos atletas e o crescimento do esporte na regi\u00e3o.<\/p>\n<p><img decoding=\"async\" src=\"https:\/\/www.encontrafeiradesantana.com.br\/sobre\/wp-content\/uploads\/2026\/08\/prefeitura-garante-apoio-a-evento-internacional-de-jiu.webp\" alt=\"evento internacional de jiu-jitsu\" loading=\"lazy\" \/><\/p>\n<h2>Import\u00e2ncia do Jiu-Jitsu para a Regi\u00e3o<\/h2>\n<p>O jiu-jitsu \u00e9 uma pr\u00e1tica que vai al\u00e9m da luta. Ele promove valores como respeito, autocontrole e perseveran\u00e7a. Esses princ\u00edpios s\u00e3o relevantes para o desenvolvimento social dos jovens e adultos da regi\u00e3o. Ao incentivar a pr\u00e1tica do esporte, Feira de Santana n\u00e3o apenas investe na sa\u00fade de seus cidad\u00e3os, mas tamb\u00e9m na forma\u00e7\u00e3o de cidad\u00e3os mais conscientes e disciplinados.<\/p>\n<h2>Estrutura do Complexo Esportivo Oyama Pinto<\/h2>\n<p>O Complexo Esportivo Oyama Pinto \u00e9 um espa\u00e7o de destaque para a realiza\u00e7\u00e3o de eventos esportivos na cidade. Ele conta com uma infraestrutura de qualidade, adequada para receber competi\u00e7\u00f5es de alto n\u00edvel. Com \u00e1reas amplas, vesti\u00e1rios e conforto para os participantes e espectadores, o local est\u00e1 preparado para receber um grande n\u00famero de competidores e suas fam\u00edlias.<\/p>\n<h2>Prenota\u00e7\u00e3o do Calend\u00e1rio Esportivo de 2027<\/h2>\n<p>Com a aproxima\u00e7\u00e3o da competi\u00e7\u00e3o em agosto, o encontro tamb\u00e9m serviu como um primeiro passo para o planejamento do calend\u00e1rio esportivo de 2027. A gest\u00e3o municipal pretende criar uma agenda robusta que posicione Feira de Santana como um polo das artes marciais no interior do estado. Este planejamento envolve colabora\u00e7\u00e3o com a Superintend\u00eancia de Esportes e outras secretarias, visando atrair novos patrocinadores e turistas.<\/p>\n<h2>Competi\u00e7\u00f5es Futuras em Feira de Santana<\/h2>\n<p>Al\u00e9m do Open de Jiu-Jitsu de agosto, outras competi\u00e7\u00f5es est\u00e3o previstas para outubro de 2026. A ideia \u00e9 diversificar as modalidades e oferecer um espa\u00e7o para que atletas de diferentes n\u00edveis possam competir e se destacar. O calend\u00e1rio variado \u00e9 fundamental para manter o interesse e dinamismo do cen\u00e1rio esportivo local.<\/p>\n<h2>Desenvolvimento Social e Esporte<\/h2>\n<p>A Prefeitura de Feira de Santana tem como meta fomentar o desenvolvimento social atrav\u00e9s do esporte. Com o apoio a eventos de jiu-jitsu, o governo municipal mostra seu compromisso em promover a sa\u00fade, o bem-estar e a uni\u00e3o entre a comunidade. O impacto positivo dessa pol\u00edtica \u00e9 vis\u00edvel na inclus\u00e3o de jovens em atividades esportivas, proporcionado um ambiente saud\u00e1vel e construtivo.<\/p>\n<h2>Proje\u00e7\u00e3o Internacional do Jiu-Jitsu<\/h2>\n<p>Atualmente, o jiu-jitsu tamb\u00e9m \u00e9 reconhecido em n\u00edvel global. H\u00e1 atletas da regi\u00e3o participando de torneios internacionais, como um recente campeonato na Espanha, que contou com a presen\u00e7a de competidores de mais de 60 pa\u00edses. Esse interc\u00e2mbio cultural \u00e9 vital para o crescimento do esporte local, uma vez que aumenta a visibilidade dos atletas e promove um interc\u00e2mbio de experi\u00eancias.<\/p>\n<h2>Investimentos em Infraestrutura Esportiva<\/h2>\n<p>Para garantir o sucesso do Open de Jiu-Jitsu e futuros eventos, a gest\u00e3o municipal tem se comprometido a oferecer toda a infraestrutura necess\u00e1ria. Isso inclui a melhoria de instala\u00e7\u00f5es, seguran\u00e7a adequada e garantias log\u00edsticas que assegurem o conforto de todos os envolvidos. Tais investimentos s\u00e3o fundamentais para posicionar Feira de Santana como um espa\u00e7o reconhecido por suas competi\u00e7\u00f5es de alto n\u00edvel, contribuindo para a valoriza\u00e7\u00e3o do esporte na cidade.<\/p>\n\n<div style=\"font-size: 0px; height: 0px; line-height: 0px; margin: 0; padding: 0; clear: both;\"><\/div>","protected":false},"excerpt":{"rendered":"<p>Prefeitura apoia evento internacional de jiu-jitsu em Feira de Santana.<\/p>\n","protected":false},"author":1,"featured_media":2592,"comment_status":"open","ping_status":"closed","sticky":false,"template":"","format":"standard","meta":{"footnotes":""},"categories":[26],"tags":[],"class_list":["post-2593","post","type-post","status-publish","format-standard","has-post-thumbnail","hentry","category-cultura-em-feira-de-santana","has_thumb"],"aioseo_notices":[],"aioseo_head":"\n\t\t<!-- All in One SEO 5.0.0.1 - aioseo.com -->\n\t<meta name=\"description\" content=\"Prefeitura apoia evento internacional de jiu-jitsu em Feira de Santana.\" \/>\n\t<meta name=\"robots\" content=\"max-image-preview:large\" \/>\n\t<meta name=\"author\" content=\"Encontra Feira de Santana\"\/>\n\t<link rel=\"canonical\" href=\"https:\/\/www.encontrafeiradesantana.com.br\/sobre\/prefeitura-garante-apoio-a-evento-internacional-de-jiu\/\" \/>\n\t<meta name=\"generator\" content=\"All in One SEO (AIOSEO) 5.0.0.1\" \/>\n\t\t<meta property=\"og:locale\" content=\"pt_BR\" \/>\n\t\t<meta property=\"og:site_name\" content=\"Encontra Feira de Santana | Not\u00edcias, eventos, informa\u00e7\u00f5es e dicas na cidade Feira de Santana e regi\u00e3o.\" \/>\n\t\t<meta property=\"og:type\" content=\"article\" \/>\n\t\t<meta property=\"og:title\" content=\"Prefeitura garante apoio a evento internacional de jiu | Encontra Feira de Santana\" \/>\n\t\t<meta property=\"og:description\" content=\"Prefeitura apoia evento internacional de jiu-jitsu em Feira de Santana.\" \/>\n\t\t<meta property=\"og:url\" content=\"https:\/\/www.encontrafeiradesantana.com.br\/sobre\/prefeitura-garante-apoio-a-evento-internacional-de-jiu\/\" \/>\n\t\t<meta property=\"article:published_time\" content=\"2026-08-03T09:37:55+00:00\" \/>\n\t\t<meta property=\"article:modified_time\" content=\"2026-08-03T09:37:55+00:00\" \/>\n\t\t<meta name=\"twitter:card\" content=\"summary\" \/>\n\t\t<meta name=\"twitter:title\" content=\"Prefeitura garante apoio a evento internacional de jiu | Encontra Feira de Santana\" \/>\n\t\t<meta name=\"twitter:description\" content=\"Prefeitura apoia evento internacional de jiu-jitsu em Feira de Santana.\" \/>\n\t\t<script type=\"application\/ld+json\" class=\"aioseo-schema\">\n\t\t\t{\"@context\":\"https:\\\/\\\/schema.org\",\"@graph\":[{\"@type\":\"Article\",\"@id\":\"https:\\\/\\\/www.encontrafeiradesantana.com.br\\\/sobre\\\/prefeitura-garante-apoio-a-evento-internacional-de-jiu\\\/#article\",\"name\":\"Prefeitura garante apoio a evento internacional de jiu | Encontra Feira de Santana\",\"headline\":\"Prefeitura garante apoio a evento internacional de jiu\",\"author\":{\"@id\":\"https:\\\/\\\/www.encontrafeiradesantana.com.br\\\/sobre\\\/author\\\/efeiradesantana\\\/#author\"},\"publisher\":{\"@id\":\"https:\\\/\\\/www.encontrafeiradesantana.com.br\\\/sobre\\\/#organization\"},\"image\":{\"@type\":\"ImageObject\",\"url\":\"https:\\\/\\\/www.encontrafeiradesantana.com.br\\\/sobre\\\/wp-content\\\/uploads\\\/2026\\\/08\\\/prefeitura-garante-apoio-a-evento-internacional-de-jiu.webp\",\"width\":280,\"height\":280,\"caption\":\"evento internacional de jiu-jitsu\"},\"datePublished\":\"2026-08-03T06:37:55-03:00\",\"dateModified\":\"2026-08-03T06:37:55-03:00\",\"inLanguage\":\"pt-BR\",\"mainEntityOfPage\":{\"@id\":\"https:\\\/\\\/www.encontrafeiradesantana.com.br\\\/sobre\\\/prefeitura-garante-apoio-a-evento-internacional-de-jiu\\\/#webpage\"},\"isPartOf\":{\"@id\":\"https:\\\/\\\/www.encontrafeiradesantana.com.br\\\/sobre\\\/prefeitura-garante-apoio-a-evento-internacional-de-jiu\\\/#webpage\"},\"articleSection\":\"Cultura Feira de Santana\"},{\"@type\":\"BreadcrumbList\",\"@id\":\"https:\\\/\\\/www.encontrafeiradesantana.com.br\\\/sobre\\\/prefeitura-garante-apoio-a-evento-internacional-de-jiu\\\/#breadcrumblist\",\"itemListElement\":[{\"@type\":\"ListItem\",\"@id\":\"https:\\\/\\\/www.encontrafeiradesantana.com.br\\\/sobre#listItem\",\"position\":1,\"name\":\"In\\u00edcio\",\"item\":\"https:\\\/\\\/www.encontrafeiradesantana.com.br\\\/sobre\",\"nextItem\":{\"@type\":\"ListItem\",\"@id\":\"https:\\\/\\\/www.encontrafeiradesantana.com.br\\\/sobre\\\/cultura-em-feira-de-santana\\\/#listItem\",\"name\":\"Cultura Feira de Santana\"}},{\"@type\":\"ListItem\",\"@id\":\"https:\\\/\\\/www.encontrafeiradesantana.com.br\\\/sobre\\\/cultura-em-feira-de-santana\\\/#listItem\",\"position\":2,\"name\":\"Cultura Feira de Santana\",\"item\":\"https:\\\/\\\/www.encontrafeiradesantana.com.br\\\/sobre\\\/cultura-em-feira-de-santana\\\/\",\"nextItem\":{\"@type\":\"ListItem\",\"@id\":\"https:\\\/\\\/www.encontrafeiradesantana.com.br\\\/sobre\\\/prefeitura-garante-apoio-a-evento-internacional-de-jiu\\\/#listItem\",\"name\":\"Prefeitura garante apoio a evento internacional de jiu\"},\"previousItem\":{\"@type\":\"ListItem\",\"@id\":\"https:\\\/\\\/www.encontrafeiradesantana.com.br\\\/sobre#listItem\",\"name\":\"In\\u00edcio\"}},{\"@type\":\"ListItem\",\"@id\":\"https:\\\/\\\/www.encontrafeiradesantana.com.br\\\/sobre\\\/prefeitura-garante-apoio-a-evento-internacional-de-jiu\\\/#listItem\",\"position\":3,\"name\":\"Prefeitura garante apoio a evento internacional de jiu\",\"previousItem\":{\"@type\":\"ListItem\",\"@id\":\"https:\\\/\\\/www.encontrafeiradesantana.com.br\\\/sobre\\\/cultura-em-feira-de-santana\\\/#listItem\",\"name\":\"Cultura Feira de Santana\"}}]},{\"@type\":\"Organization\",\"@id\":\"https:\\\/\\\/www.encontrafeiradesantana.com.br\\\/sobre\\\/#organization\",\"name\":\"Encontra Feira de Santana\",\"description\":\"Not\\u00edcias, eventos, informa\\u00e7\\u00f5es e dicas na cidade Feira de Santana e regi\\u00e3o.\",\"url\":\"https:\\\/\\\/www.encontrafeiradesantana.com.br\\\/sobre\\\/\"},{\"@type\":\"Person\",\"@id\":\"https:\\\/\\\/www.encontrafeiradesantana.com.br\\\/sobre\\\/author\\\/efeiradesantana\\\/#author\",\"url\":\"https:\\\/\\\/www.encontrafeiradesantana.com.br\\\/sobre\\\/author\\\/efeiradesantana\\\/\",\"name\":\"Encontra Feira de Santana\",\"image\":{\"@type\":\"ImageObject\",\"@id\":\"https:\\\/\\\/www.encontrafeiradesantana.com.br\\\/sobre\\\/prefeitura-garante-apoio-a-evento-internacional-de-jiu\\\/#authorImage\",\"url\":\"https:\\\/\\\/secure.gravatar.com\\\/avatar\\\/507340682b8270222e1f208e23198b6ae7e2c6a1033ae84e99bc6bce4f82a387?s=96&d=mm&r=g\",\"width\":96,\"height\":96,\"caption\":\"Encontra Feira de Santana\"}},{\"@type\":\"WebPage\",\"@id\":\"https:\\\/\\\/www.encontrafeiradesantana.com.br\\\/sobre\\\/prefeitura-garante-apoio-a-evento-internacional-de-jiu\\\/#webpage\",\"url\":\"https:\\\/\\\/www.encontrafeiradesantana.com.br\\\/sobre\\\/prefeitura-garante-apoio-a-evento-internacional-de-jiu\\\/\",\"name\":\"Prefeitura garante apoio a evento internacional de jiu | Encontra Feira de Santana\",\"description\":\"Prefeitura apoia evento internacional de jiu-jitsu em Feira de Santana.\",\"inLanguage\":\"pt-BR\",\"isPartOf\":{\"@id\":\"https:\\\/\\\/www.encontrafeiradesantana.com.br\\\/sobre\\\/#website\"},\"breadcrumb\":{\"@id\":\"https:\\\/\\\/www.encontrafeiradesantana.com.br\\\/sobre\\\/prefeitura-garante-apoio-a-evento-internacional-de-jiu\\\/#breadcrumblist\"},\"author\":{\"@id\":\"https:\\\/\\\/www.encontrafeiradesantana.com.br\\\/sobre\\\/author\\\/efeiradesantana\\\/#author\"},\"creator\":{\"@id\":\"https:\\\/\\\/www.encontrafeiradesantana.com.br\\\/sobre\\\/author\\\/efeiradesantana\\\/#author\"},\"image\":{\"@type\":\"ImageObject\",\"url\":\"https:\\\/\\\/www.encontrafeiradesantana.com.br\\\/sobre\\\/wp-content\\\/uploads\\\/2026\\\/08\\\/prefeitura-garante-apoio-a-evento-internacional-de-jiu.webp\",\"@id\":\"https:\\\/\\\/www.encontrafeiradesantana.com.br\\\/sobre\\\/prefeitura-garante-apoio-a-evento-internacional-de-jiu\\\/#mainImage\",\"width\":280,\"height\":280,\"caption\":\"evento internacional de jiu-jitsu\"},\"primaryImageOfPage\":{\"@id\":\"https:\\\/\\\/www.encontrafeiradesantana.com.br\\\/sobre\\\/prefeitura-garante-apoio-a-evento-internacional-de-jiu\\\/#mainImage\"},\"datePublished\":\"2026-08-03T06:37:55-03:00\",\"dateModified\":\"2026-08-03T06:37:55-03:00\"},{\"@type\":\"WebSite\",\"@id\":\"https:\\\/\\\/www.encontrafeiradesantana.com.br\\\/sobre\\\/#website\",\"url\":\"https:\\\/\\\/www.encontrafeiradesantana.com.br\\\/sobre\\\/\",\"name\":\"Encontra Feira de Santana\",\"description\":\"Not\\u00edcias, eventos, informa\\u00e7\\u00f5es e dicas na cidade Feira de Santana e regi\\u00e3o.\",\"inLanguage\":\"pt-BR\",\"publisher\":{\"@id\":\"https:\\\/\\\/www.encontrafeiradesantana.com.br\\\/sobre\\\/#organization\"}}]}\n\t\t<\/script>\n\t\t<!-- All in One SEO -->\n\n","aioseo_head_json":{"title":"Prefeitura garante apoio a evento internacional de jiu | Encontra Feira de Santana","description":"Prefeitura apoia evento internacional de jiu-jitsu em Feira de Santana.","canonical_url":"https:\/\/www.encontrafeiradesantana.com.br\/sobre\/prefeitura-garante-apoio-a-evento-internacional-de-jiu\/","robots":"max-image-preview:large","keywords":"","webmasterTools":{"miscellaneous":""},"schema":{"@context":"https:\/\/schema.org","@graph":[{"@type":"Article","@id":"https:\/\/www.encontrafeiradesantana.com.br\/sobre\/prefeitura-garante-apoio-a-evento-internacional-de-jiu\/#article","name":"Prefeitura garante apoio a evento internacional de jiu | Encontra Feira de Santana","headline":"Prefeitura garante apoio a evento internacional de jiu","author":{"@id":"https:\/\/www.encontrafeiradesantana.com.br\/sobre\/author\/efeiradesantana\/#author"},"publisher":{"@id":"https:\/\/www.encontrafeiradesantana.com.br\/sobre\/#organization"},"image":{"@type":"ImageObject","url":"https:\/\/www.encontrafeiradesantana.com.br\/sobre\/wp-content\/uploads\/2026\/08\/prefeitura-garante-apoio-a-evento-internacional-de-jiu.webp","width":280,"height":280,"caption":"evento internacional de jiu-jitsu"},"datePublished":"2026-08-03T06:37:55-03:00","dateModified":"2026-08-03T06:37:55-03:00","inLanguage":"pt-BR","mainEntityOfPage":{"@id":"https:\/\/www.encontrafeiradesantana.com.br\/sobre\/prefeitura-garante-apoio-a-evento-internacional-de-jiu\/#webpage"},"isPartOf":{"@id":"https:\/\/www.encontrafeiradesantana.com.br\/sobre\/prefeitura-garante-apoio-a-evento-internacional-de-jiu\/#webpage"},"articleSection":"Cultura Feira de Santana"},{"@type":"BreadcrumbList","@id":"https:\/\/www.encontrafeiradesantana.com.br\/sobre\/prefeitura-garante-apoio-a-evento-internacional-de-jiu\/#breadcrumblist","itemListElement":[{"@type":"ListItem","@id":"https:\/\/www.encontrafeiradesantana.com.br\/sobre#listItem","position":1,"name":"In\u00edcio","item":"https:\/\/www.encontrafeiradesantana.com.br\/sobre","nextItem":{"@type":"ListItem","@id":"https:\/\/www.encontrafeiradesantana.com.br\/sobre\/cultura-em-feira-de-santana\/#listItem","name":"Cultura Feira de Santana"}},{"@type":"ListItem","@id":"https:\/\/www.encontrafeiradesantana.com.br\/sobre\/cultura-em-feira-de-santana\/#listItem","position":2,"name":"Cultura Feira de Santana","item":"https:\/\/www.encontrafeiradesantana.com.br\/sobre\/cultura-em-feira-de-santana\/","nextItem":{"@type":"ListItem","@id":"https:\/\/www.encontrafeiradesantana.com.br\/sobre\/prefeitura-garante-apoio-a-evento-internacional-de-jiu\/#listItem","name":"Prefeitura garante apoio a evento internacional de jiu"},"previousItem":{"@type":"ListItem","@id":"https:\/\/www.encontrafeiradesantana.com.br\/sobre#listItem","name":"In\u00edcio"}},{"@type":"ListItem","@id":"https:\/\/www.encontrafeiradesantana.com.br\/sobre\/prefeitura-garante-apoio-a-evento-internacional-de-jiu\/#listItem","position":3,"name":"Prefeitura garante apoio a evento internacional de jiu","previousItem":{"@type":"ListItem","@id":"https:\/\/www.encontrafeiradesantana.com.br\/sobre\/cultura-em-feira-de-santana\/#listItem","name":"Cultura Feira de Santana"}}]},{"@type":"Organization","@id":"https:\/\/www.encontrafeiradesantana.com.br\/sobre\/#organization","name":"Encontra Feira de Santana","description":"Not\u00edcias, eventos, informa\u00e7\u00f5es e dicas na cidade Feira de Santana e regi\u00e3o.","url":"https:\/\/www.encontrafeiradesantana.com.br\/sobre\/"},{"@type":"Person","@id":"https:\/\/www.encontrafeiradesantana.com.br\/sobre\/author\/efeiradesantana\/#author","url":"https:\/\/www.encontrafeiradesantana.com.br\/sobre\/author\/efeiradesantana\/","name":"Encontra Feira de Santana","image":{"@type":"ImageObject","@id":"https:\/\/www.encontrafeiradesantana.com.br\/sobre\/prefeitura-garante-apoio-a-evento-internacional-de-jiu\/#authorImage","url":"https:\/\/secure.gravatar.com\/avatar\/507340682b8270222e1f208e23198b6ae7e2c6a1033ae84e99bc6bce4f82a387?s=96&d=mm&r=g","width":96,"height":96,"caption":"Encontra Feira de Santana"}},{"@type":"WebPage","@id":"https:\/\/www.encontrafeiradesantana.com.br\/sobre\/prefeitura-garante-apoio-a-evento-internacional-de-jiu\/#webpage","url":"https:\/\/www.encontrafeiradesantana.com.br\/sobre\/prefeitura-garante-apoio-a-evento-internacional-de-jiu\/","name":"Prefeitura garante apoio a evento internacional de jiu | Encontra Feira de Santana","description":"Prefeitura apoia evento internacional de jiu-jitsu em Feira de Santana.","inLanguage":"pt-BR","isPartOf":{"@id":"https:\/\/www.encontrafeiradesantana.com.br\/sobre\/#website"},"breadcrumb":{"@id":"https:\/\/www.encontrafeiradesantana.com.br\/sobre\/prefeitura-garante-apoio-a-evento-internacional-de-jiu\/#breadcrumblist"},"author":{"@id":"https:\/\/www.encontrafeiradesantana.com.br\/sobre\/author\/efeiradesantana\/#author"},"creator":{"@id":"https:\/\/www.encontrafeiradesantana.com.br\/sobre\/author\/efeiradesantana\/#author"},"image":{"@type":"ImageObject","url":"https:\/\/www.encontrafeiradesantana.com.br\/sobre\/wp-content\/uploads\/2026\/08\/prefeitura-garante-apoio-a-evento-internacional-de-jiu.webp","@id":"https:\/\/www.encontrafeiradesantana.com.br\/sobre\/prefeitura-garante-apoio-a-evento-internacional-de-jiu\/#mainImage","width":280,"height":280,"caption":"evento internacional de jiu-jitsu"},"primaryImageOfPage":{"@id":"https:\/\/www.encontrafeiradesantana.com.br\/sobre\/prefeitura-garante-apoio-a-evento-internacional-de-jiu\/#mainImage"},"datePublished":"2026-08-03T06:37:55-03:00","dateModified":"2026-08-03T06:37:55-03:00"},{"@type":"WebSite","@id":"https:\/\/www.encontrafeiradesantana.com.br\/sobre\/#website","url":"https:\/\/www.encontrafeiradesantana.com.br\/sobre\/","name":"Encontra Feira de Santana","description":"Not\u00edcias, eventos, informa\u00e7\u00f5es e dicas na cidade Feira de Santana e regi\u00e3o.","inLanguage":"pt-BR","publisher":{"@id":"https:\/\/www.encontrafeiradesantana.com.br\/sobre\/#organization"}}]},"og:locale":"pt_BR","og:site_name":"Encontra Feira de Santana | Not\u00edcias, eventos, informa\u00e7\u00f5es e dicas na cidade Feira de Santana e regi\u00e3o.","og:type":"article","og:title":"Prefeitura garante apoio a evento internacional de jiu | Encontra Feira de Santana","og:description":"Prefeitura apoia evento internacional de jiu-jitsu em Feira de Santana.","og:url":"https:\/\/www.encontrafeiradesantana.com.br\/sobre\/prefeitura-garante-apoio-a-evento-internacional-de-jiu\/","article:published_time":"2026-08-03T09:37:55+00:00","article:modified_time":"2026-08-03T09:37:55+00:00","twitter:card":"summary","twitter:title":"Prefeitura garante apoio a evento internacional de jiu | Encontra Feira de Santana","twitter:description":"Prefeitura apoia evento internacional de jiu-jitsu em Feira de Santana."},"aioseo_meta_data":{"post_id":"2593","title":null,"description":null,"keywords":null,"keyphrases":null,"primary_term":null,"canonical_url":null,"og_title":null,"og_description":null,"og_object_type":"default","og_image_type":"default","og_image_url":null,"og_image_width":null,"og_image_height":null,"og_image_custom_url":null,"og_image_custom_fields":null,"og_video":null,"og_custom_url":null,"og_article_section":null,"og_article_tags":null,"twitter_use_og":false,"twitter_card":"default","twitter_image_type":"default","twitter_image_url":null,"twitter_image_custom_url":null,"twitter_image_custom_fields":null,"twitter_title":null,"twitter_description":null,"schema":{"blockGraphs":[],"customGraphs":[],"default":{"data":{"Article":[],"Course":[],"Dataset":[],"FAQPage":[],"Movie":[],"Person":[],"Product":[],"ProductReview":[],"Car":[],"Recipe":[],"Service":[],"SoftwareApplication":[],"WebPage":[]},"graphName":"Article","isEnabled":true},"graphs":[]},"schema_type":"default","schema_type_options":null,"pillar_content":false,"robots_default":true,"robots_noindex":false,"robots_noarchive":false,"robots_nosnippet":false,"robots_nofollow":false,"robots_noimageindex":false,"robots_noodp":false,"robots_notranslate":false,"robots_max_snippet":null,"robots_max_videopreview":null,"robots_max_imagepreview":"large","priority":null,"frequency":null,"local_seo":null,"breadcrumb_settings":null,"limit_modified_date":false,"ai":null,"created":"2026-08-03 09:37:56","updated":"2026-08-03 09:52:22","focus_keyword":null,"additional_keywords":null,"truseo_locale":null,"seo_analyzer_scan_date":null},"aioseo_breadcrumb":"<div class=\"aioseo-breadcrumbs\"><span class=\"aioseo-breadcrumb\">\n\t\t\t<a href=\"https:\/\/www.encontrafeiradesantana.com.br\/sobre\" title=\"In\u00edcio\">In\u00edcio<\/a>\n\t\t<\/span><span class=\"aioseo-breadcrumb-separator\">&raquo;<\/span><span class=\"aioseo-breadcrumb\">\n\t\t\t<a href=\"https:\/\/www.encontrafeiradesantana.com.br\/sobre\/cultura-em-feira-de-santana\/\" title=\"Cultura Feira de Santana\">Cultura Feira de Santana<\/a>\n\t\t<\/span><span class=\"aioseo-breadcrumb-separator\">&raquo;<\/span><span class=\"aioseo-breadcrumb\">\n\t\t\tPrefeitura garante apoio a evento internacional de jiu\n\t\t<\/span><\/div>","aioseo_breadcrumb_json":[{"label":"In\u00edcio","link":"https:\/\/www.encontrafeiradesantana.com.br\/sobre"},{"label":"Cultura Feira de Santana","link":"https:\/\/www.encontrafeiradesantana.com.br\/sobre\/cultura-em-feira-de-santana\/"},{"label":"Prefeitura garante apoio a evento internacional de jiu","link":"https:\/\/www.encontrafeiradesantana.com.br\/sobre\/prefeitura-garante-apoio-a-evento-internacional-de-jiu\/"}],"_links":{"self":[{"href":"https:\/\/www.encontrafeiradesantana.com.br\/sobre\/wp-json\/wp\/v2\/posts\/2593","targetHints":{"allow":["GET"]}}],"collection":[{"href":"https:\/\/www.encontrafeiradesantana.com.br\/sobre\/wp-json\/wp\/v2\/posts"}],"about":[{"href":"https:\/\/www.encontrafeiradesantana.com.br\/sobre\/wp-json\/wp\/v2\/types\/post"}],"author":[{"embeddable":true,"href":"https:\/\/www.encontrafeiradesantana.com.br\/sobre\/wp-json\/wp\/v2\/users\/1"}],"replies":[{"embeddable":true,"href":"https:\/\/www.encontrafeiradesantana.com.br\/sobre\/wp-json\/wp\/v2\/comments?post=2593"}],"version-history":[{"count":0,"href":"https:\/\/www.encontrafeiradesantana.com.br\/sobre\/wp-json\/wp\/v2\/posts\/2593\/revisions"}],"wp:featuredmedia":[{"embeddable":true,"href":"https:\/\/www.encontrafeiradesantana.com.br\/sobre\/wp-json\/wp\/v2\/media\/2592"}],"wp:attachment":[{"href":"https:\/\/www.encontrafeiradesantana.com.br\/sobre\/wp-json\/wp\/v2\/media?parent=2593"}],"wp:term":[{"taxonomy":"category","embeddable":true,"href":"https:\/\/www.encontrafeiradesantana.com.br\/sobre\/wp-json\/wp\/v2\/categories?post=2593"},{"taxonomy":"post_tag","embeddable":true,"href":"https:\/\/www.encontrafeiradesantana.com.br\/sobre\/wp-json\/wp\/v2\/tags?post=2593"}],"curies":[{"name":"wp","href":"https:\/\/api.w.org\/{rel}","templated":true}]}}