{"id":2565,"date":"2026-07-30T07:55:52","date_gmt":"2026-07-30T10:55:52","guid":{"rendered":"https:\/\/www.encontrafeiradesantana.com.br\/sobre\/settdec-atua-no-ordenamento-e-fomento-na-requalificacao-da-praca-dos-sapateiros\/"},"modified":"2026-07-30T07:55:52","modified_gmt":"2026-07-30T10:55:52","slug":"settdec-atua-no-ordenamento-e-fomento-na-requalificacao-da-praca-dos-sapateiros","status":"publish","type":"post","link":"https:\/\/www.encontrafeiradesantana.com.br\/sobre\/settdec-atua-no-ordenamento-e-fomento-na-requalificacao-da-praca-dos-sapateiros\/","title":{"rendered":"SETTDEC atua no ordenamento e fomento na requalifica\u00e7\u00e3o da Pra\u00e7a dos Sapateiros"},"content":{"rendered":"<div class=\"3f468104ad11f00a3c9ac948316f4265\" data-index=\"1\" style=\"float: none; margin:0px;\">\n<ins class=\"adsbygoogle\"\r\n     style=\"display:block\"\r\n     data-ad-client=\"ca-pub-8585364105181520\"\r\n     data-ad-slot=\"8789329856\"\r\n     data-ad-format=\"auto\"\r\n     data-full-width-responsive=\"true\"><\/ins>\r\n<script>\r\n     (adsbygoogle = window.adsbygoogle || []).push({});\r\n<\/script>\r\n\n<\/div>\n<h2>Objetivos da Requalifica\u00e7\u00e3o<\/h2>\n<p>A requalifica\u00e7\u00e3o da Pra\u00e7a dos Sapateiros \u00e9 um projeto ambicioso que visa revitalizar este importante espa\u00e7o urbano localizado no cora\u00e7\u00e3o do com\u00e9rcio local. Os principais objetivos incluem:<\/p>\n<ul>\n<li><strong>Melhoria da Infraestrutura:<\/strong> Proporcionar melhores condi\u00e7\u00f5es de trabalho para os permission\u00e1rios e uma experi\u00eancia de compra mais agrad\u00e1vel para os clientes.<\/li>\n<li><strong>Fomento \u00e0 Economia Criativa:<\/strong> Criar um ambiente prop\u00edcio para a economia local, estimulando novas oportunidades de neg\u00f3cios.<\/li>\n<li><strong>Valoriza\u00e7\u00e3o do Patrim\u00f4nio Cultural:<\/strong> Preservar a identidade cultural da pra\u00e7a, valorizando os produtos e servi\u00e7os oferecidos pelos artes\u00e3os e comerciantes.<\/li>\n<\/ul>\n<h2>Estrat\u00e9gias de Ordenamento e Fomento<\/h2>\n<p>A Secretaria Municipal de Trabalho, Turismo e Desenvolvimento Econ\u00f4mico (SETTDEC) adota estrat\u00e9gias de ordenamento que buscam garantir a organiza\u00e7\u00e3o do espa\u00e7o durante a requalifica\u00e7\u00e3o. A atua\u00e7\u00e3o da SETTDEC abrange:<\/p>\n<ul>\n<li><strong>Planejamento Urban\u00edstico:<\/strong> Elabora\u00e7\u00e3o de um projeto arquitet\u00f4nico que reflete as necessidades dos usu\u00e1rios e a din\u00e2mica do local.<\/li>\n<li><strong>Di\u00e1logo com Comunidade:<\/strong> Envolvimento dos permission\u00e1rios na tomada de decis\u00f5es, buscando alinhar as a\u00e7\u00f5es da prefeitura com as expectativas dos trabalhadores.<\/li>\n<li><strong>Capacita\u00e7\u00e3o de Profissionais:<\/strong> Realiza\u00e7\u00e3o de treinamentos voltados para o desenvolvimento das habilidades dos permission\u00e1rios, garantindo que possam se adaptar \u00e0s novas condi\u00e7\u00f5es do espa\u00e7o.<\/li>\n<\/ul>\n<h2>Transfer\u00eancia Tempor\u00e1ria para Profissionais<\/h2>\n<p>Durante o per\u00edodo de obras, a SETTDEC implementou uma solu\u00e7\u00e3o tempor\u00e1ria para os profissionais que atuam na Pra\u00e7a dos Sapateiros. Isso inclui:<\/p>\n<p><img decoding=\"async\" src=\"https:\/\/www.encontrafeiradesantana.com.br\/sobre\/wp-content\/uploads\/2026\/07\/settdec-atua-no-ordenamento-e-fomento-na-requalificacao-da-praca-dos-sapateiros.webp\" alt=\"requalifica\u00e7\u00e3o Pra\u00e7a dos Sapateiros\" loading=\"lazy\" \/><\/p>\n<ul>\n<li><strong>Estacionamento Provis\u00f3rio:<\/strong> Cria\u00e7\u00e3o de um estacionamento na Prefeitura onde os trabalhadores possam manter suas atividades at\u00e9 a conclus\u00e3o da requalifica\u00e7\u00e3o.<\/li>\n<li><strong>Infraestrutura Adequada:<\/strong> Instala\u00e7\u00e3o de toldos de prote\u00e7\u00e3o e cabeamento el\u00e9trico individualizado, proporcionando \u00e0s atividades uma continuidade necess\u00e1ria sem interrup\u00e7\u00f5es significativas.<\/li>\n<li><strong>Recadastramento:<\/strong> Realiza\u00e7\u00e3o de um recadastramento formal dos trabalhadores que atuam na pra\u00e7a, garantindo um retorno organizado e legal ao espa\u00e7o requalificado.<\/li>\n<\/ul>\n<h2>A Import\u00e2ncia da Infraestrutura Modernizada<\/h2>\n<p>A melhoria da infraestrutura da Pra\u00e7a dos Sapateiros \u00e9 crucial para atender \u00e0s demandas dos usu\u00e1rios. As principais melhorias incluem:<\/p>\n<ul>\n<li><strong>Boxes Modernos:<\/strong> A nova configura\u00e7\u00e3o incluir\u00e1 22 boxes projetados para oferecer conforto e funcionalidade aos permission\u00e1rios.<\/li>\n<li><strong>Ilumina\u00e7\u00e3o em LED:<\/strong> A implementa\u00e7\u00e3o de um sistema de ilumina\u00e7\u00e3o em LED proporcionar\u00e1 mais seguran\u00e7a e valoriza\u00e7\u00e3o do espa\u00e7o durante a noite.<\/li>\n<li><strong>Acessibilidade:<\/strong> A constru\u00e7\u00e3o de sanit\u00e1rios p\u00fablicos acess\u00edveis e a utiliza\u00e7\u00e3o de piso t\u00e1til no projeto arquitet\u00f4nico garantem que a pra\u00e7a seja um espa\u00e7o inclusivo para todos.<\/li>\n<\/ul>\n<h2>O Papel da SETTDEC na Pra\u00e7a<\/h2>\n<p>A atua\u00e7\u00e3o da SETTDEC na Pra\u00e7a dos Sapateiros \u00e9 multifacetada e visa:<\/p>\n<ul>\n<li><strong>Ordenamento do Espa\u00e7o:<\/strong> Garantir que as atividades comerciais sejam realizadas de maneira organizada, evitando a ocupa\u00e7\u00e3o irregular do espa\u00e7o.<\/li>\n<li><strong>Orienta\u00e7\u00e3o e Informa\u00e7\u00e3o:<\/strong> Fornecer informa\u00e7\u00f5es relevantes e orienta\u00e7\u00f5es pr\u00e1ticas para os permission\u00e1rios sobre o funcionamento e normas do novo espa\u00e7o.<\/li>\n<li><strong>Capacita\u00e7\u00e3o Cont\u00ednua:<\/strong> Se necess\u00e1rio, oferecer cursos e treinamentos que aprimorem as habilidades dos profissionais, fortalecendo o com\u00e9rcio local.<\/li>\n<\/ul>\n<h2>Caracter\u00edsticas do Novo Projeto Arquitet\u00f4nico<\/h2>\n<p>O projeto arquitet\u00f4nico desenvolvido em parceria com a Secretaria Municipal de Infraestrutura (SEINFRA) trar\u00e1 v\u00e1rias caracter\u00edsticas inovadoras, incluindo:<\/p>\n<ul>\n<li><strong>Passarela Central Arborizada:<\/strong> Cria\u00e7\u00e3o de um espa\u00e7o central com pergolado que proporciona sombra e conforto aos visitantes.<\/li>\n<li><strong>Piso Intertravado Colorido:<\/strong> Utiliza\u00e7\u00e3o de um piso intertravado que, al\u00e9m de ser esteticamente agrad\u00e1vel, melhora a circula\u00e7\u00e3o e o acesso ao espa\u00e7o.<\/li>\n<li><strong>Sistema de Monitoramento:<\/strong> Implementa\u00e7\u00e3o de c\u00e2meras de seguran\u00e7a que visam aumentar a seguran\u00e7a e prote\u00e7\u00e3o dos comerciantes e frequentadores.<\/li>\n<\/ul>\n<h2>Focus em Economia Criativa<\/h2>\n<p>Um dos eixos centrais da requalifica\u00e7\u00e3o \u00e9 o fomento \u00e0 economia criativa. Este conceito abrange:<\/p>\n<ul>\n<li><strong>Valoriza\u00e7\u00e3o de Artes\u00e3os Locais:<\/strong> A requalifica\u00e7\u00e3o busca dar espa\u00e7o aos artistas e criadores da regi\u00e3o, promovendo suas cria\u00e7\u00f5es e garantindo um ambiente prop\u00edcio para o desenvolvimento de novos produtos.<\/li>\n<li><strong>Eventos e Feiras:<\/strong> Planejamento de eventos peri\u00f3dicos onde os permission\u00e1rios possam expor e vender seus produtos, atraindo visitantes e fortalecendo a cultura local.<\/li>\n<li><strong>Inclus\u00e3o Social:<\/strong> Garantir que a economia criativa tamb\u00e9m favore\u00e7a grupos sociais menos privilegiados, buscando uma distribui\u00e7\u00e3o equitativa de oportunidades.<\/li>\n<\/ul>\n<h2>Apoio aos Permission\u00e1rios Durante as Obras<\/h2>\n<p>Compreendendo a import\u00e2ncia do apoio aos permission\u00e1rios durante as interven\u00e7\u00f5es, a SETTDEC oferece:<\/p>\n<ul>\n<li><strong>Assist\u00eancia Financeira:<\/strong> Facilita\u00e7\u00e3o de acesso a linhas de cr\u00e9dito ou aux\u00edlios que possam ajudar os trabalhadores a manter suas atividades enquanto aguardam a requalifica\u00e7\u00e3o.<\/li>\n<li><strong>Comunica\u00e7\u00e3o Transparente:<\/strong> Manter os permission\u00e1rios informados sobre o progresso da obra e as etapas de implementa\u00e7\u00e3o para minimizar incertezas e expectativas.<\/li>\n<li><strong>Suporte Emocional:<\/strong> Disponibilidade de atendimento psicol\u00f3gico e assistencial para oferecer apoio emocional aos trabalhadores afetados pelo per\u00edodo de transi\u00e7\u00e3o.<\/li>\n<\/ul>\n<h2>Compromisso com a Dignidade do Trabalhador<\/h2>\n<p>A requalifica\u00e7\u00e3o da Pra\u00e7a dos Sapateiros n\u00e3o \u00e9 apenas uma quest\u00e3o de moderniza\u00e7\u00e3o urbana, mas tamb\u00e9m um reconhecimento da import\u00e2ncia da dignidade dos trabalhadores que atuam no local. Esse compromisso se traduz em:<\/p>\n<ul>\n<li><strong>Respeito aos Direitos Laborais:<\/strong> Garantia de que todos os trabalhadores sejam tratados com dignidade e respeitados em seus direitos.<\/li>\n<li><strong>Valoriza\u00e7\u00e3o da Hist\u00f3ria Pessoal:<\/strong> O projeto considera as hist\u00f3rias e experi\u00eancias dos permission\u00e1rios, buscando integrar essas narrativas \u00e0 nova identidade da pra\u00e7a.<\/li>\n<li><strong>Participa\u00e7\u00e3o Ativa:<\/strong> Envolver os trabalhadores nas decis\u00f5es relacionadas ao espa\u00e7o que impacta diretamente suas vidas e suas atividades econ\u00f4micas.<\/li>\n<\/ul>\n<h2>Futuras Perspectivas para a Pra\u00e7a dos Sapateiros<\/h2>\n<p>As expectativas em torno da requalifica\u00e7\u00e3o da Pra\u00e7a dos Sapateiros s\u00e3o promissoras. Entre as perspectivas futuras est\u00e3o:<\/p>\n<ul>\n<li><strong>Turismo Aumentado:<\/strong> Com uma infraestrutura mais atrativa e organizada, espera-se que o local se torne um ponto tur\u00edstico, atraindo visitantes de outras regi\u00f5es.<\/li>\n<li><strong>Fortalecimento do Com\u00e9rcio Local:<\/strong> A nova configura\u00e7\u00e3o deve estimular o crescimento de pequenos neg\u00f3cios, gerando emprego e renda para a popula\u00e7\u00e3o.<\/li>\n<li><strong>Iniciativas Sustent\u00e1veis:<\/strong> Possibilidade de implementa\u00e7\u00e3o de pr\u00e1ticas sustent\u00e1veis no manejo do espa\u00e7o p\u00fablico, promovendo a harmonia entre urbaniza\u00e7\u00e3o e preserva\u00e7\u00e3o ambiental.<\/li>\n<\/ul>\n\n<div style=\"font-size: 0px; height: 0px; line-height: 0px; margin: 0; padding: 0; clear: both;\"><\/div>","protected":false},"excerpt":{"rendered":"<p>SETTDEC est\u00e1 revolucionando a Pra\u00e7a dos Sapateiros com uma requalifica\u00e7\u00e3o significativa.<\/p>\n","protected":false},"author":1,"featured_media":2564,"comment_status":"open","ping_status":"closed","sticky":false,"template":"","format":"standard","meta":{"footnotes":""},"categories":[26],"tags":[],"class_list":["post-2565","post","type-post","status-publish","format-standard","has-post-thumbnail","hentry","category-cultura-em-feira-de-santana","has_thumb"],"aioseo_notices":[],"aioseo_head":"\n\t\t<!-- All in One SEO 5.0.0.1 - aioseo.com -->\n\t<meta name=\"description\" content=\"SETTDEC est\u00e1 revolucionando a Pra\u00e7a dos Sapateiros com uma requalifica\u00e7\u00e3o significativa.\" \/>\n\t<meta name=\"robots\" content=\"max-image-preview:large\" \/>\n\t<meta name=\"author\" content=\"Encontra Feira de Santana\"\/>\n\t<link rel=\"canonical\" href=\"https:\/\/www.encontrafeiradesantana.com.br\/sobre\/settdec-atua-no-ordenamento-e-fomento-na-requalificacao-da-praca-dos-sapateiros\/\" \/>\n\t<meta name=\"generator\" content=\"All in One SEO (AIOSEO) 5.0.0.1\" \/>\n\t\t<meta property=\"og:locale\" content=\"pt_BR\" \/>\n\t\t<meta property=\"og:site_name\" content=\"Encontra Feira de Santana | Not\u00edcias, eventos, informa\u00e7\u00f5es e dicas na cidade Feira de Santana e regi\u00e3o.\" \/>\n\t\t<meta property=\"og:type\" content=\"article\" \/>\n\t\t<meta property=\"og:title\" content=\"SETTDEC atua no ordenamento e fomento na requalifica\u00e7\u00e3o da Pra\u00e7a dos Sapateiros | Encontra Feira de Santana\" \/>\n\t\t<meta property=\"og:description\" content=\"SETTDEC est\u00e1 revolucionando a Pra\u00e7a dos Sapateiros com uma requalifica\u00e7\u00e3o significativa.\" \/>\n\t\t<meta property=\"og:url\" content=\"https:\/\/www.encontrafeiradesantana.com.br\/sobre\/settdec-atua-no-ordenamento-e-fomento-na-requalificacao-da-praca-dos-sapateiros\/\" \/>\n\t\t<meta property=\"article:published_time\" content=\"2026-07-30T10:55:52+00:00\" \/>\n\t\t<meta property=\"article:modified_time\" content=\"2026-07-30T10:55:52+00:00\" \/>\n\t\t<meta name=\"twitter:card\" content=\"summary\" \/>\n\t\t<meta name=\"twitter:title\" content=\"SETTDEC atua no ordenamento e fomento na requalifica\u00e7\u00e3o da Pra\u00e7a dos Sapateiros | Encontra Feira de Santana\" \/>\n\t\t<meta name=\"twitter:description\" content=\"SETTDEC est\u00e1 revolucionando a Pra\u00e7a dos Sapateiros com uma requalifica\u00e7\u00e3o significativa.\" \/>\n\t\t<script type=\"application\/ld+json\" class=\"aioseo-schema\">\n\t\t\t{\"@context\":\"https:\\\/\\\/schema.org\",\"@graph\":[{\"@type\":\"Article\",\"@id\":\"https:\\\/\\\/www.encontrafeiradesantana.com.br\\\/sobre\\\/settdec-atua-no-ordenamento-e-fomento-na-requalificacao-da-praca-dos-sapateiros\\\/#article\",\"name\":\"SETTDEC atua no ordenamento e fomento na requalifica\\u00e7\\u00e3o da Pra\\u00e7a dos Sapateiros | Encontra Feira de Santana\",\"headline\":\"SETTDEC atua no ordenamento e fomento na requalifica\\u00e7\\u00e3o da Pra\\u00e7a dos Sapateiros\",\"author\":{\"@id\":\"https:\\\/\\\/www.encontrafeiradesantana.com.br\\\/sobre\\\/author\\\/efeiradesantana\\\/#author\"},\"publisher\":{\"@id\":\"https:\\\/\\\/www.encontrafeiradesantana.com.br\\\/sobre\\\/#organization\"},\"image\":{\"@type\":\"ImageObject\",\"url\":\"https:\\\/\\\/www.encontrafeiradesantana.com.br\\\/sobre\\\/wp-content\\\/uploads\\\/2026\\\/07\\\/settdec-atua-no-ordenamento-e-fomento-na-requalificacao-da-praca-dos-sapateiros.webp\",\"width\":280,\"height\":280,\"caption\":\"requalifica\\u00e7\\u00e3o Pra\\u00e7a dos Sapateiros\"},\"datePublished\":\"2026-07-30T07:55:52-03:00\",\"dateModified\":\"2026-07-30T07:55:52-03:00\",\"inLanguage\":\"pt-BR\",\"mainEntityOfPage\":{\"@id\":\"https:\\\/\\\/www.encontrafeiradesantana.com.br\\\/sobre\\\/settdec-atua-no-ordenamento-e-fomento-na-requalificacao-da-praca-dos-sapateiros\\\/#webpage\"},\"isPartOf\":{\"@id\":\"https:\\\/\\\/www.encontrafeiradesantana.com.br\\\/sobre\\\/settdec-atua-no-ordenamento-e-fomento-na-requalificacao-da-praca-dos-sapateiros\\\/#webpage\"},\"articleSection\":\"Cultura Feira de Santana\"},{\"@type\":\"BreadcrumbList\",\"@id\":\"https:\\\/\\\/www.encontrafeiradesantana.com.br\\\/sobre\\\/settdec-atua-no-ordenamento-e-fomento-na-requalificacao-da-praca-dos-sapateiros\\\/#breadcrumblist\",\"itemListElement\":[{\"@type\":\"ListItem\",\"@id\":\"https:\\\/\\\/www.encontrafeiradesantana.com.br\\\/sobre#listItem\",\"position\":1,\"name\":\"In\\u00edcio\",\"item\":\"https:\\\/\\\/www.encontrafeiradesantana.com.br\\\/sobre\",\"nextItem\":{\"@type\":\"ListItem\",\"@id\":\"https:\\\/\\\/www.encontrafeiradesantana.com.br\\\/sobre\\\/cultura-em-feira-de-santana\\\/#listItem\",\"name\":\"Cultura Feira de Santana\"}},{\"@type\":\"ListItem\",\"@id\":\"https:\\\/\\\/www.encontrafeiradesantana.com.br\\\/sobre\\\/cultura-em-feira-de-santana\\\/#listItem\",\"position\":2,\"name\":\"Cultura Feira de Santana\",\"item\":\"https:\\\/\\\/www.encontrafeiradesantana.com.br\\\/sobre\\\/cultura-em-feira-de-santana\\\/\",\"nextItem\":{\"@type\":\"ListItem\",\"@id\":\"https:\\\/\\\/www.encontrafeiradesantana.com.br\\\/sobre\\\/settdec-atua-no-ordenamento-e-fomento-na-requalificacao-da-praca-dos-sapateiros\\\/#listItem\",\"name\":\"SETTDEC atua no ordenamento e fomento na requalifica\\u00e7\\u00e3o da Pra\\u00e7a dos Sapateiros\"},\"previousItem\":{\"@type\":\"ListItem\",\"@id\":\"https:\\\/\\\/www.encontrafeiradesantana.com.br\\\/sobre#listItem\",\"name\":\"In\\u00edcio\"}},{\"@type\":\"ListItem\",\"@id\":\"https:\\\/\\\/www.encontrafeiradesantana.com.br\\\/sobre\\\/settdec-atua-no-ordenamento-e-fomento-na-requalificacao-da-praca-dos-sapateiros\\\/#listItem\",\"position\":3,\"name\":\"SETTDEC atua no ordenamento e fomento na requalifica\\u00e7\\u00e3o da Pra\\u00e7a dos Sapateiros\",\"previousItem\":{\"@type\":\"ListItem\",\"@id\":\"https:\\\/\\\/www.encontrafeiradesantana.com.br\\\/sobre\\\/cultura-em-feira-de-santana\\\/#listItem\",\"name\":\"Cultura Feira de Santana\"}}]},{\"@type\":\"Organization\",\"@id\":\"https:\\\/\\\/www.encontrafeiradesantana.com.br\\\/sobre\\\/#organization\",\"name\":\"Encontra Feira de Santana\",\"description\":\"Not\\u00edcias, eventos, informa\\u00e7\\u00f5es e dicas na cidade Feira de Santana e regi\\u00e3o.\",\"url\":\"https:\\\/\\\/www.encontrafeiradesantana.com.br\\\/sobre\\\/\"},{\"@type\":\"Person\",\"@id\":\"https:\\\/\\\/www.encontrafeiradesantana.com.br\\\/sobre\\\/author\\\/efeiradesantana\\\/#author\",\"url\":\"https:\\\/\\\/www.encontrafeiradesantana.com.br\\\/sobre\\\/author\\\/efeiradesantana\\\/\",\"name\":\"Encontra Feira de Santana\",\"image\":{\"@type\":\"ImageObject\",\"@id\":\"https:\\\/\\\/www.encontrafeiradesantana.com.br\\\/sobre\\\/settdec-atua-no-ordenamento-e-fomento-na-requalificacao-da-praca-dos-sapateiros\\\/#authorImage\",\"url\":\"https:\\\/\\\/secure.gravatar.com\\\/avatar\\\/507340682b8270222e1f208e23198b6ae7e2c6a1033ae84e99bc6bce4f82a387?s=96&d=mm&r=g\",\"width\":96,\"height\":96,\"caption\":\"Encontra Feira de Santana\"}},{\"@type\":\"WebPage\",\"@id\":\"https:\\\/\\\/www.encontrafeiradesantana.com.br\\\/sobre\\\/settdec-atua-no-ordenamento-e-fomento-na-requalificacao-da-praca-dos-sapateiros\\\/#webpage\",\"url\":\"https:\\\/\\\/www.encontrafeiradesantana.com.br\\\/sobre\\\/settdec-atua-no-ordenamento-e-fomento-na-requalificacao-da-praca-dos-sapateiros\\\/\",\"name\":\"SETTDEC atua no ordenamento e fomento na requalifica\\u00e7\\u00e3o da Pra\\u00e7a dos Sapateiros | Encontra Feira de Santana\",\"description\":\"SETTDEC est\\u00e1 revolucionando a Pra\\u00e7a dos Sapateiros com uma requalifica\\u00e7\\u00e3o significativa.\",\"inLanguage\":\"pt-BR\",\"isPartOf\":{\"@id\":\"https:\\\/\\\/www.encontrafeiradesantana.com.br\\\/sobre\\\/#website\"},\"breadcrumb\":{\"@id\":\"https:\\\/\\\/www.encontrafeiradesantana.com.br\\\/sobre\\\/settdec-atua-no-ordenamento-e-fomento-na-requalificacao-da-praca-dos-sapateiros\\\/#breadcrumblist\"},\"author\":{\"@id\":\"https:\\\/\\\/www.encontrafeiradesantana.com.br\\\/sobre\\\/author\\\/efeiradesantana\\\/#author\"},\"creator\":{\"@id\":\"https:\\\/\\\/www.encontrafeiradesantana.com.br\\\/sobre\\\/author\\\/efeiradesantana\\\/#author\"},\"image\":{\"@type\":\"ImageObject\",\"url\":\"https:\\\/\\\/www.encontrafeiradesantana.com.br\\\/sobre\\\/wp-content\\\/uploads\\\/2026\\\/07\\\/settdec-atua-no-ordenamento-e-fomento-na-requalificacao-da-praca-dos-sapateiros.webp\",\"@id\":\"https:\\\/\\\/www.encontrafeiradesantana.com.br\\\/sobre\\\/settdec-atua-no-ordenamento-e-fomento-na-requalificacao-da-praca-dos-sapateiros\\\/#mainImage\",\"width\":280,\"height\":280,\"caption\":\"requalifica\\u00e7\\u00e3o Pra\\u00e7a dos Sapateiros\"},\"primaryImageOfPage\":{\"@id\":\"https:\\\/\\\/www.encontrafeiradesantana.com.br\\\/sobre\\\/settdec-atua-no-ordenamento-e-fomento-na-requalificacao-da-praca-dos-sapateiros\\\/#mainImage\"},\"datePublished\":\"2026-07-30T07:55:52-03:00\",\"dateModified\":\"2026-07-30T07:55:52-03:00\"},{\"@type\":\"WebSite\",\"@id\":\"https:\\\/\\\/www.encontrafeiradesantana.com.br\\\/sobre\\\/#website\",\"url\":\"https:\\\/\\\/www.encontrafeiradesantana.com.br\\\/sobre\\\/\",\"name\":\"Encontra Feira de Santana\",\"description\":\"Not\\u00edcias, eventos, informa\\u00e7\\u00f5es e dicas na cidade Feira de Santana e regi\\u00e3o.\",\"inLanguage\":\"pt-BR\",\"publisher\":{\"@id\":\"https:\\\/\\\/www.encontrafeiradesantana.com.br\\\/sobre\\\/#organization\"}}]}\n\t\t<\/script>\n\t\t<!-- All in One SEO -->\n\n","aioseo_head_json":{"title":"SETTDEC atua no ordenamento e fomento na requalifica\u00e7\u00e3o da Pra\u00e7a dos Sapateiros | Encontra Feira de Santana","description":"SETTDEC est\u00e1 revolucionando a Pra\u00e7a dos Sapateiros com uma requalifica\u00e7\u00e3o significativa.","canonical_url":"https:\/\/www.encontrafeiradesantana.com.br\/sobre\/settdec-atua-no-ordenamento-e-fomento-na-requalificacao-da-praca-dos-sapateiros\/","robots":"max-image-preview:large","keywords":"","webmasterTools":{"miscellaneous":""},"schema":{"@context":"https:\/\/schema.org","@graph":[{"@type":"Article","@id":"https:\/\/www.encontrafeiradesantana.com.br\/sobre\/settdec-atua-no-ordenamento-e-fomento-na-requalificacao-da-praca-dos-sapateiros\/#article","name":"SETTDEC atua no ordenamento e fomento na requalifica\u00e7\u00e3o da Pra\u00e7a dos Sapateiros | Encontra Feira de Santana","headline":"SETTDEC atua no ordenamento e fomento na requalifica\u00e7\u00e3o da Pra\u00e7a dos Sapateiros","author":{"@id":"https:\/\/www.encontrafeiradesantana.com.br\/sobre\/author\/efeiradesantana\/#author"},"publisher":{"@id":"https:\/\/www.encontrafeiradesantana.com.br\/sobre\/#organization"},"image":{"@type":"ImageObject","url":"https:\/\/www.encontrafeiradesantana.com.br\/sobre\/wp-content\/uploads\/2026\/07\/settdec-atua-no-ordenamento-e-fomento-na-requalificacao-da-praca-dos-sapateiros.webp","width":280,"height":280,"caption":"requalifica\u00e7\u00e3o Pra\u00e7a dos Sapateiros"},"datePublished":"2026-07-30T07:55:52-03:00","dateModified":"2026-07-30T07:55:52-03:00","inLanguage":"pt-BR","mainEntityOfPage":{"@id":"https:\/\/www.encontrafeiradesantana.com.br\/sobre\/settdec-atua-no-ordenamento-e-fomento-na-requalificacao-da-praca-dos-sapateiros\/#webpage"},"isPartOf":{"@id":"https:\/\/www.encontrafeiradesantana.com.br\/sobre\/settdec-atua-no-ordenamento-e-fomento-na-requalificacao-da-praca-dos-sapateiros\/#webpage"},"articleSection":"Cultura Feira de Santana"},{"@type":"BreadcrumbList","@id":"https:\/\/www.encontrafeiradesantana.com.br\/sobre\/settdec-atua-no-ordenamento-e-fomento-na-requalificacao-da-praca-dos-sapateiros\/#breadcrumblist","itemListElement":[{"@type":"ListItem","@id":"https:\/\/www.encontrafeiradesantana.com.br\/sobre#listItem","position":1,"name":"In\u00edcio","item":"https:\/\/www.encontrafeiradesantana.com.br\/sobre","nextItem":{"@type":"ListItem","@id":"https:\/\/www.encontrafeiradesantana.com.br\/sobre\/cultura-em-feira-de-santana\/#listItem","name":"Cultura Feira de Santana"}},{"@type":"ListItem","@id":"https:\/\/www.encontrafeiradesantana.com.br\/sobre\/cultura-em-feira-de-santana\/#listItem","position":2,"name":"Cultura Feira de Santana","item":"https:\/\/www.encontrafeiradesantana.com.br\/sobre\/cultura-em-feira-de-santana\/","nextItem":{"@type":"ListItem","@id":"https:\/\/www.encontrafeiradesantana.com.br\/sobre\/settdec-atua-no-ordenamento-e-fomento-na-requalificacao-da-praca-dos-sapateiros\/#listItem","name":"SETTDEC atua no ordenamento e fomento na requalifica\u00e7\u00e3o da Pra\u00e7a dos Sapateiros"},"previousItem":{"@type":"ListItem","@id":"https:\/\/www.encontrafeiradesantana.com.br\/sobre#listItem","name":"In\u00edcio"}},{"@type":"ListItem","@id":"https:\/\/www.encontrafeiradesantana.com.br\/sobre\/settdec-atua-no-ordenamento-e-fomento-na-requalificacao-da-praca-dos-sapateiros\/#listItem","position":3,"name":"SETTDEC atua no ordenamento e fomento na requalifica\u00e7\u00e3o da Pra\u00e7a dos Sapateiros","previousItem":{"@type":"ListItem","@id":"https:\/\/www.encontrafeiradesantana.com.br\/sobre\/cultura-em-feira-de-santana\/#listItem","name":"Cultura Feira de Santana"}}]},{"@type":"Organization","@id":"https:\/\/www.encontrafeiradesantana.com.br\/sobre\/#organization","name":"Encontra Feira de Santana","description":"Not\u00edcias, eventos, informa\u00e7\u00f5es e dicas na cidade Feira de Santana e regi\u00e3o.","url":"https:\/\/www.encontrafeiradesantana.com.br\/sobre\/"},{"@type":"Person","@id":"https:\/\/www.encontrafeiradesantana.com.br\/sobre\/author\/efeiradesantana\/#author","url":"https:\/\/www.encontrafeiradesantana.com.br\/sobre\/author\/efeiradesantana\/","name":"Encontra Feira de Santana","image":{"@type":"ImageObject","@id":"https:\/\/www.encontrafeiradesantana.com.br\/sobre\/settdec-atua-no-ordenamento-e-fomento-na-requalificacao-da-praca-dos-sapateiros\/#authorImage","url":"https:\/\/secure.gravatar.com\/avatar\/507340682b8270222e1f208e23198b6ae7e2c6a1033ae84e99bc6bce4f82a387?s=96&d=mm&r=g","width":96,"height":96,"caption":"Encontra Feira de Santana"}},{"@type":"WebPage","@id":"https:\/\/www.encontrafeiradesantana.com.br\/sobre\/settdec-atua-no-ordenamento-e-fomento-na-requalificacao-da-praca-dos-sapateiros\/#webpage","url":"https:\/\/www.encontrafeiradesantana.com.br\/sobre\/settdec-atua-no-ordenamento-e-fomento-na-requalificacao-da-praca-dos-sapateiros\/","name":"SETTDEC atua no ordenamento e fomento na requalifica\u00e7\u00e3o da Pra\u00e7a dos Sapateiros | Encontra Feira de Santana","description":"SETTDEC est\u00e1 revolucionando a Pra\u00e7a dos Sapateiros com uma requalifica\u00e7\u00e3o significativa.","inLanguage":"pt-BR","isPartOf":{"@id":"https:\/\/www.encontrafeiradesantana.com.br\/sobre\/#website"},"breadcrumb":{"@id":"https:\/\/www.encontrafeiradesantana.com.br\/sobre\/settdec-atua-no-ordenamento-e-fomento-na-requalificacao-da-praca-dos-sapateiros\/#breadcrumblist"},"author":{"@id":"https:\/\/www.encontrafeiradesantana.com.br\/sobre\/author\/efeiradesantana\/#author"},"creator":{"@id":"https:\/\/www.encontrafeiradesantana.com.br\/sobre\/author\/efeiradesantana\/#author"},"image":{"@type":"ImageObject","url":"https:\/\/www.encontrafeiradesantana.com.br\/sobre\/wp-content\/uploads\/2026\/07\/settdec-atua-no-ordenamento-e-fomento-na-requalificacao-da-praca-dos-sapateiros.webp","@id":"https:\/\/www.encontrafeiradesantana.com.br\/sobre\/settdec-atua-no-ordenamento-e-fomento-na-requalificacao-da-praca-dos-sapateiros\/#mainImage","width":280,"height":280,"caption":"requalifica\u00e7\u00e3o Pra\u00e7a dos Sapateiros"},"primaryImageOfPage":{"@id":"https:\/\/www.encontrafeiradesantana.com.br\/sobre\/settdec-atua-no-ordenamento-e-fomento-na-requalificacao-da-praca-dos-sapateiros\/#mainImage"},"datePublished":"2026-07-30T07:55:52-03:00","dateModified":"2026-07-30T07:55:52-03:00"},{"@type":"WebSite","@id":"https:\/\/www.encontrafeiradesantana.com.br\/sobre\/#website","url":"https:\/\/www.encontrafeiradesantana.com.br\/sobre\/","name":"Encontra Feira de Santana","description":"Not\u00edcias, eventos, informa\u00e7\u00f5es e dicas na cidade Feira de Santana e regi\u00e3o.","inLanguage":"pt-BR","publisher":{"@id":"https:\/\/www.encontrafeiradesantana.com.br\/sobre\/#organization"}}]},"og:locale":"pt_BR","og:site_name":"Encontra Feira de Santana | Not\u00edcias, eventos, informa\u00e7\u00f5es e dicas na cidade Feira de Santana e regi\u00e3o.","og:type":"article","og:title":"SETTDEC atua no ordenamento e fomento na requalifica\u00e7\u00e3o da Pra\u00e7a dos Sapateiros | Encontra Feira de Santana","og:description":"SETTDEC est\u00e1 revolucionando a Pra\u00e7a dos Sapateiros com uma requalifica\u00e7\u00e3o significativa.","og:url":"https:\/\/www.encontrafeiradesantana.com.br\/sobre\/settdec-atua-no-ordenamento-e-fomento-na-requalificacao-da-praca-dos-sapateiros\/","article:published_time":"2026-07-30T10:55:52+00:00","article:modified_time":"2026-07-30T10:55:52+00:00","twitter:card":"summary","twitter:title":"SETTDEC atua no ordenamento e fomento na requalifica\u00e7\u00e3o da Pra\u00e7a dos Sapateiros | Encontra Feira de Santana","twitter:description":"SETTDEC est\u00e1 revolucionando a Pra\u00e7a dos Sapateiros com uma requalifica\u00e7\u00e3o significativa."},"aioseo_meta_data":{"post_id":"2565","title":null,"description":null,"keywords":null,"keyphrases":null,"primary_term":null,"canonical_url":null,"og_title":null,"og_description":null,"og_object_type":"default","og_image_type":"default","og_image_url":null,"og_image_width":null,"og_image_height":null,"og_image_custom_url":null,"og_image_custom_fields":null,"og_video":null,"og_custom_url":null,"og_article_section":null,"og_article_tags":null,"twitter_use_og":false,"twitter_card":"default","twitter_image_type":"default","twitter_image_url":null,"twitter_image_custom_url":null,"twitter_image_custom_fields":null,"twitter_title":null,"twitter_description":null,"schema":{"blockGraphs":[],"customGraphs":[],"default":{"data":{"Article":[],"Course":[],"Dataset":[],"FAQPage":[],"Movie":[],"Person":[],"Product":[],"ProductReview":[],"Car":[],"Recipe":[],"Service":[],"SoftwareApplication":[],"WebPage":[]},"graphName":"Article","isEnabled":true},"graphs":[]},"schema_type":"default","schema_type_options":null,"pillar_content":false,"robots_default":true,"robots_noindex":false,"robots_noarchive":false,"robots_nosnippet":false,"robots_nofollow":false,"robots_noimageindex":false,"robots_noodp":false,"robots_notranslate":false,"robots_max_snippet":null,"robots_max_videopreview":null,"robots_max_imagepreview":"large","priority":null,"frequency":null,"local_seo":null,"breadcrumb_settings":null,"limit_modified_date":false,"ai":null,"created":"2026-07-30 10:55:54","updated":"2026-07-30 11:12:06","focus_keyword":null,"additional_keywords":null,"truseo_locale":null,"seo_analyzer_scan_date":null},"aioseo_breadcrumb":"<div class=\"aioseo-breadcrumbs\"><span class=\"aioseo-breadcrumb\">\n\t\t\t<a href=\"https:\/\/www.encontrafeiradesantana.com.br\/sobre\" title=\"In\u00edcio\">In\u00edcio<\/a>\n\t\t<\/span><span class=\"aioseo-breadcrumb-separator\">&raquo;<\/span><span class=\"aioseo-breadcrumb\">\n\t\t\t<a href=\"https:\/\/www.encontrafeiradesantana.com.br\/sobre\/cultura-em-feira-de-santana\/\" title=\"Cultura Feira de Santana\">Cultura Feira de Santana<\/a>\n\t\t<\/span><span class=\"aioseo-breadcrumb-separator\">&raquo;<\/span><span class=\"aioseo-breadcrumb\">\n\t\t\tSETTDEC atua no ordenamento e fomento na requalifica\u00e7\u00e3o da Pra\u00e7a dos Sapateiros\n\t\t<\/span><\/div>","aioseo_breadcrumb_json":[{"label":"In\u00edcio","link":"https:\/\/www.encontrafeiradesantana.com.br\/sobre"},{"label":"Cultura Feira de Santana","link":"https:\/\/www.encontrafeiradesantana.com.br\/sobre\/cultura-em-feira-de-santana\/"},{"label":"SETTDEC atua no ordenamento e fomento na requalifica\u00e7\u00e3o da Pra\u00e7a dos Sapateiros","link":"https:\/\/www.encontrafeiradesantana.com.br\/sobre\/settdec-atua-no-ordenamento-e-fomento-na-requalificacao-da-praca-dos-sapateiros\/"}],"_links":{"self":[{"href":"https:\/\/www.encontrafeiradesantana.com.br\/sobre\/wp-json\/wp\/v2\/posts\/2565","targetHints":{"allow":["GET"]}}],"collection":[{"href":"https:\/\/www.encontrafeiradesantana.com.br\/sobre\/wp-json\/wp\/v2\/posts"}],"about":[{"href":"https:\/\/www.encontrafeiradesantana.com.br\/sobre\/wp-json\/wp\/v2\/types\/post"}],"author":[{"embeddable":true,"href":"https:\/\/www.encontrafeiradesantana.com.br\/sobre\/wp-json\/wp\/v2\/users\/1"}],"replies":[{"embeddable":true,"href":"https:\/\/www.encontrafeiradesantana.com.br\/sobre\/wp-json\/wp\/v2\/comments?post=2565"}],"version-history":[{"count":0,"href":"https:\/\/www.encontrafeiradesantana.com.br\/sobre\/wp-json\/wp\/v2\/posts\/2565\/revisions"}],"wp:featuredmedia":[{"embeddable":true,"href":"https:\/\/www.encontrafeiradesantana.com.br\/sobre\/wp-json\/wp\/v2\/media\/2564"}],"wp:attachment":[{"href":"https:\/\/www.encontrafeiradesantana.com.br\/sobre\/wp-json\/wp\/v2\/media?parent=2565"}],"wp:term":[{"taxonomy":"category","embeddable":true,"href":"https:\/\/www.encontrafeiradesantana.com.br\/sobre\/wp-json\/wp\/v2\/categories?post=2565"},{"taxonomy":"post_tag","embeddable":true,"href":"https:\/\/www.encontrafeiradesantana.com.br\/sobre\/wp-json\/wp\/v2\/tags?post=2565"}],"curies":[{"name":"wp","href":"https:\/\/api.w.org\/{rel}","templated":true}]}}