{"id":254,"date":"2013-06-12T00:01:23","date_gmt":"2013-06-12T03:01:23","guid":{"rendered":"http:\/\/www.encontrafeiradesantana.com.br\/noticias\/?p=254"},"modified":"2019-04-29T17:46:27","modified_gmt":"2019-04-29T20:46:27","slug":"feira-de-santana-tem-tarifa-de-onibus-mais-cara-que-14-capitais-brasileiras","status":"publish","type":"post","link":"https:\/\/www.encontrafeiradesantana.com.br\/sobre\/feira-de-santana-tem-tarifa-de-onibus-mais-cara-que-14-capitais-brasileiras\/","title":{"rendered":"Feira de Santana tem tarifa de \u00f4nibus mais cara que 14 capitais brasileiras"},"content":{"rendered":"<div class=\"3f468104ad11f00a3c9ac948316f4265\" data-index=\"1\" style=\"float: none; margin:0px;\">\n<ins class=\"adsbygoogle\"\r\n     style=\"display:block\"\r\n     data-ad-client=\"ca-pub-8585364105181520\"\r\n     data-ad-slot=\"8789329856\"\r\n     data-ad-format=\"auto\"\r\n     data-full-width-responsive=\"true\"><\/ins>\r\n<script>\r\n     (adsbygoogle = window.adsbygoogle || []).push({});\r\n<\/script>\r\n\n<\/div>\n<p>O usu\u00e1rio do transporte coletivo urbano de Feira de Santana paga atualmente uma das passagens mais caras do pa\u00eds. De acordo com um levantamento feito pelo site Uol, que mediu os valores nas capitais, a tarifa de \u00f4nibus de Feira de Santana \u00e9 mais cara que em 14 capitais do Brasil (Vit\u00f3ria, Aracaju, Rio Branco, Natal, Macei\u00f3, Macap\u00e1, Boa Vista, Recife, Fortaleza, Bel\u00e9m, Jo\u00e3o Pessoa, S\u00e3o Luis, Teresina e Bras\u00edlia).<\/p>\n<p>O valor da passagem, R$ 2,50, \u00e9 id\u00eantico ao de Palmas, capital do Tocantins. Apenas outras 12 capitais est\u00e3o \u00e0 frente de Feira.<\/p>\n<p>O aumento da passagem ocorre anualmente sempre no per\u00edodo da Micareta. Em 2013, por\u00e9m, n\u00e3o houve aumento, at\u00e9 o momento. Neste ano, dois inc\u00eandios destru\u00edram dois \u00f4nibus e outros tiveram princ\u00edpio de inc\u00eandio. O servi\u00e7o \u00e9 alvo de reclama\u00e7\u00e3o dos usu\u00e1rios que se queixam principalmente dos atrasos e do atendimento, al\u00e9m das condi\u00e7\u00f5es dos ve\u00edculos e do roteiro e superlota\u00e7\u00e3o.<\/p>\n<p>Veja os valores das tarifas nas capitais brasileiras<\/p>\n<p>Recife (PE)<br \/>\nTarifa atual: De R$ 1,50 a R$ 3,45<br \/>\nTarifa anterior: De R$ 1,40 a R$ 3,25<\/p>\n<p>S\u00e3o Paulo (SP)<br \/>\nTarifa atual: R$ 3,20<br \/>\nTarifa anterior: R$ 3<\/p>\n<p>Manaus (AM)<br \/>\nTarifa atual: R$ 3<br \/>\nTarifa anterior: R$ 2,75<\/p>\n<p>Goi\u00e2nia (GO)<br \/>\nTarifa atual: R$ 3<br \/>\nTarifa anterior: R$ 2,70<\/p>\n<p>Cuiab\u00e1 (MT)<br \/>\nTarifa atual: R$ 2,95<br \/>\nTarifa anterior: R$ 2,70<\/p>\n<p>Rio de Janeiro (RJ)<br \/>\nTarifa atual: R$ 2,95<br \/>\nTarifa anterior: R$ 2,75<\/p>\n<p>Florian\u00f3polis (SC)<br \/>\nTarifa atual: R$ 2,90<br \/>\nTarifa anterior: R$ 2,95<\/p>\n<p>Campo Grande (MS)<br \/>\nTarifa atual: R$ 2,85<br \/>\nTarifa anterior: R$ 2,70<\/p>\n<p>Curitiba (PR)<br \/>\nTarifa atual: R$ 2,85<br \/>\nTarifa anterior: R$ 2,60<\/p>\n<p>Porto Alegre (RS)<br \/>\nTarifa atual: R$ 2,85<br \/>\nTarifa anterior: R$ 2,85<\/p>\n<p>Salvador (BA)<br \/>\nTarifa atual: R$ 2,80<br \/>\nTarifa anterior: R$ 2,50<\/p>\n<p>Belo Horizonte (MG)<br \/>\nTarifa atual: De R$ 2 a R$ 2,80<br \/>\nTarifa anterior: De R$ 1,80 a R$ 2,60<\/p>\n<p>Porto Velho (RO)<br \/>\nTarifa atual: R$ 2,60<br \/>\nTarifa anterior: R$ 2,30<\/p>\n<p>Palmas (TO)<br \/>\nTarifa atual: R$ 2,50<br \/>\nTarifa anterior: R$ 2,20<\/p>\n<p>Aracaju (SE)<br \/>\nTarifa atual: R$ 2,45<br \/>\nTarifa anterior: R$ 2,25<\/p>\n<p>Vit\u00f3ria (ES)<br \/>\nTarifa atual: R$ 2,45<br \/>\nTarifa anterior: R$ 2,35<\/p>\n<p>Rio Branco (AC)<br \/>\nTarifa atual: R$ 2,40<br \/>\nTarifa anterior: R$ 1,90<\/p>\n<p>Natal (RN)<br \/>\nTarifa atual: R$ 2,40<br \/>\nTarifa anterior: R$ 2,20<\/p>\n<p>Macap\u00e1 (AP)<br \/>\nTarifa atual: R$ 2,30<br \/>\nTarifa anterior: R$ 2,30<\/p>\n<p>Jo\u00e3o Pessoa (PB)<br \/>\nTarifa atual: R$ 2,30<br \/>\nTarifa anterior: R$ 2,20<\/p>\n<p>Macei\u00f3 (AL)<br \/>\nTarifa atual: R$ 2,30<br \/>\nTarifa anterior: R$ 2,10<\/p>\n<p>Boa Vista (RR)<br \/>\nTarifa atual: R$ 2,25<br \/>\nTarifa anterior: R$ 2<\/p>\n<p>Bel\u00e9m (PA)<br \/>\nTarifa atual: R$ 2,20<br \/>\nTarifa anterior: R$ 2<\/p>\n<p>Fortaleza (CE)<br \/>\nTarifa atual: R$ 2,20<br \/>\nTarifa anterior: R$ 2<\/p>\n<p>Teresina (PI)<br \/>\nTarifa atual: R$ 2,10<br \/>\nTarifa anterior: R$ 1,90<\/p>\n<p>S\u00e3o Lu\u00eds (MA)<br \/>\nTarifa atual: R$ 2,10<br \/>\nTarifa anterior: R$ 1,70<\/p>\n<p>Bras\u00edlia (DF)<br \/>\nTarifa atual: De R$ 1,50 e R$ 2 (circulares) e R$ 3 (entre<br \/>\nregi\u00f5es administrativas, e entre as RAs e o Plano Piloto)<br \/>\nTarifa anterior: R$ 2,50 (o maior valor)<\/p>\n<p><em>Fonte: Acorda Cidade<\/em><\/p>\n\n<div style=\"font-size: 0px; height: 0px; line-height: 0px; margin: 0; padding: 0; clear: both;\"><\/div>","protected":false},"excerpt":{"rendered":"<p>O usu\u00e1rio do transporte coletivo urbano de Feira de Santana paga atualmente uma das passagens mais caras do pa\u00eds. De acordo com um levantamento feito pelo site Uol, que mediu os valores nas capitais, a tarifa de \u00f4nibus de Feira de Santana \u00e9 mais cara que em 14 capitais do Brasil (Vit\u00f3ria, Aracaju, Rio Branco, Natal, Macei\u00f3, Macap\u00e1, Boa Vista, Recife, Fortaleza, Bel\u00e9m, Jo\u00e3o Pessoa, S\u00e3o Luis, Teresina e Bras\u00edlia). O valor da passagem, R$ 2,50, \u00e9 id\u00eantico ao de Palmas, capital do Tocantins. Apenas outras 12 capitais est\u00e3o \u00e0 frente de Feira. O aumento da passagem ocorre anualmente sempre <\/p>\n","protected":false},"author":1,"featured_media":0,"comment_status":"open","ping_status":"closed","sticky":false,"template":"","format":"standard","meta":{"footnotes":""},"categories":[6,8],"tags":[12],"class_list":["post-254","post","type-post","status-publish","format-standard","hentry","category-noticias-em-feira-de-santana","category-servicos-em-feira-de-santana","tag-feira-de-santana"],"aioseo_notices":[],"_links":{"self":[{"href":"https:\/\/www.encontrafeiradesantana.com.br\/sobre\/wp-json\/wp\/v2\/posts\/254","targetHints":{"allow":["GET"]}}],"collection":[{"href":"https:\/\/www.encontrafeiradesantana.com.br\/sobre\/wp-json\/wp\/v2\/posts"}],"about":[{"href":"https:\/\/www.encontrafeiradesantana.com.br\/sobre\/wp-json\/wp\/v2\/types\/post"}],"author":[{"embeddable":true,"href":"https:\/\/www.encontrafeiradesantana.com.br\/sobre\/wp-json\/wp\/v2\/users\/1"}],"replies":[{"embeddable":true,"href":"https:\/\/www.encontrafeiradesantana.com.br\/sobre\/wp-json\/wp\/v2\/comments?post=254"}],"version-history":[{"count":3,"href":"https:\/\/www.encontrafeiradesantana.com.br\/sobre\/wp-json\/wp\/v2\/posts\/254\/revisions"}],"predecessor-version":[{"id":599,"href":"https:\/\/www.encontrafeiradesantana.com.br\/sobre\/wp-json\/wp\/v2\/posts\/254\/revisions\/599"}],"wp:attachment":[{"href":"https:\/\/www.encontrafeiradesantana.com.br\/sobre\/wp-json\/wp\/v2\/media?parent=254"}],"wp:term":[{"taxonomy":"category","embeddable":true,"href":"https:\/\/www.encontrafeiradesantana.com.br\/sobre\/wp-json\/wp\/v2\/categories?post=254"},{"taxonomy":"post_tag","embeddable":true,"href":"https:\/\/www.encontrafeiradesantana.com.br\/sobre\/wp-json\/wp\/v2\/tags?post=254"}],"curies":[{"name":"wp","href":"https:\/\/api.w.org\/{rel}","templated":true}]}}