{"id":2506,"date":"2026-07-21T06:11:43","date_gmt":"2026-07-21T09:11:43","guid":{"rendered":"https:\/\/www.encontrafeiradesantana.com.br\/sobre\/transito-na-avenida-artemia-pires-sera-alterado-a-partir-de-29-de-junho-para-avanco-das-obras-de-duplicacao\/"},"modified":"2026-07-21T06:11:43","modified_gmt":"2026-07-21T09:11:43","slug":"transito-na-avenida-artemia-pires-sera-alterado-a-partir-de-29-de-junho-para-avanco-das-obras-de-duplicacao","status":"publish","type":"post","link":"https:\/\/www.encontrafeiradesantana.com.br\/sobre\/transito-na-avenida-artemia-pires-sera-alterado-a-partir-de-29-de-junho-para-avanco-das-obras-de-duplicacao\/","title":{"rendered":"Tr\u00e2nsito na Avenida Art\u00eamia Pires ser\u00e1 alterado a partir de 29 de junho para avan\u00e7o das obras de duplica\u00e7\u00e3o"},"content":{"rendered":"<div class=\"3f468104ad11f00a3c9ac948316f4265\" data-index=\"1\" style=\"float: none; margin:0px;\">\n<ins class=\"adsbygoogle\"\r\n     style=\"display:block\"\r\n     data-ad-client=\"ca-pub-8585364105181520\"\r\n     data-ad-slot=\"8789329856\"\r\n     data-ad-format=\"auto\"\r\n     data-full-width-responsive=\"true\"><\/ins>\r\n<script>\r\n     (adsbygoogle = window.adsbygoogle || []).push({});\r\n<\/script>\r\n\n<\/div>\n<h2>Objetivo das Altera\u00e7\u00f5es no Tr\u00e2nsito<\/h2>\n<p>A modifica\u00e7\u00e3o no tr\u00e2nsito da Avenida Art\u00eamia Pires foi implementada com o prop\u00f3sito de facilitar o andamento das obras de duplica\u00e7\u00e3o da via. Essa iniciativa \u00e9 uma parte vital do planejamento da mobilidade urbana, um aspecto considerado estrat\u00e9gico pela Prefeitura de Feira de Santana para melhorar o tr\u00e1fego e aumentar a seguran\u00e7a vi\u00e1ria em uma das \u00e1reas mais movimentadas do munic\u00edpio.<\/p>\n<h2>Trecho Interditado da Avenida Art\u00eamia Pires<\/h2>\n<p>A partir de 29 de junho, o trecho da Avenida Art\u00eamia Pires que vai da Rua Carangola at\u00e9 a Avenida de Contorno estar\u00e1 completamente interditado. Essa interdi\u00e7\u00e3o \u00e9 crucial para que as obras de duplica\u00e7\u00e3o possam avan\u00e7ar sem impedimentos, garantindo que a execu\u00e7\u00e3o dos servi\u00e7os aconte\u00e7a de maneira organizada e segura.<\/p>\n<h2>Seguran\u00e7a Durante as Obras de Duplica\u00e7\u00e3o<\/h2>\n<p>A seguran\u00e7a no local das obras \u00e9 uma prioridade. Para assegurar a integridade de pedestres e motoristas, medidas rigorosas foram estabelecidas. Isso inclui o fechamento de trechos cr\u00edticos e a implementa\u00e7\u00e3o de sinaliza\u00e7\u00e3o adequada. Dessa forma, a Prefeitura busca reduzir riscos e criar um ambiente seguro para todos os usu\u00e1rios da via.<\/p>\n<p><img decoding=\"async\" src=\"https:\/\/www.encontrafeiradesantana.com.br\/sobre\/wp-content\/uploads\/2026\/07\/transito-na-avenida-artemia-pires-sera-alterado-a-partir-de-29-de-junho-para-avanco-das-obras-de-dup.webp\" alt=\"Avenida Art\u00eamia Pires\" loading=\"lazy\" \/><\/p>\n<h2>Rotas Alternativas Para Motoristas<\/h2>\n<p>Em virtude da interdi\u00e7\u00e3o na Avenida Art\u00eamia Pires, a Superintend\u00eancia Municipal de Tr\u00e2nsito (SMT) instituiu novas rotas alternativas para direcionar o fluxo de ve\u00edculos. Os motoristas que se dirigem da Avenida de Contorno para a Avenida Art\u00eamia Pires devem utilizar a Rua Francolino de Souza Matos, seguindo em seguida pela Rua Carangola. <\/p>\n<p>Por outro lado, motoristas que se encontram na Avenida Art\u00eamia Pires e pretendem acessar a Avenida de Contorno devem fazer o desvio pela Rua Domingos Servo, com acesso subsequente \u00e0 Avenida Centen\u00e1rio. Essas rotas alternativas foram planejadas para minimizar congestionamentos e facilitar a circula\u00e7\u00e3o na \u00e1rea.<\/p>\n<h2>Nova Sinaliza\u00e7\u00e3o e Sem\u00e1foros Tempor\u00e1rios<\/h2>\n<p>Para garantir a fluidez e a seguran\u00e7a no tr\u00e2nsito durante o per\u00edodo de obras, a SMT implementar\u00e1 novos sinais de tr\u00e2nsito tempor\u00e1rios na regi\u00e3o de converg\u00eancia com a Avenida de Contorno. Sem\u00e1foros ser\u00e3o instalados para regular o fluxo de ve\u00edculos, al\u00e9m da presen\u00e7a de agentes de tr\u00e2nsito que estar\u00e3o no local, oferecendo orienta\u00e7\u00f5es e ajudando motorista e pedestres a se adaptarem \u00e0s mudan\u00e7as tempor\u00e1rias.<\/p>\n<h2>Colabora\u00e7\u00e3o da Popula\u00e7\u00e3o \u00e9 Essencial<\/h2>\n<p>O superintendente municipal de Tr\u00e2nsito, Ricardo Cunha, enfatizou a import\u00e2ncia da colabora\u00e7\u00e3o dos cidad\u00e3os nesse processo. Ele solicitou que motoristas se mantenham atentos \u00e0 nova sinaliza\u00e7\u00e3o e respeitem as orienta\u00e7\u00f5es dos agentes de tr\u00e2nsito. A compreens\u00e3o e a aten\u00e7\u00e3o dos usu\u00e1rios s\u00e3o fundamentais para o sucesso dessa fase de obras e para a seguran\u00e7a de todos os envolvidos.<\/p>\n<h2>Impacto nas Horas de Pico<\/h2>\n<p>As altera\u00e7\u00f5es no fluxo de tr\u00e2nsito certamente ter\u00e3o um impacto nos hor\u00e1rios de pico. \u00c9 aconselh\u00e1vel que motoristas planejem seus deslocamentos com anteced\u00eancia, considerando poss\u00edveis atrasos. A SMT recomenda uma an\u00e1lise cuidadosa das rotas e do tr\u00e1fego em tempo real, para que possam escolher o melhor caminho e evitar contratempos.<\/p>\n<h2>Agentes de Tr\u00e2nsito no Local<\/h2>\n<p>Durante o per\u00edodo das obras, a presen\u00e7a de agentes de tr\u00e2nsito ser\u00e1 intensificada na Avenida Art\u00eamia Pires. Esses profissionais estar\u00e3o dispon\u00edveis para prestar aux\u00edlio, orientar os motoristas e monitorar a situa\u00e7\u00e3o do tr\u00e2nsito, garantindo que os desvios sejam seguidos adequadamente e que as opera\u00e7\u00f5es ocorram sem problemas.<\/p>\n<h2>Expectativa de Conclus\u00e3o das Obras<\/h2>\n<p>A expectativa \u00e9 que as obras de duplica\u00e7\u00e3o sejam conclu\u00eddas dentro do cronograma planejado. A conclus\u00e3o dessa obra \u00e9 fundamental para a melhoria da infraestrutura vi\u00e1ria na regi\u00e3o, proporcionando uma Avenida Art\u00eamia Pires mais ampla e segura para todos os usu\u00e1rios. O sucesso desse projeto \u00e9 um reflexo do compromisso da Prefeitura para com a mobilidade urbana e bem-estar da popula\u00e7\u00e3o.<\/p>\n<h2>Informa\u00e7\u00f5es Adicionais Sobre o Tr\u00e2nsito<\/h2>\n<p>Para informa\u00e7\u00f5es mais detalhadas e atualiza\u00e7\u00f5es sobre as mudan\u00e7as no tr\u00e2nsito, a popula\u00e7\u00e3o pode sempre consultar os canais oficiais da Prefeitura de Feira de Santana. Manter-se bem informado \u00e9 importante para a adapta\u00e7\u00e3o a essas novas condi\u00e7\u00f5es e para garantir a seguran\u00e7a durante o per\u00edodo de obras.<\/p>\n\n<div style=\"font-size: 0px; height: 0px; line-height: 0px; margin: 0; padding: 0; clear: both;\"><\/div>","protected":false},"excerpt":{"rendered":"<p>Mudan\u00e7as no tr\u00e2nsito da Avenida Art\u00eamia Pires para duplica\u00e7\u00e3o. Entenda tudo!<\/p>\n","protected":false},"author":1,"featured_media":2505,"comment_status":"open","ping_status":"closed","sticky":false,"template":"","format":"standard","meta":{"footnotes":""},"categories":[6],"tags":[],"class_list":["post-2506","post","type-post","status-publish","format-standard","has-post-thumbnail","hentry","category-noticias-em-feira-de-santana","has_thumb"],"aioseo_notices":[],"aioseo_head":"\n\t\t<!-- All in One SEO 5.0.0.1 - aioseo.com -->\n\t<meta name=\"description\" content=\"Mudan\u00e7as no tr\u00e2nsito da Avenida Art\u00eamia Pires para duplica\u00e7\u00e3o. Entenda tudo!\" \/>\n\t<meta name=\"robots\" content=\"max-image-preview:large\" \/>\n\t<meta name=\"author\" content=\"Encontra Feira de Santana\"\/>\n\t<link rel=\"canonical\" href=\"https:\/\/www.encontrafeiradesantana.com.br\/sobre\/transito-na-avenida-artemia-pires-sera-alterado-a-partir-de-29-de-junho-para-avanco-das-obras-de-duplicacao\/\" \/>\n\t<meta name=\"generator\" content=\"All in One SEO (AIOSEO) 5.0.0.1\" \/>\n\t\t<meta property=\"og:locale\" content=\"pt_BR\" \/>\n\t\t<meta property=\"og:site_name\" content=\"Encontra Feira de Santana | Not\u00edcias, eventos, informa\u00e7\u00f5es e dicas na cidade Feira de Santana e regi\u00e3o.\" \/>\n\t\t<meta property=\"og:type\" content=\"article\" \/>\n\t\t<meta property=\"og:title\" content=\"Tr\u00e2nsito na Avenida Art\u00eamia Pires ser\u00e1 alterado a partir de 29 de junho para avan\u00e7o das obras de duplica\u00e7\u00e3o | Encontra Feira de Santana\" \/>\n\t\t<meta property=\"og:description\" content=\"Mudan\u00e7as no tr\u00e2nsito da Avenida Art\u00eamia Pires para duplica\u00e7\u00e3o. Entenda tudo!\" \/>\n\t\t<meta property=\"og:url\" content=\"https:\/\/www.encontrafeiradesantana.com.br\/sobre\/transito-na-avenida-artemia-pires-sera-alterado-a-partir-de-29-de-junho-para-avanco-das-obras-de-duplicacao\/\" \/>\n\t\t<meta property=\"article:published_time\" content=\"2026-07-21T09:11:43+00:00\" \/>\n\t\t<meta property=\"article:modified_time\" content=\"2026-07-21T09:11:43+00:00\" \/>\n\t\t<meta name=\"twitter:card\" content=\"summary\" \/>\n\t\t<meta name=\"twitter:title\" content=\"Tr\u00e2nsito na Avenida Art\u00eamia Pires ser\u00e1 alterado a partir de 29 de junho para avan\u00e7o das obras de duplica\u00e7\u00e3o | Encontra Feira de Santana\" \/>\n\t\t<meta name=\"twitter:description\" content=\"Mudan\u00e7as no tr\u00e2nsito da Avenida Art\u00eamia Pires para duplica\u00e7\u00e3o. Entenda tudo!\" \/>\n\t\t<script type=\"application\/ld+json\" class=\"aioseo-schema\">\n\t\t\t{\"@context\":\"https:\\\/\\\/schema.org\",\"@graph\":[{\"@type\":\"Article\",\"@id\":\"https:\\\/\\\/www.encontrafeiradesantana.com.br\\\/sobre\\\/transito-na-avenida-artemia-pires-sera-alterado-a-partir-de-29-de-junho-para-avanco-das-obras-de-duplicacao\\\/#article\",\"name\":\"Tr\\u00e2nsito na Avenida Art\\u00eamia Pires ser\\u00e1 alterado a partir de 29 de junho para avan\\u00e7o das obras de duplica\\u00e7\\u00e3o | Encontra Feira de Santana\",\"headline\":\"Tr\\u00e2nsito na Avenida Art\\u00eamia Pires ser\\u00e1 alterado a partir de 29 de junho para avan\\u00e7o das obras de duplica\\u00e7\\u00e3o\",\"author\":{\"@id\":\"https:\\\/\\\/www.encontrafeiradesantana.com.br\\\/sobre\\\/author\\\/efeiradesantana\\\/#author\"},\"publisher\":{\"@id\":\"https:\\\/\\\/www.encontrafeiradesantana.com.br\\\/sobre\\\/#organization\"},\"image\":{\"@type\":\"ImageObject\",\"url\":\"https:\\\/\\\/www.encontrafeiradesantana.com.br\\\/sobre\\\/wp-content\\\/uploads\\\/2026\\\/07\\\/transito-na-avenida-artemia-pires-sera-alterado-a-partir-de-29-de-junho-para-avanco-das-obras-de-dup.webp\",\"width\":280,\"height\":280,\"caption\":\"Avenida Art\\u00eamia Pires\"},\"datePublished\":\"2026-07-21T06:11:43-03:00\",\"dateModified\":\"2026-07-21T06:11:43-03:00\",\"inLanguage\":\"pt-BR\",\"mainEntityOfPage\":{\"@id\":\"https:\\\/\\\/www.encontrafeiradesantana.com.br\\\/sobre\\\/transito-na-avenida-artemia-pires-sera-alterado-a-partir-de-29-de-junho-para-avanco-das-obras-de-duplicacao\\\/#webpage\"},\"isPartOf\":{\"@id\":\"https:\\\/\\\/www.encontrafeiradesantana.com.br\\\/sobre\\\/transito-na-avenida-artemia-pires-sera-alterado-a-partir-de-29-de-junho-para-avanco-das-obras-de-duplicacao\\\/#webpage\"},\"articleSection\":\"Not\\u00edcias Feira de Santana\"},{\"@type\":\"BreadcrumbList\",\"@id\":\"https:\\\/\\\/www.encontrafeiradesantana.com.br\\\/sobre\\\/transito-na-avenida-artemia-pires-sera-alterado-a-partir-de-29-de-junho-para-avanco-das-obras-de-duplicacao\\\/#breadcrumblist\",\"itemListElement\":[{\"@type\":\"ListItem\",\"@id\":\"https:\\\/\\\/www.encontrafeiradesantana.com.br\\\/sobre#listItem\",\"position\":1,\"name\":\"In\\u00edcio\",\"item\":\"https:\\\/\\\/www.encontrafeiradesantana.com.br\\\/sobre\",\"nextItem\":{\"@type\":\"ListItem\",\"@id\":\"https:\\\/\\\/www.encontrafeiradesantana.com.br\\\/sobre\\\/noticias-em-feira-de-santana\\\/#listItem\",\"name\":\"Not\\u00edcias Feira de Santana\"}},{\"@type\":\"ListItem\",\"@id\":\"https:\\\/\\\/www.encontrafeiradesantana.com.br\\\/sobre\\\/noticias-em-feira-de-santana\\\/#listItem\",\"position\":2,\"name\":\"Not\\u00edcias Feira de Santana\",\"item\":\"https:\\\/\\\/www.encontrafeiradesantana.com.br\\\/sobre\\\/noticias-em-feira-de-santana\\\/\",\"nextItem\":{\"@type\":\"ListItem\",\"@id\":\"https:\\\/\\\/www.encontrafeiradesantana.com.br\\\/sobre\\\/transito-na-avenida-artemia-pires-sera-alterado-a-partir-de-29-de-junho-para-avanco-das-obras-de-duplicacao\\\/#listItem\",\"name\":\"Tr\\u00e2nsito na Avenida Art\\u00eamia Pires ser\\u00e1 alterado a partir de 29 de junho para avan\\u00e7o das obras de duplica\\u00e7\\u00e3o\"},\"previousItem\":{\"@type\":\"ListItem\",\"@id\":\"https:\\\/\\\/www.encontrafeiradesantana.com.br\\\/sobre#listItem\",\"name\":\"In\\u00edcio\"}},{\"@type\":\"ListItem\",\"@id\":\"https:\\\/\\\/www.encontrafeiradesantana.com.br\\\/sobre\\\/transito-na-avenida-artemia-pires-sera-alterado-a-partir-de-29-de-junho-para-avanco-das-obras-de-duplicacao\\\/#listItem\",\"position\":3,\"name\":\"Tr\\u00e2nsito na Avenida Art\\u00eamia Pires ser\\u00e1 alterado a partir de 29 de junho para avan\\u00e7o das obras de duplica\\u00e7\\u00e3o\",\"previousItem\":{\"@type\":\"ListItem\",\"@id\":\"https:\\\/\\\/www.encontrafeiradesantana.com.br\\\/sobre\\\/noticias-em-feira-de-santana\\\/#listItem\",\"name\":\"Not\\u00edcias Feira de Santana\"}}]},{\"@type\":\"Organization\",\"@id\":\"https:\\\/\\\/www.encontrafeiradesantana.com.br\\\/sobre\\\/#organization\",\"name\":\"Encontra Feira de Santana\",\"description\":\"Not\\u00edcias, eventos, informa\\u00e7\\u00f5es e dicas na cidade Feira de Santana e regi\\u00e3o.\",\"url\":\"https:\\\/\\\/www.encontrafeiradesantana.com.br\\\/sobre\\\/\"},{\"@type\":\"Person\",\"@id\":\"https:\\\/\\\/www.encontrafeiradesantana.com.br\\\/sobre\\\/author\\\/efeiradesantana\\\/#author\",\"url\":\"https:\\\/\\\/www.encontrafeiradesantana.com.br\\\/sobre\\\/author\\\/efeiradesantana\\\/\",\"name\":\"Encontra Feira de Santana\",\"image\":{\"@type\":\"ImageObject\",\"@id\":\"https:\\\/\\\/www.encontrafeiradesantana.com.br\\\/sobre\\\/transito-na-avenida-artemia-pires-sera-alterado-a-partir-de-29-de-junho-para-avanco-das-obras-de-duplicacao\\\/#authorImage\",\"url\":\"https:\\\/\\\/secure.gravatar.com\\\/avatar\\\/507340682b8270222e1f208e23198b6ae7e2c6a1033ae84e99bc6bce4f82a387?s=96&d=mm&r=g\",\"width\":96,\"height\":96,\"caption\":\"Encontra Feira de Santana\"}},{\"@type\":\"WebPage\",\"@id\":\"https:\\\/\\\/www.encontrafeiradesantana.com.br\\\/sobre\\\/transito-na-avenida-artemia-pires-sera-alterado-a-partir-de-29-de-junho-para-avanco-das-obras-de-duplicacao\\\/#webpage\",\"url\":\"https:\\\/\\\/www.encontrafeiradesantana.com.br\\\/sobre\\\/transito-na-avenida-artemia-pires-sera-alterado-a-partir-de-29-de-junho-para-avanco-das-obras-de-duplicacao\\\/\",\"name\":\"Tr\\u00e2nsito na Avenida Art\\u00eamia Pires ser\\u00e1 alterado a partir de 29 de junho para avan\\u00e7o das obras de duplica\\u00e7\\u00e3o | Encontra Feira de Santana\",\"description\":\"Mudan\\u00e7as no tr\\u00e2nsito da Avenida Art\\u00eamia Pires para duplica\\u00e7\\u00e3o. Entenda tudo!\",\"inLanguage\":\"pt-BR\",\"isPartOf\":{\"@id\":\"https:\\\/\\\/www.encontrafeiradesantana.com.br\\\/sobre\\\/#website\"},\"breadcrumb\":{\"@id\":\"https:\\\/\\\/www.encontrafeiradesantana.com.br\\\/sobre\\\/transito-na-avenida-artemia-pires-sera-alterado-a-partir-de-29-de-junho-para-avanco-das-obras-de-duplicacao\\\/#breadcrumblist\"},\"author\":{\"@id\":\"https:\\\/\\\/www.encontrafeiradesantana.com.br\\\/sobre\\\/author\\\/efeiradesantana\\\/#author\"},\"creator\":{\"@id\":\"https:\\\/\\\/www.encontrafeiradesantana.com.br\\\/sobre\\\/author\\\/efeiradesantana\\\/#author\"},\"image\":{\"@type\":\"ImageObject\",\"url\":\"https:\\\/\\\/www.encontrafeiradesantana.com.br\\\/sobre\\\/wp-content\\\/uploads\\\/2026\\\/07\\\/transito-na-avenida-artemia-pires-sera-alterado-a-partir-de-29-de-junho-para-avanco-das-obras-de-dup.webp\",\"@id\":\"https:\\\/\\\/www.encontrafeiradesantana.com.br\\\/sobre\\\/transito-na-avenida-artemia-pires-sera-alterado-a-partir-de-29-de-junho-para-avanco-das-obras-de-duplicacao\\\/#mainImage\",\"width\":280,\"height\":280,\"caption\":\"Avenida Art\\u00eamia Pires\"},\"primaryImageOfPage\":{\"@id\":\"https:\\\/\\\/www.encontrafeiradesantana.com.br\\\/sobre\\\/transito-na-avenida-artemia-pires-sera-alterado-a-partir-de-29-de-junho-para-avanco-das-obras-de-duplicacao\\\/#mainImage\"},\"datePublished\":\"2026-07-21T06:11:43-03:00\",\"dateModified\":\"2026-07-21T06:11:43-03:00\"},{\"@type\":\"WebSite\",\"@id\":\"https:\\\/\\\/www.encontrafeiradesantana.com.br\\\/sobre\\\/#website\",\"url\":\"https:\\\/\\\/www.encontrafeiradesantana.com.br\\\/sobre\\\/\",\"name\":\"Encontra Feira de Santana\",\"description\":\"Not\\u00edcias, eventos, informa\\u00e7\\u00f5es e dicas na cidade Feira de Santana e regi\\u00e3o.\",\"inLanguage\":\"pt-BR\",\"publisher\":{\"@id\":\"https:\\\/\\\/www.encontrafeiradesantana.com.br\\\/sobre\\\/#organization\"}}]}\n\t\t<\/script>\n\t\t<!-- All in One SEO -->\n\n","aioseo_head_json":{"title":"Tr\u00e2nsito na Avenida Art\u00eamia Pires ser\u00e1 alterado a partir de 29 de junho para avan\u00e7o das obras de duplica\u00e7\u00e3o | Encontra Feira de Santana","description":"Mudan\u00e7as no tr\u00e2nsito da Avenida Art\u00eamia Pires para duplica\u00e7\u00e3o. Entenda tudo!","canonical_url":"https:\/\/www.encontrafeiradesantana.com.br\/sobre\/transito-na-avenida-artemia-pires-sera-alterado-a-partir-de-29-de-junho-para-avanco-das-obras-de-duplicacao\/","robots":"max-image-preview:large","keywords":"","webmasterTools":{"miscellaneous":""},"schema":{"@context":"https:\/\/schema.org","@graph":[{"@type":"Article","@id":"https:\/\/www.encontrafeiradesantana.com.br\/sobre\/transito-na-avenida-artemia-pires-sera-alterado-a-partir-de-29-de-junho-para-avanco-das-obras-de-duplicacao\/#article","name":"Tr\u00e2nsito na Avenida Art\u00eamia Pires ser\u00e1 alterado a partir de 29 de junho para avan\u00e7o das obras de duplica\u00e7\u00e3o | Encontra Feira de Santana","headline":"Tr\u00e2nsito na Avenida Art\u00eamia Pires ser\u00e1 alterado a partir de 29 de junho para avan\u00e7o das obras de duplica\u00e7\u00e3o","author":{"@id":"https:\/\/www.encontrafeiradesantana.com.br\/sobre\/author\/efeiradesantana\/#author"},"publisher":{"@id":"https:\/\/www.encontrafeiradesantana.com.br\/sobre\/#organization"},"image":{"@type":"ImageObject","url":"https:\/\/www.encontrafeiradesantana.com.br\/sobre\/wp-content\/uploads\/2026\/07\/transito-na-avenida-artemia-pires-sera-alterado-a-partir-de-29-de-junho-para-avanco-das-obras-de-dup.webp","width":280,"height":280,"caption":"Avenida Art\u00eamia Pires"},"datePublished":"2026-07-21T06:11:43-03:00","dateModified":"2026-07-21T06:11:43-03:00","inLanguage":"pt-BR","mainEntityOfPage":{"@id":"https:\/\/www.encontrafeiradesantana.com.br\/sobre\/transito-na-avenida-artemia-pires-sera-alterado-a-partir-de-29-de-junho-para-avanco-das-obras-de-duplicacao\/#webpage"},"isPartOf":{"@id":"https:\/\/www.encontrafeiradesantana.com.br\/sobre\/transito-na-avenida-artemia-pires-sera-alterado-a-partir-de-29-de-junho-para-avanco-das-obras-de-duplicacao\/#webpage"},"articleSection":"Not\u00edcias Feira de Santana"},{"@type":"BreadcrumbList","@id":"https:\/\/www.encontrafeiradesantana.com.br\/sobre\/transito-na-avenida-artemia-pires-sera-alterado-a-partir-de-29-de-junho-para-avanco-das-obras-de-duplicacao\/#breadcrumblist","itemListElement":[{"@type":"ListItem","@id":"https:\/\/www.encontrafeiradesantana.com.br\/sobre#listItem","position":1,"name":"In\u00edcio","item":"https:\/\/www.encontrafeiradesantana.com.br\/sobre","nextItem":{"@type":"ListItem","@id":"https:\/\/www.encontrafeiradesantana.com.br\/sobre\/noticias-em-feira-de-santana\/#listItem","name":"Not\u00edcias Feira de Santana"}},{"@type":"ListItem","@id":"https:\/\/www.encontrafeiradesantana.com.br\/sobre\/noticias-em-feira-de-santana\/#listItem","position":2,"name":"Not\u00edcias Feira de Santana","item":"https:\/\/www.encontrafeiradesantana.com.br\/sobre\/noticias-em-feira-de-santana\/","nextItem":{"@type":"ListItem","@id":"https:\/\/www.encontrafeiradesantana.com.br\/sobre\/transito-na-avenida-artemia-pires-sera-alterado-a-partir-de-29-de-junho-para-avanco-das-obras-de-duplicacao\/#listItem","name":"Tr\u00e2nsito na Avenida Art\u00eamia Pires ser\u00e1 alterado a partir de 29 de junho para avan\u00e7o das obras de duplica\u00e7\u00e3o"},"previousItem":{"@type":"ListItem","@id":"https:\/\/www.encontrafeiradesantana.com.br\/sobre#listItem","name":"In\u00edcio"}},{"@type":"ListItem","@id":"https:\/\/www.encontrafeiradesantana.com.br\/sobre\/transito-na-avenida-artemia-pires-sera-alterado-a-partir-de-29-de-junho-para-avanco-das-obras-de-duplicacao\/#listItem","position":3,"name":"Tr\u00e2nsito na Avenida Art\u00eamia Pires ser\u00e1 alterado a partir de 29 de junho para avan\u00e7o das obras de duplica\u00e7\u00e3o","previousItem":{"@type":"ListItem","@id":"https:\/\/www.encontrafeiradesantana.com.br\/sobre\/noticias-em-feira-de-santana\/#listItem","name":"Not\u00edcias Feira de Santana"}}]},{"@type":"Organization","@id":"https:\/\/www.encontrafeiradesantana.com.br\/sobre\/#organization","name":"Encontra Feira de Santana","description":"Not\u00edcias, eventos, informa\u00e7\u00f5es e dicas na cidade Feira de Santana e regi\u00e3o.","url":"https:\/\/www.encontrafeiradesantana.com.br\/sobre\/"},{"@type":"Person","@id":"https:\/\/www.encontrafeiradesantana.com.br\/sobre\/author\/efeiradesantana\/#author","url":"https:\/\/www.encontrafeiradesantana.com.br\/sobre\/author\/efeiradesantana\/","name":"Encontra Feira de Santana","image":{"@type":"ImageObject","@id":"https:\/\/www.encontrafeiradesantana.com.br\/sobre\/transito-na-avenida-artemia-pires-sera-alterado-a-partir-de-29-de-junho-para-avanco-das-obras-de-duplicacao\/#authorImage","url":"https:\/\/secure.gravatar.com\/avatar\/507340682b8270222e1f208e23198b6ae7e2c6a1033ae84e99bc6bce4f82a387?s=96&d=mm&r=g","width":96,"height":96,"caption":"Encontra Feira de Santana"}},{"@type":"WebPage","@id":"https:\/\/www.encontrafeiradesantana.com.br\/sobre\/transito-na-avenida-artemia-pires-sera-alterado-a-partir-de-29-de-junho-para-avanco-das-obras-de-duplicacao\/#webpage","url":"https:\/\/www.encontrafeiradesantana.com.br\/sobre\/transito-na-avenida-artemia-pires-sera-alterado-a-partir-de-29-de-junho-para-avanco-das-obras-de-duplicacao\/","name":"Tr\u00e2nsito na Avenida Art\u00eamia Pires ser\u00e1 alterado a partir de 29 de junho para avan\u00e7o das obras de duplica\u00e7\u00e3o | Encontra Feira de Santana","description":"Mudan\u00e7as no tr\u00e2nsito da Avenida Art\u00eamia Pires para duplica\u00e7\u00e3o. Entenda tudo!","inLanguage":"pt-BR","isPartOf":{"@id":"https:\/\/www.encontrafeiradesantana.com.br\/sobre\/#website"},"breadcrumb":{"@id":"https:\/\/www.encontrafeiradesantana.com.br\/sobre\/transito-na-avenida-artemia-pires-sera-alterado-a-partir-de-29-de-junho-para-avanco-das-obras-de-duplicacao\/#breadcrumblist"},"author":{"@id":"https:\/\/www.encontrafeiradesantana.com.br\/sobre\/author\/efeiradesantana\/#author"},"creator":{"@id":"https:\/\/www.encontrafeiradesantana.com.br\/sobre\/author\/efeiradesantana\/#author"},"image":{"@type":"ImageObject","url":"https:\/\/www.encontrafeiradesantana.com.br\/sobre\/wp-content\/uploads\/2026\/07\/transito-na-avenida-artemia-pires-sera-alterado-a-partir-de-29-de-junho-para-avanco-das-obras-de-dup.webp","@id":"https:\/\/www.encontrafeiradesantana.com.br\/sobre\/transito-na-avenida-artemia-pires-sera-alterado-a-partir-de-29-de-junho-para-avanco-das-obras-de-duplicacao\/#mainImage","width":280,"height":280,"caption":"Avenida Art\u00eamia Pires"},"primaryImageOfPage":{"@id":"https:\/\/www.encontrafeiradesantana.com.br\/sobre\/transito-na-avenida-artemia-pires-sera-alterado-a-partir-de-29-de-junho-para-avanco-das-obras-de-duplicacao\/#mainImage"},"datePublished":"2026-07-21T06:11:43-03:00","dateModified":"2026-07-21T06:11:43-03:00"},{"@type":"WebSite","@id":"https:\/\/www.encontrafeiradesantana.com.br\/sobre\/#website","url":"https:\/\/www.encontrafeiradesantana.com.br\/sobre\/","name":"Encontra Feira de Santana","description":"Not\u00edcias, eventos, informa\u00e7\u00f5es e dicas na cidade Feira de Santana e regi\u00e3o.","inLanguage":"pt-BR","publisher":{"@id":"https:\/\/www.encontrafeiradesantana.com.br\/sobre\/#organization"}}]},"og:locale":"pt_BR","og:site_name":"Encontra Feira de Santana | Not\u00edcias, eventos, informa\u00e7\u00f5es e dicas na cidade Feira de Santana e regi\u00e3o.","og:type":"article","og:title":"Tr\u00e2nsito na Avenida Art\u00eamia Pires ser\u00e1 alterado a partir de 29 de junho para avan\u00e7o das obras de duplica\u00e7\u00e3o | Encontra Feira de Santana","og:description":"Mudan\u00e7as no tr\u00e2nsito da Avenida Art\u00eamia Pires para duplica\u00e7\u00e3o. Entenda tudo!","og:url":"https:\/\/www.encontrafeiradesantana.com.br\/sobre\/transito-na-avenida-artemia-pires-sera-alterado-a-partir-de-29-de-junho-para-avanco-das-obras-de-duplicacao\/","article:published_time":"2026-07-21T09:11:43+00:00","article:modified_time":"2026-07-21T09:11:43+00:00","twitter:card":"summary","twitter:title":"Tr\u00e2nsito na Avenida Art\u00eamia Pires ser\u00e1 alterado a partir de 29 de junho para avan\u00e7o das obras de duplica\u00e7\u00e3o | Encontra Feira de Santana","twitter:description":"Mudan\u00e7as no tr\u00e2nsito da Avenida Art\u00eamia Pires para duplica\u00e7\u00e3o. Entenda tudo!"},"aioseo_meta_data":{"post_id":"2506","title":null,"description":null,"keywords":null,"keyphrases":null,"primary_term":null,"canonical_url":null,"og_title":null,"og_description":null,"og_object_type":"default","og_image_type":"default","og_image_url":null,"og_image_width":null,"og_image_height":null,"og_image_custom_url":null,"og_image_custom_fields":null,"og_video":null,"og_custom_url":null,"og_article_section":null,"og_article_tags":null,"twitter_use_og":false,"twitter_card":"default","twitter_image_type":"default","twitter_image_url":null,"twitter_image_custom_url":null,"twitter_image_custom_fields":null,"twitter_title":null,"twitter_description":null,"schema":{"blockGraphs":[],"customGraphs":[],"default":{"data":{"Article":[],"Course":[],"Dataset":[],"FAQPage":[],"Movie":[],"Person":[],"Product":[],"ProductReview":[],"Car":[],"Recipe":[],"Service":[],"SoftwareApplication":[],"WebPage":[]},"graphName":"Article","isEnabled":true},"graphs":[]},"schema_type":"default","schema_type_options":null,"pillar_content":false,"robots_default":true,"robots_noindex":false,"robots_noarchive":false,"robots_nosnippet":false,"robots_nofollow":false,"robots_noimageindex":false,"robots_noodp":false,"robots_notranslate":false,"robots_max_snippet":null,"robots_max_videopreview":null,"robots_max_imagepreview":"large","priority":null,"frequency":null,"local_seo":null,"breadcrumb_settings":null,"limit_modified_date":false,"ai":null,"created":"2026-07-21 09:12:42","updated":"2026-07-21 09:28:01","focus_keyword":null,"additional_keywords":null,"truseo_locale":null,"seo_analyzer_scan_date":null},"aioseo_breadcrumb":"<div class=\"aioseo-breadcrumbs\"><span class=\"aioseo-breadcrumb\">\n\t\t\t<a href=\"https:\/\/www.encontrafeiradesantana.com.br\/sobre\" title=\"In\u00edcio\">In\u00edcio<\/a>\n\t\t<\/span><span class=\"aioseo-breadcrumb-separator\">&raquo;<\/span><span class=\"aioseo-breadcrumb\">\n\t\t\t<a href=\"https:\/\/www.encontrafeiradesantana.com.br\/sobre\/noticias-em-feira-de-santana\/\" title=\"Not\u00edcias Feira de Santana\">Not\u00edcias Feira de Santana<\/a>\n\t\t<\/span><span class=\"aioseo-breadcrumb-separator\">&raquo;<\/span><span class=\"aioseo-breadcrumb\">\n\t\t\tTr\u00e2nsito na Avenida Art\u00eamia Pires ser\u00e1 alterado a partir de 29 de junho para avan\u00e7o das obras de duplica\u00e7\u00e3o\n\t\t<\/span><\/div>","aioseo_breadcrumb_json":[{"label":"In\u00edcio","link":"https:\/\/www.encontrafeiradesantana.com.br\/sobre"},{"label":"Not\u00edcias Feira de Santana","link":"https:\/\/www.encontrafeiradesantana.com.br\/sobre\/noticias-em-feira-de-santana\/"},{"label":"Tr\u00e2nsito na Avenida Art\u00eamia Pires ser\u00e1 alterado a partir de 29 de junho para avan\u00e7o das obras de duplica\u00e7\u00e3o","link":"https:\/\/www.encontrafeiradesantana.com.br\/sobre\/transito-na-avenida-artemia-pires-sera-alterado-a-partir-de-29-de-junho-para-avanco-das-obras-de-duplicacao\/"}],"_links":{"self":[{"href":"https:\/\/www.encontrafeiradesantana.com.br\/sobre\/wp-json\/wp\/v2\/posts\/2506","targetHints":{"allow":["GET"]}}],"collection":[{"href":"https:\/\/www.encontrafeiradesantana.com.br\/sobre\/wp-json\/wp\/v2\/posts"}],"about":[{"href":"https:\/\/www.encontrafeiradesantana.com.br\/sobre\/wp-json\/wp\/v2\/types\/post"}],"author":[{"embeddable":true,"href":"https:\/\/www.encontrafeiradesantana.com.br\/sobre\/wp-json\/wp\/v2\/users\/1"}],"replies":[{"embeddable":true,"href":"https:\/\/www.encontrafeiradesantana.com.br\/sobre\/wp-json\/wp\/v2\/comments?post=2506"}],"version-history":[{"count":0,"href":"https:\/\/www.encontrafeiradesantana.com.br\/sobre\/wp-json\/wp\/v2\/posts\/2506\/revisions"}],"wp:featuredmedia":[{"embeddable":true,"href":"https:\/\/www.encontrafeiradesantana.com.br\/sobre\/wp-json\/wp\/v2\/media\/2505"}],"wp:attachment":[{"href":"https:\/\/www.encontrafeiradesantana.com.br\/sobre\/wp-json\/wp\/v2\/media?parent=2506"}],"wp:term":[{"taxonomy":"category","embeddable":true,"href":"https:\/\/www.encontrafeiradesantana.com.br\/sobre\/wp-json\/wp\/v2\/categories?post=2506"},{"taxonomy":"post_tag","embeddable":true,"href":"https:\/\/www.encontrafeiradesantana.com.br\/sobre\/wp-json\/wp\/v2\/tags?post=2506"}],"curies":[{"name":"wp","href":"https:\/\/api.w.org\/{rel}","templated":true}]}}