{"id":2438,"date":"2026-07-14T06:03:07","date_gmt":"2026-07-14T09:03:07","guid":{"rendered":"https:\/\/www.encontrafeiradesantana.com.br\/sobre\/bando-anunciador-reune-milhares-de-pessoas-e-reforca-tradicao-cultural-de-feira-de-santana\/"},"modified":"2026-07-14T06:03:07","modified_gmt":"2026-07-14T09:03:07","slug":"bando-anunciador-reune-milhares-de-pessoas-e-reforca-tradicao-cultural-de-feira-de-santana","status":"publish","type":"post","link":"https:\/\/www.encontrafeiradesantana.com.br\/sobre\/bando-anunciador-reune-milhares-de-pessoas-e-reforca-tradicao-cultural-de-feira-de-santana\/","title":{"rendered":"Bando Anunciador re\u00fane milhares de pessoas e refor\u00e7a tradi\u00e7\u00e3o cultural de Feira de Santana"},"content":{"rendered":"<div class=\"3f468104ad11f00a3c9ac948316f4265\" data-index=\"1\" style=\"float: none; margin:0px;\">\n<ins class=\"adsbygoogle\"\r\n     style=\"display:block\"\r\n     data-ad-client=\"ca-pub-8585364105181520\"\r\n     data-ad-slot=\"8789329856\"\r\n     data-ad-format=\"auto\"\r\n     data-full-width-responsive=\"true\"><\/ins>\r\n<script>\r\n     (adsbygoogle = window.adsbygoogle || []).push({});\r\n<\/script>\r\n\n<\/div>\n<h2>O que \u00e9 o Bando Anunciador?<\/h2>\n<p>O Bando Anunciador \u00e9 uma celebra\u00e7\u00e3o tradicional que ocorre em Feira de Santana, destacando-se como um dos principais eventos culturais da cidade. Este cortejo festivo, que possui ra\u00edzes profundas na cultura popular, antecipa as festividades em homenagem \u00e0 padroeira Senhora Sant&#8217;Ana, reunindo moradores e visitantes em uma demonstra\u00e7\u00e3o vibrante de folclore, m\u00fasica e dan\u00e7a. Com a participa\u00e7\u00e3o de diferentes grupos e personagens, o evento promove uma rica troca cultural e reafirma a identidade da comunidade feirense.<\/p>\n<h2>Hist\u00f3ria do Bando Anunciador<\/h2>\n<p>A origem do Bando Anunciador remonta a uma tradi\u00e7\u00e3o centen\u00e1ria, que se estabeleceu gradativamente como uma parte indissoci\u00e1vel das celebra\u00e7\u00f5es em honra \u00e0 Senhora Sant&#8217;Ana. Nos anos mais remotos, o cortejo come\u00e7ou como uma forma de anunciar os festejos, incorporando elementos da cultura local, como dan\u00e7as e m\u00fasicas t\u00edpicas. Com o passar do tempo, o evento evoluiu, agregando novas manifesta\u00e7\u00f5es art\u00edsticas e consolidando-se como um marco cultural que atravessa gera\u00e7\u00f5es.<\/p>\n<h2>A Import\u00e2ncia Cultural do Cortejo<\/h2>\n<p>O Bando Anunciador vai al\u00e9m de um simples desfile; ele representa a ess\u00eancia da cultura de Feira de Santana. O cortejo \u00e9 um espa\u00e7o de express\u00e3o onde diferentes gera\u00e7\u00f5es se re\u00fanem, criando um sentido de pertencimento e identidade coletiva. \u00c9 crucial para a preserva\u00e7\u00e3o das tradi\u00e7\u00f5es locais, pois ao participar, as pessoas transmitem seus valores culturais para os mais jovens, garantindo que essas tradi\u00e7\u00f5es continuem a florescer. Al\u00e9m disso, a realiza\u00e7\u00e3o do evento fortalece as pol\u00edticas p\u00fablicas voltadas para a prote\u00e7\u00e3o do patrim\u00f4nio cultural imaterial, estimulando a participa\u00e7\u00e3o cidad\u00e3 na valoriza\u00e7\u00e3o da cultura.<\/p>\n<h2>Como Participar do Bando Anunciador<\/h2>\n<p>Participar do Bando Anunciador \u00e9 uma experi\u00eancia acess\u00edvel a todos os interessados. Geralmente, os cidad\u00e3os podem se inscrever como parte de grupos que representam diversas culturas e tradi\u00e7\u00f5es locais. Al\u00e9m disso, a festa \u00e9 aberta ao p\u00fablico, e muitas vezes, as pessoas se juntam espontaneamente ao cortejo, vestindo fantasias e alegorias criativas. Para aqueles que desejam se envolver mais ativamente, \u00e9 recomend\u00e1vel acompanhar as not\u00edcias e informa\u00e7\u00f5es divulgadas pela Secretaria Municipal de Cultura, Esporte e Lazer, que organiza o evento anualmente.<\/p>\n<h2>Fotos e Momentos Marcantes<\/h2>\n<p>O evento \u00e9 repleto de momentos memor\u00e1veis que s\u00e3o eternizados em fotografias. As imagens capturam a alegria e a anima\u00e7\u00e3o dos participantes, destacando as roupas coloridas, as dan\u00e7as e a m\u00fasica vibrante. Cada edi\u00e7\u00e3o do Bando Anunciador oferece um espet\u00e1culo visual que reflete a criatividade e o talento da comunidade, tornando-se assim uma rica documenta\u00e7\u00e3o da cultura popular de Feira de Santana.<\/p>\n<h2>Depoimentos dos Participantes<\/h2>\n<p>Os participantes do Bando Anunciador frequentemente compartilham hist\u00f3rias emocionantes sobre suas experi\u00eancias. Muitos falam sobre como o evento \u00e9 um momento de reencontro com amigos e familiares, ressaltando a import\u00e2ncia das tradi\u00e7\u00f5es passadas de gera\u00e7\u00e3o para gera\u00e7\u00e3o. Esses relatos exemplificam o valor emocional do cortejo e como ele se torna uma parte importante da identidade cultural de cada indiv\u00edduo.<\/p>\n<h2>Iniciativas de Preserva\u00e7\u00e3o Cultural<\/h2>\n<p>Visando assegurar que o legado do Bando Anunciador perdure, diversas iniciativas t\u00eam sido implementadas. Estas incluem oficinas de cultura popular, projetos educativos nas escolas e programas de incentivo \u00e0 pesquisa sobre as tradi\u00e7\u00f5es locais. As a\u00e7\u00f5es visam n\u00e3o apenas atrair a aten\u00e7\u00e3o para o evento, mas tamb\u00e9m garantir uma forma\u00e7\u00e3o cont\u00ednua sobre as tradi\u00e7\u00f5es que comp\u00f5em a rica tape\u00e7aria cultural de Feira de Santana.<\/p>\n<h2>A M\u00fasica e a Irrever\u00eancia do Evento<\/h2>\n<p>Um dos aspectos mais cativantes do Bando Anunciador \u00e9 a presen\u00e7a da m\u00fasica e da irrever\u00eancia que permeia o evento. Compositoras e compositores locais, m\u00fasicos e bandas se apresentam durante o cortejo, trazendo ritmos contagiantes que instigam a participa\u00e7\u00e3o do p\u00fablico. Os temas geralmente abordam a cultura local, a espiritualidade e situa\u00e7\u00f5es cotidianas, sempre com uma pitada de humor e criatividade. Essa mistura de sons e ritmos ajuda a criar a atmosfera festiva que caracteriza o Bando.<\/p>\n<h2>Impacto na Comunidade Local<\/h2>\n<p>O Bando Anunciador tem um impacto significativo na vida da comunidade local. Al\u00e9m de promover a cultura, o evento gera economicamente oportunidades para artes\u00e3os, comerciantes e prestadores de servi\u00e7os, que se beneficiam com o aumento de pessoas na cidade durante as festividades. A pr\u00f3pria estrutura do evento envolve a colabora\u00e7\u00e3o de diferentes esferas da sociedade, incluindo escolas, associa\u00e7\u00f5es comunit\u00e1rias e o governo municipal, criando um senso de uni\u00e3o e colabora\u00e7\u00e3o entre os cidad\u00e3os.<\/p>\n<h2>Expectativas para as Pr\u00f3ximas Edi\u00e7\u00f5es<\/h2>\n<p>Com o sucesso cont\u00ednuo do Bando Anunciador, as expectativas para futuras edi\u00e7\u00f5es s\u00e3o elevadas. A comunidade est\u00e1 ansiosa para ver como o evento ir\u00e1 evoluir, trazendo novas ideias e inova\u00e7\u00f5es que mantenham a tradi\u00e7\u00e3o viva, ao mesmo tempo que se adaptam \u00e0s novas realidades culturais e sociais. As propostas para incorporar tecnologias modernas e m\u00eddias sociais est\u00e3o em discuss\u00e3o para aumentar a visibilidade do evento e engajar mais jovens na celebra\u00e7\u00e3o de sua heran\u00e7a cultural.<\/p>\n\n<div style=\"font-size: 0px; height: 0px; line-height: 0px; margin: 0; padding: 0; clear: both;\"><\/div>","protected":false},"excerpt":{"rendered":"<p>Bando Anunciador destaca tradi\u00e7\u00e3o cultural em Feira de Santana e atrai multid\u00f5es.<\/p>\n","protected":false},"author":1,"featured_media":0,"comment_status":"open","ping_status":"closed","sticky":false,"template":"","format":"standard","meta":{"footnotes":""},"categories":[26],"tags":[],"class_list":["post-2438","post","type-post","status-publish","format-standard","hentry","category-cultura-em-feira-de-santana"],"aioseo_notices":[],"aioseo_head":"\n\t\t<!-- All in One SEO 5.0.0.1 - aioseo.com -->\n\t<meta name=\"description\" content=\"Bando Anunciador destaca tradi\u00e7\u00e3o cultural em Feira de Santana e atrai multid\u00f5es.\" \/>\n\t<meta name=\"robots\" content=\"max-image-preview:large\" \/>\n\t<meta name=\"author\" content=\"Encontra Feira de Santana\"\/>\n\t<link rel=\"canonical\" href=\"https:\/\/www.encontrafeiradesantana.com.br\/sobre\/bando-anunciador-reune-milhares-de-pessoas-e-reforca-tradicao-cultural-de-feira-de-santana\/\" \/>\n\t<meta name=\"generator\" content=\"All in One SEO (AIOSEO) 5.0.0.1\" \/>\n\t\t<meta property=\"og:locale\" content=\"pt_BR\" \/>\n\t\t<meta property=\"og:site_name\" content=\"Encontra Feira de Santana | Not\u00edcias, eventos, informa\u00e7\u00f5es e dicas na cidade Feira de Santana e regi\u00e3o.\" \/>\n\t\t<meta property=\"og:type\" content=\"article\" \/>\n\t\t<meta property=\"og:title\" content=\"Bando Anunciador re\u00fane milhares de pessoas e refor\u00e7a tradi\u00e7\u00e3o cultural de Feira de Santana | Encontra Feira de Santana\" \/>\n\t\t<meta property=\"og:description\" content=\"Bando Anunciador destaca tradi\u00e7\u00e3o cultural em Feira de Santana e atrai multid\u00f5es.\" \/>\n\t\t<meta property=\"og:url\" content=\"https:\/\/www.encontrafeiradesantana.com.br\/sobre\/bando-anunciador-reune-milhares-de-pessoas-e-reforca-tradicao-cultural-de-feira-de-santana\/\" \/>\n\t\t<meta property=\"article:published_time\" content=\"2026-07-14T09:03:07+00:00\" \/>\n\t\t<meta property=\"article:modified_time\" content=\"2026-07-14T09:03:07+00:00\" \/>\n\t\t<meta name=\"twitter:card\" content=\"summary\" \/>\n\t\t<meta name=\"twitter:title\" content=\"Bando Anunciador re\u00fane milhares de pessoas e refor\u00e7a tradi\u00e7\u00e3o cultural de Feira de Santana | Encontra Feira de Santana\" \/>\n\t\t<meta name=\"twitter:description\" content=\"Bando Anunciador destaca tradi\u00e7\u00e3o cultural em Feira de Santana e atrai multid\u00f5es.\" \/>\n\t\t<script type=\"application\/ld+json\" class=\"aioseo-schema\">\n\t\t\t{\"@context\":\"https:\\\/\\\/schema.org\",\"@graph\":[{\"@type\":\"Article\",\"@id\":\"https:\\\/\\\/www.encontrafeiradesantana.com.br\\\/sobre\\\/bando-anunciador-reune-milhares-de-pessoas-e-reforca-tradicao-cultural-de-feira-de-santana\\\/#article\",\"name\":\"Bando Anunciador re\\u00fane milhares de pessoas e refor\\u00e7a tradi\\u00e7\\u00e3o cultural de Feira de Santana | Encontra Feira de Santana\",\"headline\":\"Bando Anunciador re\\u00fane milhares de pessoas e refor\\u00e7a tradi\\u00e7\\u00e3o cultural de Feira de Santana\",\"author\":{\"@id\":\"https:\\\/\\\/www.encontrafeiradesantana.com.br\\\/sobre\\\/author\\\/efeiradesantana\\\/#author\"},\"publisher\":{\"@id\":\"https:\\\/\\\/www.encontrafeiradesantana.com.br\\\/sobre\\\/#organization\"},\"datePublished\":\"2026-07-14T06:03:07-03:00\",\"dateModified\":\"2026-07-14T06:03:07-03:00\",\"inLanguage\":\"pt-BR\",\"mainEntityOfPage\":{\"@id\":\"https:\\\/\\\/www.encontrafeiradesantana.com.br\\\/sobre\\\/bando-anunciador-reune-milhares-de-pessoas-e-reforca-tradicao-cultural-de-feira-de-santana\\\/#webpage\"},\"isPartOf\":{\"@id\":\"https:\\\/\\\/www.encontrafeiradesantana.com.br\\\/sobre\\\/bando-anunciador-reune-milhares-de-pessoas-e-reforca-tradicao-cultural-de-feira-de-santana\\\/#webpage\"},\"articleSection\":\"Cultura Feira de Santana\"},{\"@type\":\"BreadcrumbList\",\"@id\":\"https:\\\/\\\/www.encontrafeiradesantana.com.br\\\/sobre\\\/bando-anunciador-reune-milhares-de-pessoas-e-reforca-tradicao-cultural-de-feira-de-santana\\\/#breadcrumblist\",\"itemListElement\":[{\"@type\":\"ListItem\",\"@id\":\"https:\\\/\\\/www.encontrafeiradesantana.com.br\\\/sobre#listItem\",\"position\":1,\"name\":\"In\\u00edcio\",\"item\":\"https:\\\/\\\/www.encontrafeiradesantana.com.br\\\/sobre\",\"nextItem\":{\"@type\":\"ListItem\",\"@id\":\"https:\\\/\\\/www.encontrafeiradesantana.com.br\\\/sobre\\\/cultura-em-feira-de-santana\\\/#listItem\",\"name\":\"Cultura Feira de Santana\"}},{\"@type\":\"ListItem\",\"@id\":\"https:\\\/\\\/www.encontrafeiradesantana.com.br\\\/sobre\\\/cultura-em-feira-de-santana\\\/#listItem\",\"position\":2,\"name\":\"Cultura Feira de Santana\",\"item\":\"https:\\\/\\\/www.encontrafeiradesantana.com.br\\\/sobre\\\/cultura-em-feira-de-santana\\\/\",\"nextItem\":{\"@type\":\"ListItem\",\"@id\":\"https:\\\/\\\/www.encontrafeiradesantana.com.br\\\/sobre\\\/bando-anunciador-reune-milhares-de-pessoas-e-reforca-tradicao-cultural-de-feira-de-santana\\\/#listItem\",\"name\":\"Bando Anunciador re\\u00fane milhares de pessoas e refor\\u00e7a tradi\\u00e7\\u00e3o cultural de Feira de Santana\"},\"previousItem\":{\"@type\":\"ListItem\",\"@id\":\"https:\\\/\\\/www.encontrafeiradesantana.com.br\\\/sobre#listItem\",\"name\":\"In\\u00edcio\"}},{\"@type\":\"ListItem\",\"@id\":\"https:\\\/\\\/www.encontrafeiradesantana.com.br\\\/sobre\\\/bando-anunciador-reune-milhares-de-pessoas-e-reforca-tradicao-cultural-de-feira-de-santana\\\/#listItem\",\"position\":3,\"name\":\"Bando Anunciador re\\u00fane milhares de pessoas e refor\\u00e7a tradi\\u00e7\\u00e3o cultural de Feira de Santana\",\"previousItem\":{\"@type\":\"ListItem\",\"@id\":\"https:\\\/\\\/www.encontrafeiradesantana.com.br\\\/sobre\\\/cultura-em-feira-de-santana\\\/#listItem\",\"name\":\"Cultura Feira de Santana\"}}]},{\"@type\":\"Organization\",\"@id\":\"https:\\\/\\\/www.encontrafeiradesantana.com.br\\\/sobre\\\/#organization\",\"name\":\"Encontra Feira de Santana\",\"description\":\"Not\\u00edcias, eventos, informa\\u00e7\\u00f5es e dicas na cidade Feira de Santana e regi\\u00e3o.\",\"url\":\"https:\\\/\\\/www.encontrafeiradesantana.com.br\\\/sobre\\\/\"},{\"@type\":\"Person\",\"@id\":\"https:\\\/\\\/www.encontrafeiradesantana.com.br\\\/sobre\\\/author\\\/efeiradesantana\\\/#author\",\"url\":\"https:\\\/\\\/www.encontrafeiradesantana.com.br\\\/sobre\\\/author\\\/efeiradesantana\\\/\",\"name\":\"Encontra Feira de Santana\",\"image\":{\"@type\":\"ImageObject\",\"@id\":\"https:\\\/\\\/www.encontrafeiradesantana.com.br\\\/sobre\\\/bando-anunciador-reune-milhares-de-pessoas-e-reforca-tradicao-cultural-de-feira-de-santana\\\/#authorImage\",\"url\":\"https:\\\/\\\/secure.gravatar.com\\\/avatar\\\/507340682b8270222e1f208e23198b6ae7e2c6a1033ae84e99bc6bce4f82a387?s=96&d=mm&r=g\",\"width\":96,\"height\":96,\"caption\":\"Encontra Feira de Santana\"}},{\"@type\":\"WebPage\",\"@id\":\"https:\\\/\\\/www.encontrafeiradesantana.com.br\\\/sobre\\\/bando-anunciador-reune-milhares-de-pessoas-e-reforca-tradicao-cultural-de-feira-de-santana\\\/#webpage\",\"url\":\"https:\\\/\\\/www.encontrafeiradesantana.com.br\\\/sobre\\\/bando-anunciador-reune-milhares-de-pessoas-e-reforca-tradicao-cultural-de-feira-de-santana\\\/\",\"name\":\"Bando Anunciador re\\u00fane milhares de pessoas e refor\\u00e7a tradi\\u00e7\\u00e3o cultural de Feira de Santana | Encontra Feira de Santana\",\"description\":\"Bando Anunciador destaca tradi\\u00e7\\u00e3o cultural em Feira de Santana e atrai multid\\u00f5es.\",\"inLanguage\":\"pt-BR\",\"isPartOf\":{\"@id\":\"https:\\\/\\\/www.encontrafeiradesantana.com.br\\\/sobre\\\/#website\"},\"breadcrumb\":{\"@id\":\"https:\\\/\\\/www.encontrafeiradesantana.com.br\\\/sobre\\\/bando-anunciador-reune-milhares-de-pessoas-e-reforca-tradicao-cultural-de-feira-de-santana\\\/#breadcrumblist\"},\"author\":{\"@id\":\"https:\\\/\\\/www.encontrafeiradesantana.com.br\\\/sobre\\\/author\\\/efeiradesantana\\\/#author\"},\"creator\":{\"@id\":\"https:\\\/\\\/www.encontrafeiradesantana.com.br\\\/sobre\\\/author\\\/efeiradesantana\\\/#author\"},\"datePublished\":\"2026-07-14T06:03:07-03:00\",\"dateModified\":\"2026-07-14T06:03:07-03:00\"},{\"@type\":\"WebSite\",\"@id\":\"https:\\\/\\\/www.encontrafeiradesantana.com.br\\\/sobre\\\/#website\",\"url\":\"https:\\\/\\\/www.encontrafeiradesantana.com.br\\\/sobre\\\/\",\"name\":\"Encontra Feira de Santana\",\"description\":\"Not\\u00edcias, eventos, informa\\u00e7\\u00f5es e dicas na cidade Feira de Santana e regi\\u00e3o.\",\"inLanguage\":\"pt-BR\",\"publisher\":{\"@id\":\"https:\\\/\\\/www.encontrafeiradesantana.com.br\\\/sobre\\\/#organization\"}}]}\n\t\t<\/script>\n\t\t<!-- All in One SEO -->\n\n","aioseo_head_json":{"title":"Bando Anunciador re\u00fane milhares de pessoas e refor\u00e7a tradi\u00e7\u00e3o cultural de Feira de Santana | Encontra Feira de Santana","description":"Bando Anunciador destaca tradi\u00e7\u00e3o cultural em Feira de Santana e atrai multid\u00f5es.","canonical_url":"https:\/\/www.encontrafeiradesantana.com.br\/sobre\/bando-anunciador-reune-milhares-de-pessoas-e-reforca-tradicao-cultural-de-feira-de-santana\/","robots":"max-image-preview:large","keywords":"","webmasterTools":{"miscellaneous":""},"schema":{"@context":"https:\/\/schema.org","@graph":[{"@type":"Article","@id":"https:\/\/www.encontrafeiradesantana.com.br\/sobre\/bando-anunciador-reune-milhares-de-pessoas-e-reforca-tradicao-cultural-de-feira-de-santana\/#article","name":"Bando Anunciador re\u00fane milhares de pessoas e refor\u00e7a tradi\u00e7\u00e3o cultural de Feira de Santana | Encontra Feira de Santana","headline":"Bando Anunciador re\u00fane milhares de pessoas e refor\u00e7a tradi\u00e7\u00e3o cultural de Feira de Santana","author":{"@id":"https:\/\/www.encontrafeiradesantana.com.br\/sobre\/author\/efeiradesantana\/#author"},"publisher":{"@id":"https:\/\/www.encontrafeiradesantana.com.br\/sobre\/#organization"},"datePublished":"2026-07-14T06:03:07-03:00","dateModified":"2026-07-14T06:03:07-03:00","inLanguage":"pt-BR","mainEntityOfPage":{"@id":"https:\/\/www.encontrafeiradesantana.com.br\/sobre\/bando-anunciador-reune-milhares-de-pessoas-e-reforca-tradicao-cultural-de-feira-de-santana\/#webpage"},"isPartOf":{"@id":"https:\/\/www.encontrafeiradesantana.com.br\/sobre\/bando-anunciador-reune-milhares-de-pessoas-e-reforca-tradicao-cultural-de-feira-de-santana\/#webpage"},"articleSection":"Cultura Feira de Santana"},{"@type":"BreadcrumbList","@id":"https:\/\/www.encontrafeiradesantana.com.br\/sobre\/bando-anunciador-reune-milhares-de-pessoas-e-reforca-tradicao-cultural-de-feira-de-santana\/#breadcrumblist","itemListElement":[{"@type":"ListItem","@id":"https:\/\/www.encontrafeiradesantana.com.br\/sobre#listItem","position":1,"name":"In\u00edcio","item":"https:\/\/www.encontrafeiradesantana.com.br\/sobre","nextItem":{"@type":"ListItem","@id":"https:\/\/www.encontrafeiradesantana.com.br\/sobre\/cultura-em-feira-de-santana\/#listItem","name":"Cultura Feira de Santana"}},{"@type":"ListItem","@id":"https:\/\/www.encontrafeiradesantana.com.br\/sobre\/cultura-em-feira-de-santana\/#listItem","position":2,"name":"Cultura Feira de Santana","item":"https:\/\/www.encontrafeiradesantana.com.br\/sobre\/cultura-em-feira-de-santana\/","nextItem":{"@type":"ListItem","@id":"https:\/\/www.encontrafeiradesantana.com.br\/sobre\/bando-anunciador-reune-milhares-de-pessoas-e-reforca-tradicao-cultural-de-feira-de-santana\/#listItem","name":"Bando Anunciador re\u00fane milhares de pessoas e refor\u00e7a tradi\u00e7\u00e3o cultural de Feira de Santana"},"previousItem":{"@type":"ListItem","@id":"https:\/\/www.encontrafeiradesantana.com.br\/sobre#listItem","name":"In\u00edcio"}},{"@type":"ListItem","@id":"https:\/\/www.encontrafeiradesantana.com.br\/sobre\/bando-anunciador-reune-milhares-de-pessoas-e-reforca-tradicao-cultural-de-feira-de-santana\/#listItem","position":3,"name":"Bando Anunciador re\u00fane milhares de pessoas e refor\u00e7a tradi\u00e7\u00e3o cultural de Feira de Santana","previousItem":{"@type":"ListItem","@id":"https:\/\/www.encontrafeiradesantana.com.br\/sobre\/cultura-em-feira-de-santana\/#listItem","name":"Cultura Feira de Santana"}}]},{"@type":"Organization","@id":"https:\/\/www.encontrafeiradesantana.com.br\/sobre\/#organization","name":"Encontra Feira de Santana","description":"Not\u00edcias, eventos, informa\u00e7\u00f5es e dicas na cidade Feira de Santana e regi\u00e3o.","url":"https:\/\/www.encontrafeiradesantana.com.br\/sobre\/"},{"@type":"Person","@id":"https:\/\/www.encontrafeiradesantana.com.br\/sobre\/author\/efeiradesantana\/#author","url":"https:\/\/www.encontrafeiradesantana.com.br\/sobre\/author\/efeiradesantana\/","name":"Encontra Feira de Santana","image":{"@type":"ImageObject","@id":"https:\/\/www.encontrafeiradesantana.com.br\/sobre\/bando-anunciador-reune-milhares-de-pessoas-e-reforca-tradicao-cultural-de-feira-de-santana\/#authorImage","url":"https:\/\/secure.gravatar.com\/avatar\/507340682b8270222e1f208e23198b6ae7e2c6a1033ae84e99bc6bce4f82a387?s=96&d=mm&r=g","width":96,"height":96,"caption":"Encontra Feira de Santana"}},{"@type":"WebPage","@id":"https:\/\/www.encontrafeiradesantana.com.br\/sobre\/bando-anunciador-reune-milhares-de-pessoas-e-reforca-tradicao-cultural-de-feira-de-santana\/#webpage","url":"https:\/\/www.encontrafeiradesantana.com.br\/sobre\/bando-anunciador-reune-milhares-de-pessoas-e-reforca-tradicao-cultural-de-feira-de-santana\/","name":"Bando Anunciador re\u00fane milhares de pessoas e refor\u00e7a tradi\u00e7\u00e3o cultural de Feira de Santana | Encontra Feira de Santana","description":"Bando Anunciador destaca tradi\u00e7\u00e3o cultural em Feira de Santana e atrai multid\u00f5es.","inLanguage":"pt-BR","isPartOf":{"@id":"https:\/\/www.encontrafeiradesantana.com.br\/sobre\/#website"},"breadcrumb":{"@id":"https:\/\/www.encontrafeiradesantana.com.br\/sobre\/bando-anunciador-reune-milhares-de-pessoas-e-reforca-tradicao-cultural-de-feira-de-santana\/#breadcrumblist"},"author":{"@id":"https:\/\/www.encontrafeiradesantana.com.br\/sobre\/author\/efeiradesantana\/#author"},"creator":{"@id":"https:\/\/www.encontrafeiradesantana.com.br\/sobre\/author\/efeiradesantana\/#author"},"datePublished":"2026-07-14T06:03:07-03:00","dateModified":"2026-07-14T06:03:07-03:00"},{"@type":"WebSite","@id":"https:\/\/www.encontrafeiradesantana.com.br\/sobre\/#website","url":"https:\/\/www.encontrafeiradesantana.com.br\/sobre\/","name":"Encontra Feira de Santana","description":"Not\u00edcias, eventos, informa\u00e7\u00f5es e dicas na cidade Feira de Santana e regi\u00e3o.","inLanguage":"pt-BR","publisher":{"@id":"https:\/\/www.encontrafeiradesantana.com.br\/sobre\/#organization"}}]},"og:locale":"pt_BR","og:site_name":"Encontra Feira de Santana | Not\u00edcias, eventos, informa\u00e7\u00f5es e dicas na cidade Feira de Santana e regi\u00e3o.","og:type":"article","og:title":"Bando Anunciador re\u00fane milhares de pessoas e refor\u00e7a tradi\u00e7\u00e3o cultural de Feira de Santana | Encontra Feira de Santana","og:description":"Bando Anunciador destaca tradi\u00e7\u00e3o cultural em Feira de Santana e atrai multid\u00f5es.","og:url":"https:\/\/www.encontrafeiradesantana.com.br\/sobre\/bando-anunciador-reune-milhares-de-pessoas-e-reforca-tradicao-cultural-de-feira-de-santana\/","article:published_time":"2026-07-14T09:03:07+00:00","article:modified_time":"2026-07-14T09:03:07+00:00","twitter:card":"summary","twitter:title":"Bando Anunciador re\u00fane milhares de pessoas e refor\u00e7a tradi\u00e7\u00e3o cultural de Feira de Santana | Encontra Feira de Santana","twitter:description":"Bando Anunciador destaca tradi\u00e7\u00e3o cultural em Feira de Santana e atrai multid\u00f5es."},"aioseo_meta_data":{"post_id":"2438","title":null,"description":null,"keywords":null,"keyphrases":null,"primary_term":null,"canonical_url":null,"og_title":null,"og_description":null,"og_object_type":"default","og_image_type":"default","og_image_url":null,"og_image_width":null,"og_image_height":null,"og_image_custom_url":null,"og_image_custom_fields":null,"og_video":null,"og_custom_url":null,"og_article_section":null,"og_article_tags":null,"twitter_use_og":false,"twitter_card":"default","twitter_image_type":"default","twitter_image_url":null,"twitter_image_custom_url":null,"twitter_image_custom_fields":null,"twitter_title":null,"twitter_description":null,"schema":{"blockGraphs":[],"customGraphs":[],"default":{"data":{"Article":[],"Course":[],"Dataset":[],"FAQPage":[],"Movie":[],"Person":[],"Product":[],"ProductReview":[],"Car":[],"Recipe":[],"Service":[],"SoftwareApplication":[],"WebPage":[]},"graphName":"Article","isEnabled":true},"graphs":[]},"schema_type":"default","schema_type_options":null,"pillar_content":false,"robots_default":true,"robots_noindex":false,"robots_noarchive":false,"robots_nosnippet":false,"robots_nofollow":false,"robots_noimageindex":false,"robots_noodp":false,"robots_notranslate":false,"robots_max_snippet":null,"robots_max_videopreview":null,"robots_max_imagepreview":"large","priority":null,"frequency":null,"local_seo":null,"breadcrumb_settings":null,"limit_modified_date":false,"ai":null,"created":"2026-07-14 09:06:31","updated":"2026-07-14 09:14:28","focus_keyword":null,"additional_keywords":null,"truseo_locale":null,"seo_analyzer_scan_date":null},"aioseo_breadcrumb":"<div class=\"aioseo-breadcrumbs\"><span class=\"aioseo-breadcrumb\">\n\t\t\t<a href=\"https:\/\/www.encontrafeiradesantana.com.br\/sobre\" title=\"In\u00edcio\">In\u00edcio<\/a>\n\t\t<\/span><span class=\"aioseo-breadcrumb-separator\">&raquo;<\/span><span class=\"aioseo-breadcrumb\">\n\t\t\t<a href=\"https:\/\/www.encontrafeiradesantana.com.br\/sobre\/cultura-em-feira-de-santana\/\" title=\"Cultura Feira de Santana\">Cultura Feira de Santana<\/a>\n\t\t<\/span><span class=\"aioseo-breadcrumb-separator\">&raquo;<\/span><span class=\"aioseo-breadcrumb\">\n\t\t\tBando Anunciador re\u00fane milhares de pessoas e refor\u00e7a tradi\u00e7\u00e3o cultural de Feira de Santana\n\t\t<\/span><\/div>","aioseo_breadcrumb_json":[{"label":"In\u00edcio","link":"https:\/\/www.encontrafeiradesantana.com.br\/sobre"},{"label":"Cultura Feira de Santana","link":"https:\/\/www.encontrafeiradesantana.com.br\/sobre\/cultura-em-feira-de-santana\/"},{"label":"Bando Anunciador re\u00fane milhares de pessoas e refor\u00e7a tradi\u00e7\u00e3o cultural de Feira de Santana","link":"https:\/\/www.encontrafeiradesantana.com.br\/sobre\/bando-anunciador-reune-milhares-de-pessoas-e-reforca-tradicao-cultural-de-feira-de-santana\/"}],"_links":{"self":[{"href":"https:\/\/www.encontrafeiradesantana.com.br\/sobre\/wp-json\/wp\/v2\/posts\/2438","targetHints":{"allow":["GET"]}}],"collection":[{"href":"https:\/\/www.encontrafeiradesantana.com.br\/sobre\/wp-json\/wp\/v2\/posts"}],"about":[{"href":"https:\/\/www.encontrafeiradesantana.com.br\/sobre\/wp-json\/wp\/v2\/types\/post"}],"author":[{"embeddable":true,"href":"https:\/\/www.encontrafeiradesantana.com.br\/sobre\/wp-json\/wp\/v2\/users\/1"}],"replies":[{"embeddable":true,"href":"https:\/\/www.encontrafeiradesantana.com.br\/sobre\/wp-json\/wp\/v2\/comments?post=2438"}],"version-history":[{"count":0,"href":"https:\/\/www.encontrafeiradesantana.com.br\/sobre\/wp-json\/wp\/v2\/posts\/2438\/revisions"}],"wp:attachment":[{"href":"https:\/\/www.encontrafeiradesantana.com.br\/sobre\/wp-json\/wp\/v2\/media?parent=2438"}],"wp:term":[{"taxonomy":"category","embeddable":true,"href":"https:\/\/www.encontrafeiradesantana.com.br\/sobre\/wp-json\/wp\/v2\/categories?post=2438"},{"taxonomy":"post_tag","embeddable":true,"href":"https:\/\/www.encontrafeiradesantana.com.br\/sobre\/wp-json\/wp\/v2\/tags?post=2438"}],"curies":[{"name":"wp","href":"https:\/\/api.w.org\/{rel}","templated":true}]}}