{"id":2423,"date":"2026-07-12T04:12:03","date_gmt":"2026-07-12T07:12:03","guid":{"rendered":"https:\/\/www.encontrafeiradesantana.com.br\/sobre\/ix-conferencia-estadual-da-advocacia-baiana-acontece-em-feira-de-santana\/"},"modified":"2026-07-12T04:12:03","modified_gmt":"2026-07-12T07:12:03","slug":"ix-conferencia-estadual-da-advocacia-baiana-acontece-em-feira-de-santana","status":"publish","type":"post","link":"https:\/\/www.encontrafeiradesantana.com.br\/sobre\/ix-conferencia-estadual-da-advocacia-baiana-acontece-em-feira-de-santana\/","title":{"rendered":"IX Confer\u00eancia Estadual da Advocacia Baiana acontece em Feira de Santana"},"content":{"rendered":"<div class=\"3f468104ad11f00a3c9ac948316f4265\" data-index=\"1\" style=\"float: none; margin:0px;\">\n<ins class=\"adsbygoogle\"\r\n     style=\"display:block\"\r\n     data-ad-client=\"ca-pub-8585364105181520\"\r\n     data-ad-slot=\"8789329856\"\r\n     data-ad-format=\"auto\"\r\n     data-full-width-responsive=\"true\"><\/ins>\r\n<script>\r\n     (adsbygoogle = window.adsbygoogle || []).push({});\r\n<\/script>\r\n\n<\/div>\n<h2>O que \u00e9 a IX Confer\u00eancia Estadual da Advocacia Baiana?<\/h2>\n<p>A IX Confer\u00eancia Estadual da Advocacia Baiana \u00e9 um dos principais eventos jur\u00eddicos promovidos pela OAB Bahia, destinado a reunir advogados e profissionais do direito de todo o estado. Esta confer\u00eancia \u00e9 um marco significativo para a classe, oferecendo um espa\u00e7o de discuss\u00e3o e reflex\u00e3o sobre temas relevantes que afetam a pr\u00e1tica da advocacia contempor\u00e2nea.<\/p>\n<h2>Data e Local do Evento<\/h2>\n<p>O evento ocorrer\u00e1 nos dias 29 e 30 de julho de 2026, a partir das 18h do dia 29 at\u00e9 as 23h do dia 30. O local escolhido para sediar a confer\u00eancia \u00e9 o moderno Centro de Conven\u00e7\u00f5es de Feira de Santana, que proporciona uma infraestrutura adequada para acolher os participantes e a programa\u00e7\u00e3o prevista.<\/p>\n<h2>Tema Central: Advocacia e Tecnologia<\/h2>\n<p>O tema da confer\u00eancia deste ano \u00e9 &#8220;Advocacia e Tecnologia: Desafios do Presente, Caminhos do Futuro&#8221;. Este t\u00f3pico foi escolhido para abordar como as novas tecnologias est\u00e3o transformando o cen\u00e1rio jur\u00eddico, trazendo tanto desafios quanto oportunidades para os profissionais da advocacia. Discutir como se adaptar \u00e0s inova\u00e7\u00f5es e quais ferramentas podem ser utilizadas para melhorar a pr\u00e1tica do direito ser\u00e1 uma das prioridades deste encontro.<\/p>\n<p><img decoding=\"async\" src=\"https:\/\/www.encontrafeiradesantana.com.br\/sobre\/wp-content\/uploads\/2026\/07\/ix-conferencia-estadual-da-advocacia-baiana-acontece-em-feira-de-santana.webp\" alt=\"IX Confer\u00eancia Estadual da Advocacia Baiana\" loading=\"lazy\" \/><\/p>\n<h2>Import\u00e2ncia da Confer\u00eancia para Advogados<\/h2>\n<p>A confer\u00eancia se destaca como uma plataforma fundamental para o desenvolvimento profissional dos advogados, permitindo que eles se atualizem sobre as \u00faltimas tend\u00eancias e inova\u00e7\u00f5es no campo legal. Este tipo de evento \u00e9 crucial para fomentar a troca de experi\u00eancias e conhecimentos entre profissionais de diferentes \u00e1reas e regi\u00f5es, contribuindo significativamente para a valoriza\u00e7\u00e3o da advocacia na Bahia.<\/p>\n<h2>Atividades e Palestras Programadas<\/h2>\n<p>A programa\u00e7\u00e3o da IX Confer\u00eancia Estadual da Advocacia Baiana inclui uma s\u00e9rie de atividades, como:<\/p>\n<ul>\n<li><strong>Palestras de especialistas:<\/strong> Convidados renomados no campo da advocacia e tecnologia compartilhar\u00e3o suas experi\u00eancias e insights.<\/li>\n<li><strong>Debates interativos:<\/strong> Espa\u00e7os destinados a discuss\u00f5es abertas, onde os professores e participantes poder\u00e3o trocar ideias e opini\u00f5es.<\/li>\n<li><strong>Workshops pr\u00e1ticos:<\/strong> Atividades que permitem aos advogados aprender na pr\u00e1tica como usar ferramentas tecnol\u00f3gicas em sua rotina de trabalho.<\/li>\n<\/ul>\n<p>Essas atividades visam proporcionar aos participantes conhecimentos aplic\u00e1veis que podem ser diretamente utilizados em suas pr\u00e1ticas di\u00e1rias.<\/p>\n<h2>Como Participar: Inscri\u00e7\u00f5es e Informa\u00e7\u00f5es<\/h2>\n<p>As inscri\u00e7\u00f5es para o evento est\u00e3o dispon\u00edveis na plataforma <strong><a href=\"https:\/\/www.sympla.com.br\/evento\/ix-conferencia-estadual-da-advocacia-baiana\/3460952?referrer=www.oab-ba.org.br&#038;referrer=www.oab-ba.org.br\">Sympla<\/a><\/strong>. \u00c9 recomend\u00e1vel que os interessados garantam suas vagas com anteced\u00eancia, j\u00e1 que este \u00e9 um evento bastante procurado e as vagas podem ser limitadas.<\/p>\n<h2>Networking e Integra\u00e7\u00e3o entre Profissionais<\/h2>\n<p>Um dos principais benef\u00edcios da IX Confer\u00eancia Estadual da Advocacia Baiana \u00e9 a oportunidade de networking que ela proporciona. Durante o evento, advogados de diversas \u00e1reas podem interagir, criar v\u00ednculos e estabelecer parcerias que podem durar al\u00e9m da confer\u00eancia. Essas intera\u00e7\u00f5es ajudam a expandir o conhecimento e a troca de informa\u00e7\u00f5es entre profissionais.<\/p>\n<h2>O Papel da OAB na Advocacia Baiana<\/h2>\n<p>A OAB Bahia desempenha um papel crucial na organiza\u00e7\u00e3o de eventos como a confer\u00eancia, promovendo a educa\u00e7\u00e3o continuada e a valoriza\u00e7\u00e3o da advocacia. A entidade busca sempre atualiza\u00e7\u00f5es que beneficiem seus membros e a sociedade, garantindo que a classe esteja bem informada sobre suas prerrogativas e desafios. A OAB tamb\u00e9m atua no fortalecimento da \u00e9tica e da responsabilidade na pr\u00e1tica profissional.<\/p>\n<h2>Desafios e Oportunidades da Advocacia Atual<\/h2>\n<p>A advocacia contempor\u00e2nea enfrenta diversos desafios, desde a concorr\u00eancia crescente at\u00e9 a necessidade de adapta\u00e7\u00e3o \u00e0s novas tecnologias. No entanto, cada um desses desafios traz consigo uma s\u00e9rie de oportunidades. O evento buscar\u00e1 debater como os advogados podem se reinventar e utilizar as ferramentas digitais a seu favor, al\u00e9m de discutir as mudan\u00e7as no comportamento dos clientes e como isso impacta a pr\u00e1tica jur\u00eddica.<\/p>\n<h2>Expectativas para o Futuro da Advocacia<\/h2>\n<p>Por fim, a IX Confer\u00eancia Estadual da Advocacia Baiana tamb\u00e9m ter\u00e1 como foco as expectativas acerca do futuro da profiss\u00e3o. Com as constantes mudan\u00e7as no cen\u00e1rio jur\u00eddico e a ascens\u00e3o de novas tecnologias, \u00e9 essencial que os advogados estejam preparados para as transforma\u00e7\u00f5es que est\u00e3o por vir. A confer\u00eancia ser\u00e1 um momento para refletir sobre como a advocacia poder\u00e1 evoluir, mantendo-se relevante e atuante em uma sociedade em constante mudan\u00e7a.<\/p>\n<p>O evento promete ser uma oportunidade rica para aprendizado, crescimento e confraterniza\u00e7\u00e3o entre os profissionais do direito, e a OAB Bahia est\u00e1 entusiasmada em receber todos os participantes em Feira de Santana.<\/p>\n<h2>SERVI\u00c7O<\/h2>\n<ul>\n<li><strong>O Que:<\/strong> IX Confer\u00eancia Estadual da Advocacia Baiana<\/li>\n<li><strong>Quando:<\/strong> Das 18h de 29\/7 at\u00e9 as 23h de 30\/7<\/li>\n<li><strong>Onde:<\/strong> Centro de Conven\u00e7\u00f5es de Feira de Santana<\/li>\n<li><strong>Inscri\u00e7\u00f5es:<\/strong> <a href=\"https:\/\/www.sympla.com.br\/evento\/ix-conferencia-estadual-da-advocacia-baiana\/3460952\">Sympla<\/a><\/li>\n<\/ul>\n<p>Este evento representa uma \u00f3tima chance para que todos os advogados da Bahia se atualizem e se conectem, contribuindo para o fortalecimento da comunidade jur\u00eddica do estado.<\/p>\n\n<div style=\"font-size: 0px; height: 0px; line-height: 0px; margin: 0; padding: 0; clear: both;\"><\/div>","protected":false},"excerpt":{"rendered":"<p>IX Confer\u00eancia Estadual da Advocacia Baiana: evento imperd\u00edvel para advogados e advogadas.<\/p>\n","protected":false},"author":1,"featured_media":2422,"comment_status":"open","ping_status":"closed","sticky":false,"template":"","format":"standard","meta":{"footnotes":""},"categories":[26],"tags":[],"class_list":["post-2423","post","type-post","status-publish","format-standard","has-post-thumbnail","hentry","category-cultura-em-feira-de-santana","has_thumb"],"aioseo_notices":[],"aioseo_head":"\n\t\t<!-- All in One SEO 5.0.0.1 - aioseo.com -->\n\t<meta name=\"description\" content=\"IX Confer\u00eancia Estadual da Advocacia Baiana: evento imperd\u00edvel para advogados e advogadas.\" \/>\n\t<meta name=\"robots\" content=\"max-image-preview:large\" \/>\n\t<meta name=\"author\" content=\"Encontra Feira de Santana\"\/>\n\t<link rel=\"canonical\" href=\"https:\/\/www.encontrafeiradesantana.com.br\/sobre\/ix-conferencia-estadual-da-advocacia-baiana-acontece-em-feira-de-santana\/\" \/>\n\t<meta name=\"generator\" content=\"All in One SEO (AIOSEO) 5.0.0.1\" \/>\n\t\t<meta property=\"og:locale\" content=\"pt_BR\" \/>\n\t\t<meta property=\"og:site_name\" content=\"Encontra Feira de Santana | Not\u00edcias, eventos, informa\u00e7\u00f5es e dicas na cidade Feira de Santana e regi\u00e3o.\" \/>\n\t\t<meta property=\"og:type\" content=\"article\" \/>\n\t\t<meta property=\"og:title\" content=\"IX Confer\u00eancia Estadual da Advocacia Baiana acontece em Feira de Santana | Encontra Feira de Santana\" \/>\n\t\t<meta property=\"og:description\" content=\"IX Confer\u00eancia Estadual da Advocacia Baiana: evento imperd\u00edvel para advogados e advogadas.\" \/>\n\t\t<meta property=\"og:url\" content=\"https:\/\/www.encontrafeiradesantana.com.br\/sobre\/ix-conferencia-estadual-da-advocacia-baiana-acontece-em-feira-de-santana\/\" \/>\n\t\t<meta property=\"article:published_time\" content=\"2026-07-12T07:12:03+00:00\" \/>\n\t\t<meta property=\"article:modified_time\" content=\"2026-07-12T07:12:03+00:00\" \/>\n\t\t<meta name=\"twitter:card\" content=\"summary\" \/>\n\t\t<meta name=\"twitter:title\" content=\"IX Confer\u00eancia Estadual da Advocacia Baiana acontece em Feira de Santana | Encontra Feira de Santana\" \/>\n\t\t<meta name=\"twitter:description\" content=\"IX Confer\u00eancia Estadual da Advocacia Baiana: evento imperd\u00edvel para advogados e advogadas.\" \/>\n\t\t<script type=\"application\/ld+json\" class=\"aioseo-schema\">\n\t\t\t{\"@context\":\"https:\\\/\\\/schema.org\",\"@graph\":[{\"@type\":\"Article\",\"@id\":\"https:\\\/\\\/www.encontrafeiradesantana.com.br\\\/sobre\\\/ix-conferencia-estadual-da-advocacia-baiana-acontece-em-feira-de-santana\\\/#article\",\"name\":\"IX Confer\\u00eancia Estadual da Advocacia Baiana acontece em Feira de Santana | Encontra Feira de Santana\",\"headline\":\"IX Confer\\u00eancia Estadual da Advocacia Baiana acontece em Feira de Santana\",\"author\":{\"@id\":\"https:\\\/\\\/www.encontrafeiradesantana.com.br\\\/sobre\\\/author\\\/efeiradesantana\\\/#author\"},\"publisher\":{\"@id\":\"https:\\\/\\\/www.encontrafeiradesantana.com.br\\\/sobre\\\/#organization\"},\"image\":{\"@type\":\"ImageObject\",\"url\":\"https:\\\/\\\/www.encontrafeiradesantana.com.br\\\/sobre\\\/wp-content\\\/uploads\\\/2026\\\/07\\\/ix-conferencia-estadual-da-advocacia-baiana-acontece-em-feira-de-santana.webp\",\"width\":280,\"height\":280,\"caption\":\"IX Confer\\u00eancia Estadual da Advocacia Baiana\"},\"datePublished\":\"2026-07-12T04:12:03-03:00\",\"dateModified\":\"2026-07-12T04:12:03-03:00\",\"inLanguage\":\"pt-BR\",\"mainEntityOfPage\":{\"@id\":\"https:\\\/\\\/www.encontrafeiradesantana.com.br\\\/sobre\\\/ix-conferencia-estadual-da-advocacia-baiana-acontece-em-feira-de-santana\\\/#webpage\"},\"isPartOf\":{\"@id\":\"https:\\\/\\\/www.encontrafeiradesantana.com.br\\\/sobre\\\/ix-conferencia-estadual-da-advocacia-baiana-acontece-em-feira-de-santana\\\/#webpage\"},\"articleSection\":\"Cultura Feira de Santana\"},{\"@type\":\"BreadcrumbList\",\"@id\":\"https:\\\/\\\/www.encontrafeiradesantana.com.br\\\/sobre\\\/ix-conferencia-estadual-da-advocacia-baiana-acontece-em-feira-de-santana\\\/#breadcrumblist\",\"itemListElement\":[{\"@type\":\"ListItem\",\"@id\":\"https:\\\/\\\/www.encontrafeiradesantana.com.br\\\/sobre#listItem\",\"position\":1,\"name\":\"In\\u00edcio\",\"item\":\"https:\\\/\\\/www.encontrafeiradesantana.com.br\\\/sobre\",\"nextItem\":{\"@type\":\"ListItem\",\"@id\":\"https:\\\/\\\/www.encontrafeiradesantana.com.br\\\/sobre\\\/cultura-em-feira-de-santana\\\/#listItem\",\"name\":\"Cultura Feira de Santana\"}},{\"@type\":\"ListItem\",\"@id\":\"https:\\\/\\\/www.encontrafeiradesantana.com.br\\\/sobre\\\/cultura-em-feira-de-santana\\\/#listItem\",\"position\":2,\"name\":\"Cultura Feira de Santana\",\"item\":\"https:\\\/\\\/www.encontrafeiradesantana.com.br\\\/sobre\\\/cultura-em-feira-de-santana\\\/\",\"nextItem\":{\"@type\":\"ListItem\",\"@id\":\"https:\\\/\\\/www.encontrafeiradesantana.com.br\\\/sobre\\\/ix-conferencia-estadual-da-advocacia-baiana-acontece-em-feira-de-santana\\\/#listItem\",\"name\":\"IX Confer\\u00eancia Estadual da Advocacia Baiana acontece em Feira de Santana\"},\"previousItem\":{\"@type\":\"ListItem\",\"@id\":\"https:\\\/\\\/www.encontrafeiradesantana.com.br\\\/sobre#listItem\",\"name\":\"In\\u00edcio\"}},{\"@type\":\"ListItem\",\"@id\":\"https:\\\/\\\/www.encontrafeiradesantana.com.br\\\/sobre\\\/ix-conferencia-estadual-da-advocacia-baiana-acontece-em-feira-de-santana\\\/#listItem\",\"position\":3,\"name\":\"IX Confer\\u00eancia Estadual da Advocacia Baiana acontece em Feira de Santana\",\"previousItem\":{\"@type\":\"ListItem\",\"@id\":\"https:\\\/\\\/www.encontrafeiradesantana.com.br\\\/sobre\\\/cultura-em-feira-de-santana\\\/#listItem\",\"name\":\"Cultura Feira de Santana\"}}]},{\"@type\":\"Organization\",\"@id\":\"https:\\\/\\\/www.encontrafeiradesantana.com.br\\\/sobre\\\/#organization\",\"name\":\"Encontra Feira de Santana\",\"description\":\"Not\\u00edcias, eventos, informa\\u00e7\\u00f5es e dicas na cidade Feira de Santana e regi\\u00e3o.\",\"url\":\"https:\\\/\\\/www.encontrafeiradesantana.com.br\\\/sobre\\\/\"},{\"@type\":\"Person\",\"@id\":\"https:\\\/\\\/www.encontrafeiradesantana.com.br\\\/sobre\\\/author\\\/efeiradesantana\\\/#author\",\"url\":\"https:\\\/\\\/www.encontrafeiradesantana.com.br\\\/sobre\\\/author\\\/efeiradesantana\\\/\",\"name\":\"Encontra Feira de Santana\",\"image\":{\"@type\":\"ImageObject\",\"@id\":\"https:\\\/\\\/www.encontrafeiradesantana.com.br\\\/sobre\\\/ix-conferencia-estadual-da-advocacia-baiana-acontece-em-feira-de-santana\\\/#authorImage\",\"url\":\"https:\\\/\\\/secure.gravatar.com\\\/avatar\\\/507340682b8270222e1f208e23198b6ae7e2c6a1033ae84e99bc6bce4f82a387?s=96&d=mm&r=g\",\"width\":96,\"height\":96,\"caption\":\"Encontra Feira de Santana\"}},{\"@type\":\"WebPage\",\"@id\":\"https:\\\/\\\/www.encontrafeiradesantana.com.br\\\/sobre\\\/ix-conferencia-estadual-da-advocacia-baiana-acontece-em-feira-de-santana\\\/#webpage\",\"url\":\"https:\\\/\\\/www.encontrafeiradesantana.com.br\\\/sobre\\\/ix-conferencia-estadual-da-advocacia-baiana-acontece-em-feira-de-santana\\\/\",\"name\":\"IX Confer\\u00eancia Estadual da Advocacia Baiana acontece em Feira de Santana | Encontra Feira de Santana\",\"description\":\"IX Confer\\u00eancia Estadual da Advocacia Baiana: evento imperd\\u00edvel para advogados e advogadas.\",\"inLanguage\":\"pt-BR\",\"isPartOf\":{\"@id\":\"https:\\\/\\\/www.encontrafeiradesantana.com.br\\\/sobre\\\/#website\"},\"breadcrumb\":{\"@id\":\"https:\\\/\\\/www.encontrafeiradesantana.com.br\\\/sobre\\\/ix-conferencia-estadual-da-advocacia-baiana-acontece-em-feira-de-santana\\\/#breadcrumblist\"},\"author\":{\"@id\":\"https:\\\/\\\/www.encontrafeiradesantana.com.br\\\/sobre\\\/author\\\/efeiradesantana\\\/#author\"},\"creator\":{\"@id\":\"https:\\\/\\\/www.encontrafeiradesantana.com.br\\\/sobre\\\/author\\\/efeiradesantana\\\/#author\"},\"image\":{\"@type\":\"ImageObject\",\"url\":\"https:\\\/\\\/www.encontrafeiradesantana.com.br\\\/sobre\\\/wp-content\\\/uploads\\\/2026\\\/07\\\/ix-conferencia-estadual-da-advocacia-baiana-acontece-em-feira-de-santana.webp\",\"@id\":\"https:\\\/\\\/www.encontrafeiradesantana.com.br\\\/sobre\\\/ix-conferencia-estadual-da-advocacia-baiana-acontece-em-feira-de-santana\\\/#mainImage\",\"width\":280,\"height\":280,\"caption\":\"IX Confer\\u00eancia Estadual da Advocacia Baiana\"},\"primaryImageOfPage\":{\"@id\":\"https:\\\/\\\/www.encontrafeiradesantana.com.br\\\/sobre\\\/ix-conferencia-estadual-da-advocacia-baiana-acontece-em-feira-de-santana\\\/#mainImage\"},\"datePublished\":\"2026-07-12T04:12:03-03:00\",\"dateModified\":\"2026-07-12T04:12:03-03:00\"},{\"@type\":\"WebSite\",\"@id\":\"https:\\\/\\\/www.encontrafeiradesantana.com.br\\\/sobre\\\/#website\",\"url\":\"https:\\\/\\\/www.encontrafeiradesantana.com.br\\\/sobre\\\/\",\"name\":\"Encontra Feira de Santana\",\"description\":\"Not\\u00edcias, eventos, informa\\u00e7\\u00f5es e dicas na cidade Feira de Santana e regi\\u00e3o.\",\"inLanguage\":\"pt-BR\",\"publisher\":{\"@id\":\"https:\\\/\\\/www.encontrafeiradesantana.com.br\\\/sobre\\\/#organization\"}}]}\n\t\t<\/script>\n\t\t<!-- All in One SEO -->\n\n","aioseo_head_json":{"title":"IX Confer\u00eancia Estadual da Advocacia Baiana acontece em Feira de Santana | Encontra Feira de Santana","description":"IX Confer\u00eancia Estadual da Advocacia Baiana: evento imperd\u00edvel para advogados e advogadas.","canonical_url":"https:\/\/www.encontrafeiradesantana.com.br\/sobre\/ix-conferencia-estadual-da-advocacia-baiana-acontece-em-feira-de-santana\/","robots":"max-image-preview:large","keywords":"","webmasterTools":{"miscellaneous":""},"schema":{"@context":"https:\/\/schema.org","@graph":[{"@type":"Article","@id":"https:\/\/www.encontrafeiradesantana.com.br\/sobre\/ix-conferencia-estadual-da-advocacia-baiana-acontece-em-feira-de-santana\/#article","name":"IX Confer\u00eancia Estadual da Advocacia Baiana acontece em Feira de Santana | Encontra Feira de Santana","headline":"IX Confer\u00eancia Estadual da Advocacia Baiana acontece em Feira de Santana","author":{"@id":"https:\/\/www.encontrafeiradesantana.com.br\/sobre\/author\/efeiradesantana\/#author"},"publisher":{"@id":"https:\/\/www.encontrafeiradesantana.com.br\/sobre\/#organization"},"image":{"@type":"ImageObject","url":"https:\/\/www.encontrafeiradesantana.com.br\/sobre\/wp-content\/uploads\/2026\/07\/ix-conferencia-estadual-da-advocacia-baiana-acontece-em-feira-de-santana.webp","width":280,"height":280,"caption":"IX Confer\u00eancia Estadual da Advocacia Baiana"},"datePublished":"2026-07-12T04:12:03-03:00","dateModified":"2026-07-12T04:12:03-03:00","inLanguage":"pt-BR","mainEntityOfPage":{"@id":"https:\/\/www.encontrafeiradesantana.com.br\/sobre\/ix-conferencia-estadual-da-advocacia-baiana-acontece-em-feira-de-santana\/#webpage"},"isPartOf":{"@id":"https:\/\/www.encontrafeiradesantana.com.br\/sobre\/ix-conferencia-estadual-da-advocacia-baiana-acontece-em-feira-de-santana\/#webpage"},"articleSection":"Cultura Feira de Santana"},{"@type":"BreadcrumbList","@id":"https:\/\/www.encontrafeiradesantana.com.br\/sobre\/ix-conferencia-estadual-da-advocacia-baiana-acontece-em-feira-de-santana\/#breadcrumblist","itemListElement":[{"@type":"ListItem","@id":"https:\/\/www.encontrafeiradesantana.com.br\/sobre#listItem","position":1,"name":"In\u00edcio","item":"https:\/\/www.encontrafeiradesantana.com.br\/sobre","nextItem":{"@type":"ListItem","@id":"https:\/\/www.encontrafeiradesantana.com.br\/sobre\/cultura-em-feira-de-santana\/#listItem","name":"Cultura Feira de Santana"}},{"@type":"ListItem","@id":"https:\/\/www.encontrafeiradesantana.com.br\/sobre\/cultura-em-feira-de-santana\/#listItem","position":2,"name":"Cultura Feira de Santana","item":"https:\/\/www.encontrafeiradesantana.com.br\/sobre\/cultura-em-feira-de-santana\/","nextItem":{"@type":"ListItem","@id":"https:\/\/www.encontrafeiradesantana.com.br\/sobre\/ix-conferencia-estadual-da-advocacia-baiana-acontece-em-feira-de-santana\/#listItem","name":"IX Confer\u00eancia Estadual da Advocacia Baiana acontece em Feira de Santana"},"previousItem":{"@type":"ListItem","@id":"https:\/\/www.encontrafeiradesantana.com.br\/sobre#listItem","name":"In\u00edcio"}},{"@type":"ListItem","@id":"https:\/\/www.encontrafeiradesantana.com.br\/sobre\/ix-conferencia-estadual-da-advocacia-baiana-acontece-em-feira-de-santana\/#listItem","position":3,"name":"IX Confer\u00eancia Estadual da Advocacia Baiana acontece em Feira de Santana","previousItem":{"@type":"ListItem","@id":"https:\/\/www.encontrafeiradesantana.com.br\/sobre\/cultura-em-feira-de-santana\/#listItem","name":"Cultura Feira de Santana"}}]},{"@type":"Organization","@id":"https:\/\/www.encontrafeiradesantana.com.br\/sobre\/#organization","name":"Encontra Feira de Santana","description":"Not\u00edcias, eventos, informa\u00e7\u00f5es e dicas na cidade Feira de Santana e regi\u00e3o.","url":"https:\/\/www.encontrafeiradesantana.com.br\/sobre\/"},{"@type":"Person","@id":"https:\/\/www.encontrafeiradesantana.com.br\/sobre\/author\/efeiradesantana\/#author","url":"https:\/\/www.encontrafeiradesantana.com.br\/sobre\/author\/efeiradesantana\/","name":"Encontra Feira de Santana","image":{"@type":"ImageObject","@id":"https:\/\/www.encontrafeiradesantana.com.br\/sobre\/ix-conferencia-estadual-da-advocacia-baiana-acontece-em-feira-de-santana\/#authorImage","url":"https:\/\/secure.gravatar.com\/avatar\/507340682b8270222e1f208e23198b6ae7e2c6a1033ae84e99bc6bce4f82a387?s=96&d=mm&r=g","width":96,"height":96,"caption":"Encontra Feira de Santana"}},{"@type":"WebPage","@id":"https:\/\/www.encontrafeiradesantana.com.br\/sobre\/ix-conferencia-estadual-da-advocacia-baiana-acontece-em-feira-de-santana\/#webpage","url":"https:\/\/www.encontrafeiradesantana.com.br\/sobre\/ix-conferencia-estadual-da-advocacia-baiana-acontece-em-feira-de-santana\/","name":"IX Confer\u00eancia Estadual da Advocacia Baiana acontece em Feira de Santana | Encontra Feira de Santana","description":"IX Confer\u00eancia Estadual da Advocacia Baiana: evento imperd\u00edvel para advogados e advogadas.","inLanguage":"pt-BR","isPartOf":{"@id":"https:\/\/www.encontrafeiradesantana.com.br\/sobre\/#website"},"breadcrumb":{"@id":"https:\/\/www.encontrafeiradesantana.com.br\/sobre\/ix-conferencia-estadual-da-advocacia-baiana-acontece-em-feira-de-santana\/#breadcrumblist"},"author":{"@id":"https:\/\/www.encontrafeiradesantana.com.br\/sobre\/author\/efeiradesantana\/#author"},"creator":{"@id":"https:\/\/www.encontrafeiradesantana.com.br\/sobre\/author\/efeiradesantana\/#author"},"image":{"@type":"ImageObject","url":"https:\/\/www.encontrafeiradesantana.com.br\/sobre\/wp-content\/uploads\/2026\/07\/ix-conferencia-estadual-da-advocacia-baiana-acontece-em-feira-de-santana.webp","@id":"https:\/\/www.encontrafeiradesantana.com.br\/sobre\/ix-conferencia-estadual-da-advocacia-baiana-acontece-em-feira-de-santana\/#mainImage","width":280,"height":280,"caption":"IX Confer\u00eancia Estadual da Advocacia Baiana"},"primaryImageOfPage":{"@id":"https:\/\/www.encontrafeiradesantana.com.br\/sobre\/ix-conferencia-estadual-da-advocacia-baiana-acontece-em-feira-de-santana\/#mainImage"},"datePublished":"2026-07-12T04:12:03-03:00","dateModified":"2026-07-12T04:12:03-03:00"},{"@type":"WebSite","@id":"https:\/\/www.encontrafeiradesantana.com.br\/sobre\/#website","url":"https:\/\/www.encontrafeiradesantana.com.br\/sobre\/","name":"Encontra Feira de Santana","description":"Not\u00edcias, eventos, informa\u00e7\u00f5es e dicas na cidade Feira de Santana e regi\u00e3o.","inLanguage":"pt-BR","publisher":{"@id":"https:\/\/www.encontrafeiradesantana.com.br\/sobre\/#organization"}}]},"og:locale":"pt_BR","og:site_name":"Encontra Feira de Santana | Not\u00edcias, eventos, informa\u00e7\u00f5es e dicas na cidade Feira de Santana e regi\u00e3o.","og:type":"article","og:title":"IX Confer\u00eancia Estadual da Advocacia Baiana acontece em Feira de Santana | Encontra Feira de Santana","og:description":"IX Confer\u00eancia Estadual da Advocacia Baiana: evento imperd\u00edvel para advogados e advogadas.","og:url":"https:\/\/www.encontrafeiradesantana.com.br\/sobre\/ix-conferencia-estadual-da-advocacia-baiana-acontece-em-feira-de-santana\/","article:published_time":"2026-07-12T07:12:03+00:00","article:modified_time":"2026-07-12T07:12:03+00:00","twitter:card":"summary","twitter:title":"IX Confer\u00eancia Estadual da Advocacia Baiana acontece em Feira de Santana | Encontra Feira de Santana","twitter:description":"IX Confer\u00eancia Estadual da Advocacia Baiana: evento imperd\u00edvel para advogados e advogadas."},"aioseo_meta_data":{"post_id":"2423","title":null,"description":null,"keywords":null,"keyphrases":null,"primary_term":null,"canonical_url":null,"og_title":null,"og_description":null,"og_object_type":"default","og_image_type":"default","og_image_url":null,"og_image_width":null,"og_image_height":null,"og_image_custom_url":null,"og_image_custom_fields":null,"og_video":null,"og_custom_url":null,"og_article_section":null,"og_article_tags":null,"twitter_use_og":false,"twitter_card":"default","twitter_image_type":"default","twitter_image_url":null,"twitter_image_custom_url":null,"twitter_image_custom_fields":null,"twitter_title":null,"twitter_description":null,"schema":{"blockGraphs":[],"customGraphs":[],"default":{"data":{"Article":[],"Course":[],"Dataset":[],"FAQPage":[],"Movie":[],"Person":[],"Product":[],"ProductReview":[],"Car":[],"Recipe":[],"Service":[],"SoftwareApplication":[],"WebPage":[]},"graphName":"Article","isEnabled":true},"graphs":[]},"schema_type":"default","schema_type_options":null,"pillar_content":false,"robots_default":true,"robots_noindex":false,"robots_noarchive":false,"robots_nosnippet":false,"robots_nofollow":false,"robots_noimageindex":false,"robots_noodp":false,"robots_notranslate":false,"robots_max_snippet":null,"robots_max_videopreview":null,"robots_max_imagepreview":"large","priority":null,"frequency":null,"local_seo":null,"breadcrumb_settings":null,"limit_modified_date":false,"ai":null,"created":"2026-07-12 07:14:07","updated":"2026-07-12 07:23:28","focus_keyword":null,"additional_keywords":null,"truseo_locale":null,"seo_analyzer_scan_date":null},"aioseo_breadcrumb":"<div class=\"aioseo-breadcrumbs\"><span class=\"aioseo-breadcrumb\">\n\t\t\t<a href=\"https:\/\/www.encontrafeiradesantana.com.br\/sobre\" title=\"In\u00edcio\">In\u00edcio<\/a>\n\t\t<\/span><span class=\"aioseo-breadcrumb-separator\">&raquo;<\/span><span class=\"aioseo-breadcrumb\">\n\t\t\t<a href=\"https:\/\/www.encontrafeiradesantana.com.br\/sobre\/cultura-em-feira-de-santana\/\" title=\"Cultura Feira de Santana\">Cultura Feira de Santana<\/a>\n\t\t<\/span><span class=\"aioseo-breadcrumb-separator\">&raquo;<\/span><span class=\"aioseo-breadcrumb\">\n\t\t\tIX Confer\u00eancia Estadual da Advocacia Baiana acontece em Feira de Santana\n\t\t<\/span><\/div>","aioseo_breadcrumb_json":[{"label":"In\u00edcio","link":"https:\/\/www.encontrafeiradesantana.com.br\/sobre"},{"label":"Cultura Feira de Santana","link":"https:\/\/www.encontrafeiradesantana.com.br\/sobre\/cultura-em-feira-de-santana\/"},{"label":"IX Confer\u00eancia Estadual da Advocacia Baiana acontece em Feira de Santana","link":"https:\/\/www.encontrafeiradesantana.com.br\/sobre\/ix-conferencia-estadual-da-advocacia-baiana-acontece-em-feira-de-santana\/"}],"_links":{"self":[{"href":"https:\/\/www.encontrafeiradesantana.com.br\/sobre\/wp-json\/wp\/v2\/posts\/2423","targetHints":{"allow":["GET"]}}],"collection":[{"href":"https:\/\/www.encontrafeiradesantana.com.br\/sobre\/wp-json\/wp\/v2\/posts"}],"about":[{"href":"https:\/\/www.encontrafeiradesantana.com.br\/sobre\/wp-json\/wp\/v2\/types\/post"}],"author":[{"embeddable":true,"href":"https:\/\/www.encontrafeiradesantana.com.br\/sobre\/wp-json\/wp\/v2\/users\/1"}],"replies":[{"embeddable":true,"href":"https:\/\/www.encontrafeiradesantana.com.br\/sobre\/wp-json\/wp\/v2\/comments?post=2423"}],"version-history":[{"count":0,"href":"https:\/\/www.encontrafeiradesantana.com.br\/sobre\/wp-json\/wp\/v2\/posts\/2423\/revisions"}],"wp:featuredmedia":[{"embeddable":true,"href":"https:\/\/www.encontrafeiradesantana.com.br\/sobre\/wp-json\/wp\/v2\/media\/2422"}],"wp:attachment":[{"href":"https:\/\/www.encontrafeiradesantana.com.br\/sobre\/wp-json\/wp\/v2\/media?parent=2423"}],"wp:term":[{"taxonomy":"category","embeddable":true,"href":"https:\/\/www.encontrafeiradesantana.com.br\/sobre\/wp-json\/wp\/v2\/categories?post=2423"},{"taxonomy":"post_tag","embeddable":true,"href":"https:\/\/www.encontrafeiradesantana.com.br\/sobre\/wp-json\/wp\/v2\/tags?post=2423"}],"curies":[{"name":"wp","href":"https:\/\/api.w.org\/{rel}","templated":true}]}}