{"id":2419,"date":"2026-07-11T06:31:07","date_gmt":"2026-07-11T09:31:07","guid":{"rendered":"https:\/\/www.encontrafeiradesantana.com.br\/sobre\/cruz-vazada-gigante-sera-o-novo-cartao\/"},"modified":"2026-07-11T06:31:07","modified_gmt":"2026-07-11T09:31:07","slug":"cruz-vazada-gigante-sera-o-novo-cartao","status":"publish","type":"post","link":"https:\/\/www.encontrafeiradesantana.com.br\/sobre\/cruz-vazada-gigante-sera-o-novo-cartao\/","title":{"rendered":"Cruz Vazada gigante ser\u00e1 o novo cart\u00e3o"},"content":{"rendered":"<div class=\"3f468104ad11f00a3c9ac948316f4265\" data-index=\"1\" style=\"float: none; margin:0px;\">\n<ins class=\"adsbygoogle\"\r\n     style=\"display:block\"\r\n     data-ad-client=\"ca-pub-8585364105181520\"\r\n     data-ad-slot=\"8789329856\"\r\n     data-ad-format=\"auto\"\r\n     data-full-width-responsive=\"true\"><\/ins>\r\n<script>\r\n     (adsbygoogle = window.adsbygoogle || []).push({});\r\n<\/script>\r\n\n<\/div>\n<h2>O que \u00e9 a Cruz Vazada?<\/h2>\n<p>A <strong>Cruz Vazada<\/strong> \u00e9 um monumento que simboliza a ressurrei\u00e7\u00e3o de Cristo, apresentando a silhueta do corpo de Jesus em um design impressionante e monumental. Esta estrutura visa n\u00e3o apenas ser um marco visual, mas tamb\u00e9m um local de reflex\u00e3o e celebra\u00e7\u00e3o para a comunidade crist\u00e3 de Feira de Santana.<\/p>\n<h2>A import\u00e2ncia do cart\u00e3o-postal para Feira de Santana<\/h2>\n<p>O novo cart\u00e3o-postal, representado pela Cruz Vazada, tem grande relev\u00e2ncia para Feira de Santana, uma vez que ir\u00e1 enriquecer a paisagem urbana e promover uma nova identidade cultural para a cidade. A instala\u00e7\u00e3o deste monumento ser\u00e1 um ponto de atra\u00e7\u00e3o tanto para moradores quanto para turistas, contribuindo para o fomento da economia local por meio do aumento do turismo religioso.<\/p>\n<h2>O projeto e sua concep\u00e7\u00e3o art\u00edstica<\/h2>\n<p>Desenvolvido pela Secretaria Municipal de Planejamento, o projeto da Cruz Vazada \u00e9 uma realiza\u00e7\u00e3o de um anseio antigo dos crist\u00e3os da regi\u00e3o. O artista pl\u00e1stico e designer Jay J. Dugan idealizou o conceito inicial, a partir do qual foram apresentadas quatro vers\u00f5es diferentes at\u00e9 que se chegasse \u00e0 proposta final. Essa colabora\u00e7\u00e3o entre a administra\u00e7\u00e3o municipal e l\u00edderes religiosos trouxe um resultado que reflete um grande respeito pela f\u00e9 crist\u00e3 e um compromisso com a est\u00e9tica da obra.<\/p>\n<p><img decoding=\"async\" src=\"https:\/\/www.encontrafeiradesantana.com.br\/sobre\/wp-content\/uploads\/2026\/07\/cruz-vazada-gigante-sera-o-novo-cartao.webp\" alt=\"Cruz Vazada gigante\" loading=\"lazy\" \/><\/p>\n<h2>As fases da obra e a licita\u00e7\u00e3o<\/h2>\n<p>A constru\u00e7\u00e3o da Cruz Vazada ser\u00e1 realizada por uma empresa de constru\u00e7\u00e3o civil escolhida atrav\u00e9s de um processo licitat\u00f3rio. O prefeito Jos\u00e9 Ronaldo de Carvalho anunciou que a licita\u00e7\u00e3o ser\u00e1 publicada no Di\u00e1rio Oficial Eletr\u00f4nico da Prefeitura, garantindo transpar\u00eancia e competitividade na sele\u00e7\u00e3o da empresa respons\u00e1vel. Essa abordagem n\u00e3o apenas assegura a qualidade da obra, mas tamb\u00e9m demonstra o compromisso da gest\u00e3o p\u00fablica em realizar a\u00e7\u00f5es que beneficiem a popula\u00e7\u00e3o.<\/p>\n<h2>Localiza\u00e7\u00e3o estrat\u00e9gica da Cruz Vazada<\/h2>\n<p>O monumento ser\u00e1 localizado em um ponto estrat\u00e9gico na Avenida Eduardo Fr\u00f3es da Motta, na \u00e1rea da Lagoa Grande, escolhido por ser um local de grande fluxo e visibilidade. Esta localiza\u00e7\u00e3o n\u00e3o s\u00f3 facilitar\u00e1 o acesso para a popula\u00e7\u00e3o local como tamb\u00e9m atrair\u00e1 visitantes, consolidando a Cruz Vazada como um novo ponto de encontro e celebra\u00e7\u00e3o para eventos crist\u00e3os.<\/p>\n<h2>A acessibilidade do monumento<\/h2>\n<p>A acessibilidade \u00e9 uma prioridade na concep\u00e7\u00e3o da Cruz Vazada. O projeto inclui uma rampa de acesso para cadeirantes, al\u00e9m de escadas, garantindo que todos possam visitar e contemplar a obra. Isso reflete um compromisso com a inclus\u00e3o e a valoriza\u00e7\u00e3o do espa\u00e7o p\u00fablico, permitindo que pessoas de todas as idades e habilidades desfrutem do monumento.<\/p>\n<h2>O impacto cultural e religioso na cidade<\/h2>\n<p>A Cruz Vazada n\u00e3o apenas representa um s\u00edmbolo religioso, mas tamb\u00e9m um marco cultural que ter\u00e1 um impacto significativo na cidade. Espera-se que a presen\u00e7a deste monumento inspire grandes reuni\u00f5es e celebra\u00e7\u00f5es religiosas, promovendo um senso de comunidade e fortalecendo os la\u00e7os entre os cidad\u00e3os. Ele se tornar\u00e1 um local de uni\u00e3o, esperan\u00e7a e reflex\u00e3o.<\/p>\n<h2>Reuni\u00f5es com l\u00edderes religiosos<\/h2>\n<p>Desde o in\u00edcio do projeto, o prefeito Jos\u00e9 Ronaldo se reuniu com l\u00edderes religiosos de diversas denomina\u00e7\u00f5es, ouvindo suas opini\u00f5es e sugest\u00f5es. Essa abordagem colaborativa garantiu que o monumento atendesse \u00e0s necessidades e expectativas da comunidade crist\u00e3 local, resultando em um projeto que reflete a uni\u00e3o de diferentes vozes e cren\u00e7as.<\/p>\n<h2>Expectativas da comunidade com o novo monumento<\/h2>\n<p>A comunidade de Feira de Santana tem alta expectativa em rela\u00e7\u00e3o \u00e0 Cruz Vazada, enxergando nela uma oportunidade de revitalizar a espiritualidade e fortalecer as tradi\u00e7\u00f5es crist\u00e3s na cidade. O novo cart\u00e3o postal \u00e9 visto como uma plataforma que possibilitar\u00e1 a realiza\u00e7\u00e3o de grandes eventos, encontros e celebra\u00e7\u00f5es que unir\u00e3o as diversas congrega\u00e7\u00f5es da regi\u00e3o.<\/p>\n<h2>A vis\u00e3o do prefeito Jos\u00e9 Ronaldo sobre o projeto<\/h2>\n<p>O prefeito Jos\u00e9 Ronaldo de Carvalho expressou sua satisfa\u00e7\u00e3o com o projeto, destacando o significado que a Cruz Vazada trar\u00e1 para a cidade. Ele enfatizou que, al\u00e9m de ser um s\u00edmbolo da f\u00e9 crist\u00e3, a obra contribuir\u00e1 para o embelezamento de Feira de Santana e para promover a inclus\u00e3o social, permitindo que todos se sintam acolhidos. Para o prefeito, a Cruz Vazada ser\u00e1 uma p\u00e1ginacompartilhada da hist\u00f3ria da cidade, onde todos poder\u00e3o se conectar com suas cren\u00e7as e valores.<\/p>\n<h2>Considera\u00e7\u00f5es finais<\/h2>\n<p>Com a realiza\u00e7\u00e3o da Cruz Vazada, Feira de Santana estar\u00e1 dando um passo importante na valoriza\u00e7\u00e3o de sua identidade religiosa e cultural. Este monumento n\u00e3o s\u00f3 servir\u00e1 como uma bela obra de arte, mas tamb\u00e9m como um farol de esperan\u00e7a e renova\u00e7\u00e3o para todos que visitarem o local.<\/p>\n<p>Ao trazer \u00e0 tona o projeto da Cruz Vazada, a cidade se prepara para receber um novo cap\u00edtulo em sua rica hist\u00f3ria, onde a f\u00e9 e a cultura caminham lado a lado, se entrela\u00e7ando e criando um ambiente de unidade no cora\u00e7\u00e3o da comunidade.<\/p>\n\n<div style=\"font-size: 0px; height: 0px; line-height: 0px; margin: 0; padding: 0; clear: both;\"><\/div>","protected":false},"excerpt":{"rendered":"<p>Cruz Vazada gigante se tornar\u00e1 o ic\u00f4nico cart\u00e3o-postal de Feira de Santana.<\/p>\n","protected":false},"author":1,"featured_media":2418,"comment_status":"open","ping_status":"closed","sticky":false,"template":"","format":"standard","meta":{"footnotes":""},"categories":[26],"tags":[],"class_list":["post-2419","post","type-post","status-publish","format-standard","has-post-thumbnail","hentry","category-cultura-em-feira-de-santana","has_thumb"],"aioseo_notices":[],"aioseo_head":"\n\t\t<!-- All in One SEO 5.0.0.1 - aioseo.com -->\n\t<meta name=\"description\" content=\"Cruz Vazada gigante se tornar\u00e1 o ic\u00f4nico cart\u00e3o-postal de Feira de Santana.\" \/>\n\t<meta name=\"robots\" content=\"max-image-preview:large\" \/>\n\t<meta name=\"author\" content=\"Encontra Feira de Santana\"\/>\n\t<link rel=\"canonical\" href=\"https:\/\/www.encontrafeiradesantana.com.br\/sobre\/cruz-vazada-gigante-sera-o-novo-cartao\/\" \/>\n\t<meta name=\"generator\" content=\"All in One SEO (AIOSEO) 5.0.0.1\" \/>\n\t\t<meta property=\"og:locale\" content=\"pt_BR\" \/>\n\t\t<meta property=\"og:site_name\" content=\"Encontra Feira de Santana | Not\u00edcias, eventos, informa\u00e7\u00f5es e dicas na cidade Feira de Santana e regi\u00e3o.\" \/>\n\t\t<meta property=\"og:type\" content=\"article\" \/>\n\t\t<meta property=\"og:title\" content=\"Cruz Vazada gigante ser\u00e1 o novo cart\u00e3o | Encontra Feira de Santana\" \/>\n\t\t<meta property=\"og:description\" content=\"Cruz Vazada gigante se tornar\u00e1 o ic\u00f4nico cart\u00e3o-postal de Feira de Santana.\" \/>\n\t\t<meta property=\"og:url\" content=\"https:\/\/www.encontrafeiradesantana.com.br\/sobre\/cruz-vazada-gigante-sera-o-novo-cartao\/\" \/>\n\t\t<meta property=\"article:published_time\" content=\"2026-07-11T09:31:07+00:00\" \/>\n\t\t<meta property=\"article:modified_time\" content=\"2026-07-11T09:31:07+00:00\" \/>\n\t\t<meta name=\"twitter:card\" content=\"summary\" \/>\n\t\t<meta name=\"twitter:title\" content=\"Cruz Vazada gigante ser\u00e1 o novo cart\u00e3o | Encontra Feira de Santana\" \/>\n\t\t<meta name=\"twitter:description\" content=\"Cruz Vazada gigante se tornar\u00e1 o ic\u00f4nico cart\u00e3o-postal de Feira de Santana.\" \/>\n\t\t<script type=\"application\/ld+json\" class=\"aioseo-schema\">\n\t\t\t{\"@context\":\"https:\\\/\\\/schema.org\",\"@graph\":[{\"@type\":\"Article\",\"@id\":\"https:\\\/\\\/www.encontrafeiradesantana.com.br\\\/sobre\\\/cruz-vazada-gigante-sera-o-novo-cartao\\\/#article\",\"name\":\"Cruz Vazada gigante ser\\u00e1 o novo cart\\u00e3o | Encontra Feira de Santana\",\"headline\":\"Cruz Vazada gigante ser\\u00e1 o novo cart\\u00e3o\",\"author\":{\"@id\":\"https:\\\/\\\/www.encontrafeiradesantana.com.br\\\/sobre\\\/author\\\/efeiradesantana\\\/#author\"},\"publisher\":{\"@id\":\"https:\\\/\\\/www.encontrafeiradesantana.com.br\\\/sobre\\\/#organization\"},\"image\":{\"@type\":\"ImageObject\",\"url\":\"https:\\\/\\\/www.encontrafeiradesantana.com.br\\\/sobre\\\/wp-content\\\/uploads\\\/2026\\\/07\\\/cruz-vazada-gigante-sera-o-novo-cartao.webp\",\"width\":280,\"height\":280,\"caption\":\"Cruz Vazada gigante\"},\"datePublished\":\"2026-07-11T06:31:07-03:00\",\"dateModified\":\"2026-07-11T06:31:07-03:00\",\"inLanguage\":\"pt-BR\",\"mainEntityOfPage\":{\"@id\":\"https:\\\/\\\/www.encontrafeiradesantana.com.br\\\/sobre\\\/cruz-vazada-gigante-sera-o-novo-cartao\\\/#webpage\"},\"isPartOf\":{\"@id\":\"https:\\\/\\\/www.encontrafeiradesantana.com.br\\\/sobre\\\/cruz-vazada-gigante-sera-o-novo-cartao\\\/#webpage\"},\"articleSection\":\"Cultura Feira de Santana\"},{\"@type\":\"BreadcrumbList\",\"@id\":\"https:\\\/\\\/www.encontrafeiradesantana.com.br\\\/sobre\\\/cruz-vazada-gigante-sera-o-novo-cartao\\\/#breadcrumblist\",\"itemListElement\":[{\"@type\":\"ListItem\",\"@id\":\"https:\\\/\\\/www.encontrafeiradesantana.com.br\\\/sobre#listItem\",\"position\":1,\"name\":\"In\\u00edcio\",\"item\":\"https:\\\/\\\/www.encontrafeiradesantana.com.br\\\/sobre\",\"nextItem\":{\"@type\":\"ListItem\",\"@id\":\"https:\\\/\\\/www.encontrafeiradesantana.com.br\\\/sobre\\\/cultura-em-feira-de-santana\\\/#listItem\",\"name\":\"Cultura Feira de Santana\"}},{\"@type\":\"ListItem\",\"@id\":\"https:\\\/\\\/www.encontrafeiradesantana.com.br\\\/sobre\\\/cultura-em-feira-de-santana\\\/#listItem\",\"position\":2,\"name\":\"Cultura Feira de Santana\",\"item\":\"https:\\\/\\\/www.encontrafeiradesantana.com.br\\\/sobre\\\/cultura-em-feira-de-santana\\\/\",\"nextItem\":{\"@type\":\"ListItem\",\"@id\":\"https:\\\/\\\/www.encontrafeiradesantana.com.br\\\/sobre\\\/cruz-vazada-gigante-sera-o-novo-cartao\\\/#listItem\",\"name\":\"Cruz Vazada gigante ser\\u00e1 o novo cart\\u00e3o\"},\"previousItem\":{\"@type\":\"ListItem\",\"@id\":\"https:\\\/\\\/www.encontrafeiradesantana.com.br\\\/sobre#listItem\",\"name\":\"In\\u00edcio\"}},{\"@type\":\"ListItem\",\"@id\":\"https:\\\/\\\/www.encontrafeiradesantana.com.br\\\/sobre\\\/cruz-vazada-gigante-sera-o-novo-cartao\\\/#listItem\",\"position\":3,\"name\":\"Cruz Vazada gigante ser\\u00e1 o novo cart\\u00e3o\",\"previousItem\":{\"@type\":\"ListItem\",\"@id\":\"https:\\\/\\\/www.encontrafeiradesantana.com.br\\\/sobre\\\/cultura-em-feira-de-santana\\\/#listItem\",\"name\":\"Cultura Feira de Santana\"}}]},{\"@type\":\"Organization\",\"@id\":\"https:\\\/\\\/www.encontrafeiradesantana.com.br\\\/sobre\\\/#organization\",\"name\":\"Encontra Feira de Santana\",\"description\":\"Not\\u00edcias, eventos, informa\\u00e7\\u00f5es e dicas na cidade Feira de Santana e regi\\u00e3o.\",\"url\":\"https:\\\/\\\/www.encontrafeiradesantana.com.br\\\/sobre\\\/\"},{\"@type\":\"Person\",\"@id\":\"https:\\\/\\\/www.encontrafeiradesantana.com.br\\\/sobre\\\/author\\\/efeiradesantana\\\/#author\",\"url\":\"https:\\\/\\\/www.encontrafeiradesantana.com.br\\\/sobre\\\/author\\\/efeiradesantana\\\/\",\"name\":\"Encontra Feira de Santana\",\"image\":{\"@type\":\"ImageObject\",\"@id\":\"https:\\\/\\\/www.encontrafeiradesantana.com.br\\\/sobre\\\/cruz-vazada-gigante-sera-o-novo-cartao\\\/#authorImage\",\"url\":\"https:\\\/\\\/secure.gravatar.com\\\/avatar\\\/507340682b8270222e1f208e23198b6ae7e2c6a1033ae84e99bc6bce4f82a387?s=96&d=mm&r=g\",\"width\":96,\"height\":96,\"caption\":\"Encontra Feira de Santana\"}},{\"@type\":\"WebPage\",\"@id\":\"https:\\\/\\\/www.encontrafeiradesantana.com.br\\\/sobre\\\/cruz-vazada-gigante-sera-o-novo-cartao\\\/#webpage\",\"url\":\"https:\\\/\\\/www.encontrafeiradesantana.com.br\\\/sobre\\\/cruz-vazada-gigante-sera-o-novo-cartao\\\/\",\"name\":\"Cruz Vazada gigante ser\\u00e1 o novo cart\\u00e3o | Encontra Feira de Santana\",\"description\":\"Cruz Vazada gigante se tornar\\u00e1 o ic\\u00f4nico cart\\u00e3o-postal de Feira de Santana.\",\"inLanguage\":\"pt-BR\",\"isPartOf\":{\"@id\":\"https:\\\/\\\/www.encontrafeiradesantana.com.br\\\/sobre\\\/#website\"},\"breadcrumb\":{\"@id\":\"https:\\\/\\\/www.encontrafeiradesantana.com.br\\\/sobre\\\/cruz-vazada-gigante-sera-o-novo-cartao\\\/#breadcrumblist\"},\"author\":{\"@id\":\"https:\\\/\\\/www.encontrafeiradesantana.com.br\\\/sobre\\\/author\\\/efeiradesantana\\\/#author\"},\"creator\":{\"@id\":\"https:\\\/\\\/www.encontrafeiradesantana.com.br\\\/sobre\\\/author\\\/efeiradesantana\\\/#author\"},\"image\":{\"@type\":\"ImageObject\",\"url\":\"https:\\\/\\\/www.encontrafeiradesantana.com.br\\\/sobre\\\/wp-content\\\/uploads\\\/2026\\\/07\\\/cruz-vazada-gigante-sera-o-novo-cartao.webp\",\"@id\":\"https:\\\/\\\/www.encontrafeiradesantana.com.br\\\/sobre\\\/cruz-vazada-gigante-sera-o-novo-cartao\\\/#mainImage\",\"width\":280,\"height\":280,\"caption\":\"Cruz Vazada gigante\"},\"primaryImageOfPage\":{\"@id\":\"https:\\\/\\\/www.encontrafeiradesantana.com.br\\\/sobre\\\/cruz-vazada-gigante-sera-o-novo-cartao\\\/#mainImage\"},\"datePublished\":\"2026-07-11T06:31:07-03:00\",\"dateModified\":\"2026-07-11T06:31:07-03:00\"},{\"@type\":\"WebSite\",\"@id\":\"https:\\\/\\\/www.encontrafeiradesantana.com.br\\\/sobre\\\/#website\",\"url\":\"https:\\\/\\\/www.encontrafeiradesantana.com.br\\\/sobre\\\/\",\"name\":\"Encontra Feira de Santana\",\"description\":\"Not\\u00edcias, eventos, informa\\u00e7\\u00f5es e dicas na cidade Feira de Santana e regi\\u00e3o.\",\"inLanguage\":\"pt-BR\",\"publisher\":{\"@id\":\"https:\\\/\\\/www.encontrafeiradesantana.com.br\\\/sobre\\\/#organization\"}}]}\n\t\t<\/script>\n\t\t<!-- All in One SEO -->\n\n","aioseo_head_json":{"title":"Cruz Vazada gigante ser\u00e1 o novo cart\u00e3o | Encontra Feira de Santana","description":"Cruz Vazada gigante se tornar\u00e1 o ic\u00f4nico cart\u00e3o-postal de Feira de Santana.","canonical_url":"https:\/\/www.encontrafeiradesantana.com.br\/sobre\/cruz-vazada-gigante-sera-o-novo-cartao\/","robots":"max-image-preview:large","keywords":"","webmasterTools":{"miscellaneous":""},"schema":{"@context":"https:\/\/schema.org","@graph":[{"@type":"Article","@id":"https:\/\/www.encontrafeiradesantana.com.br\/sobre\/cruz-vazada-gigante-sera-o-novo-cartao\/#article","name":"Cruz Vazada gigante ser\u00e1 o novo cart\u00e3o | Encontra Feira de Santana","headline":"Cruz Vazada gigante ser\u00e1 o novo cart\u00e3o","author":{"@id":"https:\/\/www.encontrafeiradesantana.com.br\/sobre\/author\/efeiradesantana\/#author"},"publisher":{"@id":"https:\/\/www.encontrafeiradesantana.com.br\/sobre\/#organization"},"image":{"@type":"ImageObject","url":"https:\/\/www.encontrafeiradesantana.com.br\/sobre\/wp-content\/uploads\/2026\/07\/cruz-vazada-gigante-sera-o-novo-cartao.webp","width":280,"height":280,"caption":"Cruz Vazada gigante"},"datePublished":"2026-07-11T06:31:07-03:00","dateModified":"2026-07-11T06:31:07-03:00","inLanguage":"pt-BR","mainEntityOfPage":{"@id":"https:\/\/www.encontrafeiradesantana.com.br\/sobre\/cruz-vazada-gigante-sera-o-novo-cartao\/#webpage"},"isPartOf":{"@id":"https:\/\/www.encontrafeiradesantana.com.br\/sobre\/cruz-vazada-gigante-sera-o-novo-cartao\/#webpage"},"articleSection":"Cultura Feira de Santana"},{"@type":"BreadcrumbList","@id":"https:\/\/www.encontrafeiradesantana.com.br\/sobre\/cruz-vazada-gigante-sera-o-novo-cartao\/#breadcrumblist","itemListElement":[{"@type":"ListItem","@id":"https:\/\/www.encontrafeiradesantana.com.br\/sobre#listItem","position":1,"name":"In\u00edcio","item":"https:\/\/www.encontrafeiradesantana.com.br\/sobre","nextItem":{"@type":"ListItem","@id":"https:\/\/www.encontrafeiradesantana.com.br\/sobre\/cultura-em-feira-de-santana\/#listItem","name":"Cultura Feira de Santana"}},{"@type":"ListItem","@id":"https:\/\/www.encontrafeiradesantana.com.br\/sobre\/cultura-em-feira-de-santana\/#listItem","position":2,"name":"Cultura Feira de Santana","item":"https:\/\/www.encontrafeiradesantana.com.br\/sobre\/cultura-em-feira-de-santana\/","nextItem":{"@type":"ListItem","@id":"https:\/\/www.encontrafeiradesantana.com.br\/sobre\/cruz-vazada-gigante-sera-o-novo-cartao\/#listItem","name":"Cruz Vazada gigante ser\u00e1 o novo cart\u00e3o"},"previousItem":{"@type":"ListItem","@id":"https:\/\/www.encontrafeiradesantana.com.br\/sobre#listItem","name":"In\u00edcio"}},{"@type":"ListItem","@id":"https:\/\/www.encontrafeiradesantana.com.br\/sobre\/cruz-vazada-gigante-sera-o-novo-cartao\/#listItem","position":3,"name":"Cruz Vazada gigante ser\u00e1 o novo cart\u00e3o","previousItem":{"@type":"ListItem","@id":"https:\/\/www.encontrafeiradesantana.com.br\/sobre\/cultura-em-feira-de-santana\/#listItem","name":"Cultura Feira de Santana"}}]},{"@type":"Organization","@id":"https:\/\/www.encontrafeiradesantana.com.br\/sobre\/#organization","name":"Encontra Feira de Santana","description":"Not\u00edcias, eventos, informa\u00e7\u00f5es e dicas na cidade Feira de Santana e regi\u00e3o.","url":"https:\/\/www.encontrafeiradesantana.com.br\/sobre\/"},{"@type":"Person","@id":"https:\/\/www.encontrafeiradesantana.com.br\/sobre\/author\/efeiradesantana\/#author","url":"https:\/\/www.encontrafeiradesantana.com.br\/sobre\/author\/efeiradesantana\/","name":"Encontra Feira de Santana","image":{"@type":"ImageObject","@id":"https:\/\/www.encontrafeiradesantana.com.br\/sobre\/cruz-vazada-gigante-sera-o-novo-cartao\/#authorImage","url":"https:\/\/secure.gravatar.com\/avatar\/507340682b8270222e1f208e23198b6ae7e2c6a1033ae84e99bc6bce4f82a387?s=96&d=mm&r=g","width":96,"height":96,"caption":"Encontra Feira de Santana"}},{"@type":"WebPage","@id":"https:\/\/www.encontrafeiradesantana.com.br\/sobre\/cruz-vazada-gigante-sera-o-novo-cartao\/#webpage","url":"https:\/\/www.encontrafeiradesantana.com.br\/sobre\/cruz-vazada-gigante-sera-o-novo-cartao\/","name":"Cruz Vazada gigante ser\u00e1 o novo cart\u00e3o | Encontra Feira de Santana","description":"Cruz Vazada gigante se tornar\u00e1 o ic\u00f4nico cart\u00e3o-postal de Feira de Santana.","inLanguage":"pt-BR","isPartOf":{"@id":"https:\/\/www.encontrafeiradesantana.com.br\/sobre\/#website"},"breadcrumb":{"@id":"https:\/\/www.encontrafeiradesantana.com.br\/sobre\/cruz-vazada-gigante-sera-o-novo-cartao\/#breadcrumblist"},"author":{"@id":"https:\/\/www.encontrafeiradesantana.com.br\/sobre\/author\/efeiradesantana\/#author"},"creator":{"@id":"https:\/\/www.encontrafeiradesantana.com.br\/sobre\/author\/efeiradesantana\/#author"},"image":{"@type":"ImageObject","url":"https:\/\/www.encontrafeiradesantana.com.br\/sobre\/wp-content\/uploads\/2026\/07\/cruz-vazada-gigante-sera-o-novo-cartao.webp","@id":"https:\/\/www.encontrafeiradesantana.com.br\/sobre\/cruz-vazada-gigante-sera-o-novo-cartao\/#mainImage","width":280,"height":280,"caption":"Cruz Vazada gigante"},"primaryImageOfPage":{"@id":"https:\/\/www.encontrafeiradesantana.com.br\/sobre\/cruz-vazada-gigante-sera-o-novo-cartao\/#mainImage"},"datePublished":"2026-07-11T06:31:07-03:00","dateModified":"2026-07-11T06:31:07-03:00"},{"@type":"WebSite","@id":"https:\/\/www.encontrafeiradesantana.com.br\/sobre\/#website","url":"https:\/\/www.encontrafeiradesantana.com.br\/sobre\/","name":"Encontra Feira de Santana","description":"Not\u00edcias, eventos, informa\u00e7\u00f5es e dicas na cidade Feira de Santana e regi\u00e3o.","inLanguage":"pt-BR","publisher":{"@id":"https:\/\/www.encontrafeiradesantana.com.br\/sobre\/#organization"}}]},"og:locale":"pt_BR","og:site_name":"Encontra Feira de Santana | Not\u00edcias, eventos, informa\u00e7\u00f5es e dicas na cidade Feira de Santana e regi\u00e3o.","og:type":"article","og:title":"Cruz Vazada gigante ser\u00e1 o novo cart\u00e3o | Encontra Feira de Santana","og:description":"Cruz Vazada gigante se tornar\u00e1 o ic\u00f4nico cart\u00e3o-postal de Feira de Santana.","og:url":"https:\/\/www.encontrafeiradesantana.com.br\/sobre\/cruz-vazada-gigante-sera-o-novo-cartao\/","article:published_time":"2026-07-11T09:31:07+00:00","article:modified_time":"2026-07-11T09:31:07+00:00","twitter:card":"summary","twitter:title":"Cruz Vazada gigante ser\u00e1 o novo cart\u00e3o | Encontra Feira de Santana","twitter:description":"Cruz Vazada gigante se tornar\u00e1 o ic\u00f4nico cart\u00e3o-postal de Feira de Santana."},"aioseo_meta_data":{"post_id":"2419","title":null,"description":null,"keywords":null,"keyphrases":null,"primary_term":null,"canonical_url":null,"og_title":null,"og_description":null,"og_object_type":"default","og_image_type":"default","og_image_url":null,"og_image_width":null,"og_image_height":null,"og_image_custom_url":null,"og_image_custom_fields":null,"og_video":null,"og_custom_url":null,"og_article_section":null,"og_article_tags":null,"twitter_use_og":false,"twitter_card":"default","twitter_image_type":"default","twitter_image_url":null,"twitter_image_custom_url":null,"twitter_image_custom_fields":null,"twitter_title":null,"twitter_description":null,"schema":{"blockGraphs":[],"customGraphs":[],"default":{"data":{"Article":[],"Course":[],"Dataset":[],"FAQPage":[],"Movie":[],"Person":[],"Product":[],"ProductReview":[],"Car":[],"Recipe":[],"Service":[],"SoftwareApplication":[],"WebPage":[]},"graphName":"","isEnabled":true},"graphs":[]},"schema_type":"default","schema_type_options":null,"pillar_content":false,"robots_default":true,"robots_noindex":false,"robots_noarchive":false,"robots_nosnippet":false,"robots_nofollow":false,"robots_noimageindex":false,"robots_noodp":false,"robots_notranslate":false,"robots_max_snippet":null,"robots_max_videopreview":null,"robots_max_imagepreview":"large","priority":null,"frequency":null,"local_seo":null,"breadcrumb_settings":null,"limit_modified_date":false,"ai":null,"created":"2026-07-11 09:31:07","updated":"2026-07-11 09:31:07","focus_keyword":null,"additional_keywords":null,"truseo_locale":null,"seo_analyzer_scan_date":null},"aioseo_breadcrumb":"<div class=\"aioseo-breadcrumbs\"><span class=\"aioseo-breadcrumb\">\n\t\t\t<a href=\"https:\/\/www.encontrafeiradesantana.com.br\/sobre\" title=\"In\u00edcio\">In\u00edcio<\/a>\n\t\t<\/span><span class=\"aioseo-breadcrumb-separator\">&raquo;<\/span><span class=\"aioseo-breadcrumb\">\n\t\t\t<a href=\"https:\/\/www.encontrafeiradesantana.com.br\/sobre\/cultura-em-feira-de-santana\/\" title=\"Cultura Feira de Santana\">Cultura Feira de Santana<\/a>\n\t\t<\/span><span class=\"aioseo-breadcrumb-separator\">&raquo;<\/span><span class=\"aioseo-breadcrumb\">\n\t\t\tCruz Vazada gigante ser\u00e1 o novo cart\u00e3o\n\t\t<\/span><\/div>","aioseo_breadcrumb_json":[{"label":"In\u00edcio","link":"https:\/\/www.encontrafeiradesantana.com.br\/sobre"},{"label":"Cultura Feira de Santana","link":"https:\/\/www.encontrafeiradesantana.com.br\/sobre\/cultura-em-feira-de-santana\/"},{"label":"Cruz Vazada gigante ser\u00e1 o novo cart\u00e3o","link":"https:\/\/www.encontrafeiradesantana.com.br\/sobre\/cruz-vazada-gigante-sera-o-novo-cartao\/"}],"_links":{"self":[{"href":"https:\/\/www.encontrafeiradesantana.com.br\/sobre\/wp-json\/wp\/v2\/posts\/2419","targetHints":{"allow":["GET"]}}],"collection":[{"href":"https:\/\/www.encontrafeiradesantana.com.br\/sobre\/wp-json\/wp\/v2\/posts"}],"about":[{"href":"https:\/\/www.encontrafeiradesantana.com.br\/sobre\/wp-json\/wp\/v2\/types\/post"}],"author":[{"embeddable":true,"href":"https:\/\/www.encontrafeiradesantana.com.br\/sobre\/wp-json\/wp\/v2\/users\/1"}],"replies":[{"embeddable":true,"href":"https:\/\/www.encontrafeiradesantana.com.br\/sobre\/wp-json\/wp\/v2\/comments?post=2419"}],"version-history":[{"count":0,"href":"https:\/\/www.encontrafeiradesantana.com.br\/sobre\/wp-json\/wp\/v2\/posts\/2419\/revisions"}],"wp:featuredmedia":[{"embeddable":true,"href":"https:\/\/www.encontrafeiradesantana.com.br\/sobre\/wp-json\/wp\/v2\/media\/2418"}],"wp:attachment":[{"href":"https:\/\/www.encontrafeiradesantana.com.br\/sobre\/wp-json\/wp\/v2\/media?parent=2419"}],"wp:term":[{"taxonomy":"category","embeddable":true,"href":"https:\/\/www.encontrafeiradesantana.com.br\/sobre\/wp-json\/wp\/v2\/categories?post=2419"},{"taxonomy":"post_tag","embeddable":true,"href":"https:\/\/www.encontrafeiradesantana.com.br\/sobre\/wp-json\/wp\/v2\/tags?post=2419"}],"curies":[{"name":"wp","href":"https:\/\/api.w.org\/{rel}","templated":true}]}}